{"id":95445,"date":"2022-03-25T05:00:00","date_gmt":"2022-03-25T08:00:00","guid":{"rendered":"https:\/\/www.blogsoestado.com\/danielmatos\/?p=95445"},"modified":"2022-03-25T05:00:00","modified_gmt":"2022-03-25T08:00:00","slug":"aeroporto-de-sao-luis-ja-esta-sob-nova-direcao","status":"publish","type":"post","link":"https:\/\/www.blogsoestado.com\/danielmatos\/aeroporto-de-sao-luis-ja-esta-sob-nova-direcao\/","title":{"rendered":"Aeroporto de S\u00e3o Lu\u00eds j\u00e1 est\u00e1 sob nova dire\u00e7\u00e3o"},"content":{"rendered":"\n<p><strong><span class=\"has-inline-color has-vivid-red-color\">Administra\u00e7\u00e3o do terminal aeroportu\u00e1rio da capital maranhense passou da Infraero para o Grupo CCR<\/span><\/strong><\/p>\n\n\n\n<div class=\"wp-block-image\"><figure class=\"aligncenter size-large\"><a href=\"https:\/\/www.blogsoestado.com\/danielmatos\/files\/2022\/03\/Screenshot_20220324-2358042.png\"><img decoding=\"async\" src=\"https:\/\/www.blogsoestado.com\/danielmatos\/files\/2022\/03\/Screenshot_20220324-2358042.png\" alt=\"\" class=\"wp-image-95446\"\/><\/a><figcaption>Aeroporto Marechal Hugo da Cunha Machado, em S\u00e3o Lu\u00eds, passou ao controle da iniciativa privada<\/figcaption><\/figure><\/div>\n\n\n\n<p>A CCR Aeroportos assumiu, nessa quinta-feira (24), a administra\u00e7\u00e3o do Aeroporto Marechal Hugo da Cunha Machado, em S\u00e3o Lu\u00eds, concedidos no ano passado pelo Governo Federal, no sexto leil\u00e3o de concess\u00f5es aeroportu\u00e1rias. O terminal era administrado anteriormente pela Infraero.<\/p>\n\n\n\n<p>O aeroporto da capital maranhense ser\u00e1 controlado pela concession\u00e1ria pelos pr\u00f3ximos 30 anos. No \u00faltimo dia 9, a empresa assumiu nove aeroportos e, no dia 31, vai assumir outros tr\u00eas, passando a atuar em todas as regi\u00f5es do Brasil.\u00a0<\/p>\n\n\n\n<p>O investimento previsto nesses 15 aeroportos \u00e9 de R$ 4,8 bilh\u00f5es. At\u00e9 o fim do primeiro semestre deste ano, a empresa passa a operar tamb\u00e9m o Aeroporto da Pampulha (PLU), em Belo Horizonte, concedido pelo Governo de Minas Gerais.\u00a0<\/p>\n\n\n\n<p>&#8220;O aeroporto de S\u00e3o Lu\u00eds \u00e9 um importante vetor de neg\u00f3cios e turismo, com participa\u00e7\u00e3o relevante na economia dessa capital. Para contribuir com seu desenvolvimento, trabalharemos na moderniza\u00e7\u00e3o desse aeroporto\u201d, afirma a CEO da CCR Aeroportos, Cristiane Gomes. \u201cComo resultado deste trabalho, a empresa tamb\u00e9m espera criar novas oportunidades de emprego e de renda para estas regi\u00f5es onde estamos inseridos\u201d.<\/p>\n\n\n\n<p><strong>Interven\u00e7\u00f5es<\/strong><\/p>\n\n\n\n<p>As primeiras a\u00e7\u00f5es ser\u00e3o na requalifica\u00e7\u00e3o da infraestrutura, na sinaliza\u00e7\u00e3o, pintura, aplica\u00e7\u00e3o de nova identidade visual, higiene e limpeza, entre outros servi\u00e7os que ser\u00e3o percebidos de maneira mais imediata pelos clientes. <\/p>\n\n\n\n<p>A empresa come\u00e7a agora, simultaneamente \u00e0 opera\u00e7\u00e3o e \u00e0s primeiras interven\u00e7\u00f5es, relacionadas \u00e0s obriga\u00e7\u00f5es previstas no contrato de concess\u00e3o, a refinar os cronogramas e projetos de investimentos, incluindo obras e a implanta\u00e7\u00e3o de novos equipamentos.<\/p>\n","protected":false},"excerpt":{"rendered":"<p>Administra\u00e7\u00e3o do terminal aeroportu\u00e1rio da capital maranhense passou da Infraero para o Grupo CCR A CCR Aeroportos assumiu, nessa quinta-feira [&hellip;]<\/p>\n","protected":false},"author":0,"featured_media":0,"comment_status":"open","ping_status":"open","sticky":false,"template":"","format":"standard","meta":{"site-sidebar-layout":"default","site-content-layout":"","ast-site-content-layout":"default","site-content-style":"default","site-sidebar-style":"default","ast-global-header-display":"","ast-banner-title-visibility":"","ast-main-header-display":"","ast-hfb-above-header-display":"","ast-hfb-below-header-display":"","ast-hfb-mobile-header-display":"","site-post-title":"","ast-breadcrumbs-content":"","ast-featured-img":"","footer-sml-layout":"","ast-disable-related-posts":"","theme-transparent-header-meta":"","adv-header-id-meta":"","stick-header-meta":"","header-above-stick-meta":"","header-main-stick-meta":"","header-below-stick-meta":"","astra-migrate-meta-layouts":"default","ast-page-background-enabled":"default","ast-page-background-meta":{"desktop":{"background-color":"var(--ast-global-color-5)","background-image":"","background-repeat":"repeat","background-position":"center center","background-size":"auto","background-attachment":"scroll","background-type":"","background-media":"","overlay-type":"","overlay-color":"","overlay-opacity":"","overlay-gradient":""},"tablet":{"background-color":"","background-image":"","background-repeat":"repeat","background-position":"center center","background-size":"auto","background-attachment":"scroll","background-type":"","background-media":"","overlay-type":"","overlay-color":"","overlay-opacity":"","overlay-gradient":""},"mobile":{"background-color":"","background-image":"","background-repeat":"repeat","background-position":"center center","background-size":"auto","background-attachment":"scroll","background-type":"","background-media":"","overlay-type":"","overlay-color":"","overlay-opacity":"","overlay-gradient":""}},"ast-content-background-meta":{"desktop":{"background-color":"var(--ast-global-color-4)","background-image":"","background-repeat":"repeat","background-position":"center center","background-size":"auto","background-attachment":"scroll","background-type":"","background-media":"","overlay-type":"","overlay-color":"","overlay-opacity":"","overlay-gradient":""},"tablet":{"background-color":"var(--ast-global-color-4)","background-image":"","background-repeat":"repeat","background-position":"center center","background-size":"auto","background-attachment":"scroll","background-type":"","background-media":"","overlay-type":"","overlay-color":"","overlay-opacity":"","overlay-gradient":""},"mobile":{"background-color":"var(--ast-global-color-4)","background-image":"","background-repeat":"repeat","background-position":"center center","background-size":"auto","background-attachment":"scroll","background-type":"","background-media":"","overlay-type":"","overlay-color":"","overlay-opacity":"","overlay-gradient":""}},"footnotes":""},"categories":[1],"tags":[],"class_list":["post-95445","post","type-post","status-publish","format-standard","hentry","category-sem-categoria"],"yoast_head":"<!-- This site is optimized with the Yoast SEO plugin v26.6 - https:\/\/yoast.com\/wordpress\/plugins\/seo\/ -->\n<title>Aeroporto de S\u00e3o Lu\u00eds j\u00e1 est\u00e1 sob nova dire\u00e7\u00e3o - Daniel Matos<\/title>\n<meta name=\"robots\" content=\"index, follow, max-snippet:-1, max-image-preview:large, max-video-preview:-1\" \/>\n<link rel=\"canonical\" href=\"https:\/\/www.blogsoestado.com\/danielmatos\/aeroporto-de-sao-luis-ja-esta-sob-nova-direcao\/\" \/>\n<meta property=\"og:locale\" content=\"pt_BR\" \/>\n<meta property=\"og:type\" content=\"article\" \/>\n<meta property=\"og:title\" content=\"Aeroporto de S\u00e3o Lu\u00eds j\u00e1 est\u00e1 sob nova dire\u00e7\u00e3o - Daniel Matos\" \/>\n<meta property=\"og:description\" content=\"Administra\u00e7\u00e3o do terminal aeroportu\u00e1rio da capital maranhense passou da Infraero para o Grupo CCR A CCR Aeroportos assumiu, nessa quinta-feira [&hellip;]\" \/>\n<meta property=\"og:url\" content=\"https:\/\/www.blogsoestado.com\/danielmatos\/aeroporto-de-sao-luis-ja-esta-sob-nova-direcao\/\" \/>\n<meta property=\"og:site_name\" content=\"Daniel Matos\" \/>\n<meta property=\"article:published_time\" content=\"2022-03-25T08:00:00+00:00\" \/>\n<meta property=\"og:image\" content=\"https:\/\/www.blogsoestado.com\/danielmatos\/files\/2022\/03\/Screenshot_20220324-2358042.png\" \/>\n<meta name=\"twitter:card\" content=\"summary_large_image\" \/>\n<meta name=\"twitter:label1\" content=\"Est. tempo de leitura\" \/>\n\t<meta name=\"twitter:data1\" content=\"2 minutos\" \/>\n<script type=\"application\/ld+json\" class=\"yoast-schema-graph\">{\"@context\":\"https:\/\/schema.org\",\"@graph\":[{\"@type\":\"WebPage\",\"@id\":\"https:\/\/www.blogsoestado.com\/danielmatos\/aeroporto-de-sao-luis-ja-esta-sob-nova-direcao\/\",\"url\":\"https:\/\/www.blogsoestado.com\/danielmatos\/aeroporto-de-sao-luis-ja-esta-sob-nova-direcao\/\",\"name\":\"Aeroporto de S\u00e3o Lu\u00eds j\u00e1 est\u00e1 sob nova dire\u00e7\u00e3o - Daniel Matos\",\"isPartOf\":{\"@id\":\"https:\/\/www.blogsoestado.com\/danielmatos\/#website\"},\"primaryImageOfPage\":{\"@id\":\"https:\/\/www.blogsoestado.com\/danielmatos\/aeroporto-de-sao-luis-ja-esta-sob-nova-direcao\/#primaryimage\"},\"image\":{\"@id\":\"https:\/\/www.blogsoestado.com\/danielmatos\/aeroporto-de-sao-luis-ja-esta-sob-nova-direcao\/#primaryimage\"},\"thumbnailUrl\":\"https:\/\/www.blogsoestado.com\/danielmatos\/files\/2022\/03\/Screenshot_20220324-2358042.png\",\"datePublished\":\"2022-03-25T08:00:00+00:00\",\"author\":{\"@id\":\"\"},\"breadcrumb\":{\"@id\":\"https:\/\/www.blogsoestado.com\/danielmatos\/aeroporto-de-sao-luis-ja-esta-sob-nova-direcao\/#breadcrumb\"},\"inLanguage\":\"pt-BR\",\"potentialAction\":[{\"@type\":\"ReadAction\",\"target\":[\"https:\/\/www.blogsoestado.com\/danielmatos\/aeroporto-de-sao-luis-ja-esta-sob-nova-direcao\/\"]}]},{\"@type\":\"ImageObject\",\"inLanguage\":\"pt-BR\",\"@id\":\"https:\/\/www.blogsoestado.com\/danielmatos\/aeroporto-de-sao-luis-ja-esta-sob-nova-direcao\/#primaryimage\",\"url\":\"https:\/\/www.blogsoestado.com\/danielmatos\/files\/2022\/03\/Screenshot_20220324-2358042.png\",\"contentUrl\":\"https:\/\/www.blogsoestado.com\/danielmatos\/files\/2022\/03\/Screenshot_20220324-2358042.png\"},{\"@type\":\"BreadcrumbList\",\"@id\":\"https:\/\/www.blogsoestado.com\/danielmatos\/aeroporto-de-sao-luis-ja-esta-sob-nova-direcao\/#breadcrumb\",\"itemListElement\":[{\"@type\":\"ListItem\",\"position\":1,\"name\":\"In\u00edcio\",\"item\":\"https:\/\/www.blogsoestado.com\/danielmatos\/\"},{\"@type\":\"ListItem\",\"position\":2,\"name\":\"Aeroporto de S\u00e3o Lu\u00eds j\u00e1 est\u00e1 sob nova dire\u00e7\u00e3o\"}]},{\"@type\":\"WebSite\",\"@id\":\"https:\/\/www.blogsoestado.com\/danielmatos\/#website\",\"url\":\"https:\/\/www.blogsoestado.com\/danielmatos\/\",\"name\":\"Daniel Matos\",\"description\":\"\",\"potentialAction\":[{\"@type\":\"SearchAction\",\"target\":{\"@type\":\"EntryPoint\",\"urlTemplate\":\"https:\/\/www.blogsoestado.com\/danielmatos\/?s={search_term_string}\"},\"query-input\":{\"@type\":\"PropertyValueSpecification\",\"valueRequired\":true,\"valueName\":\"search_term_string\"}}],\"inLanguage\":\"pt-BR\"}]}<\/script>\n<!-- \/ Yoast SEO plugin. -->","yoast_head_json":{"title":"Aeroporto de S\u00e3o Lu\u00eds j\u00e1 est\u00e1 sob nova dire\u00e7\u00e3o - Daniel Matos","robots":{"index":"index","follow":"follow","max-snippet":"max-snippet:-1","max-image-preview":"max-image-preview:large","max-video-preview":"max-video-preview:-1"},"canonical":"https:\/\/www.blogsoestado.com\/danielmatos\/aeroporto-de-sao-luis-ja-esta-sob-nova-direcao\/","og_locale":"pt_BR","og_type":"article","og_title":"Aeroporto de S\u00e3o Lu\u00eds j\u00e1 est\u00e1 sob nova dire\u00e7\u00e3o - Daniel Matos","og_description":"Administra\u00e7\u00e3o do terminal aeroportu\u00e1rio da capital maranhense passou da Infraero para o Grupo CCR A CCR Aeroportos assumiu, nessa quinta-feira [&hellip;]","og_url":"https:\/\/www.blogsoestado.com\/danielmatos\/aeroporto-de-sao-luis-ja-esta-sob-nova-direcao\/","og_site_name":"Daniel Matos","article_published_time":"2022-03-25T08:00:00+00:00","og_image":[{"url":"https:\/\/www.blogsoestado.com\/danielmatos\/files\/2022\/03\/Screenshot_20220324-2358042.png","type":"","width":"","height":""}],"twitter_card":"summary_large_image","twitter_misc":{"Est. tempo de leitura":"2 minutos"},"schema":{"@context":"https:\/\/schema.org","@graph":[{"@type":"WebPage","@id":"https:\/\/www.blogsoestado.com\/danielmatos\/aeroporto-de-sao-luis-ja-esta-sob-nova-direcao\/","url":"https:\/\/www.blogsoestado.com\/danielmatos\/aeroporto-de-sao-luis-ja-esta-sob-nova-direcao\/","name":"Aeroporto de S\u00e3o Lu\u00eds j\u00e1 est\u00e1 sob nova dire\u00e7\u00e3o - Daniel Matos","isPartOf":{"@id":"https:\/\/www.blogsoestado.com\/danielmatos\/#website"},"primaryImageOfPage":{"@id":"https:\/\/www.blogsoestado.com\/danielmatos\/aeroporto-de-sao-luis-ja-esta-sob-nova-direcao\/#primaryimage"},"image":{"@id":"https:\/\/www.blogsoestado.com\/danielmatos\/aeroporto-de-sao-luis-ja-esta-sob-nova-direcao\/#primaryimage"},"thumbnailUrl":"https:\/\/www.blogsoestado.com\/danielmatos\/files\/2022\/03\/Screenshot_20220324-2358042.png","datePublished":"2022-03-25T08:00:00+00:00","author":{"@id":""},"breadcrumb":{"@id":"https:\/\/www.blogsoestado.com\/danielmatos\/aeroporto-de-sao-luis-ja-esta-sob-nova-direcao\/#breadcrumb"},"inLanguage":"pt-BR","potentialAction":[{"@type":"ReadAction","target":["https:\/\/www.blogsoestado.com\/danielmatos\/aeroporto-de-sao-luis-ja-esta-sob-nova-direcao\/"]}]},{"@type":"ImageObject","inLanguage":"pt-BR","@id":"https:\/\/www.blogsoestado.com\/danielmatos\/aeroporto-de-sao-luis-ja-esta-sob-nova-direcao\/#primaryimage","url":"https:\/\/www.blogsoestado.com\/danielmatos\/files\/2022\/03\/Screenshot_20220324-2358042.png","contentUrl":"https:\/\/www.blogsoestado.com\/danielmatos\/files\/2022\/03\/Screenshot_20220324-2358042.png"},{"@type":"BreadcrumbList","@id":"https:\/\/www.blogsoestado.com\/danielmatos\/aeroporto-de-sao-luis-ja-esta-sob-nova-direcao\/#breadcrumb","itemListElement":[{"@type":"ListItem","position":1,"name":"In\u00edcio","item":"https:\/\/www.blogsoestado.com\/danielmatos\/"},{"@type":"ListItem","position":2,"name":"Aeroporto de S\u00e3o Lu\u00eds j\u00e1 est\u00e1 sob nova dire\u00e7\u00e3o"}]},{"@type":"WebSite","@id":"https:\/\/www.blogsoestado.com\/danielmatos\/#website","url":"https:\/\/www.blogsoestado.com\/danielmatos\/","name":"Daniel Matos","description":"","potentialAction":[{"@type":"SearchAction","target":{"@type":"EntryPoint","urlTemplate":"https:\/\/www.blogsoestado.com\/danielmatos\/?s={search_term_string}"},"query-input":{"@type":"PropertyValueSpecification","valueRequired":true,"valueName":"search_term_string"}}],"inLanguage":"pt-BR"}]}},"jetpack_featured_media_url":"","_links":{"self":[{"href":"https:\/\/www.blogsoestado.com\/danielmatos\/wp-json\/wp\/v2\/posts\/95445","targetHints":{"allow":["GET"]}}],"collection":[{"href":"https:\/\/www.blogsoestado.com\/danielmatos\/wp-json\/wp\/v2\/posts"}],"about":[{"href":"https:\/\/www.blogsoestado.com\/danielmatos\/wp-json\/wp\/v2\/types\/post"}],"replies":[{"embeddable":true,"href":"https:\/\/www.blogsoestado.com\/danielmatos\/wp-json\/wp\/v2\/comments?post=95445"}],"version-history":[{"count":0,"href":"https:\/\/www.blogsoestado.com\/danielmatos\/wp-json\/wp\/v2\/posts\/95445\/revisions"}],"wp:attachment":[{"href":"https:\/\/www.blogsoestado.com\/danielmatos\/wp-json\/wp\/v2\/media?parent=95445"}],"wp:term":[{"taxonomy":"category","embeddable":true,"href":"https:\/\/www.blogsoestado.com\/danielmatos\/wp-json\/wp\/v2\/categories?post=95445"},{"taxonomy":"post_tag","embeddable":true,"href":"https:\/\/www.blogsoestado.com\/danielmatos\/wp-json\/wp\/v2\/tags?post=95445"}],"curies":[{"name":"wp","href":"https:\/\/api.w.org\/{rel}","templated":true}]}}