{"id":95448,"date":"2022-03-25T01:53:56","date_gmt":"2022-03-25T04:53:56","guid":{"rendered":"https:\/\/www.blogsoestado.com\/danielmatos\/?p=95448"},"modified":"2022-03-25T01:53:56","modified_gmt":"2022-03-25T04:53:56","slug":"piloto-maranhense-lucas-fecury-conquista-vaga-na-formula-4-dos-estados-unidos","status":"publish","type":"post","link":"https:\/\/www.blogsoestado.com\/danielmatos\/piloto-maranhense-lucas-fecury-conquista-vaga-na-formula-4-dos-estados-unidos\/","title":{"rendered":"Piloto maranhense Lucas Fecury conquista vaga na F\u00f3rmula 4 dos Estados Unidos"},"content":{"rendered":"\n<p><a href=\"https:\/\/imirante.com\/esporte\/maranhao\/noticias\/2022\/03\/24\/piloto-maranhense-lucas-fecury-esta-confirmado-na-formula-4-dos-estados-unidos.shtml\">Imirante.com<\/a><\/p>\n\n\n\n<div class=\"wp-block-image\"><figure class=\"aligncenter size-large\"><a href=\"https:\/\/www.blogsoestado.com\/danielmatos\/files\/2022\/03\/Screenshot_20220325-0144162.png\"><img decoding=\"async\" src=\"https:\/\/www.blogsoestado.com\/danielmatos\/files\/2022\/03\/Screenshot_20220325-0144162.png\" alt=\"\" class=\"wp-image-95449\"\/><\/a><figcaption>Lucas Fecury subiu mais um degrau em sua vitoriosa carreira no automobilismo e j\u00e1 alcan\u00e7a proje\u00e7\u00e3o mundial<\/figcaption><\/figure><\/div>\n\n\n\n<p><strong>BRASELTON (EUA) &#8211; <\/strong>Campe\u00e3o brasileiro de kart e considerado um dos esportistas mais promissores do Maranh\u00e3o, o piloto Lucas Fecury est\u00e1 confirmado na temporada 2022 da\u00a0F\u00f3rmula 4 dos Estados Unidos, onde competir\u00e1 pela equipe Kiwi Motorsport, da Nova Zel\u00e2ndia.<\/p>\n\n\n\n<p>&#8220;Muito feliz em finalmente poder anunciar que esse ano vou estar correndo na F\u00f3rmula 4. S\u00f3 tenho a agradecer a todos que contribu\u00edram para eu ter esta oportunidade na minha carreira. Vamos juntos ao time buscar bons resultados!&#8221;, afirmou Lucas nas redes sociais. <\/p>\n\n\n\n<p>Al\u00e9m de faturar o t\u00edtulo brasileiro de kart na categoria Novatos em 2020, Lucas Fecury tamb\u00e9m j\u00e1 venceu o Campeonato Paranaense e a Copa Speed Park, al\u00e9m de ficar com o vice-campeonato da Copa S\u00e3o Paulo Light. <\/p>\n\n\n\n<p>A F\u00f3rmula 4 dos Estados Unidos \u00e9 uma divis\u00e3o em que todos os concorrentes utilizam o mesmo chassi e o mesmo motor e \u00e9 vista como um passo inicial no automobilismo para os pilotos que se formaram no kart. <\/p>\n\n\n\n<p>A competi\u00e7\u00e3o teve in\u00edcio nessa quinta-feira (24), com uma prova convidativa no circuito Atlanta SpeedTour, em Braselton, sem disputa de pontos, e a primeira etapa competitiva acontecer\u00e1 entre os dias 8 e 10 de abril, no circuito NOLA SpeedTour, em Avondale.<\/p>\n","protected":false},"excerpt":{"rendered":"<p>Imirante.com BRASELTON (EUA) &#8211; Campe\u00e3o brasileiro de kart e considerado um dos esportistas mais promissores do Maranh\u00e3o, o piloto Lucas [&hellip;]<\/p>\n","protected":false},"author":0,"featured_media":0,"comment_status":"open","ping_status":"open","sticky":false,"template":"","format":"standard","meta":{"site-sidebar-layout":"default","site-content-layout":"","ast-site-content-layout":"default","site-content-style":"default","site-sidebar-style":"default","ast-global-header-display":"","ast-banner-title-visibility":"","ast-main-header-display":"","ast-hfb-above-header-display":"","ast-hfb-below-header-display":"","ast-hfb-mobile-header-display":"","site-post-title":"","ast-breadcrumbs-content":"","ast-featured-img":"","footer-sml-layout":"","ast-disable-related-posts":"","theme-transparent-header-meta":"","adv-header-id-meta":"","stick-header-meta":"","header-above-stick-meta":"","header-main-stick-meta":"","header-below-stick-meta":"","astra-migrate-meta-layouts":"default","ast-page-background-enabled":"default","ast-page-background-meta":{"desktop":{"background-color":"var(--ast-global-color-5)","background-image":"","background-repeat":"repeat","background-position":"center center","background-size":"auto","background-attachment":"scroll","background-type":"","background-media":"","overlay-type":"","overlay-color":"","overlay-opacity":"","overlay-gradient":""},"tablet":{"background-color":"","background-image":"","background-repeat":"repeat","background-position":"center center","background-size":"auto","background-attachment":"scroll","background-type":"","background-media":"","overlay-type":"","overlay-color":"","overlay-opacity":"","overlay-gradient":""},"mobile":{"background-color":"","background-image":"","background-repeat":"repeat","background-position":"center center","background-size":"auto","background-attachment":"scroll","background-type":"","background-media":"","overlay-type":"","overlay-color":"","overlay-opacity":"","overlay-gradient":""}},"ast-content-background-meta":{"desktop":{"background-color":"var(--ast-global-color-4)","background-image":"","background-repeat":"repeat","background-position":"center center","background-size":"auto","background-attachment":"scroll","background-type":"","background-media":"","overlay-type":"","overlay-color":"","overlay-opacity":"","overlay-gradient":""},"tablet":{"background-color":"var(--ast-global-color-4)","background-image":"","background-repeat":"repeat","background-position":"center center","background-size":"auto","background-attachment":"scroll","background-type":"","background-media":"","overlay-type":"","overlay-color":"","overlay-opacity":"","overlay-gradient":""},"mobile":{"background-color":"var(--ast-global-color-4)","background-image":"","background-repeat":"repeat","background-position":"center center","background-size":"auto","background-attachment":"scroll","background-type":"","background-media":"","overlay-type":"","overlay-color":"","overlay-opacity":"","overlay-gradient":""}},"footnotes":""},"categories":[1],"tags":[],"class_list":["post-95448","post","type-post","status-publish","format-standard","hentry","category-sem-categoria"],"yoast_head":"<!-- This site is optimized with the Yoast SEO plugin v26.6 - https:\/\/yoast.com\/wordpress\/plugins\/seo\/ -->\n<title>Piloto maranhense Lucas Fecury conquista vaga na F\u00f3rmula 4 dos Estados Unidos - Daniel Matos<\/title>\n<meta name=\"robots\" content=\"index, follow, max-snippet:-1, max-image-preview:large, max-video-preview:-1\" \/>\n<link rel=\"canonical\" href=\"https:\/\/www.blogsoestado.com\/danielmatos\/piloto-maranhense-lucas-fecury-conquista-vaga-na-formula-4-dos-estados-unidos\/\" \/>\n<meta property=\"og:locale\" content=\"pt_BR\" \/>\n<meta property=\"og:type\" content=\"article\" \/>\n<meta property=\"og:title\" content=\"Piloto maranhense Lucas Fecury conquista vaga na F\u00f3rmula 4 dos Estados Unidos - Daniel Matos\" \/>\n<meta property=\"og:description\" content=\"Imirante.com BRASELTON (EUA) &#8211; Campe\u00e3o brasileiro de kart e considerado um dos esportistas mais promissores do Maranh\u00e3o, o piloto Lucas [&hellip;]\" \/>\n<meta property=\"og:url\" content=\"https:\/\/www.blogsoestado.com\/danielmatos\/piloto-maranhense-lucas-fecury-conquista-vaga-na-formula-4-dos-estados-unidos\/\" \/>\n<meta property=\"og:site_name\" content=\"Daniel Matos\" \/>\n<meta property=\"article:published_time\" content=\"2022-03-25T04:53:56+00:00\" \/>\n<meta property=\"og:image\" content=\"https:\/\/www.blogsoestado.com\/danielmatos\/files\/2022\/03\/Screenshot_20220325-0144162.png\" \/>\n<meta name=\"twitter:card\" content=\"summary_large_image\" \/>\n<meta name=\"twitter:label1\" content=\"Est. tempo de leitura\" \/>\n\t<meta name=\"twitter:data1\" content=\"2 minutos\" \/>\n<script type=\"application\/ld+json\" class=\"yoast-schema-graph\">{\"@context\":\"https:\/\/schema.org\",\"@graph\":[{\"@type\":\"WebPage\",\"@id\":\"https:\/\/www.blogsoestado.com\/danielmatos\/piloto-maranhense-lucas-fecury-conquista-vaga-na-formula-4-dos-estados-unidos\/\",\"url\":\"https:\/\/www.blogsoestado.com\/danielmatos\/piloto-maranhense-lucas-fecury-conquista-vaga-na-formula-4-dos-estados-unidos\/\",\"name\":\"Piloto maranhense Lucas Fecury conquista vaga na F\u00f3rmula 4 dos Estados Unidos - Daniel Matos\",\"isPartOf\":{\"@id\":\"https:\/\/www.blogsoestado.com\/danielmatos\/#website\"},\"primaryImageOfPage\":{\"@id\":\"https:\/\/www.blogsoestado.com\/danielmatos\/piloto-maranhense-lucas-fecury-conquista-vaga-na-formula-4-dos-estados-unidos\/#primaryimage\"},\"image\":{\"@id\":\"https:\/\/www.blogsoestado.com\/danielmatos\/piloto-maranhense-lucas-fecury-conquista-vaga-na-formula-4-dos-estados-unidos\/#primaryimage\"},\"thumbnailUrl\":\"https:\/\/www.blogsoestado.com\/danielmatos\/files\/2022\/03\/Screenshot_20220325-0144162.png\",\"datePublished\":\"2022-03-25T04:53:56+00:00\",\"author\":{\"@id\":\"\"},\"breadcrumb\":{\"@id\":\"https:\/\/www.blogsoestado.com\/danielmatos\/piloto-maranhense-lucas-fecury-conquista-vaga-na-formula-4-dos-estados-unidos\/#breadcrumb\"},\"inLanguage\":\"pt-BR\",\"potentialAction\":[{\"@type\":\"ReadAction\",\"target\":[\"https:\/\/www.blogsoestado.com\/danielmatos\/piloto-maranhense-lucas-fecury-conquista-vaga-na-formula-4-dos-estados-unidos\/\"]}]},{\"@type\":\"ImageObject\",\"inLanguage\":\"pt-BR\",\"@id\":\"https:\/\/www.blogsoestado.com\/danielmatos\/piloto-maranhense-lucas-fecury-conquista-vaga-na-formula-4-dos-estados-unidos\/#primaryimage\",\"url\":\"https:\/\/www.blogsoestado.com\/danielmatos\/files\/2022\/03\/Screenshot_20220325-0144162.png\",\"contentUrl\":\"https:\/\/www.blogsoestado.com\/danielmatos\/files\/2022\/03\/Screenshot_20220325-0144162.png\"},{\"@type\":\"BreadcrumbList\",\"@id\":\"https:\/\/www.blogsoestado.com\/danielmatos\/piloto-maranhense-lucas-fecury-conquista-vaga-na-formula-4-dos-estados-unidos\/#breadcrumb\",\"itemListElement\":[{\"@type\":\"ListItem\",\"position\":1,\"name\":\"In\u00edcio\",\"item\":\"https:\/\/www.blogsoestado.com\/danielmatos\/\"},{\"@type\":\"ListItem\",\"position\":2,\"name\":\"Piloto maranhense Lucas Fecury conquista vaga na F\u00f3rmula 4 dos Estados Unidos\"}]},{\"@type\":\"WebSite\",\"@id\":\"https:\/\/www.blogsoestado.com\/danielmatos\/#website\",\"url\":\"https:\/\/www.blogsoestado.com\/danielmatos\/\",\"name\":\"Daniel Matos\",\"description\":\"\",\"potentialAction\":[{\"@type\":\"SearchAction\",\"target\":{\"@type\":\"EntryPoint\",\"urlTemplate\":\"https:\/\/www.blogsoestado.com\/danielmatos\/?s={search_term_string}\"},\"query-input\":{\"@type\":\"PropertyValueSpecification\",\"valueRequired\":true,\"valueName\":\"search_term_string\"}}],\"inLanguage\":\"pt-BR\"}]}<\/script>\n<!-- \/ Yoast SEO plugin. -->","yoast_head_json":{"title":"Piloto maranhense Lucas Fecury conquista vaga na F\u00f3rmula 4 dos Estados Unidos - Daniel Matos","robots":{"index":"index","follow":"follow","max-snippet":"max-snippet:-1","max-image-preview":"max-image-preview:large","max-video-preview":"max-video-preview:-1"},"canonical":"https:\/\/www.blogsoestado.com\/danielmatos\/piloto-maranhense-lucas-fecury-conquista-vaga-na-formula-4-dos-estados-unidos\/","og_locale":"pt_BR","og_type":"article","og_title":"Piloto maranhense Lucas Fecury conquista vaga na F\u00f3rmula 4 dos Estados Unidos - Daniel Matos","og_description":"Imirante.com BRASELTON (EUA) &#8211; Campe\u00e3o brasileiro de kart e considerado um dos esportistas mais promissores do Maranh\u00e3o, o piloto Lucas [&hellip;]","og_url":"https:\/\/www.blogsoestado.com\/danielmatos\/piloto-maranhense-lucas-fecury-conquista-vaga-na-formula-4-dos-estados-unidos\/","og_site_name":"Daniel Matos","article_published_time":"2022-03-25T04:53:56+00:00","og_image":[{"url":"https:\/\/www.blogsoestado.com\/danielmatos\/files\/2022\/03\/Screenshot_20220325-0144162.png","type":"","width":"","height":""}],"twitter_card":"summary_large_image","twitter_misc":{"Est. tempo de leitura":"2 minutos"},"schema":{"@context":"https:\/\/schema.org","@graph":[{"@type":"WebPage","@id":"https:\/\/www.blogsoestado.com\/danielmatos\/piloto-maranhense-lucas-fecury-conquista-vaga-na-formula-4-dos-estados-unidos\/","url":"https:\/\/www.blogsoestado.com\/danielmatos\/piloto-maranhense-lucas-fecury-conquista-vaga-na-formula-4-dos-estados-unidos\/","name":"Piloto maranhense Lucas Fecury conquista vaga na F\u00f3rmula 4 dos Estados Unidos - Daniel Matos","isPartOf":{"@id":"https:\/\/www.blogsoestado.com\/danielmatos\/#website"},"primaryImageOfPage":{"@id":"https:\/\/www.blogsoestado.com\/danielmatos\/piloto-maranhense-lucas-fecury-conquista-vaga-na-formula-4-dos-estados-unidos\/#primaryimage"},"image":{"@id":"https:\/\/www.blogsoestado.com\/danielmatos\/piloto-maranhense-lucas-fecury-conquista-vaga-na-formula-4-dos-estados-unidos\/#primaryimage"},"thumbnailUrl":"https:\/\/www.blogsoestado.com\/danielmatos\/files\/2022\/03\/Screenshot_20220325-0144162.png","datePublished":"2022-03-25T04:53:56+00:00","author":{"@id":""},"breadcrumb":{"@id":"https:\/\/www.blogsoestado.com\/danielmatos\/piloto-maranhense-lucas-fecury-conquista-vaga-na-formula-4-dos-estados-unidos\/#breadcrumb"},"inLanguage":"pt-BR","potentialAction":[{"@type":"ReadAction","target":["https:\/\/www.blogsoestado.com\/danielmatos\/piloto-maranhense-lucas-fecury-conquista-vaga-na-formula-4-dos-estados-unidos\/"]}]},{"@type":"ImageObject","inLanguage":"pt-BR","@id":"https:\/\/www.blogsoestado.com\/danielmatos\/piloto-maranhense-lucas-fecury-conquista-vaga-na-formula-4-dos-estados-unidos\/#primaryimage","url":"https:\/\/www.blogsoestado.com\/danielmatos\/files\/2022\/03\/Screenshot_20220325-0144162.png","contentUrl":"https:\/\/www.blogsoestado.com\/danielmatos\/files\/2022\/03\/Screenshot_20220325-0144162.png"},{"@type":"BreadcrumbList","@id":"https:\/\/www.blogsoestado.com\/danielmatos\/piloto-maranhense-lucas-fecury-conquista-vaga-na-formula-4-dos-estados-unidos\/#breadcrumb","itemListElement":[{"@type":"ListItem","position":1,"name":"In\u00edcio","item":"https:\/\/www.blogsoestado.com\/danielmatos\/"},{"@type":"ListItem","position":2,"name":"Piloto maranhense Lucas Fecury conquista vaga na F\u00f3rmula 4 dos Estados Unidos"}]},{"@type":"WebSite","@id":"https:\/\/www.blogsoestado.com\/danielmatos\/#website","url":"https:\/\/www.blogsoestado.com\/danielmatos\/","name":"Daniel Matos","description":"","potentialAction":[{"@type":"SearchAction","target":{"@type":"EntryPoint","urlTemplate":"https:\/\/www.blogsoestado.com\/danielmatos\/?s={search_term_string}"},"query-input":{"@type":"PropertyValueSpecification","valueRequired":true,"valueName":"search_term_string"}}],"inLanguage":"pt-BR"}]}},"jetpack_featured_media_url":"","_links":{"self":[{"href":"https:\/\/www.blogsoestado.com\/danielmatos\/wp-json\/wp\/v2\/posts\/95448","targetHints":{"allow":["GET"]}}],"collection":[{"href":"https:\/\/www.blogsoestado.com\/danielmatos\/wp-json\/wp\/v2\/posts"}],"about":[{"href":"https:\/\/www.blogsoestado.com\/danielmatos\/wp-json\/wp\/v2\/types\/post"}],"replies":[{"embeddable":true,"href":"https:\/\/www.blogsoestado.com\/danielmatos\/wp-json\/wp\/v2\/comments?post=95448"}],"version-history":[{"count":0,"href":"https:\/\/www.blogsoestado.com\/danielmatos\/wp-json\/wp\/v2\/posts\/95448\/revisions"}],"wp:attachment":[{"href":"https:\/\/www.blogsoestado.com\/danielmatos\/wp-json\/wp\/v2\/media?parent=95448"}],"wp:term":[{"taxonomy":"category","embeddable":true,"href":"https:\/\/www.blogsoestado.com\/danielmatos\/wp-json\/wp\/v2\/categories?post=95448"},{"taxonomy":"post_tag","embeddable":true,"href":"https:\/\/www.blogsoestado.com\/danielmatos\/wp-json\/wp\/v2\/tags?post=95448"}],"curies":[{"name":"wp","href":"https:\/\/api.w.org\/{rel}","templated":true}]}}