{"id":95455,"date":"2022-03-25T10:00:00","date_gmt":"2022-03-25T13:00:00","guid":{"rendered":"https:\/\/www.blogsoestado.com\/danielmatos\/?p=95455"},"modified":"2022-03-25T10:00:00","modified_gmt":"2022-03-25T13:00:00","slug":"flavio-dino-e-o-carrasco-dos-servidores-publicos-e-aposentados-acusa-deputado-wellington-ao-denunciar-acoes-do-governo-para-suspender-reajuste-de-217","status":"publish","type":"post","link":"https:\/\/www.blogsoestado.com\/danielmatos\/flavio-dino-e-o-carrasco-dos-servidores-publicos-e-aposentados-acusa-deputado-wellington-ao-denunciar-acoes-do-governo-para-suspender-reajuste-de-217\/","title":{"rendered":"\u201cFl\u00e1vio Dino \u00e9 o carrasco dos servidores p\u00fablicos e aposentados\u201d, acusa deputado Wellington ao denunciar a\u00e7\u00f5es do governo para suspender reajuste de 21,7%"},"content":{"rendered":"\n<div class=\"wp-block-image\"><figure class=\"aligncenter size-large\"><a href=\"https:\/\/www.blogsoestado.com\/danielmatos\/files\/2022\/03\/Screenshot_20220325-0331282.png\"><img decoding=\"async\" src=\"https:\/\/www.blogsoestado.com\/danielmatos\/files\/2022\/03\/Screenshot_20220325-0331282.png\" alt=\"\" class=\"wp-image-95456\"\/><\/a><\/figure><\/div>\n\n\n\n<p>O deputado estadual Wellington do Curso utilizou a tribuna na sess\u00e3o legislativa do \u00faltimo dia 22 para denunciar mais um golpe sofrido pelos servidores p\u00fablicos estaduais, ativos e aposentados, no governo de Fl\u00e1vio Dino. Segundo o parlamentar, o governo do estado, atrav\u00e9s da Procuradoria Geral do Estado, ingressou com a\u00e7\u00f5es rescis\u00f3rias na justi\u00e7a para derrubar decis\u00f5es que reconheciam o direito de receber reajustes salariais de 21,7% e 5,14%. O Tribunal de Justi\u00e7a do Maranh\u00e3o deferiu o pedido de suspens\u00e3o do pagamento do reajuste e assim dever\u00e1 seguir at\u00e9 o julgamento do m\u00e9rito.<\/p>\n\n\n\n<p>Ao mencionar o fato, Wellington afirmou que o governador Fl\u00e1vio Dino tem sido o carrasco dos servidores p\u00fablicos ativos e inativos do Maranh\u00e3o, pois sempre lutou contra o reajuste de 21,7% que j\u00e1 foi reconhecido pelo poder judici\u00e1rio e agora, com a suspens\u00e3o, causar\u00e1 um grande impacto na renda das fam\u00edlias dos funcion\u00e1rios p\u00fablicos estaduais.<\/p>\n\n\n\n<p>\u201cDesde 2015, lutamos pelo reajuste de 21,7% para os servidores p\u00fablicos estaduais ativos e aposentados. Com muita luta, em 2018, o STF decidiu que o Governador Fl\u00e1vio Dino deveria pagar a diferen\u00e7a salarial e implementar no contracheque dos servidores. No entanto, logo ap\u00f3s sua reelei\u00e7\u00e3o, o governador, atrav\u00e9s da PGE\/MA, ingressou com a\u00e7\u00e3o rescis\u00f3ria na justi\u00e7a para suspender o pagamento do reajuste, e agora, o Tribunal de Justi\u00e7a deferiu o pedido enquanto n\u00e3o julga o m\u00e9rito. Esse \u00e9 o governo que n\u00e3o respeita os servidores p\u00fablicos, que passou 7 anos sem conceder reposi\u00e7\u00e3o salarial e agora tamb\u00e9m quer tirar a conquista de 21,7% que j\u00e1 havia sido implantado no contracheque, prejudicando a renda e o or\u00e7amento de milhares de servidores e suas fam\u00edlias. A verdade \u00e9 que Fl\u00e1vio Dino \u00e9 o carrasco dos servidores p\u00fablicos estaduais! S\u00e3o anos de desvaloriza\u00e7\u00e3o e sal\u00e1rios defasados e ainda quer retirar um direito que j\u00e1 foi reconhecido. N\u00e3o ficaremos calados com essa tentativa de golpe do governador Fl\u00e1vio Dino e continuaremos lutando em defesa do 21,7% para todos\u201d, disse o deputado estadual Wellington do Curso.<\/p>\n","protected":false},"excerpt":{"rendered":"<p>O deputado estadual Wellington do Curso utilizou a tribuna na sess\u00e3o legislativa do \u00faltimo dia 22 para denunciar mais um [&hellip;]<\/p>\n","protected":false},"author":0,"featured_media":0,"comment_status":"open","ping_status":"open","sticky":false,"template":"","format":"standard","meta":{"site-sidebar-layout":"default","site-content-layout":"","ast-site-content-layout":"default","site-content-style":"default","site-sidebar-style":"default","ast-global-header-display":"","ast-banner-title-visibility":"","ast-main-header-display":"","ast-hfb-above-header-display":"","ast-hfb-below-header-display":"","ast-hfb-mobile-header-display":"","site-post-title":"","ast-breadcrumbs-content":"","ast-featured-img":"","footer-sml-layout":"","ast-disable-related-posts":"","theme-transparent-header-meta":"","adv-header-id-meta":"","stick-header-meta":"","header-above-stick-meta":"","header-main-stick-meta":"","header-below-stick-meta":"","astra-migrate-meta-layouts":"default","ast-page-background-enabled":"default","ast-page-background-meta":{"desktop":{"background-color":"var(--ast-global-color-5)","background-image":"","background-repeat":"repeat","background-position":"center center","background-size":"auto","background-attachment":"scroll","background-type":"","background-media":"","overlay-type":"","overlay-color":"","overlay-opacity":"","overlay-gradient":""},"tablet":{"background-color":"","background-image":"","background-repeat":"repeat","background-position":"center center","background-size":"auto","background-attachment":"scroll","background-type":"","background-media":"","overlay-type":"","overlay-color":"","overlay-opacity":"","overlay-gradient":""},"mobile":{"background-color":"","background-image":"","background-repeat":"repeat","background-position":"center center","background-size":"auto","background-attachment":"scroll","background-type":"","background-media":"","overlay-type":"","overlay-color":"","overlay-opacity":"","overlay-gradient":""}},"ast-content-background-meta":{"desktop":{"background-color":"var(--ast-global-color-4)","background-image":"","background-repeat":"repeat","background-position":"center center","background-size":"auto","background-attachment":"scroll","background-type":"","background-media":"","overlay-type":"","overlay-color":"","overlay-opacity":"","overlay-gradient":""},"tablet":{"background-color":"var(--ast-global-color-4)","background-image":"","background-repeat":"repeat","background-position":"center center","background-size":"auto","background-attachment":"scroll","background-type":"","background-media":"","overlay-type":"","overlay-color":"","overlay-opacity":"","overlay-gradient":""},"mobile":{"background-color":"var(--ast-global-color-4)","background-image":"","background-repeat":"repeat","background-position":"center center","background-size":"auto","background-attachment":"scroll","background-type":"","background-media":"","overlay-type":"","overlay-color":"","overlay-opacity":"","overlay-gradient":""}},"footnotes":""},"categories":[1],"tags":[],"class_list":["post-95455","post","type-post","status-publish","format-standard","hentry","category-sem-categoria"],"yoast_head":"<!-- This site is optimized with the Yoast SEO plugin v26.6 - https:\/\/yoast.com\/wordpress\/plugins\/seo\/ -->\n<title>\u201cFl\u00e1vio Dino \u00e9 o carrasco dos servidores p\u00fablicos e aposentados\u201d, acusa deputado Wellington ao denunciar a\u00e7\u00f5es do governo para suspender reajuste de 21,7% - Daniel Matos<\/title>\n<meta name=\"robots\" content=\"index, follow, max-snippet:-1, max-image-preview:large, max-video-preview:-1\" \/>\n<link rel=\"canonical\" href=\"https:\/\/www.blogsoestado.com\/danielmatos\/flavio-dino-e-o-carrasco-dos-servidores-publicos-e-aposentados-acusa-deputado-wellington-ao-denunciar-acoes-do-governo-para-suspender-reajuste-de-217\/\" \/>\n<meta property=\"og:locale\" content=\"pt_BR\" \/>\n<meta property=\"og:type\" content=\"article\" \/>\n<meta property=\"og:title\" content=\"\u201cFl\u00e1vio Dino \u00e9 o carrasco dos servidores p\u00fablicos e aposentados\u201d, acusa deputado Wellington ao denunciar a\u00e7\u00f5es do governo para suspender reajuste de 21,7% - Daniel Matos\" \/>\n<meta property=\"og:description\" content=\"O deputado estadual Wellington do Curso utilizou a tribuna na sess\u00e3o legislativa do \u00faltimo dia 22 para denunciar mais um [&hellip;]\" \/>\n<meta property=\"og:url\" content=\"https:\/\/www.blogsoestado.com\/danielmatos\/flavio-dino-e-o-carrasco-dos-servidores-publicos-e-aposentados-acusa-deputado-wellington-ao-denunciar-acoes-do-governo-para-suspender-reajuste-de-217\/\" \/>\n<meta property=\"og:site_name\" content=\"Daniel Matos\" \/>\n<meta property=\"article:published_time\" content=\"2022-03-25T13:00:00+00:00\" \/>\n<meta property=\"og:image\" content=\"https:\/\/www.blogsoestado.com\/danielmatos\/files\/2022\/03\/Screenshot_20220325-0331282.png\" \/>\n<meta name=\"twitter:card\" content=\"summary_large_image\" \/>\n<meta name=\"twitter:label1\" content=\"Est. tempo de leitura\" \/>\n\t<meta name=\"twitter:data1\" content=\"2 minutos\" \/>\n<script type=\"application\/ld+json\" class=\"yoast-schema-graph\">{\"@context\":\"https:\/\/schema.org\",\"@graph\":[{\"@type\":\"WebPage\",\"@id\":\"https:\/\/www.blogsoestado.com\/danielmatos\/flavio-dino-e-o-carrasco-dos-servidores-publicos-e-aposentados-acusa-deputado-wellington-ao-denunciar-acoes-do-governo-para-suspender-reajuste-de-217\/\",\"url\":\"https:\/\/www.blogsoestado.com\/danielmatos\/flavio-dino-e-o-carrasco-dos-servidores-publicos-e-aposentados-acusa-deputado-wellington-ao-denunciar-acoes-do-governo-para-suspender-reajuste-de-217\/\",\"name\":\"\u201cFl\u00e1vio Dino \u00e9 o carrasco dos servidores p\u00fablicos e aposentados\u201d, acusa deputado Wellington ao denunciar a\u00e7\u00f5es do governo para suspender reajuste de 21,7% - Daniel Matos\",\"isPartOf\":{\"@id\":\"https:\/\/www.blogsoestado.com\/danielmatos\/#website\"},\"primaryImageOfPage\":{\"@id\":\"https:\/\/www.blogsoestado.com\/danielmatos\/flavio-dino-e-o-carrasco-dos-servidores-publicos-e-aposentados-acusa-deputado-wellington-ao-denunciar-acoes-do-governo-para-suspender-reajuste-de-217\/#primaryimage\"},\"image\":{\"@id\":\"https:\/\/www.blogsoestado.com\/danielmatos\/flavio-dino-e-o-carrasco-dos-servidores-publicos-e-aposentados-acusa-deputado-wellington-ao-denunciar-acoes-do-governo-para-suspender-reajuste-de-217\/#primaryimage\"},\"thumbnailUrl\":\"https:\/\/www.blogsoestado.com\/danielmatos\/files\/2022\/03\/Screenshot_20220325-0331282.png\",\"datePublished\":\"2022-03-25T13:00:00+00:00\",\"author\":{\"@id\":\"\"},\"breadcrumb\":{\"@id\":\"https:\/\/www.blogsoestado.com\/danielmatos\/flavio-dino-e-o-carrasco-dos-servidores-publicos-e-aposentados-acusa-deputado-wellington-ao-denunciar-acoes-do-governo-para-suspender-reajuste-de-217\/#breadcrumb\"},\"inLanguage\":\"pt-BR\",\"potentialAction\":[{\"@type\":\"ReadAction\",\"target\":[\"https:\/\/www.blogsoestado.com\/danielmatos\/flavio-dino-e-o-carrasco-dos-servidores-publicos-e-aposentados-acusa-deputado-wellington-ao-denunciar-acoes-do-governo-para-suspender-reajuste-de-217\/\"]}]},{\"@type\":\"ImageObject\",\"inLanguage\":\"pt-BR\",\"@id\":\"https:\/\/www.blogsoestado.com\/danielmatos\/flavio-dino-e-o-carrasco-dos-servidores-publicos-e-aposentados-acusa-deputado-wellington-ao-denunciar-acoes-do-governo-para-suspender-reajuste-de-217\/#primaryimage\",\"url\":\"https:\/\/www.blogsoestado.com\/danielmatos\/files\/2022\/03\/Screenshot_20220325-0331282.png\",\"contentUrl\":\"https:\/\/www.blogsoestado.com\/danielmatos\/files\/2022\/03\/Screenshot_20220325-0331282.png\"},{\"@type\":\"BreadcrumbList\",\"@id\":\"https:\/\/www.blogsoestado.com\/danielmatos\/flavio-dino-e-o-carrasco-dos-servidores-publicos-e-aposentados-acusa-deputado-wellington-ao-denunciar-acoes-do-governo-para-suspender-reajuste-de-217\/#breadcrumb\",\"itemListElement\":[{\"@type\":\"ListItem\",\"position\":1,\"name\":\"In\u00edcio\",\"item\":\"https:\/\/www.blogsoestado.com\/danielmatos\/\"},{\"@type\":\"ListItem\",\"position\":2,\"name\":\"\u201cFl\u00e1vio Dino \u00e9 o carrasco dos servidores p\u00fablicos e aposentados\u201d, acusa deputado Wellington ao denunciar a\u00e7\u00f5es do governo para suspender reajuste de 21,7%\"}]},{\"@type\":\"WebSite\",\"@id\":\"https:\/\/www.blogsoestado.com\/danielmatos\/#website\",\"url\":\"https:\/\/www.blogsoestado.com\/danielmatos\/\",\"name\":\"Daniel Matos\",\"description\":\"\",\"potentialAction\":[{\"@type\":\"SearchAction\",\"target\":{\"@type\":\"EntryPoint\",\"urlTemplate\":\"https:\/\/www.blogsoestado.com\/danielmatos\/?s={search_term_string}\"},\"query-input\":{\"@type\":\"PropertyValueSpecification\",\"valueRequired\":true,\"valueName\":\"search_term_string\"}}],\"inLanguage\":\"pt-BR\"}]}<\/script>\n<!-- \/ Yoast SEO plugin. -->","yoast_head_json":{"title":"\u201cFl\u00e1vio Dino \u00e9 o carrasco dos servidores p\u00fablicos e aposentados\u201d, acusa deputado Wellington ao denunciar a\u00e7\u00f5es do governo para suspender reajuste de 21,7% - Daniel Matos","robots":{"index":"index","follow":"follow","max-snippet":"max-snippet:-1","max-image-preview":"max-image-preview:large","max-video-preview":"max-video-preview:-1"},"canonical":"https:\/\/www.blogsoestado.com\/danielmatos\/flavio-dino-e-o-carrasco-dos-servidores-publicos-e-aposentados-acusa-deputado-wellington-ao-denunciar-acoes-do-governo-para-suspender-reajuste-de-217\/","og_locale":"pt_BR","og_type":"article","og_title":"\u201cFl\u00e1vio Dino \u00e9 o carrasco dos servidores p\u00fablicos e aposentados\u201d, acusa deputado Wellington ao denunciar a\u00e7\u00f5es do governo para suspender reajuste de 21,7% - Daniel Matos","og_description":"O deputado estadual Wellington do Curso utilizou a tribuna na sess\u00e3o legislativa do \u00faltimo dia 22 para denunciar mais um [&hellip;]","og_url":"https:\/\/www.blogsoestado.com\/danielmatos\/flavio-dino-e-o-carrasco-dos-servidores-publicos-e-aposentados-acusa-deputado-wellington-ao-denunciar-acoes-do-governo-para-suspender-reajuste-de-217\/","og_site_name":"Daniel Matos","article_published_time":"2022-03-25T13:00:00+00:00","og_image":[{"url":"https:\/\/www.blogsoestado.com\/danielmatos\/files\/2022\/03\/Screenshot_20220325-0331282.png","type":"","width":"","height":""}],"twitter_card":"summary_large_image","twitter_misc":{"Est. tempo de leitura":"2 minutos"},"schema":{"@context":"https:\/\/schema.org","@graph":[{"@type":"WebPage","@id":"https:\/\/www.blogsoestado.com\/danielmatos\/flavio-dino-e-o-carrasco-dos-servidores-publicos-e-aposentados-acusa-deputado-wellington-ao-denunciar-acoes-do-governo-para-suspender-reajuste-de-217\/","url":"https:\/\/www.blogsoestado.com\/danielmatos\/flavio-dino-e-o-carrasco-dos-servidores-publicos-e-aposentados-acusa-deputado-wellington-ao-denunciar-acoes-do-governo-para-suspender-reajuste-de-217\/","name":"\u201cFl\u00e1vio Dino \u00e9 o carrasco dos servidores p\u00fablicos e aposentados\u201d, acusa deputado Wellington ao denunciar a\u00e7\u00f5es do governo para suspender reajuste de 21,7% - Daniel Matos","isPartOf":{"@id":"https:\/\/www.blogsoestado.com\/danielmatos\/#website"},"primaryImageOfPage":{"@id":"https:\/\/www.blogsoestado.com\/danielmatos\/flavio-dino-e-o-carrasco-dos-servidores-publicos-e-aposentados-acusa-deputado-wellington-ao-denunciar-acoes-do-governo-para-suspender-reajuste-de-217\/#primaryimage"},"image":{"@id":"https:\/\/www.blogsoestado.com\/danielmatos\/flavio-dino-e-o-carrasco-dos-servidores-publicos-e-aposentados-acusa-deputado-wellington-ao-denunciar-acoes-do-governo-para-suspender-reajuste-de-217\/#primaryimage"},"thumbnailUrl":"https:\/\/www.blogsoestado.com\/danielmatos\/files\/2022\/03\/Screenshot_20220325-0331282.png","datePublished":"2022-03-25T13:00:00+00:00","author":{"@id":""},"breadcrumb":{"@id":"https:\/\/www.blogsoestado.com\/danielmatos\/flavio-dino-e-o-carrasco-dos-servidores-publicos-e-aposentados-acusa-deputado-wellington-ao-denunciar-acoes-do-governo-para-suspender-reajuste-de-217\/#breadcrumb"},"inLanguage":"pt-BR","potentialAction":[{"@type":"ReadAction","target":["https:\/\/www.blogsoestado.com\/danielmatos\/flavio-dino-e-o-carrasco-dos-servidores-publicos-e-aposentados-acusa-deputado-wellington-ao-denunciar-acoes-do-governo-para-suspender-reajuste-de-217\/"]}]},{"@type":"ImageObject","inLanguage":"pt-BR","@id":"https:\/\/www.blogsoestado.com\/danielmatos\/flavio-dino-e-o-carrasco-dos-servidores-publicos-e-aposentados-acusa-deputado-wellington-ao-denunciar-acoes-do-governo-para-suspender-reajuste-de-217\/#primaryimage","url":"https:\/\/www.blogsoestado.com\/danielmatos\/files\/2022\/03\/Screenshot_20220325-0331282.png","contentUrl":"https:\/\/www.blogsoestado.com\/danielmatos\/files\/2022\/03\/Screenshot_20220325-0331282.png"},{"@type":"BreadcrumbList","@id":"https:\/\/www.blogsoestado.com\/danielmatos\/flavio-dino-e-o-carrasco-dos-servidores-publicos-e-aposentados-acusa-deputado-wellington-ao-denunciar-acoes-do-governo-para-suspender-reajuste-de-217\/#breadcrumb","itemListElement":[{"@type":"ListItem","position":1,"name":"In\u00edcio","item":"https:\/\/www.blogsoestado.com\/danielmatos\/"},{"@type":"ListItem","position":2,"name":"\u201cFl\u00e1vio Dino \u00e9 o carrasco dos servidores p\u00fablicos e aposentados\u201d, acusa deputado Wellington ao denunciar a\u00e7\u00f5es do governo para suspender reajuste de 21,7%"}]},{"@type":"WebSite","@id":"https:\/\/www.blogsoestado.com\/danielmatos\/#website","url":"https:\/\/www.blogsoestado.com\/danielmatos\/","name":"Daniel Matos","description":"","potentialAction":[{"@type":"SearchAction","target":{"@type":"EntryPoint","urlTemplate":"https:\/\/www.blogsoestado.com\/danielmatos\/?s={search_term_string}"},"query-input":{"@type":"PropertyValueSpecification","valueRequired":true,"valueName":"search_term_string"}}],"inLanguage":"pt-BR"}]}},"jetpack_featured_media_url":"","_links":{"self":[{"href":"https:\/\/www.blogsoestado.com\/danielmatos\/wp-json\/wp\/v2\/posts\/95455","targetHints":{"allow":["GET"]}}],"collection":[{"href":"https:\/\/www.blogsoestado.com\/danielmatos\/wp-json\/wp\/v2\/posts"}],"about":[{"href":"https:\/\/www.blogsoestado.com\/danielmatos\/wp-json\/wp\/v2\/types\/post"}],"replies":[{"embeddable":true,"href":"https:\/\/www.blogsoestado.com\/danielmatos\/wp-json\/wp\/v2\/comments?post=95455"}],"version-history":[{"count":0,"href":"https:\/\/www.blogsoestado.com\/danielmatos\/wp-json\/wp\/v2\/posts\/95455\/revisions"}],"wp:attachment":[{"href":"https:\/\/www.blogsoestado.com\/danielmatos\/wp-json\/wp\/v2\/media?parent=95455"}],"wp:term":[{"taxonomy":"category","embeddable":true,"href":"https:\/\/www.blogsoestado.com\/danielmatos\/wp-json\/wp\/v2\/categories?post=95455"},{"taxonomy":"post_tag","embeddable":true,"href":"https:\/\/www.blogsoestado.com\/danielmatos\/wp-json\/wp\/v2\/tags?post=95455"}],"curies":[{"name":"wp","href":"https:\/\/api.w.org\/{rel}","templated":true}]}}