{"id":95460,"date":"2022-03-25T15:45:10","date_gmt":"2022-03-25T18:45:10","guid":{"rendered":"https:\/\/www.blogsoestado.com\/danielmatos\/?p=95460"},"modified":"2022-03-25T15:45:10","modified_gmt":"2022-03-25T18:45:10","slug":"deputado-ze-inacio-acompanha-flavio-dino-em-agenda-de-entrega-de-obras-na-reta-final-do-mandato","status":"publish","type":"post","link":"https:\/\/www.blogsoestado.com\/danielmatos\/deputado-ze-inacio-acompanha-flavio-dino-em-agenda-de-entrega-de-obras-na-reta-final-do-mandato\/","title":{"rendered":"Deputado Z\u00e9 In\u00e1cio acompanha Fl\u00e1vio Dino em agenda de entrega de obras na reta final do mandato"},"content":{"rendered":"\n<div class=\"wp-block-image\"><figure class=\"aligncenter size-large\"><a href=\"https:\/\/www.blogsoestado.com\/danielmatos\/files\/2022\/03\/Screenshot_20220325-1534482.png\"><img decoding=\"async\" src=\"https:\/\/www.blogsoestado.com\/danielmatos\/files\/2022\/03\/Screenshot_20220325-1534482.png\" alt=\"\" class=\"wp-image-95461\"\/><\/a><figcaption>Z\u00e9 In\u00e1cio com Fl\u00e1vio Dino e comitiva na entrega do Restaurante Popular do munic\u00edpio de Bequim\u00e3o, sua terra natal<\/figcaption><\/figure><\/div>\n\n\n\n<p>O deputado estadual Z\u00e9 In\u00e1cio (PT) acompanhou, nessa quinta-feira (24), o governador Fl\u00e1vio Dino (PSB) em mais uma movimentada agenda em sua reta final de mandato, entregando diversas obras pelo Maranh\u00e3o.<\/p>\n\n\n\n<p>Benfeitorias por todos os lados, nos munic\u00edpios de S\u00e3o Bento, de Bacurituba, Bequim\u00e3o, Bacuri e Apicum-A\u00e7u. O parlamentar destacou a entrega de restaurantes populares, pra\u00e7as, policl\u00ednicas, quadras poliesportivas e tantas outras obras j\u00e1 realizadas nesses sete anos de governo.<\/p>\n\n\n\n<p>&#8220;Parabenizo o governador pela dedica\u00e7\u00e3o e compromisso com o povo do Maranh\u00e3o, e em especial pela obra do Restaurante Popular de Bequim\u00e3o, indica\u00e7\u00e3o do nosso mandato, que ir\u00e1 fornecer centenas de refei\u00e7\u00f5es por dia por apenas R$ 1,00, fortalecendo a agricultura familiar e combatendo a fome no munic\u00edpio e no estado&#8221;, assinalou Z\u00e9 In\u00e1cio<\/p>\n","protected":false},"excerpt":{"rendered":"<p>O deputado estadual Z\u00e9 In\u00e1cio (PT) acompanhou, nessa quinta-feira (24), o governador Fl\u00e1vio Dino (PSB) em mais uma movimentada agenda [&hellip;]<\/p>\n","protected":false},"author":0,"featured_media":0,"comment_status":"open","ping_status":"open","sticky":false,"template":"","format":"standard","meta":{"site-sidebar-layout":"default","site-content-layout":"","ast-site-content-layout":"default","site-content-style":"default","site-sidebar-style":"default","ast-global-header-display":"","ast-banner-title-visibility":"","ast-main-header-display":"","ast-hfb-above-header-display":"","ast-hfb-below-header-display":"","ast-hfb-mobile-header-display":"","site-post-title":"","ast-breadcrumbs-content":"","ast-featured-img":"","footer-sml-layout":"","ast-disable-related-posts":"","theme-transparent-header-meta":"","adv-header-id-meta":"","stick-header-meta":"","header-above-stick-meta":"","header-main-stick-meta":"","header-below-stick-meta":"","astra-migrate-meta-layouts":"default","ast-page-background-enabled":"default","ast-page-background-meta":{"desktop":{"background-color":"var(--ast-global-color-5)","background-image":"","background-repeat":"repeat","background-position":"center center","background-size":"auto","background-attachment":"scroll","background-type":"","background-media":"","overlay-type":"","overlay-color":"","overlay-opacity":"","overlay-gradient":""},"tablet":{"background-color":"","background-image":"","background-repeat":"repeat","background-position":"center center","background-size":"auto","background-attachment":"scroll","background-type":"","background-media":"","overlay-type":"","overlay-color":"","overlay-opacity":"","overlay-gradient":""},"mobile":{"background-color":"","background-image":"","background-repeat":"repeat","background-position":"center center","background-size":"auto","background-attachment":"scroll","background-type":"","background-media":"","overlay-type":"","overlay-color":"","overlay-opacity":"","overlay-gradient":""}},"ast-content-background-meta":{"desktop":{"background-color":"var(--ast-global-color-4)","background-image":"","background-repeat":"repeat","background-position":"center center","background-size":"auto","background-attachment":"scroll","background-type":"","background-media":"","overlay-type":"","overlay-color":"","overlay-opacity":"","overlay-gradient":""},"tablet":{"background-color":"var(--ast-global-color-4)","background-image":"","background-repeat":"repeat","background-position":"center center","background-size":"auto","background-attachment":"scroll","background-type":"","background-media":"","overlay-type":"","overlay-color":"","overlay-opacity":"","overlay-gradient":""},"mobile":{"background-color":"var(--ast-global-color-4)","background-image":"","background-repeat":"repeat","background-position":"center center","background-size":"auto","background-attachment":"scroll","background-type":"","background-media":"","overlay-type":"","overlay-color":"","overlay-opacity":"","overlay-gradient":""}},"footnotes":""},"categories":[1],"tags":[],"class_list":["post-95460","post","type-post","status-publish","format-standard","hentry","category-sem-categoria"],"yoast_head":"<!-- This site is optimized with the Yoast SEO plugin v26.6 - https:\/\/yoast.com\/wordpress\/plugins\/seo\/ -->\n<title>Deputado Z\u00e9 In\u00e1cio acompanha Fl\u00e1vio Dino em agenda de entrega de obras na reta final do mandato - Daniel Matos<\/title>\n<meta name=\"robots\" content=\"index, follow, max-snippet:-1, max-image-preview:large, max-video-preview:-1\" \/>\n<link rel=\"canonical\" href=\"https:\/\/www.blogsoestado.com\/danielmatos\/deputado-ze-inacio-acompanha-flavio-dino-em-agenda-de-entrega-de-obras-na-reta-final-do-mandato\/\" \/>\n<meta property=\"og:locale\" content=\"pt_BR\" \/>\n<meta property=\"og:type\" content=\"article\" \/>\n<meta property=\"og:title\" content=\"Deputado Z\u00e9 In\u00e1cio acompanha Fl\u00e1vio Dino em agenda de entrega de obras na reta final do mandato - Daniel Matos\" \/>\n<meta property=\"og:description\" content=\"O deputado estadual Z\u00e9 In\u00e1cio (PT) acompanhou, nessa quinta-feira (24), o governador Fl\u00e1vio Dino (PSB) em mais uma movimentada agenda [&hellip;]\" \/>\n<meta property=\"og:url\" content=\"https:\/\/www.blogsoestado.com\/danielmatos\/deputado-ze-inacio-acompanha-flavio-dino-em-agenda-de-entrega-de-obras-na-reta-final-do-mandato\/\" \/>\n<meta property=\"og:site_name\" content=\"Daniel Matos\" \/>\n<meta property=\"article:published_time\" content=\"2022-03-25T18:45:10+00:00\" \/>\n<meta property=\"og:image\" content=\"https:\/\/www.blogsoestado.com\/danielmatos\/files\/2022\/03\/Screenshot_20220325-1534482.png\" \/>\n<meta name=\"twitter:card\" content=\"summary_large_image\" \/>\n<meta name=\"twitter:label1\" content=\"Est. tempo de leitura\" \/>\n\t<meta name=\"twitter:data1\" content=\"1 minuto\" \/>\n<script type=\"application\/ld+json\" class=\"yoast-schema-graph\">{\"@context\":\"https:\/\/schema.org\",\"@graph\":[{\"@type\":\"WebPage\",\"@id\":\"https:\/\/www.blogsoestado.com\/danielmatos\/deputado-ze-inacio-acompanha-flavio-dino-em-agenda-de-entrega-de-obras-na-reta-final-do-mandato\/\",\"url\":\"https:\/\/www.blogsoestado.com\/danielmatos\/deputado-ze-inacio-acompanha-flavio-dino-em-agenda-de-entrega-de-obras-na-reta-final-do-mandato\/\",\"name\":\"Deputado Z\u00e9 In\u00e1cio acompanha Fl\u00e1vio Dino em agenda de entrega de obras na reta final do mandato - Daniel Matos\",\"isPartOf\":{\"@id\":\"https:\/\/www.blogsoestado.com\/danielmatos\/#website\"},\"primaryImageOfPage\":{\"@id\":\"https:\/\/www.blogsoestado.com\/danielmatos\/deputado-ze-inacio-acompanha-flavio-dino-em-agenda-de-entrega-de-obras-na-reta-final-do-mandato\/#primaryimage\"},\"image\":{\"@id\":\"https:\/\/www.blogsoestado.com\/danielmatos\/deputado-ze-inacio-acompanha-flavio-dino-em-agenda-de-entrega-de-obras-na-reta-final-do-mandato\/#primaryimage\"},\"thumbnailUrl\":\"https:\/\/www.blogsoestado.com\/danielmatos\/files\/2022\/03\/Screenshot_20220325-1534482.png\",\"datePublished\":\"2022-03-25T18:45:10+00:00\",\"author\":{\"@id\":\"\"},\"breadcrumb\":{\"@id\":\"https:\/\/www.blogsoestado.com\/danielmatos\/deputado-ze-inacio-acompanha-flavio-dino-em-agenda-de-entrega-de-obras-na-reta-final-do-mandato\/#breadcrumb\"},\"inLanguage\":\"pt-BR\",\"potentialAction\":[{\"@type\":\"ReadAction\",\"target\":[\"https:\/\/www.blogsoestado.com\/danielmatos\/deputado-ze-inacio-acompanha-flavio-dino-em-agenda-de-entrega-de-obras-na-reta-final-do-mandato\/\"]}]},{\"@type\":\"ImageObject\",\"inLanguage\":\"pt-BR\",\"@id\":\"https:\/\/www.blogsoestado.com\/danielmatos\/deputado-ze-inacio-acompanha-flavio-dino-em-agenda-de-entrega-de-obras-na-reta-final-do-mandato\/#primaryimage\",\"url\":\"https:\/\/www.blogsoestado.com\/danielmatos\/files\/2022\/03\/Screenshot_20220325-1534482.png\",\"contentUrl\":\"https:\/\/www.blogsoestado.com\/danielmatos\/files\/2022\/03\/Screenshot_20220325-1534482.png\"},{\"@type\":\"BreadcrumbList\",\"@id\":\"https:\/\/www.blogsoestado.com\/danielmatos\/deputado-ze-inacio-acompanha-flavio-dino-em-agenda-de-entrega-de-obras-na-reta-final-do-mandato\/#breadcrumb\",\"itemListElement\":[{\"@type\":\"ListItem\",\"position\":1,\"name\":\"In\u00edcio\",\"item\":\"https:\/\/www.blogsoestado.com\/danielmatos\/\"},{\"@type\":\"ListItem\",\"position\":2,\"name\":\"Deputado Z\u00e9 In\u00e1cio acompanha Fl\u00e1vio Dino em agenda de entrega de obras na reta final do mandato\"}]},{\"@type\":\"WebSite\",\"@id\":\"https:\/\/www.blogsoestado.com\/danielmatos\/#website\",\"url\":\"https:\/\/www.blogsoestado.com\/danielmatos\/\",\"name\":\"Daniel Matos\",\"description\":\"\",\"potentialAction\":[{\"@type\":\"SearchAction\",\"target\":{\"@type\":\"EntryPoint\",\"urlTemplate\":\"https:\/\/www.blogsoestado.com\/danielmatos\/?s={search_term_string}\"},\"query-input\":{\"@type\":\"PropertyValueSpecification\",\"valueRequired\":true,\"valueName\":\"search_term_string\"}}],\"inLanguage\":\"pt-BR\"}]}<\/script>\n<!-- \/ Yoast SEO plugin. -->","yoast_head_json":{"title":"Deputado Z\u00e9 In\u00e1cio acompanha Fl\u00e1vio Dino em agenda de entrega de obras na reta final do mandato - Daniel Matos","robots":{"index":"index","follow":"follow","max-snippet":"max-snippet:-1","max-image-preview":"max-image-preview:large","max-video-preview":"max-video-preview:-1"},"canonical":"https:\/\/www.blogsoestado.com\/danielmatos\/deputado-ze-inacio-acompanha-flavio-dino-em-agenda-de-entrega-de-obras-na-reta-final-do-mandato\/","og_locale":"pt_BR","og_type":"article","og_title":"Deputado Z\u00e9 In\u00e1cio acompanha Fl\u00e1vio Dino em agenda de entrega de obras na reta final do mandato - Daniel Matos","og_description":"O deputado estadual Z\u00e9 In\u00e1cio (PT) acompanhou, nessa quinta-feira (24), o governador Fl\u00e1vio Dino (PSB) em mais uma movimentada agenda [&hellip;]","og_url":"https:\/\/www.blogsoestado.com\/danielmatos\/deputado-ze-inacio-acompanha-flavio-dino-em-agenda-de-entrega-de-obras-na-reta-final-do-mandato\/","og_site_name":"Daniel Matos","article_published_time":"2022-03-25T18:45:10+00:00","og_image":[{"url":"https:\/\/www.blogsoestado.com\/danielmatos\/files\/2022\/03\/Screenshot_20220325-1534482.png","type":"","width":"","height":""}],"twitter_card":"summary_large_image","twitter_misc":{"Est. tempo de leitura":"1 minuto"},"schema":{"@context":"https:\/\/schema.org","@graph":[{"@type":"WebPage","@id":"https:\/\/www.blogsoestado.com\/danielmatos\/deputado-ze-inacio-acompanha-flavio-dino-em-agenda-de-entrega-de-obras-na-reta-final-do-mandato\/","url":"https:\/\/www.blogsoestado.com\/danielmatos\/deputado-ze-inacio-acompanha-flavio-dino-em-agenda-de-entrega-de-obras-na-reta-final-do-mandato\/","name":"Deputado Z\u00e9 In\u00e1cio acompanha Fl\u00e1vio Dino em agenda de entrega de obras na reta final do mandato - Daniel Matos","isPartOf":{"@id":"https:\/\/www.blogsoestado.com\/danielmatos\/#website"},"primaryImageOfPage":{"@id":"https:\/\/www.blogsoestado.com\/danielmatos\/deputado-ze-inacio-acompanha-flavio-dino-em-agenda-de-entrega-de-obras-na-reta-final-do-mandato\/#primaryimage"},"image":{"@id":"https:\/\/www.blogsoestado.com\/danielmatos\/deputado-ze-inacio-acompanha-flavio-dino-em-agenda-de-entrega-de-obras-na-reta-final-do-mandato\/#primaryimage"},"thumbnailUrl":"https:\/\/www.blogsoestado.com\/danielmatos\/files\/2022\/03\/Screenshot_20220325-1534482.png","datePublished":"2022-03-25T18:45:10+00:00","author":{"@id":""},"breadcrumb":{"@id":"https:\/\/www.blogsoestado.com\/danielmatos\/deputado-ze-inacio-acompanha-flavio-dino-em-agenda-de-entrega-de-obras-na-reta-final-do-mandato\/#breadcrumb"},"inLanguage":"pt-BR","potentialAction":[{"@type":"ReadAction","target":["https:\/\/www.blogsoestado.com\/danielmatos\/deputado-ze-inacio-acompanha-flavio-dino-em-agenda-de-entrega-de-obras-na-reta-final-do-mandato\/"]}]},{"@type":"ImageObject","inLanguage":"pt-BR","@id":"https:\/\/www.blogsoestado.com\/danielmatos\/deputado-ze-inacio-acompanha-flavio-dino-em-agenda-de-entrega-de-obras-na-reta-final-do-mandato\/#primaryimage","url":"https:\/\/www.blogsoestado.com\/danielmatos\/files\/2022\/03\/Screenshot_20220325-1534482.png","contentUrl":"https:\/\/www.blogsoestado.com\/danielmatos\/files\/2022\/03\/Screenshot_20220325-1534482.png"},{"@type":"BreadcrumbList","@id":"https:\/\/www.blogsoestado.com\/danielmatos\/deputado-ze-inacio-acompanha-flavio-dino-em-agenda-de-entrega-de-obras-na-reta-final-do-mandato\/#breadcrumb","itemListElement":[{"@type":"ListItem","position":1,"name":"In\u00edcio","item":"https:\/\/www.blogsoestado.com\/danielmatos\/"},{"@type":"ListItem","position":2,"name":"Deputado Z\u00e9 In\u00e1cio acompanha Fl\u00e1vio Dino em agenda de entrega de obras na reta final do mandato"}]},{"@type":"WebSite","@id":"https:\/\/www.blogsoestado.com\/danielmatos\/#website","url":"https:\/\/www.blogsoestado.com\/danielmatos\/","name":"Daniel Matos","description":"","potentialAction":[{"@type":"SearchAction","target":{"@type":"EntryPoint","urlTemplate":"https:\/\/www.blogsoestado.com\/danielmatos\/?s={search_term_string}"},"query-input":{"@type":"PropertyValueSpecification","valueRequired":true,"valueName":"search_term_string"}}],"inLanguage":"pt-BR"}]}},"jetpack_featured_media_url":"","_links":{"self":[{"href":"https:\/\/www.blogsoestado.com\/danielmatos\/wp-json\/wp\/v2\/posts\/95460","targetHints":{"allow":["GET"]}}],"collection":[{"href":"https:\/\/www.blogsoestado.com\/danielmatos\/wp-json\/wp\/v2\/posts"}],"about":[{"href":"https:\/\/www.blogsoestado.com\/danielmatos\/wp-json\/wp\/v2\/types\/post"}],"replies":[{"embeddable":true,"href":"https:\/\/www.blogsoestado.com\/danielmatos\/wp-json\/wp\/v2\/comments?post=95460"}],"version-history":[{"count":0,"href":"https:\/\/www.blogsoestado.com\/danielmatos\/wp-json\/wp\/v2\/posts\/95460\/revisions"}],"wp:attachment":[{"href":"https:\/\/www.blogsoestado.com\/danielmatos\/wp-json\/wp\/v2\/media?parent=95460"}],"wp:term":[{"taxonomy":"category","embeddable":true,"href":"https:\/\/www.blogsoestado.com\/danielmatos\/wp-json\/wp\/v2\/categories?post=95460"},{"taxonomy":"post_tag","embeddable":true,"href":"https:\/\/www.blogsoestado.com\/danielmatos\/wp-json\/wp\/v2\/tags?post=95460"}],"curies":[{"name":"wp","href":"https:\/\/api.w.org\/{rel}","templated":true}]}}