{"id":95466,"date":"2022-03-25T17:21:29","date_gmt":"2022-03-25T20:21:29","guid":{"rendered":"https:\/\/www.blogsoestado.com\/danielmatos\/?p=95466"},"modified":"2022-03-25T17:21:29","modified_gmt":"2022-03-25T20:21:29","slug":"vai-dar-trabalho-mas-vamos-arrumar-esse-time-diz-presidente-do-sampaio-apos-empate-decepcionante-com-o-cordino","status":"publish","type":"post","link":"https:\/\/www.blogsoestado.com\/danielmatos\/vai-dar-trabalho-mas-vamos-arrumar-esse-time-diz-presidente-do-sampaio-apos-empate-decepcionante-com-o-cordino\/","title":{"rendered":"&#8220;Vai dar trabalho, mas vamos arrumar esse time&#8221;, diz presidente do Sampaio ap\u00f3s empate decepcionante com o Cordino"},"content":{"rendered":"\n<div class=\"wp-block-image\"><figure class=\"aligncenter size-large\"><a href=\"https:\/\/www.blogsoestado.com\/danielmatos\/files\/2022\/03\/Screenshot_20220325-1717332.png\"><img decoding=\"async\" src=\"https:\/\/www.blogsoestado.com\/danielmatos\/files\/2022\/03\/Screenshot_20220325-1717332.png\" alt=\"\" class=\"wp-image-95468\"\/><\/a><figcaption>Lances do empate por 2 a 2 entre Sampaio e Cordino, no Castel\u00e3o, resultado classificado como triste pelo presidente tricolor, S\u00e9rgio Frota<\/figcaption><\/figure><\/div>\n\n\n\n<p>O presidente do Sampaio Corr\u00eaa, S\u00e9rgio Frota, voltou a criticar duramente o time ap\u00f3s o empate em 2 a 2 com o Corsino, pelo 2\u00ba turno do Campeonato Maranhense de Futebol 2022. O mandat\u00e1rio classificou como triste o desempenho da equipe em campo, principalmente, o desfecho da partida.<\/p>\n\n\n\n<p>Em mais uma postagem p\u00f3s -jogo nas redes sociais, S\u00e9rgio Frota lamentou que os jogadores escalados em fun\u00e7\u00e3o da conquista do 1\u00ba turno e da urg\u00eancia para forma\u00e7\u00e3o do elenco para disputar o Campeonato Brasileiro da S\u00e9rie B tenham perdido a oportunidade de mostrar algo de positivo.<\/p>\n\n\n\n<p>&#8220;O resultado foi triste. Empate por 2 a 2, em p\u00e9ssima partida contra o Cordino, no Castel\u00e3o &#8220;, criticou. &#8220;Vai dar trabalho, mas vamos arrumar esse time&#8221;, concluiu, manifestando otimismo.<\/p>\n\n\n\n<p><strong>Supercl\u00e1ssico<\/strong><\/p>\n\n\n\n<p>Sem muito tempo para descanso, o Sampaio j\u00e1 finaliza a prepara\u00e7\u00e3o para mais um supercl\u00e1ssico, contra o Moto Club. Depois da final do 1\u00ba turno, em que o Tricolor sagrou-se campe\u00e3o ao derrotar o advers\u00e1rio por 1 a 0, as duas equipes voltar\u00e3o a ser enfrentar, dessa vez pela 3\u00aa rodada do 2\u00ba tudo do campeonato estadual.<\/p>\n\n\n\n<p><\/p>\n","protected":false},"excerpt":{"rendered":"<p>O presidente do Sampaio Corr\u00eaa, S\u00e9rgio Frota, voltou a criticar duramente o time ap\u00f3s o empate em 2 a 2 [&hellip;]<\/p>\n","protected":false},"author":0,"featured_media":0,"comment_status":"open","ping_status":"open","sticky":false,"template":"","format":"standard","meta":{"site-sidebar-layout":"default","site-content-layout":"","ast-site-content-layout":"default","site-content-style":"default","site-sidebar-style":"default","ast-global-header-display":"","ast-banner-title-visibility":"","ast-main-header-display":"","ast-hfb-above-header-display":"","ast-hfb-below-header-display":"","ast-hfb-mobile-header-display":"","site-post-title":"","ast-breadcrumbs-content":"","ast-featured-img":"","footer-sml-layout":"","ast-disable-related-posts":"","theme-transparent-header-meta":"","adv-header-id-meta":"","stick-header-meta":"","header-above-stick-meta":"","header-main-stick-meta":"","header-below-stick-meta":"","astra-migrate-meta-layouts":"default","ast-page-background-enabled":"default","ast-page-background-meta":{"desktop":{"background-color":"var(--ast-global-color-5)","background-image":"","background-repeat":"repeat","background-position":"center center","background-size":"auto","background-attachment":"scroll","background-type":"","background-media":"","overlay-type":"","overlay-color":"","overlay-opacity":"","overlay-gradient":""},"tablet":{"background-color":"","background-image":"","background-repeat":"repeat","background-position":"center center","background-size":"auto","background-attachment":"scroll","background-type":"","background-media":"","overlay-type":"","overlay-color":"","overlay-opacity":"","overlay-gradient":""},"mobile":{"background-color":"","background-image":"","background-repeat":"repeat","background-position":"center center","background-size":"auto","background-attachment":"scroll","background-type":"","background-media":"","overlay-type":"","overlay-color":"","overlay-opacity":"","overlay-gradient":""}},"ast-content-background-meta":{"desktop":{"background-color":"var(--ast-global-color-4)","background-image":"","background-repeat":"repeat","background-position":"center center","background-size":"auto","background-attachment":"scroll","background-type":"","background-media":"","overlay-type":"","overlay-color":"","overlay-opacity":"","overlay-gradient":""},"tablet":{"background-color":"var(--ast-global-color-4)","background-image":"","background-repeat":"repeat","background-position":"center center","background-size":"auto","background-attachment":"scroll","background-type":"","background-media":"","overlay-type":"","overlay-color":"","overlay-opacity":"","overlay-gradient":""},"mobile":{"background-color":"var(--ast-global-color-4)","background-image":"","background-repeat":"repeat","background-position":"center center","background-size":"auto","background-attachment":"scroll","background-type":"","background-media":"","overlay-type":"","overlay-color":"","overlay-opacity":"","overlay-gradient":""}},"footnotes":""},"categories":[1],"tags":[],"class_list":["post-95466","post","type-post","status-publish","format-standard","hentry","category-sem-categoria"],"yoast_head":"<!-- This site is optimized with the Yoast SEO plugin v26.6 - https:\/\/yoast.com\/wordpress\/plugins\/seo\/ -->\n<title>&quot;Vai dar trabalho, mas vamos arrumar esse time&quot;, diz presidente do Sampaio ap\u00f3s empate decepcionante com o Cordino - Daniel Matos<\/title>\n<meta name=\"robots\" content=\"index, follow, max-snippet:-1, max-image-preview:large, max-video-preview:-1\" \/>\n<link rel=\"canonical\" href=\"https:\/\/www.blogsoestado.com\/danielmatos\/vai-dar-trabalho-mas-vamos-arrumar-esse-time-diz-presidente-do-sampaio-apos-empate-decepcionante-com-o-cordino\/\" \/>\n<meta property=\"og:locale\" content=\"pt_BR\" \/>\n<meta property=\"og:type\" content=\"article\" \/>\n<meta property=\"og:title\" content=\"&quot;Vai dar trabalho, mas vamos arrumar esse time&quot;, diz presidente do Sampaio ap\u00f3s empate decepcionante com o Cordino - Daniel Matos\" \/>\n<meta property=\"og:description\" content=\"O presidente do Sampaio Corr\u00eaa, S\u00e9rgio Frota, voltou a criticar duramente o time ap\u00f3s o empate em 2 a 2 [&hellip;]\" \/>\n<meta property=\"og:url\" content=\"https:\/\/www.blogsoestado.com\/danielmatos\/vai-dar-trabalho-mas-vamos-arrumar-esse-time-diz-presidente-do-sampaio-apos-empate-decepcionante-com-o-cordino\/\" \/>\n<meta property=\"og:site_name\" content=\"Daniel Matos\" \/>\n<meta property=\"article:published_time\" content=\"2022-03-25T20:21:29+00:00\" \/>\n<meta property=\"og:image\" content=\"https:\/\/www.blogsoestado.com\/danielmatos\/files\/2022\/03\/Screenshot_20220325-1717332.png\" \/>\n<meta name=\"twitter:card\" content=\"summary_large_image\" \/>\n<meta name=\"twitter:label1\" content=\"Est. tempo de leitura\" \/>\n\t<meta name=\"twitter:data1\" content=\"2 minutos\" \/>\n<script type=\"application\/ld+json\" class=\"yoast-schema-graph\">{\"@context\":\"https:\/\/schema.org\",\"@graph\":[{\"@type\":\"WebPage\",\"@id\":\"https:\/\/www.blogsoestado.com\/danielmatos\/vai-dar-trabalho-mas-vamos-arrumar-esse-time-diz-presidente-do-sampaio-apos-empate-decepcionante-com-o-cordino\/\",\"url\":\"https:\/\/www.blogsoestado.com\/danielmatos\/vai-dar-trabalho-mas-vamos-arrumar-esse-time-diz-presidente-do-sampaio-apos-empate-decepcionante-com-o-cordino\/\",\"name\":\"\\\"Vai dar trabalho, mas vamos arrumar esse time\\\", diz presidente do Sampaio ap\u00f3s empate decepcionante com o Cordino - Daniel Matos\",\"isPartOf\":{\"@id\":\"https:\/\/www.blogsoestado.com\/danielmatos\/#website\"},\"primaryImageOfPage\":{\"@id\":\"https:\/\/www.blogsoestado.com\/danielmatos\/vai-dar-trabalho-mas-vamos-arrumar-esse-time-diz-presidente-do-sampaio-apos-empate-decepcionante-com-o-cordino\/#primaryimage\"},\"image\":{\"@id\":\"https:\/\/www.blogsoestado.com\/danielmatos\/vai-dar-trabalho-mas-vamos-arrumar-esse-time-diz-presidente-do-sampaio-apos-empate-decepcionante-com-o-cordino\/#primaryimage\"},\"thumbnailUrl\":\"https:\/\/www.blogsoestado.com\/danielmatos\/files\/2022\/03\/Screenshot_20220325-1717332.png\",\"datePublished\":\"2022-03-25T20:21:29+00:00\",\"author\":{\"@id\":\"\"},\"breadcrumb\":{\"@id\":\"https:\/\/www.blogsoestado.com\/danielmatos\/vai-dar-trabalho-mas-vamos-arrumar-esse-time-diz-presidente-do-sampaio-apos-empate-decepcionante-com-o-cordino\/#breadcrumb\"},\"inLanguage\":\"pt-BR\",\"potentialAction\":[{\"@type\":\"ReadAction\",\"target\":[\"https:\/\/www.blogsoestado.com\/danielmatos\/vai-dar-trabalho-mas-vamos-arrumar-esse-time-diz-presidente-do-sampaio-apos-empate-decepcionante-com-o-cordino\/\"]}]},{\"@type\":\"ImageObject\",\"inLanguage\":\"pt-BR\",\"@id\":\"https:\/\/www.blogsoestado.com\/danielmatos\/vai-dar-trabalho-mas-vamos-arrumar-esse-time-diz-presidente-do-sampaio-apos-empate-decepcionante-com-o-cordino\/#primaryimage\",\"url\":\"https:\/\/www.blogsoestado.com\/danielmatos\/files\/2022\/03\/Screenshot_20220325-1717332.png\",\"contentUrl\":\"https:\/\/www.blogsoestado.com\/danielmatos\/files\/2022\/03\/Screenshot_20220325-1717332.png\"},{\"@type\":\"BreadcrumbList\",\"@id\":\"https:\/\/www.blogsoestado.com\/danielmatos\/vai-dar-trabalho-mas-vamos-arrumar-esse-time-diz-presidente-do-sampaio-apos-empate-decepcionante-com-o-cordino\/#breadcrumb\",\"itemListElement\":[{\"@type\":\"ListItem\",\"position\":1,\"name\":\"In\u00edcio\",\"item\":\"https:\/\/www.blogsoestado.com\/danielmatos\/\"},{\"@type\":\"ListItem\",\"position\":2,\"name\":\"&#8220;Vai dar trabalho, mas vamos arrumar esse time&#8221;, diz presidente do Sampaio ap\u00f3s empate decepcionante com o Cordino\"}]},{\"@type\":\"WebSite\",\"@id\":\"https:\/\/www.blogsoestado.com\/danielmatos\/#website\",\"url\":\"https:\/\/www.blogsoestado.com\/danielmatos\/\",\"name\":\"Daniel Matos\",\"description\":\"\",\"potentialAction\":[{\"@type\":\"SearchAction\",\"target\":{\"@type\":\"EntryPoint\",\"urlTemplate\":\"https:\/\/www.blogsoestado.com\/danielmatos\/?s={search_term_string}\"},\"query-input\":{\"@type\":\"PropertyValueSpecification\",\"valueRequired\":true,\"valueName\":\"search_term_string\"}}],\"inLanguage\":\"pt-BR\"}]}<\/script>\n<!-- \/ Yoast SEO plugin. -->","yoast_head_json":{"title":"\"Vai dar trabalho, mas vamos arrumar esse time\", diz presidente do Sampaio ap\u00f3s empate decepcionante com o Cordino - Daniel Matos","robots":{"index":"index","follow":"follow","max-snippet":"max-snippet:-1","max-image-preview":"max-image-preview:large","max-video-preview":"max-video-preview:-1"},"canonical":"https:\/\/www.blogsoestado.com\/danielmatos\/vai-dar-trabalho-mas-vamos-arrumar-esse-time-diz-presidente-do-sampaio-apos-empate-decepcionante-com-o-cordino\/","og_locale":"pt_BR","og_type":"article","og_title":"\"Vai dar trabalho, mas vamos arrumar esse time\", diz presidente do Sampaio ap\u00f3s empate decepcionante com o Cordino - Daniel Matos","og_description":"O presidente do Sampaio Corr\u00eaa, S\u00e9rgio Frota, voltou a criticar duramente o time ap\u00f3s o empate em 2 a 2 [&hellip;]","og_url":"https:\/\/www.blogsoestado.com\/danielmatos\/vai-dar-trabalho-mas-vamos-arrumar-esse-time-diz-presidente-do-sampaio-apos-empate-decepcionante-com-o-cordino\/","og_site_name":"Daniel Matos","article_published_time":"2022-03-25T20:21:29+00:00","og_image":[{"url":"https:\/\/www.blogsoestado.com\/danielmatos\/files\/2022\/03\/Screenshot_20220325-1717332.png","type":"","width":"","height":""}],"twitter_card":"summary_large_image","twitter_misc":{"Est. tempo de leitura":"2 minutos"},"schema":{"@context":"https:\/\/schema.org","@graph":[{"@type":"WebPage","@id":"https:\/\/www.blogsoestado.com\/danielmatos\/vai-dar-trabalho-mas-vamos-arrumar-esse-time-diz-presidente-do-sampaio-apos-empate-decepcionante-com-o-cordino\/","url":"https:\/\/www.blogsoestado.com\/danielmatos\/vai-dar-trabalho-mas-vamos-arrumar-esse-time-diz-presidente-do-sampaio-apos-empate-decepcionante-com-o-cordino\/","name":"\"Vai dar trabalho, mas vamos arrumar esse time\", diz presidente do Sampaio ap\u00f3s empate decepcionante com o Cordino - Daniel Matos","isPartOf":{"@id":"https:\/\/www.blogsoestado.com\/danielmatos\/#website"},"primaryImageOfPage":{"@id":"https:\/\/www.blogsoestado.com\/danielmatos\/vai-dar-trabalho-mas-vamos-arrumar-esse-time-diz-presidente-do-sampaio-apos-empate-decepcionante-com-o-cordino\/#primaryimage"},"image":{"@id":"https:\/\/www.blogsoestado.com\/danielmatos\/vai-dar-trabalho-mas-vamos-arrumar-esse-time-diz-presidente-do-sampaio-apos-empate-decepcionante-com-o-cordino\/#primaryimage"},"thumbnailUrl":"https:\/\/www.blogsoestado.com\/danielmatos\/files\/2022\/03\/Screenshot_20220325-1717332.png","datePublished":"2022-03-25T20:21:29+00:00","author":{"@id":""},"breadcrumb":{"@id":"https:\/\/www.blogsoestado.com\/danielmatos\/vai-dar-trabalho-mas-vamos-arrumar-esse-time-diz-presidente-do-sampaio-apos-empate-decepcionante-com-o-cordino\/#breadcrumb"},"inLanguage":"pt-BR","potentialAction":[{"@type":"ReadAction","target":["https:\/\/www.blogsoestado.com\/danielmatos\/vai-dar-trabalho-mas-vamos-arrumar-esse-time-diz-presidente-do-sampaio-apos-empate-decepcionante-com-o-cordino\/"]}]},{"@type":"ImageObject","inLanguage":"pt-BR","@id":"https:\/\/www.blogsoestado.com\/danielmatos\/vai-dar-trabalho-mas-vamos-arrumar-esse-time-diz-presidente-do-sampaio-apos-empate-decepcionante-com-o-cordino\/#primaryimage","url":"https:\/\/www.blogsoestado.com\/danielmatos\/files\/2022\/03\/Screenshot_20220325-1717332.png","contentUrl":"https:\/\/www.blogsoestado.com\/danielmatos\/files\/2022\/03\/Screenshot_20220325-1717332.png"},{"@type":"BreadcrumbList","@id":"https:\/\/www.blogsoestado.com\/danielmatos\/vai-dar-trabalho-mas-vamos-arrumar-esse-time-diz-presidente-do-sampaio-apos-empate-decepcionante-com-o-cordino\/#breadcrumb","itemListElement":[{"@type":"ListItem","position":1,"name":"In\u00edcio","item":"https:\/\/www.blogsoestado.com\/danielmatos\/"},{"@type":"ListItem","position":2,"name":"&#8220;Vai dar trabalho, mas vamos arrumar esse time&#8221;, diz presidente do Sampaio ap\u00f3s empate decepcionante com o Cordino"}]},{"@type":"WebSite","@id":"https:\/\/www.blogsoestado.com\/danielmatos\/#website","url":"https:\/\/www.blogsoestado.com\/danielmatos\/","name":"Daniel Matos","description":"","potentialAction":[{"@type":"SearchAction","target":{"@type":"EntryPoint","urlTemplate":"https:\/\/www.blogsoestado.com\/danielmatos\/?s={search_term_string}"},"query-input":{"@type":"PropertyValueSpecification","valueRequired":true,"valueName":"search_term_string"}}],"inLanguage":"pt-BR"}]}},"jetpack_featured_media_url":"","_links":{"self":[{"href":"https:\/\/www.blogsoestado.com\/danielmatos\/wp-json\/wp\/v2\/posts\/95466","targetHints":{"allow":["GET"]}}],"collection":[{"href":"https:\/\/www.blogsoestado.com\/danielmatos\/wp-json\/wp\/v2\/posts"}],"about":[{"href":"https:\/\/www.blogsoestado.com\/danielmatos\/wp-json\/wp\/v2\/types\/post"}],"replies":[{"embeddable":true,"href":"https:\/\/www.blogsoestado.com\/danielmatos\/wp-json\/wp\/v2\/comments?post=95466"}],"version-history":[{"count":0,"href":"https:\/\/www.blogsoestado.com\/danielmatos\/wp-json\/wp\/v2\/posts\/95466\/revisions"}],"wp:attachment":[{"href":"https:\/\/www.blogsoestado.com\/danielmatos\/wp-json\/wp\/v2\/media?parent=95466"}],"wp:term":[{"taxonomy":"category","embeddable":true,"href":"https:\/\/www.blogsoestado.com\/danielmatos\/wp-json\/wp\/v2\/categories?post=95466"},{"taxonomy":"post_tag","embeddable":true,"href":"https:\/\/www.blogsoestado.com\/danielmatos\/wp-json\/wp\/v2\/tags?post=95466"}],"curies":[{"name":"wp","href":"https:\/\/api.w.org\/{rel}","templated":true}]}}