{"id":95476,"date":"2022-03-25T20:49:16","date_gmt":"2022-03-25T23:49:16","guid":{"rendered":"https:\/\/www.blogsoestado.com\/danielmatos\/?p=95476"},"modified":"2022-03-25T20:49:16","modified_gmt":"2022-03-25T23:49:16","slug":"prefeito-fabio-gentil-sextou-com-agenda-movimentada-e-uma-serie-de-benfeitorias-para-caxias","status":"publish","type":"post","link":"https:\/\/www.blogsoestado.com\/danielmatos\/prefeito-fabio-gentil-sextou-com-agenda-movimentada-e-uma-serie-de-benfeitorias-para-caxias\/","title":{"rendered":"Prefeito F\u00e1bio Gentil &#8220;sextou&#8221; com agenda movimentada e uma s\u00e9rie de benfeitorias para Caxias"},"content":{"rendered":"\n<div class=\"wp-block-image\"><figure class=\"aligncenter size-large\"><a href=\"https:\/\/www.blogsoestado.com\/danielmatos\/files\/2022\/03\/Screenshot_20220325-2033152.png\"><img decoding=\"async\" src=\"https:\/\/www.blogsoestado.com\/danielmatos\/files\/2022\/03\/Screenshot_20220325-2033152.png\" alt=\"\" class=\"wp-image-95477\"\/><\/a><figcaption>O prefeito F\u00e1bio Gentil comemora os artistas o in\u00edcio do repasse do aux\u00edlio financeiro, pago com recursos pr\u00f3prios do Munic\u00edpio<\/figcaption><\/figure><\/div>\n\n\n\n<p>O prefeito F\u00e1bio Gentil cumpriu agenda movimentada nesta sexta-feira (25). Mantendo o ritmo intenso de trabalho que marca a sua administra\u00e7\u00e3o, o gestor promoveu uma s\u00e9rie de benfeitorias para o povo de Caxias, com longo alcance social. As a\u00e7\u00f5es tamb\u00e9m beneficiaram as \u00e1reas de seguran\u00e7a p\u00fablica e sa\u00fade, com \u00eanfase para a sa\u00fade das mulheres no m\u00eas dedicado a elas.<\/p>\n\n\n\n<div class=\"wp-block-image\"><figure class=\"aligncenter size-large\"><a href=\"https:\/\/www.blogsoestado.com\/danielmatos\/files\/2022\/03\/Screenshot_20220325-2030312.png\"><img decoding=\"async\" src=\"https:\/\/www.blogsoestado.com\/danielmatos\/files\/2022\/03\/Screenshot_20220325-2030312.png\" alt=\"\" class=\"wp-image-95478\"\/><\/a><figcaption>F\u00e1bio Gentil reafirmou aos artistas contemplados com o aux\u00edlio emergencial a sua disposi\u00e7\u00e3o de ajud\u00e1-los a superar as dificuldades decorrentes da pandemia<\/figcaption><\/figure><\/div>\n\n\n\n<p>Uma das a\u00e7\u00f5es foi o pagamento do aux\u00edlio emergencial aos m\u00fasicos caxienses que for impedidos de se apresentar por causa das restri\u00e7\u00f5es impostas pela pandemia do novo coronav\u00edrus. Os artistas foram contemplados com recursos financeiros oriundos dos pr\u00f3prios cofres do Munic\u00edpio para ajudar no sustento de suas fam\u00edlias enquanto as atividades culturais permanecerem suspensas, medida adotada pelo poder p\u00fablico para evitar aglomera\u00e7\u00f5es. O repasse ocorrer\u00e1 em tr\u00eas parcelas mensais.<\/p>\n\n\n\n<p><strong>Viatura<\/strong><\/p>\n\n\n\n<div class=\"wp-block-image\"><figure class=\"aligncenter size-large\"><a href=\"https:\/\/www.blogsoestado.com\/danielmatos\/files\/2022\/03\/Screenshot_20220325-2033372.png\"><img decoding=\"async\" src=\"https:\/\/www.blogsoestado.com\/danielmatos\/files\/2022\/03\/Screenshot_20220325-2033372.png\" alt=\"\" class=\"wp-image-95481\"\/><\/a><figcaption>O prefeito de Caxias com representantes da Pol\u00edcia Militar e lideran\u00e7as comunit\u00e1rias no ato de entrega da viatura<\/figcaption><\/figure><\/div>\n\n\n\n<p>Outra benfeitoria de extrema relev\u00e2ncia dou a entrega de uma viatura policial para apoiar o patrulhamento no povoado Brejinho. A inten\u00e7\u00e3o \u00e9 prevenir e combater a criminalidade e aumentar a sensa\u00e7\u00e3o de seguran\u00e7a da popula\u00e7\u00e3o.<\/p>\n\n\n\n<div class=\"wp-block-image\"><figure class=\"aligncenter size-large\"><a href=\"https:\/\/www.blogsoestado.com\/danielmatos\/files\/2022\/03\/Screenshot_20220325-2035062.png\"><img decoding=\"async\" src=\"https:\/\/www.blogsoestado.com\/danielmatos\/files\/2022\/03\/Screenshot_20220325-2035062.png\" alt=\"\" class=\"wp-image-95480\"\/><\/a><figcaption>F\u00e1bio Gentil constatou o bom andamento da programa\u00e7\u00e3o do &#8220;Mar\u00e7o Mulher&#8221;,.parabenizou a equipe respons\u00e1vel pelos atendimentos e dialogou e foi alvo de agradecimento das caxienses beneficiadas<\/figcaption><\/figure><\/div>\n\n\n\n<p>F\u00e1bio Gentil participou, ainda, das a\u00e7\u00f5es do &#8220;Mar\u00e7o Mulher&#8221; no povoado Barro Vermelho. Na programa\u00e7\u00e3o, foram ministradas palestras, oferecidos atendimentos na \u00e1rea de sa\u00fade, acesso acesso a servi\u00e7os do Centro de Refer\u00eancia e Atendimento \u00e0 Mulher (CRAM), embelezamento, aulas de dan\u00e7a e orienta\u00e7\u00e3o nutricional.<\/p>\n\n\n\n<p>Assista:<\/p>\n\n\n\n<figure class=\"wp-block-embed is-type-video is-provider-youtube wp-block-embed-youtube wp-embed-aspect-16-9 wp-has-aspect-ratio\"><div class=\"wp-block-embed__wrapper\">\n<iframe title=\"Prefeito F\u00e1bio Gentil tem agenda movimentada na sexta-feira, 25 de mar\u00e7o\" width=\"500\" height=\"281\" src=\"https:\/\/www.youtube.com\/embed\/WLKrvKp4QQM?feature=oembed\" frameborder=\"0\" allow=\"accelerometer; autoplay; clipboard-write; encrypted-media; gyroscope; picture-in-picture; web-share\" referrerpolicy=\"strict-origin-when-cross-origin\" allowfullscreen><\/iframe>\n<\/div><\/figure>\n","protected":false},"excerpt":{"rendered":"<p>O prefeito F\u00e1bio Gentil cumpriu agenda movimentada nesta sexta-feira (25). Mantendo o ritmo intenso de trabalho que marca a sua [&hellip;]<\/p>\n","protected":false},"author":0,"featured_media":0,"comment_status":"open","ping_status":"open","sticky":false,"template":"","format":"standard","meta":{"site-sidebar-layout":"default","site-content-layout":"","ast-site-content-layout":"default","site-content-style":"default","site-sidebar-style":"default","ast-global-header-display":"","ast-banner-title-visibility":"","ast-main-header-display":"","ast-hfb-above-header-display":"","ast-hfb-below-header-display":"","ast-hfb-mobile-header-display":"","site-post-title":"","ast-breadcrumbs-content":"","ast-featured-img":"","footer-sml-layout":"","ast-disable-related-posts":"","theme-transparent-header-meta":"","adv-header-id-meta":"","stick-header-meta":"","header-above-stick-meta":"","header-main-stick-meta":"","header-below-stick-meta":"","astra-migrate-meta-layouts":"default","ast-page-background-enabled":"default","ast-page-background-meta":{"desktop":{"background-color":"var(--ast-global-color-5)","background-image":"","background-repeat":"repeat","background-position":"center center","background-size":"auto","background-attachment":"scroll","background-type":"","background-media":"","overlay-type":"","overlay-color":"","overlay-opacity":"","overlay-gradient":""},"tablet":{"background-color":"","background-image":"","background-repeat":"repeat","background-position":"center center","background-size":"auto","background-attachment":"scroll","background-type":"","background-media":"","overlay-type":"","overlay-color":"","overlay-opacity":"","overlay-gradient":""},"mobile":{"background-color":"","background-image":"","background-repeat":"repeat","background-position":"center center","background-size":"auto","background-attachment":"scroll","background-type":"","background-media":"","overlay-type":"","overlay-color":"","overlay-opacity":"","overlay-gradient":""}},"ast-content-background-meta":{"desktop":{"background-color":"var(--ast-global-color-4)","background-image":"","background-repeat":"repeat","background-position":"center center","background-size":"auto","background-attachment":"scroll","background-type":"","background-media":"","overlay-type":"","overlay-color":"","overlay-opacity":"","overlay-gradient":""},"tablet":{"background-color":"var(--ast-global-color-4)","background-image":"","background-repeat":"repeat","background-position":"center center","background-size":"auto","background-attachment":"scroll","background-type":"","background-media":"","overlay-type":"","overlay-color":"","overlay-opacity":"","overlay-gradient":""},"mobile":{"background-color":"var(--ast-global-color-4)","background-image":"","background-repeat":"repeat","background-position":"center center","background-size":"auto","background-attachment":"scroll","background-type":"","background-media":"","overlay-type":"","overlay-color":"","overlay-opacity":"","overlay-gradient":""}},"footnotes":""},"categories":[1],"tags":[],"class_list":["post-95476","post","type-post","status-publish","format-standard","hentry","category-sem-categoria"],"yoast_head":"<!-- This site is optimized with the Yoast SEO plugin v26.6 - https:\/\/yoast.com\/wordpress\/plugins\/seo\/ -->\n<title>Prefeito F\u00e1bio Gentil &quot;sextou&quot; com agenda movimentada e uma s\u00e9rie de benfeitorias para Caxias - Daniel Matos<\/title>\n<meta name=\"robots\" content=\"index, follow, max-snippet:-1, max-image-preview:large, max-video-preview:-1\" \/>\n<link rel=\"canonical\" href=\"https:\/\/www.blogsoestado.com\/danielmatos\/prefeito-fabio-gentil-sextou-com-agenda-movimentada-e-uma-serie-de-benfeitorias-para-caxias\/\" \/>\n<meta property=\"og:locale\" content=\"pt_BR\" \/>\n<meta property=\"og:type\" content=\"article\" \/>\n<meta property=\"og:title\" content=\"Prefeito F\u00e1bio Gentil &quot;sextou&quot; com agenda movimentada e uma s\u00e9rie de benfeitorias para Caxias - Daniel Matos\" \/>\n<meta property=\"og:description\" content=\"O prefeito F\u00e1bio Gentil cumpriu agenda movimentada nesta sexta-feira (25). Mantendo o ritmo intenso de trabalho que marca a sua [&hellip;]\" \/>\n<meta property=\"og:url\" content=\"https:\/\/www.blogsoestado.com\/danielmatos\/prefeito-fabio-gentil-sextou-com-agenda-movimentada-e-uma-serie-de-benfeitorias-para-caxias\/\" \/>\n<meta property=\"og:site_name\" content=\"Daniel Matos\" \/>\n<meta property=\"article:published_time\" content=\"2022-03-25T23:49:16+00:00\" \/>\n<meta property=\"og:image\" content=\"https:\/\/www.blogsoestado.com\/danielmatos\/files\/2022\/03\/Screenshot_20220325-2033152.png\" \/>\n<meta name=\"twitter:card\" content=\"summary_large_image\" \/>\n<meta name=\"twitter:label1\" content=\"Est. tempo de leitura\" \/>\n\t<meta name=\"twitter:data1\" content=\"3 minutos\" \/>\n<script type=\"application\/ld+json\" class=\"yoast-schema-graph\">{\"@context\":\"https:\/\/schema.org\",\"@graph\":[{\"@type\":\"WebPage\",\"@id\":\"https:\/\/www.blogsoestado.com\/danielmatos\/prefeito-fabio-gentil-sextou-com-agenda-movimentada-e-uma-serie-de-benfeitorias-para-caxias\/\",\"url\":\"https:\/\/www.blogsoestado.com\/danielmatos\/prefeito-fabio-gentil-sextou-com-agenda-movimentada-e-uma-serie-de-benfeitorias-para-caxias\/\",\"name\":\"Prefeito F\u00e1bio Gentil \\\"sextou\\\" com agenda movimentada e uma s\u00e9rie de benfeitorias para Caxias - Daniel Matos\",\"isPartOf\":{\"@id\":\"https:\/\/www.blogsoestado.com\/danielmatos\/#website\"},\"primaryImageOfPage\":{\"@id\":\"https:\/\/www.blogsoestado.com\/danielmatos\/prefeito-fabio-gentil-sextou-com-agenda-movimentada-e-uma-serie-de-benfeitorias-para-caxias\/#primaryimage\"},\"image\":{\"@id\":\"https:\/\/www.blogsoestado.com\/danielmatos\/prefeito-fabio-gentil-sextou-com-agenda-movimentada-e-uma-serie-de-benfeitorias-para-caxias\/#primaryimage\"},\"thumbnailUrl\":\"https:\/\/www.blogsoestado.com\/danielmatos\/files\/2022\/03\/Screenshot_20220325-2033152.png\",\"datePublished\":\"2022-03-25T23:49:16+00:00\",\"author\":{\"@id\":\"\"},\"breadcrumb\":{\"@id\":\"https:\/\/www.blogsoestado.com\/danielmatos\/prefeito-fabio-gentil-sextou-com-agenda-movimentada-e-uma-serie-de-benfeitorias-para-caxias\/#breadcrumb\"},\"inLanguage\":\"pt-BR\",\"potentialAction\":[{\"@type\":\"ReadAction\",\"target\":[\"https:\/\/www.blogsoestado.com\/danielmatos\/prefeito-fabio-gentil-sextou-com-agenda-movimentada-e-uma-serie-de-benfeitorias-para-caxias\/\"]}]},{\"@type\":\"ImageObject\",\"inLanguage\":\"pt-BR\",\"@id\":\"https:\/\/www.blogsoestado.com\/danielmatos\/prefeito-fabio-gentil-sextou-com-agenda-movimentada-e-uma-serie-de-benfeitorias-para-caxias\/#primaryimage\",\"url\":\"https:\/\/www.blogsoestado.com\/danielmatos\/files\/2022\/03\/Screenshot_20220325-2033152.png\",\"contentUrl\":\"https:\/\/www.blogsoestado.com\/danielmatos\/files\/2022\/03\/Screenshot_20220325-2033152.png\"},{\"@type\":\"BreadcrumbList\",\"@id\":\"https:\/\/www.blogsoestado.com\/danielmatos\/prefeito-fabio-gentil-sextou-com-agenda-movimentada-e-uma-serie-de-benfeitorias-para-caxias\/#breadcrumb\",\"itemListElement\":[{\"@type\":\"ListItem\",\"position\":1,\"name\":\"In\u00edcio\",\"item\":\"https:\/\/www.blogsoestado.com\/danielmatos\/\"},{\"@type\":\"ListItem\",\"position\":2,\"name\":\"Prefeito F\u00e1bio Gentil &#8220;sextou&#8221; com agenda movimentada e uma s\u00e9rie de benfeitorias para Caxias\"}]},{\"@type\":\"WebSite\",\"@id\":\"https:\/\/www.blogsoestado.com\/danielmatos\/#website\",\"url\":\"https:\/\/www.blogsoestado.com\/danielmatos\/\",\"name\":\"Daniel Matos\",\"description\":\"\",\"potentialAction\":[{\"@type\":\"SearchAction\",\"target\":{\"@type\":\"EntryPoint\",\"urlTemplate\":\"https:\/\/www.blogsoestado.com\/danielmatos\/?s={search_term_string}\"},\"query-input\":{\"@type\":\"PropertyValueSpecification\",\"valueRequired\":true,\"valueName\":\"search_term_string\"}}],\"inLanguage\":\"pt-BR\"}]}<\/script>\n<!-- \/ Yoast SEO plugin. -->","yoast_head_json":{"title":"Prefeito F\u00e1bio Gentil \"sextou\" com agenda movimentada e uma s\u00e9rie de benfeitorias para Caxias - Daniel Matos","robots":{"index":"index","follow":"follow","max-snippet":"max-snippet:-1","max-image-preview":"max-image-preview:large","max-video-preview":"max-video-preview:-1"},"canonical":"https:\/\/www.blogsoestado.com\/danielmatos\/prefeito-fabio-gentil-sextou-com-agenda-movimentada-e-uma-serie-de-benfeitorias-para-caxias\/","og_locale":"pt_BR","og_type":"article","og_title":"Prefeito F\u00e1bio Gentil \"sextou\" com agenda movimentada e uma s\u00e9rie de benfeitorias para Caxias - Daniel Matos","og_description":"O prefeito F\u00e1bio Gentil cumpriu agenda movimentada nesta sexta-feira (25). Mantendo o ritmo intenso de trabalho que marca a sua [&hellip;]","og_url":"https:\/\/www.blogsoestado.com\/danielmatos\/prefeito-fabio-gentil-sextou-com-agenda-movimentada-e-uma-serie-de-benfeitorias-para-caxias\/","og_site_name":"Daniel Matos","article_published_time":"2022-03-25T23:49:16+00:00","og_image":[{"url":"https:\/\/www.blogsoestado.com\/danielmatos\/files\/2022\/03\/Screenshot_20220325-2033152.png","type":"","width":"","height":""}],"twitter_card":"summary_large_image","twitter_misc":{"Est. tempo de leitura":"3 minutos"},"schema":{"@context":"https:\/\/schema.org","@graph":[{"@type":"WebPage","@id":"https:\/\/www.blogsoestado.com\/danielmatos\/prefeito-fabio-gentil-sextou-com-agenda-movimentada-e-uma-serie-de-benfeitorias-para-caxias\/","url":"https:\/\/www.blogsoestado.com\/danielmatos\/prefeito-fabio-gentil-sextou-com-agenda-movimentada-e-uma-serie-de-benfeitorias-para-caxias\/","name":"Prefeito F\u00e1bio Gentil \"sextou\" com agenda movimentada e uma s\u00e9rie de benfeitorias para Caxias - Daniel Matos","isPartOf":{"@id":"https:\/\/www.blogsoestado.com\/danielmatos\/#website"},"primaryImageOfPage":{"@id":"https:\/\/www.blogsoestado.com\/danielmatos\/prefeito-fabio-gentil-sextou-com-agenda-movimentada-e-uma-serie-de-benfeitorias-para-caxias\/#primaryimage"},"image":{"@id":"https:\/\/www.blogsoestado.com\/danielmatos\/prefeito-fabio-gentil-sextou-com-agenda-movimentada-e-uma-serie-de-benfeitorias-para-caxias\/#primaryimage"},"thumbnailUrl":"https:\/\/www.blogsoestado.com\/danielmatos\/files\/2022\/03\/Screenshot_20220325-2033152.png","datePublished":"2022-03-25T23:49:16+00:00","author":{"@id":""},"breadcrumb":{"@id":"https:\/\/www.blogsoestado.com\/danielmatos\/prefeito-fabio-gentil-sextou-com-agenda-movimentada-e-uma-serie-de-benfeitorias-para-caxias\/#breadcrumb"},"inLanguage":"pt-BR","potentialAction":[{"@type":"ReadAction","target":["https:\/\/www.blogsoestado.com\/danielmatos\/prefeito-fabio-gentil-sextou-com-agenda-movimentada-e-uma-serie-de-benfeitorias-para-caxias\/"]}]},{"@type":"ImageObject","inLanguage":"pt-BR","@id":"https:\/\/www.blogsoestado.com\/danielmatos\/prefeito-fabio-gentil-sextou-com-agenda-movimentada-e-uma-serie-de-benfeitorias-para-caxias\/#primaryimage","url":"https:\/\/www.blogsoestado.com\/danielmatos\/files\/2022\/03\/Screenshot_20220325-2033152.png","contentUrl":"https:\/\/www.blogsoestado.com\/danielmatos\/files\/2022\/03\/Screenshot_20220325-2033152.png"},{"@type":"BreadcrumbList","@id":"https:\/\/www.blogsoestado.com\/danielmatos\/prefeito-fabio-gentil-sextou-com-agenda-movimentada-e-uma-serie-de-benfeitorias-para-caxias\/#breadcrumb","itemListElement":[{"@type":"ListItem","position":1,"name":"In\u00edcio","item":"https:\/\/www.blogsoestado.com\/danielmatos\/"},{"@type":"ListItem","position":2,"name":"Prefeito F\u00e1bio Gentil &#8220;sextou&#8221; com agenda movimentada e uma s\u00e9rie de benfeitorias para Caxias"}]},{"@type":"WebSite","@id":"https:\/\/www.blogsoestado.com\/danielmatos\/#website","url":"https:\/\/www.blogsoestado.com\/danielmatos\/","name":"Daniel Matos","description":"","potentialAction":[{"@type":"SearchAction","target":{"@type":"EntryPoint","urlTemplate":"https:\/\/www.blogsoestado.com\/danielmatos\/?s={search_term_string}"},"query-input":{"@type":"PropertyValueSpecification","valueRequired":true,"valueName":"search_term_string"}}],"inLanguage":"pt-BR"}]}},"jetpack_featured_media_url":"","_links":{"self":[{"href":"https:\/\/www.blogsoestado.com\/danielmatos\/wp-json\/wp\/v2\/posts\/95476","targetHints":{"allow":["GET"]}}],"collection":[{"href":"https:\/\/www.blogsoestado.com\/danielmatos\/wp-json\/wp\/v2\/posts"}],"about":[{"href":"https:\/\/www.blogsoestado.com\/danielmatos\/wp-json\/wp\/v2\/types\/post"}],"replies":[{"embeddable":true,"href":"https:\/\/www.blogsoestado.com\/danielmatos\/wp-json\/wp\/v2\/comments?post=95476"}],"version-history":[{"count":0,"href":"https:\/\/www.blogsoestado.com\/danielmatos\/wp-json\/wp\/v2\/posts\/95476\/revisions"}],"wp:attachment":[{"href":"https:\/\/www.blogsoestado.com\/danielmatos\/wp-json\/wp\/v2\/media?parent=95476"}],"wp:term":[{"taxonomy":"category","embeddable":true,"href":"https:\/\/www.blogsoestado.com\/danielmatos\/wp-json\/wp\/v2\/categories?post=95476"},{"taxonomy":"post_tag","embeddable":true,"href":"https:\/\/www.blogsoestado.com\/danielmatos\/wp-json\/wp\/v2\/tags?post=95476"}],"curies":[{"name":"wp","href":"https:\/\/api.w.org\/{rel}","templated":true}]}}