{"id":95483,"date":"2022-03-25T23:50:28","date_gmt":"2022-03-26T02:50:28","guid":{"rendered":"https:\/\/www.blogsoestado.com\/danielmatos\/?p=95483"},"modified":"2022-03-25T23:50:28","modified_gmt":"2022-03-26T02:50:28","slug":"em-tuntum-othelino-reforca-compromisso-com-o-municipio-durante-entrega-de-obras","status":"publish","type":"post","link":"https:\/\/www.blogsoestado.com\/danielmatos\/em-tuntum-othelino-reforca-compromisso-com-o-municipio-durante-entrega-de-obras\/","title":{"rendered":"Em Tuntum, Othelino refor\u00e7a compromisso com o munic\u00edpio durante entrega de obras"},"content":{"rendered":"\n<div class=\"wp-block-image\"><figure class=\"aligncenter size-large\"><a href=\"https:\/\/www.blogsoestado.com\/danielmatos\/files\/2022\/03\/Screenshot_20220325-2344312.png\"><img decoding=\"async\" src=\"https:\/\/www.blogsoestado.com\/danielmatos\/files\/2022\/03\/Screenshot_20220325-2344312.png\" alt=\"\" class=\"wp-image-95484\"\/><\/a><figcaption>Othelino Neto acompanhou a comitiva do governo estadual na entrega da reforma e amplia\u00e7\u00e3o do Centro Educa Mais<\/figcaption><\/figure><\/div>\n\n\n\n<p>O presidente da Assembleia Legislativa do Maranh\u00e3o, deputado Othelino Neto (PCdoB), participou, nesta sexta-feira (25), de uma s\u00e9rie de inaugura\u00e7\u00f5es em Tuntum, ao lado do governador Fl\u00e1vio Dino (PSB) e do prefeito Fernando Pessoa. Entre as obras entregues no munic\u00edpio est\u00e3o a reforma e amplia\u00e7\u00e3o do Centro Educa Mais e uma nova unidade do Restaurante Popular.<\/p>\n\n\n\n<div class=\"wp-block-image\"><figure class=\"aligncenter size-large\"><a href=\"https:\/\/www.blogsoestado.com\/danielmatos\/files\/2022\/03\/Screenshot_20220325-2344522.png\"><img decoding=\"async\" src=\"https:\/\/www.blogsoestado.com\/danielmatos\/files\/2022\/03\/Screenshot_20220325-2344522.png\" alt=\"\" class=\"wp-image-95485\"\/><\/a><figcaption>O presidente da Assembleia Legislativa \u00e9 aplaudido ao reafirmar seu compromisso com o munic\u00edpio de Tuntum<\/figcaption><\/figure><\/div>\n\n\n\n<p>Na ocasi\u00e3o, Othelino destacou a import\u00e2ncia das obras para os tuntuenses e se colocou \u00e0 disposi\u00e7\u00e3o da gest\u00e3o municipal para levar mais benef\u00edcios \u00e0 popula\u00e7\u00e3o. O parlamentar classificou a entrega da escola e do Restaurante Popular como um momento marcante para a cidade de Tuntum, fruto dessa parceria entre o Governo do Estado e a Prefeitura.<\/p>\n\n\n\n<div class=\"wp-block-image\"><figure class=\"aligncenter size-large\"><a href=\"https:\/\/www.blogsoestado.com\/danielmatos\/files\/2022\/03\/Screenshot_20220325-2345172.png\"><img decoding=\"async\" src=\"https:\/\/www.blogsoestado.com\/danielmatos\/files\/2022\/03\/Screenshot_20220325-2345172.png\" alt=\"\" class=\"wp-image-95486\"\/><\/a><figcaption>Agenda de Othelino Neto em Tuntum tamb\u00e9m incluiu participa\u00e7\u00e3o na inaugura\u00e7\u00e3o de uma unidade do Restaurante Popular no munic\u00edpio<\/figcaption><\/figure><\/div>\n\n\n\n<p>\u201cFico feliz em ver mais uma obra da educa\u00e7\u00e3o p\u00fablica sendo entregue. Observei a alegria dos alunos e professores, que fizeram uma bela homenagem em agradecimento ao governador Fl\u00e1vio Dino. Da mesma forma, o Restaurante Popular, a 92\u00ba unidade entregue, tem um valor social muito forte para os munic\u00edpios maranhenses, especialmente neste momento de aumento da infla\u00e7\u00e3o e do desemprego no Brasil\u201d, disse Othelino.<\/p>\n\n\n\n<p>Na oportunidade, o chefe do Legislativo Estadual tamb\u00e9m colocou o seu mandato \u00e0 disposi\u00e7\u00e3o do munic\u00edpio de Tuntum e reconheceu o trabalho quem vem sendo desempenhado pelo prefeito Fernando Pessoa em prol do desenvolvimento da cidade.<\/p>\n\n\n\n<div class=\"wp-block-image\"><figure class=\"aligncenter size-large\"><a href=\"https:\/\/www.blogsoestado.com\/danielmatos\/files\/2022\/03\/Screenshot_20220325-2345392.png\"><img decoding=\"async\" src=\"https:\/\/www.blogsoestado.com\/danielmatos\/files\/2022\/03\/Screenshot_20220325-2345392.png\" alt=\"\" class=\"wp-image-95487\"\/><\/a><figcaption>O presidente da Assembleia Legislativa defendeu o investimento na educa\u00e7\u00e3o feito pelo governo em Tuntum<\/figcaption><\/figure><\/div>\n\n\n\n<p>\u201cO prefeito Fernando pode sempre contar com o nosso apoio. Ele tem uma miss\u00e3o importante e est\u00e1 cuidando muito bem da cidade. Nosso mandato est\u00e1 \u00e0 disposi\u00e7\u00e3o para buscarmos mais benef\u00edcios aos tuntuenses\u201d, acrescentou.<\/p>\n","protected":false},"excerpt":{"rendered":"<p>O presidente da Assembleia Legislativa do Maranh\u00e3o, deputado Othelino Neto (PCdoB), participou, nesta sexta-feira (25), de uma s\u00e9rie de inaugura\u00e7\u00f5es [&hellip;]<\/p>\n","protected":false},"author":0,"featured_media":0,"comment_status":"open","ping_status":"open","sticky":false,"template":"","format":"standard","meta":{"site-sidebar-layout":"default","site-content-layout":"","ast-site-content-layout":"default","site-content-style":"default","site-sidebar-style":"default","ast-global-header-display":"","ast-banner-title-visibility":"","ast-main-header-display":"","ast-hfb-above-header-display":"","ast-hfb-below-header-display":"","ast-hfb-mobile-header-display":"","site-post-title":"","ast-breadcrumbs-content":"","ast-featured-img":"","footer-sml-layout":"","ast-disable-related-posts":"","theme-transparent-header-meta":"","adv-header-id-meta":"","stick-header-meta":"","header-above-stick-meta":"","header-main-stick-meta":"","header-below-stick-meta":"","astra-migrate-meta-layouts":"default","ast-page-background-enabled":"default","ast-page-background-meta":{"desktop":{"background-color":"var(--ast-global-color-5)","background-image":"","background-repeat":"repeat","background-position":"center center","background-size":"auto","background-attachment":"scroll","background-type":"","background-media":"","overlay-type":"","overlay-color":"","overlay-opacity":"","overlay-gradient":""},"tablet":{"background-color":"","background-image":"","background-repeat":"repeat","background-position":"center center","background-size":"auto","background-attachment":"scroll","background-type":"","background-media":"","overlay-type":"","overlay-color":"","overlay-opacity":"","overlay-gradient":""},"mobile":{"background-color":"","background-image":"","background-repeat":"repeat","background-position":"center center","background-size":"auto","background-attachment":"scroll","background-type":"","background-media":"","overlay-type":"","overlay-color":"","overlay-opacity":"","overlay-gradient":""}},"ast-content-background-meta":{"desktop":{"background-color":"var(--ast-global-color-4)","background-image":"","background-repeat":"repeat","background-position":"center center","background-size":"auto","background-attachment":"scroll","background-type":"","background-media":"","overlay-type":"","overlay-color":"","overlay-opacity":"","overlay-gradient":""},"tablet":{"background-color":"var(--ast-global-color-4)","background-image":"","background-repeat":"repeat","background-position":"center center","background-size":"auto","background-attachment":"scroll","background-type":"","background-media":"","overlay-type":"","overlay-color":"","overlay-opacity":"","overlay-gradient":""},"mobile":{"background-color":"var(--ast-global-color-4)","background-image":"","background-repeat":"repeat","background-position":"center center","background-size":"auto","background-attachment":"scroll","background-type":"","background-media":"","overlay-type":"","overlay-color":"","overlay-opacity":"","overlay-gradient":""}},"footnotes":""},"categories":[1],"tags":[],"class_list":["post-95483","post","type-post","status-publish","format-standard","hentry","category-sem-categoria"],"yoast_head":"<!-- This site is optimized with the Yoast SEO plugin v26.6 - https:\/\/yoast.com\/wordpress\/plugins\/seo\/ -->\n<title>Em Tuntum, Othelino refor\u00e7a compromisso com o munic\u00edpio durante entrega de obras - Daniel Matos<\/title>\n<meta name=\"robots\" content=\"index, follow, max-snippet:-1, max-image-preview:large, max-video-preview:-1\" \/>\n<link rel=\"canonical\" href=\"https:\/\/www.blogsoestado.com\/danielmatos\/em-tuntum-othelino-reforca-compromisso-com-o-municipio-durante-entrega-de-obras\/\" \/>\n<meta property=\"og:locale\" content=\"pt_BR\" \/>\n<meta property=\"og:type\" content=\"article\" \/>\n<meta property=\"og:title\" content=\"Em Tuntum, Othelino refor\u00e7a compromisso com o munic\u00edpio durante entrega de obras - Daniel Matos\" \/>\n<meta property=\"og:description\" content=\"O presidente da Assembleia Legislativa do Maranh\u00e3o, deputado Othelino Neto (PCdoB), participou, nesta sexta-feira (25), de uma s\u00e9rie de inaugura\u00e7\u00f5es [&hellip;]\" \/>\n<meta property=\"og:url\" content=\"https:\/\/www.blogsoestado.com\/danielmatos\/em-tuntum-othelino-reforca-compromisso-com-o-municipio-durante-entrega-de-obras\/\" \/>\n<meta property=\"og:site_name\" content=\"Daniel Matos\" \/>\n<meta property=\"article:published_time\" content=\"2022-03-26T02:50:28+00:00\" \/>\n<meta property=\"og:image\" content=\"https:\/\/www.blogsoestado.com\/danielmatos\/files\/2022\/03\/Screenshot_20220325-2344312.png\" \/>\n<meta name=\"twitter:card\" content=\"summary_large_image\" \/>\n<meta name=\"twitter:label1\" content=\"Est. tempo de leitura\" \/>\n\t<meta name=\"twitter:data1\" content=\"3 minutos\" \/>\n<script type=\"application\/ld+json\" class=\"yoast-schema-graph\">{\"@context\":\"https:\/\/schema.org\",\"@graph\":[{\"@type\":\"WebPage\",\"@id\":\"https:\/\/www.blogsoestado.com\/danielmatos\/em-tuntum-othelino-reforca-compromisso-com-o-municipio-durante-entrega-de-obras\/\",\"url\":\"https:\/\/www.blogsoestado.com\/danielmatos\/em-tuntum-othelino-reforca-compromisso-com-o-municipio-durante-entrega-de-obras\/\",\"name\":\"Em Tuntum, Othelino refor\u00e7a compromisso com o munic\u00edpio durante entrega de obras - Daniel Matos\",\"isPartOf\":{\"@id\":\"https:\/\/www.blogsoestado.com\/danielmatos\/#website\"},\"primaryImageOfPage\":{\"@id\":\"https:\/\/www.blogsoestado.com\/danielmatos\/em-tuntum-othelino-reforca-compromisso-com-o-municipio-durante-entrega-de-obras\/#primaryimage\"},\"image\":{\"@id\":\"https:\/\/www.blogsoestado.com\/danielmatos\/em-tuntum-othelino-reforca-compromisso-com-o-municipio-durante-entrega-de-obras\/#primaryimage\"},\"thumbnailUrl\":\"https:\/\/www.blogsoestado.com\/danielmatos\/files\/2022\/03\/Screenshot_20220325-2344312.png\",\"datePublished\":\"2022-03-26T02:50:28+00:00\",\"author\":{\"@id\":\"\"},\"breadcrumb\":{\"@id\":\"https:\/\/www.blogsoestado.com\/danielmatos\/em-tuntum-othelino-reforca-compromisso-com-o-municipio-durante-entrega-de-obras\/#breadcrumb\"},\"inLanguage\":\"pt-BR\",\"potentialAction\":[{\"@type\":\"ReadAction\",\"target\":[\"https:\/\/www.blogsoestado.com\/danielmatos\/em-tuntum-othelino-reforca-compromisso-com-o-municipio-durante-entrega-de-obras\/\"]}]},{\"@type\":\"ImageObject\",\"inLanguage\":\"pt-BR\",\"@id\":\"https:\/\/www.blogsoestado.com\/danielmatos\/em-tuntum-othelino-reforca-compromisso-com-o-municipio-durante-entrega-de-obras\/#primaryimage\",\"url\":\"https:\/\/www.blogsoestado.com\/danielmatos\/files\/2022\/03\/Screenshot_20220325-2344312.png\",\"contentUrl\":\"https:\/\/www.blogsoestado.com\/danielmatos\/files\/2022\/03\/Screenshot_20220325-2344312.png\"},{\"@type\":\"BreadcrumbList\",\"@id\":\"https:\/\/www.blogsoestado.com\/danielmatos\/em-tuntum-othelino-reforca-compromisso-com-o-municipio-durante-entrega-de-obras\/#breadcrumb\",\"itemListElement\":[{\"@type\":\"ListItem\",\"position\":1,\"name\":\"In\u00edcio\",\"item\":\"https:\/\/www.blogsoestado.com\/danielmatos\/\"},{\"@type\":\"ListItem\",\"position\":2,\"name\":\"Em Tuntum, Othelino refor\u00e7a compromisso com o munic\u00edpio durante entrega de obras\"}]},{\"@type\":\"WebSite\",\"@id\":\"https:\/\/www.blogsoestado.com\/danielmatos\/#website\",\"url\":\"https:\/\/www.blogsoestado.com\/danielmatos\/\",\"name\":\"Daniel Matos\",\"description\":\"\",\"potentialAction\":[{\"@type\":\"SearchAction\",\"target\":{\"@type\":\"EntryPoint\",\"urlTemplate\":\"https:\/\/www.blogsoestado.com\/danielmatos\/?s={search_term_string}\"},\"query-input\":{\"@type\":\"PropertyValueSpecification\",\"valueRequired\":true,\"valueName\":\"search_term_string\"}}],\"inLanguage\":\"pt-BR\"}]}<\/script>\n<!-- \/ Yoast SEO plugin. -->","yoast_head_json":{"title":"Em Tuntum, Othelino refor\u00e7a compromisso com o munic\u00edpio durante entrega de obras - Daniel Matos","robots":{"index":"index","follow":"follow","max-snippet":"max-snippet:-1","max-image-preview":"max-image-preview:large","max-video-preview":"max-video-preview:-1"},"canonical":"https:\/\/www.blogsoestado.com\/danielmatos\/em-tuntum-othelino-reforca-compromisso-com-o-municipio-durante-entrega-de-obras\/","og_locale":"pt_BR","og_type":"article","og_title":"Em Tuntum, Othelino refor\u00e7a compromisso com o munic\u00edpio durante entrega de obras - Daniel Matos","og_description":"O presidente da Assembleia Legislativa do Maranh\u00e3o, deputado Othelino Neto (PCdoB), participou, nesta sexta-feira (25), de uma s\u00e9rie de inaugura\u00e7\u00f5es [&hellip;]","og_url":"https:\/\/www.blogsoestado.com\/danielmatos\/em-tuntum-othelino-reforca-compromisso-com-o-municipio-durante-entrega-de-obras\/","og_site_name":"Daniel Matos","article_published_time":"2022-03-26T02:50:28+00:00","og_image":[{"url":"https:\/\/www.blogsoestado.com\/danielmatos\/files\/2022\/03\/Screenshot_20220325-2344312.png","type":"","width":"","height":""}],"twitter_card":"summary_large_image","twitter_misc":{"Est. tempo de leitura":"3 minutos"},"schema":{"@context":"https:\/\/schema.org","@graph":[{"@type":"WebPage","@id":"https:\/\/www.blogsoestado.com\/danielmatos\/em-tuntum-othelino-reforca-compromisso-com-o-municipio-durante-entrega-de-obras\/","url":"https:\/\/www.blogsoestado.com\/danielmatos\/em-tuntum-othelino-reforca-compromisso-com-o-municipio-durante-entrega-de-obras\/","name":"Em Tuntum, Othelino refor\u00e7a compromisso com o munic\u00edpio durante entrega de obras - Daniel Matos","isPartOf":{"@id":"https:\/\/www.blogsoestado.com\/danielmatos\/#website"},"primaryImageOfPage":{"@id":"https:\/\/www.blogsoestado.com\/danielmatos\/em-tuntum-othelino-reforca-compromisso-com-o-municipio-durante-entrega-de-obras\/#primaryimage"},"image":{"@id":"https:\/\/www.blogsoestado.com\/danielmatos\/em-tuntum-othelino-reforca-compromisso-com-o-municipio-durante-entrega-de-obras\/#primaryimage"},"thumbnailUrl":"https:\/\/www.blogsoestado.com\/danielmatos\/files\/2022\/03\/Screenshot_20220325-2344312.png","datePublished":"2022-03-26T02:50:28+00:00","author":{"@id":""},"breadcrumb":{"@id":"https:\/\/www.blogsoestado.com\/danielmatos\/em-tuntum-othelino-reforca-compromisso-com-o-municipio-durante-entrega-de-obras\/#breadcrumb"},"inLanguage":"pt-BR","potentialAction":[{"@type":"ReadAction","target":["https:\/\/www.blogsoestado.com\/danielmatos\/em-tuntum-othelino-reforca-compromisso-com-o-municipio-durante-entrega-de-obras\/"]}]},{"@type":"ImageObject","inLanguage":"pt-BR","@id":"https:\/\/www.blogsoestado.com\/danielmatos\/em-tuntum-othelino-reforca-compromisso-com-o-municipio-durante-entrega-de-obras\/#primaryimage","url":"https:\/\/www.blogsoestado.com\/danielmatos\/files\/2022\/03\/Screenshot_20220325-2344312.png","contentUrl":"https:\/\/www.blogsoestado.com\/danielmatos\/files\/2022\/03\/Screenshot_20220325-2344312.png"},{"@type":"BreadcrumbList","@id":"https:\/\/www.blogsoestado.com\/danielmatos\/em-tuntum-othelino-reforca-compromisso-com-o-municipio-durante-entrega-de-obras\/#breadcrumb","itemListElement":[{"@type":"ListItem","position":1,"name":"In\u00edcio","item":"https:\/\/www.blogsoestado.com\/danielmatos\/"},{"@type":"ListItem","position":2,"name":"Em Tuntum, Othelino refor\u00e7a compromisso com o munic\u00edpio durante entrega de obras"}]},{"@type":"WebSite","@id":"https:\/\/www.blogsoestado.com\/danielmatos\/#website","url":"https:\/\/www.blogsoestado.com\/danielmatos\/","name":"Daniel Matos","description":"","potentialAction":[{"@type":"SearchAction","target":{"@type":"EntryPoint","urlTemplate":"https:\/\/www.blogsoestado.com\/danielmatos\/?s={search_term_string}"},"query-input":{"@type":"PropertyValueSpecification","valueRequired":true,"valueName":"search_term_string"}}],"inLanguage":"pt-BR"}]}},"jetpack_featured_media_url":"","_links":{"self":[{"href":"https:\/\/www.blogsoestado.com\/danielmatos\/wp-json\/wp\/v2\/posts\/95483","targetHints":{"allow":["GET"]}}],"collection":[{"href":"https:\/\/www.blogsoestado.com\/danielmatos\/wp-json\/wp\/v2\/posts"}],"about":[{"href":"https:\/\/www.blogsoestado.com\/danielmatos\/wp-json\/wp\/v2\/types\/post"}],"replies":[{"embeddable":true,"href":"https:\/\/www.blogsoestado.com\/danielmatos\/wp-json\/wp\/v2\/comments?post=95483"}],"version-history":[{"count":0,"href":"https:\/\/www.blogsoestado.com\/danielmatos\/wp-json\/wp\/v2\/posts\/95483\/revisions"}],"wp:attachment":[{"href":"https:\/\/www.blogsoestado.com\/danielmatos\/wp-json\/wp\/v2\/media?parent=95483"}],"wp:term":[{"taxonomy":"category","embeddable":true,"href":"https:\/\/www.blogsoestado.com\/danielmatos\/wp-json\/wp\/v2\/categories?post=95483"},{"taxonomy":"post_tag","embeddable":true,"href":"https:\/\/www.blogsoestado.com\/danielmatos\/wp-json\/wp\/v2\/tags?post=95483"}],"curies":[{"name":"wp","href":"https:\/\/api.w.org\/{rel}","templated":true}]}}