{"id":95490,"date":"2022-03-26T07:00:00","date_gmt":"2022-03-26T10:00:00","guid":{"rendered":"https:\/\/www.blogsoestado.com\/danielmatos\/?p=95490"},"modified":"2022-03-26T07:00:00","modified_gmt":"2022-03-26T10:00:00","slug":"aurores-de-tentativa-de-feminicidio-e-de-feminicidio-sentam-no-banco-dos-reus-em-pedreiras","status":"publish","type":"post","link":"https:\/\/www.blogsoestado.com\/danielmatos\/aurores-de-tentativa-de-feminicidio-e-de-feminicidio-sentam-no-banco-dos-reus-em-pedreiras\/","title":{"rendered":"Homem que tentou assassinar companheira e outro que cometeu feminic\u00eddio sentam no banco dos r\u00e9us em Pedreiras"},"content":{"rendered":"\n<div class=\"wp-block-image\"><figure class=\"aligncenter size-large\"><a href=\"https:\/\/www.blogsoestado.com\/danielmatos\/files\/2022\/03\/Screenshot_20220326-0127412.png\"><img decoding=\"async\" src=\"https:\/\/www.blogsoestado.com\/danielmatos\/files\/2022\/03\/Screenshot_20220326-0127412.png\" alt=\"\" class=\"wp-image-95491\"\/><\/a><\/figure><\/div>\n\n\n\n<p>A ju\u00edza Claudilene Morais de Oliveira preside, na pr\u00f3xima semana, na 3\u00aa&nbsp;Vara de Pedreiras, duas sess\u00f5es do Tribunal do J\u00fari. Na pauta, crimes de tentativa de feminic\u00eddio e feminic\u00eddio consumado, em sess\u00f5es que ocorrer\u00e3o nos dias 29 e 30, no F\u00f3rum de Pedreiras. Na sess\u00e3o do dia 29, o r\u00e9u ser\u00e1 Keoma K\u00e1cio Fraz\u00e3o Lima Ferreira, acusado de ter amea\u00e7ado e tentado matar, a golpes de faca, Luana Reis da Silva. Os dois, denunciado e v\u00edtima, tiveram um relacionamento amoroso, mas estavam separados.<\/p>\n\n\n\n<p>Narra a den\u00fancia que, em 11 de novembro de 2019, por volta das 13h30, pr\u00f3ximo do bar do Denor, na rua Maneco Rego, sede de Pedreiras, Keoma K\u00e1cio teria tentado contra a vida de Luana, por raz\u00f5es da condi\u00e7\u00e3o de sexo feminino desta, n\u00e3o obtendo \u00eaxito por circunst\u00e2ncia alheia \u00e0 sua vontade. Ele descumpriu medida protetiva anteriormente deferida em benef\u00edcio da v\u00edtima. Consta dos autos que a v\u00edtima manteve relacionamento amoroso com o denunciado por um ano. Segue relatando que, no dia do fato, a v\u00edtima, mesmo benefici\u00e1ria de medida protetiva de urg\u00eancia, recebeu diversas liga\u00e7\u00f5es telef\u00f4nicas e mensagens originadas do denunciado, que pretendia com ela encontrar-se.<\/p>\n\n\n\n<p>Ela resolveu ent\u00e3o atender o telefone e negou os&nbsp;pedidos do acusado, quando foi amea\u00e7ada de morte por Keoma, bem como sua filha. Diante do acontecido, resolveu a v\u00edtima, que estava na companhia de uma amiga, buscar sua filha na escola \u2018Branca de Neve\u2019. Pegou ent\u00e3o sua motocicleta e, ainda na companhia da amiga, trafegava em via p\u00fablica, quando, passando pela Rua Maneco Rego, pr\u00f3ximo ao bar do Denor, nas proximidades da Pra\u00e7a do Jardim, foi abordada pelo denunciado, que na garupa de um motot\u00e1xi, determinou Luana parasse a motocicleta.<\/p>\n\n\n\n<p>Surpreendida, a v\u00edtima parou, desligou a moto em uma cal\u00e7ada para, em seguida, tentar correr das investidas do homem. Ato cont\u00ednuo, ele empurrou a amiga de Luana e sacou uma faca, tentando golpe\u00e1-la. Ao tentar fugir, Luana caiu, momento em que foi tingida algumas vezes pelo ex. Com a v\u00edtima ferida, a amiga, de nome Raimunda, pediu ajuda e, com a chegada de populares, o denunciado fugiu do local sem consumar seu intento. O motivo, segundo ele, foi o fato de n\u00e3o aceitar a separa\u00e7\u00e3o.<\/p>\n\n\n\n<p><strong>FEMINIC\u00cdDIO CONSUMADO<\/strong><\/p>\n\n\n\n<p>Na sess\u00e3o do dia 30, o r\u00e9u ser\u00e1 Carlos Germano Oliveira de Sousa, acusado de ter matado Elizalva da Concei\u00e7\u00e3o Silva. Relata o processo que, em 28 de junho de 2020, por volta das 19h, no Loteamento Tavinho, em Trizidela do Vale, o denunciado teria cometido o crime mediante recurso que impossibilitou a defesa da v\u00edtima, em raz\u00e3o do sexo feminino, em clara situa\u00e7\u00e3o caracter\u00edstica de viol\u00eancia dom\u00e9stica e familiar, em menosprezo \u00e0 condi\u00e7\u00e3o de mulher. Consta dos autos que a v\u00edtima mantinha um relacionamento amoroso com o denunciado h\u00e1 um ano e que, na data citada acima, ela sairia com amigas para beber, o que teria deixado o homem insatisfeito. Nesse instante, ele teria ido at\u00e9 a cozinha buscar uma faca.<\/p>\n\n\n\n<p>O homem teria atingido a v\u00edtima de surpresa, quando ela sa\u00eda do banheiro, ainda enrolada em uma toalha. O crime foi cometido na frente da filha de Elizalva. Destaca a den\u00fancia que a mulher foi atingida com 16 golpes. Mesmo com a presen\u00e7a de pessoas na porta da casa, o denunciado n\u00e3o encerrou a empreitada criminosa, findando o ato apenas com a certeza de que a mulher estava morta. O fato foi comunicado \u00e0 pol\u00edcia, que localizou o acusado, ainda com a faca usada no assassinato. Em depoimento, o denunciado disse que matou a v\u00edtima porque estava sendo tra\u00eddo, tentando justificar sua atitude.<\/p>\n","protected":false},"excerpt":{"rendered":"<p>A ju\u00edza Claudilene Morais de Oliveira preside, na pr\u00f3xima semana, na 3\u00aa&nbsp;Vara de Pedreiras, duas sess\u00f5es do Tribunal do J\u00fari. [&hellip;]<\/p>\n","protected":false},"author":0,"featured_media":0,"comment_status":"open","ping_status":"open","sticky":false,"template":"","format":"standard","meta":{"site-sidebar-layout":"default","site-content-layout":"","ast-site-content-layout":"default","site-content-style":"default","site-sidebar-style":"default","ast-global-header-display":"","ast-banner-title-visibility":"","ast-main-header-display":"","ast-hfb-above-header-display":"","ast-hfb-below-header-display":"","ast-hfb-mobile-header-display":"","site-post-title":"","ast-breadcrumbs-content":"","ast-featured-img":"","footer-sml-layout":"","ast-disable-related-posts":"","theme-transparent-header-meta":"","adv-header-id-meta":"","stick-header-meta":"","header-above-stick-meta":"","header-main-stick-meta":"","header-below-stick-meta":"","astra-migrate-meta-layouts":"default","ast-page-background-enabled":"default","ast-page-background-meta":{"desktop":{"background-color":"var(--ast-global-color-5)","background-image":"","background-repeat":"repeat","background-position":"center center","background-size":"auto","background-attachment":"scroll","background-type":"","background-media":"","overlay-type":"","overlay-color":"","overlay-opacity":"","overlay-gradient":""},"tablet":{"background-color":"","background-image":"","background-repeat":"repeat","background-position":"center center","background-size":"auto","background-attachment":"scroll","background-type":"","background-media":"","overlay-type":"","overlay-color":"","overlay-opacity":"","overlay-gradient":""},"mobile":{"background-color":"","background-image":"","background-repeat":"repeat","background-position":"center center","background-size":"auto","background-attachment":"scroll","background-type":"","background-media":"","overlay-type":"","overlay-color":"","overlay-opacity":"","overlay-gradient":""}},"ast-content-background-meta":{"desktop":{"background-color":"var(--ast-global-color-4)","background-image":"","background-repeat":"repeat","background-position":"center center","background-size":"auto","background-attachment":"scroll","background-type":"","background-media":"","overlay-type":"","overlay-color":"","overlay-opacity":"","overlay-gradient":""},"tablet":{"background-color":"var(--ast-global-color-4)","background-image":"","background-repeat":"repeat","background-position":"center center","background-size":"auto","background-attachment":"scroll","background-type":"","background-media":"","overlay-type":"","overlay-color":"","overlay-opacity":"","overlay-gradient":""},"mobile":{"background-color":"var(--ast-global-color-4)","background-image":"","background-repeat":"repeat","background-position":"center center","background-size":"auto","background-attachment":"scroll","background-type":"","background-media":"","overlay-type":"","overlay-color":"","overlay-opacity":"","overlay-gradient":""}},"footnotes":""},"categories":[1],"tags":[],"class_list":["post-95490","post","type-post","status-publish","format-standard","hentry","category-sem-categoria"],"yoast_head":"<!-- This site is optimized with the Yoast SEO plugin v26.6 - https:\/\/yoast.com\/wordpress\/plugins\/seo\/ -->\n<title>Homem que tentou assassinar companheira e outro que cometeu feminic\u00eddio sentam no banco dos r\u00e9us em Pedreiras - Daniel Matos<\/title>\n<meta name=\"robots\" content=\"index, follow, max-snippet:-1, max-image-preview:large, max-video-preview:-1\" \/>\n<link rel=\"canonical\" href=\"https:\/\/www.blogsoestado.com\/danielmatos\/aurores-de-tentativa-de-feminicidio-e-de-feminicidio-sentam-no-banco-dos-reus-em-pedreiras\/\" \/>\n<meta property=\"og:locale\" content=\"pt_BR\" \/>\n<meta property=\"og:type\" content=\"article\" \/>\n<meta property=\"og:title\" content=\"Homem que tentou assassinar companheira e outro que cometeu feminic\u00eddio sentam no banco dos r\u00e9us em Pedreiras - Daniel Matos\" \/>\n<meta property=\"og:description\" content=\"A ju\u00edza Claudilene Morais de Oliveira preside, na pr\u00f3xima semana, na 3\u00aa&nbsp;Vara de Pedreiras, duas sess\u00f5es do Tribunal do J\u00fari. [&hellip;]\" \/>\n<meta property=\"og:url\" content=\"https:\/\/www.blogsoestado.com\/danielmatos\/aurores-de-tentativa-de-feminicidio-e-de-feminicidio-sentam-no-banco-dos-reus-em-pedreiras\/\" \/>\n<meta property=\"og:site_name\" content=\"Daniel Matos\" \/>\n<meta property=\"article:published_time\" content=\"2022-03-26T10:00:00+00:00\" \/>\n<meta property=\"og:image\" content=\"https:\/\/www.blogsoestado.com\/danielmatos\/files\/2022\/03\/Screenshot_20220326-0127412.png\" \/>\n<meta name=\"twitter:card\" content=\"summary_large_image\" \/>\n<meta name=\"twitter:label1\" content=\"Est. tempo de leitura\" \/>\n\t<meta name=\"twitter:data1\" content=\"3 minutos\" \/>\n<script type=\"application\/ld+json\" class=\"yoast-schema-graph\">{\"@context\":\"https:\/\/schema.org\",\"@graph\":[{\"@type\":\"WebPage\",\"@id\":\"https:\/\/www.blogsoestado.com\/danielmatos\/aurores-de-tentativa-de-feminicidio-e-de-feminicidio-sentam-no-banco-dos-reus-em-pedreiras\/\",\"url\":\"https:\/\/www.blogsoestado.com\/danielmatos\/aurores-de-tentativa-de-feminicidio-e-de-feminicidio-sentam-no-banco-dos-reus-em-pedreiras\/\",\"name\":\"Homem que tentou assassinar companheira e outro que cometeu feminic\u00eddio sentam no banco dos r\u00e9us em Pedreiras - Daniel Matos\",\"isPartOf\":{\"@id\":\"https:\/\/www.blogsoestado.com\/danielmatos\/#website\"},\"primaryImageOfPage\":{\"@id\":\"https:\/\/www.blogsoestado.com\/danielmatos\/aurores-de-tentativa-de-feminicidio-e-de-feminicidio-sentam-no-banco-dos-reus-em-pedreiras\/#primaryimage\"},\"image\":{\"@id\":\"https:\/\/www.blogsoestado.com\/danielmatos\/aurores-de-tentativa-de-feminicidio-e-de-feminicidio-sentam-no-banco-dos-reus-em-pedreiras\/#primaryimage\"},\"thumbnailUrl\":\"https:\/\/www.blogsoestado.com\/danielmatos\/files\/2022\/03\/Screenshot_20220326-0127412.png\",\"datePublished\":\"2022-03-26T10:00:00+00:00\",\"author\":{\"@id\":\"\"},\"breadcrumb\":{\"@id\":\"https:\/\/www.blogsoestado.com\/danielmatos\/aurores-de-tentativa-de-feminicidio-e-de-feminicidio-sentam-no-banco-dos-reus-em-pedreiras\/#breadcrumb\"},\"inLanguage\":\"pt-BR\",\"potentialAction\":[{\"@type\":\"ReadAction\",\"target\":[\"https:\/\/www.blogsoestado.com\/danielmatos\/aurores-de-tentativa-de-feminicidio-e-de-feminicidio-sentam-no-banco-dos-reus-em-pedreiras\/\"]}]},{\"@type\":\"ImageObject\",\"inLanguage\":\"pt-BR\",\"@id\":\"https:\/\/www.blogsoestado.com\/danielmatos\/aurores-de-tentativa-de-feminicidio-e-de-feminicidio-sentam-no-banco-dos-reus-em-pedreiras\/#primaryimage\",\"url\":\"https:\/\/www.blogsoestado.com\/danielmatos\/files\/2022\/03\/Screenshot_20220326-0127412.png\",\"contentUrl\":\"https:\/\/www.blogsoestado.com\/danielmatos\/files\/2022\/03\/Screenshot_20220326-0127412.png\"},{\"@type\":\"BreadcrumbList\",\"@id\":\"https:\/\/www.blogsoestado.com\/danielmatos\/aurores-de-tentativa-de-feminicidio-e-de-feminicidio-sentam-no-banco-dos-reus-em-pedreiras\/#breadcrumb\",\"itemListElement\":[{\"@type\":\"ListItem\",\"position\":1,\"name\":\"In\u00edcio\",\"item\":\"https:\/\/www.blogsoestado.com\/danielmatos\/\"},{\"@type\":\"ListItem\",\"position\":2,\"name\":\"Homem que tentou assassinar companheira e outro que cometeu feminic\u00eddio sentam no banco dos r\u00e9us em Pedreiras\"}]},{\"@type\":\"WebSite\",\"@id\":\"https:\/\/www.blogsoestado.com\/danielmatos\/#website\",\"url\":\"https:\/\/www.blogsoestado.com\/danielmatos\/\",\"name\":\"Daniel Matos\",\"description\":\"\",\"potentialAction\":[{\"@type\":\"SearchAction\",\"target\":{\"@type\":\"EntryPoint\",\"urlTemplate\":\"https:\/\/www.blogsoestado.com\/danielmatos\/?s={search_term_string}\"},\"query-input\":{\"@type\":\"PropertyValueSpecification\",\"valueRequired\":true,\"valueName\":\"search_term_string\"}}],\"inLanguage\":\"pt-BR\"}]}<\/script>\n<!-- \/ Yoast SEO plugin. -->","yoast_head_json":{"title":"Homem que tentou assassinar companheira e outro que cometeu feminic\u00eddio sentam no banco dos r\u00e9us em Pedreiras - Daniel Matos","robots":{"index":"index","follow":"follow","max-snippet":"max-snippet:-1","max-image-preview":"max-image-preview:large","max-video-preview":"max-video-preview:-1"},"canonical":"https:\/\/www.blogsoestado.com\/danielmatos\/aurores-de-tentativa-de-feminicidio-e-de-feminicidio-sentam-no-banco-dos-reus-em-pedreiras\/","og_locale":"pt_BR","og_type":"article","og_title":"Homem que tentou assassinar companheira e outro que cometeu feminic\u00eddio sentam no banco dos r\u00e9us em Pedreiras - Daniel Matos","og_description":"A ju\u00edza Claudilene Morais de Oliveira preside, na pr\u00f3xima semana, na 3\u00aa&nbsp;Vara de Pedreiras, duas sess\u00f5es do Tribunal do J\u00fari. [&hellip;]","og_url":"https:\/\/www.blogsoestado.com\/danielmatos\/aurores-de-tentativa-de-feminicidio-e-de-feminicidio-sentam-no-banco-dos-reus-em-pedreiras\/","og_site_name":"Daniel Matos","article_published_time":"2022-03-26T10:00:00+00:00","og_image":[{"url":"https:\/\/www.blogsoestado.com\/danielmatos\/files\/2022\/03\/Screenshot_20220326-0127412.png","type":"","width":"","height":""}],"twitter_card":"summary_large_image","twitter_misc":{"Est. tempo de leitura":"3 minutos"},"schema":{"@context":"https:\/\/schema.org","@graph":[{"@type":"WebPage","@id":"https:\/\/www.blogsoestado.com\/danielmatos\/aurores-de-tentativa-de-feminicidio-e-de-feminicidio-sentam-no-banco-dos-reus-em-pedreiras\/","url":"https:\/\/www.blogsoestado.com\/danielmatos\/aurores-de-tentativa-de-feminicidio-e-de-feminicidio-sentam-no-banco-dos-reus-em-pedreiras\/","name":"Homem que tentou assassinar companheira e outro que cometeu feminic\u00eddio sentam no banco dos r\u00e9us em Pedreiras - Daniel Matos","isPartOf":{"@id":"https:\/\/www.blogsoestado.com\/danielmatos\/#website"},"primaryImageOfPage":{"@id":"https:\/\/www.blogsoestado.com\/danielmatos\/aurores-de-tentativa-de-feminicidio-e-de-feminicidio-sentam-no-banco-dos-reus-em-pedreiras\/#primaryimage"},"image":{"@id":"https:\/\/www.blogsoestado.com\/danielmatos\/aurores-de-tentativa-de-feminicidio-e-de-feminicidio-sentam-no-banco-dos-reus-em-pedreiras\/#primaryimage"},"thumbnailUrl":"https:\/\/www.blogsoestado.com\/danielmatos\/files\/2022\/03\/Screenshot_20220326-0127412.png","datePublished":"2022-03-26T10:00:00+00:00","author":{"@id":""},"breadcrumb":{"@id":"https:\/\/www.blogsoestado.com\/danielmatos\/aurores-de-tentativa-de-feminicidio-e-de-feminicidio-sentam-no-banco-dos-reus-em-pedreiras\/#breadcrumb"},"inLanguage":"pt-BR","potentialAction":[{"@type":"ReadAction","target":["https:\/\/www.blogsoestado.com\/danielmatos\/aurores-de-tentativa-de-feminicidio-e-de-feminicidio-sentam-no-banco-dos-reus-em-pedreiras\/"]}]},{"@type":"ImageObject","inLanguage":"pt-BR","@id":"https:\/\/www.blogsoestado.com\/danielmatos\/aurores-de-tentativa-de-feminicidio-e-de-feminicidio-sentam-no-banco-dos-reus-em-pedreiras\/#primaryimage","url":"https:\/\/www.blogsoestado.com\/danielmatos\/files\/2022\/03\/Screenshot_20220326-0127412.png","contentUrl":"https:\/\/www.blogsoestado.com\/danielmatos\/files\/2022\/03\/Screenshot_20220326-0127412.png"},{"@type":"BreadcrumbList","@id":"https:\/\/www.blogsoestado.com\/danielmatos\/aurores-de-tentativa-de-feminicidio-e-de-feminicidio-sentam-no-banco-dos-reus-em-pedreiras\/#breadcrumb","itemListElement":[{"@type":"ListItem","position":1,"name":"In\u00edcio","item":"https:\/\/www.blogsoestado.com\/danielmatos\/"},{"@type":"ListItem","position":2,"name":"Homem que tentou assassinar companheira e outro que cometeu feminic\u00eddio sentam no banco dos r\u00e9us em Pedreiras"}]},{"@type":"WebSite","@id":"https:\/\/www.blogsoestado.com\/danielmatos\/#website","url":"https:\/\/www.blogsoestado.com\/danielmatos\/","name":"Daniel Matos","description":"","potentialAction":[{"@type":"SearchAction","target":{"@type":"EntryPoint","urlTemplate":"https:\/\/www.blogsoestado.com\/danielmatos\/?s={search_term_string}"},"query-input":{"@type":"PropertyValueSpecification","valueRequired":true,"valueName":"search_term_string"}}],"inLanguage":"pt-BR"}]}},"jetpack_featured_media_url":"","_links":{"self":[{"href":"https:\/\/www.blogsoestado.com\/danielmatos\/wp-json\/wp\/v2\/posts\/95490","targetHints":{"allow":["GET"]}}],"collection":[{"href":"https:\/\/www.blogsoestado.com\/danielmatos\/wp-json\/wp\/v2\/posts"}],"about":[{"href":"https:\/\/www.blogsoestado.com\/danielmatos\/wp-json\/wp\/v2\/types\/post"}],"replies":[{"embeddable":true,"href":"https:\/\/www.blogsoestado.com\/danielmatos\/wp-json\/wp\/v2\/comments?post=95490"}],"version-history":[{"count":0,"href":"https:\/\/www.blogsoestado.com\/danielmatos\/wp-json\/wp\/v2\/posts\/95490\/revisions"}],"wp:attachment":[{"href":"https:\/\/www.blogsoestado.com\/danielmatos\/wp-json\/wp\/v2\/media?parent=95490"}],"wp:term":[{"taxonomy":"category","embeddable":true,"href":"https:\/\/www.blogsoestado.com\/danielmatos\/wp-json\/wp\/v2\/categories?post=95490"},{"taxonomy":"post_tag","embeddable":true,"href":"https:\/\/www.blogsoestado.com\/danielmatos\/wp-json\/wp\/v2\/tags?post=95490"}],"curies":[{"name":"wp","href":"https:\/\/api.w.org\/{rel}","templated":true}]}}