{"id":95493,"date":"2022-03-26T10:00:00","date_gmt":"2022-03-26T13:00:00","guid":{"rendered":"https:\/\/www.blogsoestado.com\/danielmatos\/?p=95493"},"modified":"2022-03-26T10:00:00","modified_gmt":"2022-03-26T13:00:00","slug":"vli-planeja-acoes-do-programa-atitude-ambiental-no-maranhao","status":"publish","type":"post","link":"https:\/\/www.blogsoestado.com\/danielmatos\/vli-planeja-acoes-do-programa-atitude-ambiental-no-maranhao\/","title":{"rendered":"VLI planeja a\u00e7\u00f5es do Programa Atitude Ambiental no Maranh\u00e3o"},"content":{"rendered":"\n<p><em><strong><span class=\"has-inline-color has-vivid-red-color\">No ano passado, a iniciativa promoveu mais 180 atividades em seis localidades do Estado\u00a0<\/span><\/strong><\/em><\/p>\n\n\n\n<div class=\"wp-block-image\"><figure class=\"aligncenter size-large\"><a href=\"https:\/\/www.blogsoestado.com\/danielmatos\/files\/2022\/03\/Screenshot_20220326-0137032.png\"><img decoding=\"async\" src=\"https:\/\/www.blogsoestado.com\/danielmatos\/files\/2022\/03\/Screenshot_20220326-0137032.png\" alt=\"\" class=\"wp-image-95494\"\/><\/a><figcaption>Atualmente, a VLI est\u00e1 em 10 estados e no Distrito Federal, apoiando a transforma\u00e7\u00e3o da log\u00edstica no pa\u00eds, por meio da integra\u00e7\u00e3o de servi\u00e7os em portos, ferrovias e terminais<\/figcaption><\/figure><\/div>\n\n\n\n<p>Desde 2012, a VLI \u2013 companhia de solu\u00e7\u00f5es log\u00edsticas que opera terminais, ferroviais e portos \u2013 trabalha, incessantemente, em a\u00e7\u00f5es voltadas para a preserva\u00e7\u00e3o do meio ambiente, por meio do Programa Atitude Ambiental. O objetivo da iniciativa \u00e9 promover atividades e capacita\u00e7\u00f5es para auxiliar na compreens\u00e3o das quest\u00f5es socioambientais e na conscientiza\u00e7\u00e3o sobre a import\u00e2ncia do desenvolvimento de atitudes ambientais. No Maranh\u00e3o, ano passado, foram realizadas mais de 180 atividades e mais de 12 mil participa\u00e7\u00f5es em seis localidades do estado. Para este ano de 2022, o programa j\u00e1 est\u00e1 em fase de planejamento com as institui\u00e7\u00f5es parceiras.<\/p>\n\n\n\n<p>Para al\u00e9m das a\u00e7\u00f5es, o especialista de Educa\u00e7\u00e3o Ambiental da companhia, Itamar Lucas Magalh\u00e3es, destaca que o Programa Atitude Ambiental busca instaurar um legado ambiental perante as futuras gera\u00e7\u00f5es. Segundo ele, isso s\u00f3 ser\u00e1 poss\u00edvel se o desenvolvimento econ\u00f4mico estiver em conformidade com a preserva\u00e7\u00e3o do meio ambiente, permitindo medir os impactos sociais e ambientais com os investimentos feitos pela empresa.<\/p>\n\n\n\n<p>&#8220;O Atitude Ambiental refor\u00e7a a miss\u00e3o da VLI de promover conex\u00f5es que geram valor, resultando em mudan\u00e7as de comportamentos e atitudes em rela\u00e7\u00e3o ao meio ambiente. Deste modo, o prop\u00f3sito do programa \u00e9, justamente, permitir que a popula\u00e7\u00e3o se reconhe\u00e7a como sujeito social capaz de compreender a integra\u00e7\u00e3o entre sociedade e natureza e, assim, sinta-se motivada a desenvolver a\u00e7\u00f5es sustent\u00e1veis&#8221;, explica.<\/p>\n\n\n\n<p>Nesta perspectiva, Itamar ressalta que, para que este objetivo seja alcan\u00e7ado, foram firmadas parceiras com escolas, poder p\u00fablico, lideran\u00e7as comunit\u00e1rias, conselhos, organiza\u00e7\u00f5es n\u00e3o governamentais e as comunidades em geral dos munic\u00edpios que a VLI atua. Atualmente, a companhia est\u00e1 em 10 estados e no Distrito Federal.<\/p>\n\n\n\n<p>&#8220;Ano passado quebramos muitos paradigmas acerca das quest\u00f5es ambientais, principalmente no Maranh\u00e3o. Realizamos palestras, treinamentos e iniciamos a realiza\u00e7\u00e3o de oficinas pr\u00e1ticas com a comunidade com resultados positivos, pois o trabalho foi feito de forma integrada com as institui\u00e7\u00f5es das cidades. Por isso, esperamos que, neste ano, possamos ter mais resultados em prol das causas do programa, em conjunto&#8221;, finaliza.<\/p>\n\n\n\n<p><strong>Sobre a VLI<\/strong><\/p>\n\n\n\n<p>A VLI tem o compromisso de apoiar a transforma\u00e7\u00e3o da log\u00edstica no pa\u00eds, por meio da integra\u00e7\u00e3o de servi\u00e7os em portos, ferrovias e terminais. A empresa engloba as ferrovias Norte Sul (FNS) e Centro-Atl\u00e2ntica (FCA), al\u00e9m de terminais intermodais, que unem o carregamento e o descarregamento de produtos ao transporte ferrovi\u00e1rio, e terminais portu\u00e1rios situados em eixos estrat\u00e9gicos da costa brasileira, tais como em Santos (SP), S\u00e3o Lu\u00eds (MA) e Vit\u00f3ria (ES). Eleita em 2020 e 2021 a empresa mais inovadora do pa\u00eds na categoria &#8220;Log\u00edstica e Transportes&#8221; pelo Pr\u00eamio Valor Inova\u00e7\u00e3o, a VLI transporta as riquezas do Brasil por rotas que passam pelas regi\u00f5es Norte, Nordeste, Sudeste e Centro-Oeste.<\/p>\n","protected":false},"excerpt":{"rendered":"<p>No ano passado, a iniciativa promoveu mais 180 atividades em seis localidades do Estado\u00a0 Desde 2012, a VLI \u2013 companhia [&hellip;]<\/p>\n","protected":false},"author":0,"featured_media":0,"comment_status":"open","ping_status":"open","sticky":false,"template":"","format":"standard","meta":{"site-sidebar-layout":"default","site-content-layout":"","ast-site-content-layout":"default","site-content-style":"default","site-sidebar-style":"default","ast-global-header-display":"","ast-banner-title-visibility":"","ast-main-header-display":"","ast-hfb-above-header-display":"","ast-hfb-below-header-display":"","ast-hfb-mobile-header-display":"","site-post-title":"","ast-breadcrumbs-content":"","ast-featured-img":"","footer-sml-layout":"","ast-disable-related-posts":"","theme-transparent-header-meta":"","adv-header-id-meta":"","stick-header-meta":"","header-above-stick-meta":"","header-main-stick-meta":"","header-below-stick-meta":"","astra-migrate-meta-layouts":"default","ast-page-background-enabled":"default","ast-page-background-meta":{"desktop":{"background-color":"var(--ast-global-color-5)","background-image":"","background-repeat":"repeat","background-position":"center center","background-size":"auto","background-attachment":"scroll","background-type":"","background-media":"","overlay-type":"","overlay-color":"","overlay-opacity":"","overlay-gradient":""},"tablet":{"background-color":"","background-image":"","background-repeat":"repeat","background-position":"center center","background-size":"auto","background-attachment":"scroll","background-type":"","background-media":"","overlay-type":"","overlay-color":"","overlay-opacity":"","overlay-gradient":""},"mobile":{"background-color":"","background-image":"","background-repeat":"repeat","background-position":"center center","background-size":"auto","background-attachment":"scroll","background-type":"","background-media":"","overlay-type":"","overlay-color":"","overlay-opacity":"","overlay-gradient":""}},"ast-content-background-meta":{"desktop":{"background-color":"var(--ast-global-color-4)","background-image":"","background-repeat":"repeat","background-position":"center center","background-size":"auto","background-attachment":"scroll","background-type":"","background-media":"","overlay-type":"","overlay-color":"","overlay-opacity":"","overlay-gradient":""},"tablet":{"background-color":"var(--ast-global-color-4)","background-image":"","background-repeat":"repeat","background-position":"center center","background-size":"auto","background-attachment":"scroll","background-type":"","background-media":"","overlay-type":"","overlay-color":"","overlay-opacity":"","overlay-gradient":""},"mobile":{"background-color":"var(--ast-global-color-4)","background-image":"","background-repeat":"repeat","background-position":"center center","background-size":"auto","background-attachment":"scroll","background-type":"","background-media":"","overlay-type":"","overlay-color":"","overlay-opacity":"","overlay-gradient":""}},"footnotes":""},"categories":[1],"tags":[],"class_list":["post-95493","post","type-post","status-publish","format-standard","hentry","category-sem-categoria"],"yoast_head":"<!-- This site is optimized with the Yoast SEO plugin v26.6 - https:\/\/yoast.com\/wordpress\/plugins\/seo\/ -->\n<title>VLI planeja a\u00e7\u00f5es do Programa Atitude Ambiental no Maranh\u00e3o - Daniel Matos<\/title>\n<meta name=\"robots\" content=\"index, follow, max-snippet:-1, max-image-preview:large, max-video-preview:-1\" \/>\n<link rel=\"canonical\" href=\"https:\/\/www.blogsoestado.com\/danielmatos\/vli-planeja-acoes-do-programa-atitude-ambiental-no-maranhao\/\" \/>\n<meta property=\"og:locale\" content=\"pt_BR\" \/>\n<meta property=\"og:type\" content=\"article\" \/>\n<meta property=\"og:title\" content=\"VLI planeja a\u00e7\u00f5es do Programa Atitude Ambiental no Maranh\u00e3o - Daniel Matos\" \/>\n<meta property=\"og:description\" content=\"No ano passado, a iniciativa promoveu mais 180 atividades em seis localidades do Estado\u00a0 Desde 2012, a VLI \u2013 companhia [&hellip;]\" \/>\n<meta property=\"og:url\" content=\"https:\/\/www.blogsoestado.com\/danielmatos\/vli-planeja-acoes-do-programa-atitude-ambiental-no-maranhao\/\" \/>\n<meta property=\"og:site_name\" content=\"Daniel Matos\" \/>\n<meta property=\"article:published_time\" content=\"2022-03-26T13:00:00+00:00\" \/>\n<meta property=\"og:image\" content=\"https:\/\/www.blogsoestado.com\/danielmatos\/files\/2022\/03\/Screenshot_20220326-0137032.png\" \/>\n<meta name=\"twitter:card\" content=\"summary_large_image\" \/>\n<meta name=\"twitter:label1\" content=\"Est. tempo de leitura\" \/>\n\t<meta name=\"twitter:data1\" content=\"3 minutos\" \/>\n<script type=\"application\/ld+json\" class=\"yoast-schema-graph\">{\"@context\":\"https:\/\/schema.org\",\"@graph\":[{\"@type\":\"WebPage\",\"@id\":\"https:\/\/www.blogsoestado.com\/danielmatos\/vli-planeja-acoes-do-programa-atitude-ambiental-no-maranhao\/\",\"url\":\"https:\/\/www.blogsoestado.com\/danielmatos\/vli-planeja-acoes-do-programa-atitude-ambiental-no-maranhao\/\",\"name\":\"VLI planeja a\u00e7\u00f5es do Programa Atitude Ambiental no Maranh\u00e3o - Daniel Matos\",\"isPartOf\":{\"@id\":\"https:\/\/www.blogsoestado.com\/danielmatos\/#website\"},\"primaryImageOfPage\":{\"@id\":\"https:\/\/www.blogsoestado.com\/danielmatos\/vli-planeja-acoes-do-programa-atitude-ambiental-no-maranhao\/#primaryimage\"},\"image\":{\"@id\":\"https:\/\/www.blogsoestado.com\/danielmatos\/vli-planeja-acoes-do-programa-atitude-ambiental-no-maranhao\/#primaryimage\"},\"thumbnailUrl\":\"https:\/\/www.blogsoestado.com\/danielmatos\/files\/2022\/03\/Screenshot_20220326-0137032.png\",\"datePublished\":\"2022-03-26T13:00:00+00:00\",\"author\":{\"@id\":\"\"},\"breadcrumb\":{\"@id\":\"https:\/\/www.blogsoestado.com\/danielmatos\/vli-planeja-acoes-do-programa-atitude-ambiental-no-maranhao\/#breadcrumb\"},\"inLanguage\":\"pt-BR\",\"potentialAction\":[{\"@type\":\"ReadAction\",\"target\":[\"https:\/\/www.blogsoestado.com\/danielmatos\/vli-planeja-acoes-do-programa-atitude-ambiental-no-maranhao\/\"]}]},{\"@type\":\"ImageObject\",\"inLanguage\":\"pt-BR\",\"@id\":\"https:\/\/www.blogsoestado.com\/danielmatos\/vli-planeja-acoes-do-programa-atitude-ambiental-no-maranhao\/#primaryimage\",\"url\":\"https:\/\/www.blogsoestado.com\/danielmatos\/files\/2022\/03\/Screenshot_20220326-0137032.png\",\"contentUrl\":\"https:\/\/www.blogsoestado.com\/danielmatos\/files\/2022\/03\/Screenshot_20220326-0137032.png\"},{\"@type\":\"BreadcrumbList\",\"@id\":\"https:\/\/www.blogsoestado.com\/danielmatos\/vli-planeja-acoes-do-programa-atitude-ambiental-no-maranhao\/#breadcrumb\",\"itemListElement\":[{\"@type\":\"ListItem\",\"position\":1,\"name\":\"In\u00edcio\",\"item\":\"https:\/\/www.blogsoestado.com\/danielmatos\/\"},{\"@type\":\"ListItem\",\"position\":2,\"name\":\"VLI planeja a\u00e7\u00f5es do Programa Atitude Ambiental no Maranh\u00e3o\"}]},{\"@type\":\"WebSite\",\"@id\":\"https:\/\/www.blogsoestado.com\/danielmatos\/#website\",\"url\":\"https:\/\/www.blogsoestado.com\/danielmatos\/\",\"name\":\"Daniel Matos\",\"description\":\"\",\"potentialAction\":[{\"@type\":\"SearchAction\",\"target\":{\"@type\":\"EntryPoint\",\"urlTemplate\":\"https:\/\/www.blogsoestado.com\/danielmatos\/?s={search_term_string}\"},\"query-input\":{\"@type\":\"PropertyValueSpecification\",\"valueRequired\":true,\"valueName\":\"search_term_string\"}}],\"inLanguage\":\"pt-BR\"}]}<\/script>\n<!-- \/ Yoast SEO plugin. -->","yoast_head_json":{"title":"VLI planeja a\u00e7\u00f5es do Programa Atitude Ambiental no Maranh\u00e3o - Daniel Matos","robots":{"index":"index","follow":"follow","max-snippet":"max-snippet:-1","max-image-preview":"max-image-preview:large","max-video-preview":"max-video-preview:-1"},"canonical":"https:\/\/www.blogsoestado.com\/danielmatos\/vli-planeja-acoes-do-programa-atitude-ambiental-no-maranhao\/","og_locale":"pt_BR","og_type":"article","og_title":"VLI planeja a\u00e7\u00f5es do Programa Atitude Ambiental no Maranh\u00e3o - Daniel Matos","og_description":"No ano passado, a iniciativa promoveu mais 180 atividades em seis localidades do Estado\u00a0 Desde 2012, a VLI \u2013 companhia [&hellip;]","og_url":"https:\/\/www.blogsoestado.com\/danielmatos\/vli-planeja-acoes-do-programa-atitude-ambiental-no-maranhao\/","og_site_name":"Daniel Matos","article_published_time":"2022-03-26T13:00:00+00:00","og_image":[{"url":"https:\/\/www.blogsoestado.com\/danielmatos\/files\/2022\/03\/Screenshot_20220326-0137032.png","type":"","width":"","height":""}],"twitter_card":"summary_large_image","twitter_misc":{"Est. tempo de leitura":"3 minutos"},"schema":{"@context":"https:\/\/schema.org","@graph":[{"@type":"WebPage","@id":"https:\/\/www.blogsoestado.com\/danielmatos\/vli-planeja-acoes-do-programa-atitude-ambiental-no-maranhao\/","url":"https:\/\/www.blogsoestado.com\/danielmatos\/vli-planeja-acoes-do-programa-atitude-ambiental-no-maranhao\/","name":"VLI planeja a\u00e7\u00f5es do Programa Atitude Ambiental no Maranh\u00e3o - Daniel Matos","isPartOf":{"@id":"https:\/\/www.blogsoestado.com\/danielmatos\/#website"},"primaryImageOfPage":{"@id":"https:\/\/www.blogsoestado.com\/danielmatos\/vli-planeja-acoes-do-programa-atitude-ambiental-no-maranhao\/#primaryimage"},"image":{"@id":"https:\/\/www.blogsoestado.com\/danielmatos\/vli-planeja-acoes-do-programa-atitude-ambiental-no-maranhao\/#primaryimage"},"thumbnailUrl":"https:\/\/www.blogsoestado.com\/danielmatos\/files\/2022\/03\/Screenshot_20220326-0137032.png","datePublished":"2022-03-26T13:00:00+00:00","author":{"@id":""},"breadcrumb":{"@id":"https:\/\/www.blogsoestado.com\/danielmatos\/vli-planeja-acoes-do-programa-atitude-ambiental-no-maranhao\/#breadcrumb"},"inLanguage":"pt-BR","potentialAction":[{"@type":"ReadAction","target":["https:\/\/www.blogsoestado.com\/danielmatos\/vli-planeja-acoes-do-programa-atitude-ambiental-no-maranhao\/"]}]},{"@type":"ImageObject","inLanguage":"pt-BR","@id":"https:\/\/www.blogsoestado.com\/danielmatos\/vli-planeja-acoes-do-programa-atitude-ambiental-no-maranhao\/#primaryimage","url":"https:\/\/www.blogsoestado.com\/danielmatos\/files\/2022\/03\/Screenshot_20220326-0137032.png","contentUrl":"https:\/\/www.blogsoestado.com\/danielmatos\/files\/2022\/03\/Screenshot_20220326-0137032.png"},{"@type":"BreadcrumbList","@id":"https:\/\/www.blogsoestado.com\/danielmatos\/vli-planeja-acoes-do-programa-atitude-ambiental-no-maranhao\/#breadcrumb","itemListElement":[{"@type":"ListItem","position":1,"name":"In\u00edcio","item":"https:\/\/www.blogsoestado.com\/danielmatos\/"},{"@type":"ListItem","position":2,"name":"VLI planeja a\u00e7\u00f5es do Programa Atitude Ambiental no Maranh\u00e3o"}]},{"@type":"WebSite","@id":"https:\/\/www.blogsoestado.com\/danielmatos\/#website","url":"https:\/\/www.blogsoestado.com\/danielmatos\/","name":"Daniel Matos","description":"","potentialAction":[{"@type":"SearchAction","target":{"@type":"EntryPoint","urlTemplate":"https:\/\/www.blogsoestado.com\/danielmatos\/?s={search_term_string}"},"query-input":{"@type":"PropertyValueSpecification","valueRequired":true,"valueName":"search_term_string"}}],"inLanguage":"pt-BR"}]}},"jetpack_featured_media_url":"","_links":{"self":[{"href":"https:\/\/www.blogsoestado.com\/danielmatos\/wp-json\/wp\/v2\/posts\/95493","targetHints":{"allow":["GET"]}}],"collection":[{"href":"https:\/\/www.blogsoestado.com\/danielmatos\/wp-json\/wp\/v2\/posts"}],"about":[{"href":"https:\/\/www.blogsoestado.com\/danielmatos\/wp-json\/wp\/v2\/types\/post"}],"replies":[{"embeddable":true,"href":"https:\/\/www.blogsoestado.com\/danielmatos\/wp-json\/wp\/v2\/comments?post=95493"}],"version-history":[{"count":0,"href":"https:\/\/www.blogsoestado.com\/danielmatos\/wp-json\/wp\/v2\/posts\/95493\/revisions"}],"wp:attachment":[{"href":"https:\/\/www.blogsoestado.com\/danielmatos\/wp-json\/wp\/v2\/media?parent=95493"}],"wp:term":[{"taxonomy":"category","embeddable":true,"href":"https:\/\/www.blogsoestado.com\/danielmatos\/wp-json\/wp\/v2\/categories?post=95493"},{"taxonomy":"post_tag","embeddable":true,"href":"https:\/\/www.blogsoestado.com\/danielmatos\/wp-json\/wp\/v2\/tags?post=95493"}],"curies":[{"name":"wp","href":"https:\/\/api.w.org\/{rel}","templated":true}]}}