{"id":95527,"date":"2022-03-27T09:00:00","date_gmt":"2022-03-27T12:00:00","guid":{"rendered":"https:\/\/www.blogsoestado.com\/danielmatos\/?p=95527"},"modified":"2022-03-27T09:00:00","modified_gmt":"2022-03-27T12:00:00","slug":"othelino-reune-se-com-liderancas-de-dom-pedro-e-reitera-parceria-em-prol-do-municipio","status":"publish","type":"post","link":"https:\/\/www.blogsoestado.com\/danielmatos\/othelino-reune-se-com-liderancas-de-dom-pedro-e-reitera-parceria-em-prol-do-municipio\/","title":{"rendered":"Othelino re\u00fane-se com lideran\u00e7as de Dom Pedro e reitera parceria em prol do munic\u00edpio"},"content":{"rendered":"\n<div class=\"wp-block-image\"><figure class=\"aligncenter size-large\"><a href=\"https:\/\/www.blogsoestado.com\/danielmatos\/files\/2022\/03\/Screenshot_20220327-0046082.png\"><img decoding=\"async\" src=\"https:\/\/www.blogsoestado.com\/danielmatos\/files\/2022\/03\/Screenshot_20220327-0046082.png\" alt=\"\" class=\"wp-image-95528\"\/><\/a><figcaption>O presidente da Assembleia Legislativa, Othelino Neto, fortaleceu alian\u00e7a com lideran\u00e7as de Dom Pedro em prol do desenvolvimento do munic\u00edpio<\/figcaption><\/figure><\/div>\n\n\n\n<p>O presidente da Assembleia Legislativa do Maranh\u00e3o, deputado Othelino Neto (PCdoB), participou, na noite dessa sexta-feira (25), de um encontro com o prefeito de Dom Pedro, Galego Mota, e lideran\u00e7as do munic\u00edpio. Na ocasi\u00e3o, o parlamentar fez um balan\u00e7o das a\u00e7\u00f5es viabilizadas por meio do seu mandato em prol da cidade e refor\u00e7ou a parceria com a gest\u00e3o municipal.<\/p>\n\n\n\n<p>Acompanhado da sua esposa, a vice-prefeita de Pinheiro, Ana Paula Lobato, Othelino elencou obras j\u00e1 executadas em Dom Pedro com emendas de sua autoria, a exemplo da pavimenta\u00e7\u00e3o de 5 km de ruas da cidade, al\u00e9m de suporte para a realiza\u00e7\u00e3o do \u2018Arraial da Vacina\u00e7\u00e3o\u2019, acelerando a imuniza\u00e7\u00e3o da popula\u00e7\u00e3o contra a Covid-19.<\/p>\n\n\n\n<p>\u201cN\u00e3o h\u00e1 d\u00favida de que o prefeito Galego Mota tem feito muito pela cidade. E n\u00f3s temos a alegria de participar desse processo de desenvolvimento de Dom Pedro. Conseguimos viabilizar mais asfalto para a pavimenta\u00e7\u00e3o de ruas, que j\u00e1 foram conclu\u00eddas e que melhoraram muito a trafegabilidade\u201d, afirmou Othelino.<\/p>\n\n\n\n<div class=\"wp-block-image\"><figure class=\"aligncenter size-large\"><a href=\"https:\/\/www.blogsoestado.com\/danielmatos\/files\/2022\/03\/Screenshot_20220327-0046272.png\"><img decoding=\"async\" src=\"https:\/\/www.blogsoestado.com\/danielmatos\/files\/2022\/03\/Screenshot_20220327-0046272.png\" alt=\"\" class=\"wp-image-95529\"\/><\/a><figcaption>Othelino e a esposa Ana Paula Lobato, vice-prefeita de Pinheiro, com o prefeito de Dom Pedro, Galego Mota, e a primeira-dama do munic\u00edpio<\/figcaption><\/figure><\/div>\n\n\n\n<p>O chefe do Parlamento Estadual reafirmou o seu compromisso com as demandas do munic\u00edpio e colocou o seu mandato \u00e0 disposi\u00e7\u00e3o da popula\u00e7\u00e3o de Dom Pedro.<\/p>\n\n\n\n<p>\u201cContem sempre comigo e com o meu mandato, que o povo do Maranh\u00e3o me deu para ajudar n\u00e3o s\u00f3 naquilo que j\u00e1 trouxemos para a cidade como, tamb\u00e9m, para os novos desafios que est\u00e3o por vir\u201d, garantiu.<\/p>\n\n\n\n<p>O prefeito Galego Mota agradeceu ao deputado Othelino Neto pela parceria e destacou que o seu trabalho \u00e9 reconhecido pela popula\u00e7\u00e3o.<\/p>\n\n\n\n<div class=\"wp-block-image\"><figure class=\"aligncenter size-large\"><a href=\"https:\/\/www.blogsoestado.com\/danielmatos\/files\/2022\/03\/Screenshot_20220327-0046492.png\"><img decoding=\"async\" src=\"https:\/\/www.blogsoestado.com\/danielmatos\/files\/2022\/03\/Screenshot_20220327-0046492.png\" alt=\"\" class=\"wp-image-95530\"\/><\/a><figcaption>Othelino Neto e o prefeito Galego Mota em abra\u00e7o que reafirmou a parceria institucional e pol\u00edtica<\/figcaption><\/figure><\/div>\n\n\n\n<p>\u201cEssa \u00e9 uma parceria que, certamente, vai continuar. Juntos, seguiremos conquistando muitos benef\u00edcios para a nosso povo. S\u00f3 temos a agradecer ao deputado Othelino por andar de m\u00e3os dadas com a nossa gest\u00e3o\u201d, disse Galego.<\/p>\n","protected":false},"excerpt":{"rendered":"<p>O presidente da Assembleia Legislativa do Maranh\u00e3o, deputado Othelino Neto (PCdoB), participou, na noite dessa sexta-feira (25), de um encontro [&hellip;]<\/p>\n","protected":false},"author":0,"featured_media":0,"comment_status":"open","ping_status":"open","sticky":false,"template":"","format":"standard","meta":{"site-sidebar-layout":"default","site-content-layout":"","ast-site-content-layout":"default","site-content-style":"default","site-sidebar-style":"default","ast-global-header-display":"","ast-banner-title-visibility":"","ast-main-header-display":"","ast-hfb-above-header-display":"","ast-hfb-below-header-display":"","ast-hfb-mobile-header-display":"","site-post-title":"","ast-breadcrumbs-content":"","ast-featured-img":"","footer-sml-layout":"","ast-disable-related-posts":"","theme-transparent-header-meta":"","adv-header-id-meta":"","stick-header-meta":"","header-above-stick-meta":"","header-main-stick-meta":"","header-below-stick-meta":"","astra-migrate-meta-layouts":"default","ast-page-background-enabled":"default","ast-page-background-meta":{"desktop":{"background-color":"var(--ast-global-color-5)","background-image":"","background-repeat":"repeat","background-position":"center center","background-size":"auto","background-attachment":"scroll","background-type":"","background-media":"","overlay-type":"","overlay-color":"","overlay-opacity":"","overlay-gradient":""},"tablet":{"background-color":"","background-image":"","background-repeat":"repeat","background-position":"center center","background-size":"auto","background-attachment":"scroll","background-type":"","background-media":"","overlay-type":"","overlay-color":"","overlay-opacity":"","overlay-gradient":""},"mobile":{"background-color":"","background-image":"","background-repeat":"repeat","background-position":"center center","background-size":"auto","background-attachment":"scroll","background-type":"","background-media":"","overlay-type":"","overlay-color":"","overlay-opacity":"","overlay-gradient":""}},"ast-content-background-meta":{"desktop":{"background-color":"var(--ast-global-color-4)","background-image":"","background-repeat":"repeat","background-position":"center center","background-size":"auto","background-attachment":"scroll","background-type":"","background-media":"","overlay-type":"","overlay-color":"","overlay-opacity":"","overlay-gradient":""},"tablet":{"background-color":"var(--ast-global-color-4)","background-image":"","background-repeat":"repeat","background-position":"center center","background-size":"auto","background-attachment":"scroll","background-type":"","background-media":"","overlay-type":"","overlay-color":"","overlay-opacity":"","overlay-gradient":""},"mobile":{"background-color":"var(--ast-global-color-4)","background-image":"","background-repeat":"repeat","background-position":"center center","background-size":"auto","background-attachment":"scroll","background-type":"","background-media":"","overlay-type":"","overlay-color":"","overlay-opacity":"","overlay-gradient":""}},"footnotes":""},"categories":[1],"tags":[],"class_list":["post-95527","post","type-post","status-publish","format-standard","hentry","category-sem-categoria"],"yoast_head":"<!-- This site is optimized with the Yoast SEO plugin v26.6 - https:\/\/yoast.com\/wordpress\/plugins\/seo\/ -->\n<title>Othelino re\u00fane-se com lideran\u00e7as de Dom Pedro e reitera parceria em prol do munic\u00edpio - Daniel Matos<\/title>\n<meta name=\"robots\" content=\"index, follow, max-snippet:-1, max-image-preview:large, max-video-preview:-1\" \/>\n<link rel=\"canonical\" href=\"https:\/\/www.blogsoestado.com\/danielmatos\/othelino-reune-se-com-liderancas-de-dom-pedro-e-reitera-parceria-em-prol-do-municipio\/\" \/>\n<meta property=\"og:locale\" content=\"pt_BR\" \/>\n<meta property=\"og:type\" content=\"article\" \/>\n<meta property=\"og:title\" content=\"Othelino re\u00fane-se com lideran\u00e7as de Dom Pedro e reitera parceria em prol do munic\u00edpio - Daniel Matos\" \/>\n<meta property=\"og:description\" content=\"O presidente da Assembleia Legislativa do Maranh\u00e3o, deputado Othelino Neto (PCdoB), participou, na noite dessa sexta-feira (25), de um encontro [&hellip;]\" \/>\n<meta property=\"og:url\" content=\"https:\/\/www.blogsoestado.com\/danielmatos\/othelino-reune-se-com-liderancas-de-dom-pedro-e-reitera-parceria-em-prol-do-municipio\/\" \/>\n<meta property=\"og:site_name\" content=\"Daniel Matos\" \/>\n<meta property=\"article:published_time\" content=\"2022-03-27T12:00:00+00:00\" \/>\n<meta property=\"og:image\" content=\"https:\/\/www.blogsoestado.com\/danielmatos\/files\/2022\/03\/Screenshot_20220327-0046082.png\" \/>\n<meta name=\"twitter:card\" content=\"summary_large_image\" \/>\n<meta name=\"twitter:label1\" content=\"Est. tempo de leitura\" \/>\n\t<meta name=\"twitter:data1\" content=\"3 minutos\" \/>\n<script type=\"application\/ld+json\" class=\"yoast-schema-graph\">{\"@context\":\"https:\/\/schema.org\",\"@graph\":[{\"@type\":\"WebPage\",\"@id\":\"https:\/\/www.blogsoestado.com\/danielmatos\/othelino-reune-se-com-liderancas-de-dom-pedro-e-reitera-parceria-em-prol-do-municipio\/\",\"url\":\"https:\/\/www.blogsoestado.com\/danielmatos\/othelino-reune-se-com-liderancas-de-dom-pedro-e-reitera-parceria-em-prol-do-municipio\/\",\"name\":\"Othelino re\u00fane-se com lideran\u00e7as de Dom Pedro e reitera parceria em prol do munic\u00edpio - Daniel Matos\",\"isPartOf\":{\"@id\":\"https:\/\/www.blogsoestado.com\/danielmatos\/#website\"},\"primaryImageOfPage\":{\"@id\":\"https:\/\/www.blogsoestado.com\/danielmatos\/othelino-reune-se-com-liderancas-de-dom-pedro-e-reitera-parceria-em-prol-do-municipio\/#primaryimage\"},\"image\":{\"@id\":\"https:\/\/www.blogsoestado.com\/danielmatos\/othelino-reune-se-com-liderancas-de-dom-pedro-e-reitera-parceria-em-prol-do-municipio\/#primaryimage\"},\"thumbnailUrl\":\"https:\/\/www.blogsoestado.com\/danielmatos\/files\/2022\/03\/Screenshot_20220327-0046082.png\",\"datePublished\":\"2022-03-27T12:00:00+00:00\",\"author\":{\"@id\":\"\"},\"breadcrumb\":{\"@id\":\"https:\/\/www.blogsoestado.com\/danielmatos\/othelino-reune-se-com-liderancas-de-dom-pedro-e-reitera-parceria-em-prol-do-municipio\/#breadcrumb\"},\"inLanguage\":\"pt-BR\",\"potentialAction\":[{\"@type\":\"ReadAction\",\"target\":[\"https:\/\/www.blogsoestado.com\/danielmatos\/othelino-reune-se-com-liderancas-de-dom-pedro-e-reitera-parceria-em-prol-do-municipio\/\"]}]},{\"@type\":\"ImageObject\",\"inLanguage\":\"pt-BR\",\"@id\":\"https:\/\/www.blogsoestado.com\/danielmatos\/othelino-reune-se-com-liderancas-de-dom-pedro-e-reitera-parceria-em-prol-do-municipio\/#primaryimage\",\"url\":\"https:\/\/www.blogsoestado.com\/danielmatos\/files\/2022\/03\/Screenshot_20220327-0046082.png\",\"contentUrl\":\"https:\/\/www.blogsoestado.com\/danielmatos\/files\/2022\/03\/Screenshot_20220327-0046082.png\"},{\"@type\":\"BreadcrumbList\",\"@id\":\"https:\/\/www.blogsoestado.com\/danielmatos\/othelino-reune-se-com-liderancas-de-dom-pedro-e-reitera-parceria-em-prol-do-municipio\/#breadcrumb\",\"itemListElement\":[{\"@type\":\"ListItem\",\"position\":1,\"name\":\"In\u00edcio\",\"item\":\"https:\/\/www.blogsoestado.com\/danielmatos\/\"},{\"@type\":\"ListItem\",\"position\":2,\"name\":\"Othelino re\u00fane-se com lideran\u00e7as de Dom Pedro e reitera parceria em prol do munic\u00edpio\"}]},{\"@type\":\"WebSite\",\"@id\":\"https:\/\/www.blogsoestado.com\/danielmatos\/#website\",\"url\":\"https:\/\/www.blogsoestado.com\/danielmatos\/\",\"name\":\"Daniel Matos\",\"description\":\"\",\"potentialAction\":[{\"@type\":\"SearchAction\",\"target\":{\"@type\":\"EntryPoint\",\"urlTemplate\":\"https:\/\/www.blogsoestado.com\/danielmatos\/?s={search_term_string}\"},\"query-input\":{\"@type\":\"PropertyValueSpecification\",\"valueRequired\":true,\"valueName\":\"search_term_string\"}}],\"inLanguage\":\"pt-BR\"}]}<\/script>\n<!-- \/ Yoast SEO plugin. -->","yoast_head_json":{"title":"Othelino re\u00fane-se com lideran\u00e7as de Dom Pedro e reitera parceria em prol do munic\u00edpio - Daniel Matos","robots":{"index":"index","follow":"follow","max-snippet":"max-snippet:-1","max-image-preview":"max-image-preview:large","max-video-preview":"max-video-preview:-1"},"canonical":"https:\/\/www.blogsoestado.com\/danielmatos\/othelino-reune-se-com-liderancas-de-dom-pedro-e-reitera-parceria-em-prol-do-municipio\/","og_locale":"pt_BR","og_type":"article","og_title":"Othelino re\u00fane-se com lideran\u00e7as de Dom Pedro e reitera parceria em prol do munic\u00edpio - Daniel Matos","og_description":"O presidente da Assembleia Legislativa do Maranh\u00e3o, deputado Othelino Neto (PCdoB), participou, na noite dessa sexta-feira (25), de um encontro [&hellip;]","og_url":"https:\/\/www.blogsoestado.com\/danielmatos\/othelino-reune-se-com-liderancas-de-dom-pedro-e-reitera-parceria-em-prol-do-municipio\/","og_site_name":"Daniel Matos","article_published_time":"2022-03-27T12:00:00+00:00","og_image":[{"url":"https:\/\/www.blogsoestado.com\/danielmatos\/files\/2022\/03\/Screenshot_20220327-0046082.png","type":"","width":"","height":""}],"twitter_card":"summary_large_image","twitter_misc":{"Est. tempo de leitura":"3 minutos"},"schema":{"@context":"https:\/\/schema.org","@graph":[{"@type":"WebPage","@id":"https:\/\/www.blogsoestado.com\/danielmatos\/othelino-reune-se-com-liderancas-de-dom-pedro-e-reitera-parceria-em-prol-do-municipio\/","url":"https:\/\/www.blogsoestado.com\/danielmatos\/othelino-reune-se-com-liderancas-de-dom-pedro-e-reitera-parceria-em-prol-do-municipio\/","name":"Othelino re\u00fane-se com lideran\u00e7as de Dom Pedro e reitera parceria em prol do munic\u00edpio - Daniel Matos","isPartOf":{"@id":"https:\/\/www.blogsoestado.com\/danielmatos\/#website"},"primaryImageOfPage":{"@id":"https:\/\/www.blogsoestado.com\/danielmatos\/othelino-reune-se-com-liderancas-de-dom-pedro-e-reitera-parceria-em-prol-do-municipio\/#primaryimage"},"image":{"@id":"https:\/\/www.blogsoestado.com\/danielmatos\/othelino-reune-se-com-liderancas-de-dom-pedro-e-reitera-parceria-em-prol-do-municipio\/#primaryimage"},"thumbnailUrl":"https:\/\/www.blogsoestado.com\/danielmatos\/files\/2022\/03\/Screenshot_20220327-0046082.png","datePublished":"2022-03-27T12:00:00+00:00","author":{"@id":""},"breadcrumb":{"@id":"https:\/\/www.blogsoestado.com\/danielmatos\/othelino-reune-se-com-liderancas-de-dom-pedro-e-reitera-parceria-em-prol-do-municipio\/#breadcrumb"},"inLanguage":"pt-BR","potentialAction":[{"@type":"ReadAction","target":["https:\/\/www.blogsoestado.com\/danielmatos\/othelino-reune-se-com-liderancas-de-dom-pedro-e-reitera-parceria-em-prol-do-municipio\/"]}]},{"@type":"ImageObject","inLanguage":"pt-BR","@id":"https:\/\/www.blogsoestado.com\/danielmatos\/othelino-reune-se-com-liderancas-de-dom-pedro-e-reitera-parceria-em-prol-do-municipio\/#primaryimage","url":"https:\/\/www.blogsoestado.com\/danielmatos\/files\/2022\/03\/Screenshot_20220327-0046082.png","contentUrl":"https:\/\/www.blogsoestado.com\/danielmatos\/files\/2022\/03\/Screenshot_20220327-0046082.png"},{"@type":"BreadcrumbList","@id":"https:\/\/www.blogsoestado.com\/danielmatos\/othelino-reune-se-com-liderancas-de-dom-pedro-e-reitera-parceria-em-prol-do-municipio\/#breadcrumb","itemListElement":[{"@type":"ListItem","position":1,"name":"In\u00edcio","item":"https:\/\/www.blogsoestado.com\/danielmatos\/"},{"@type":"ListItem","position":2,"name":"Othelino re\u00fane-se com lideran\u00e7as de Dom Pedro e reitera parceria em prol do munic\u00edpio"}]},{"@type":"WebSite","@id":"https:\/\/www.blogsoestado.com\/danielmatos\/#website","url":"https:\/\/www.blogsoestado.com\/danielmatos\/","name":"Daniel Matos","description":"","potentialAction":[{"@type":"SearchAction","target":{"@type":"EntryPoint","urlTemplate":"https:\/\/www.blogsoestado.com\/danielmatos\/?s={search_term_string}"},"query-input":{"@type":"PropertyValueSpecification","valueRequired":true,"valueName":"search_term_string"}}],"inLanguage":"pt-BR"}]}},"jetpack_featured_media_url":"","_links":{"self":[{"href":"https:\/\/www.blogsoestado.com\/danielmatos\/wp-json\/wp\/v2\/posts\/95527","targetHints":{"allow":["GET"]}}],"collection":[{"href":"https:\/\/www.blogsoestado.com\/danielmatos\/wp-json\/wp\/v2\/posts"}],"about":[{"href":"https:\/\/www.blogsoestado.com\/danielmatos\/wp-json\/wp\/v2\/types\/post"}],"replies":[{"embeddable":true,"href":"https:\/\/www.blogsoestado.com\/danielmatos\/wp-json\/wp\/v2\/comments?post=95527"}],"version-history":[{"count":0,"href":"https:\/\/www.blogsoestado.com\/danielmatos\/wp-json\/wp\/v2\/posts\/95527\/revisions"}],"wp:attachment":[{"href":"https:\/\/www.blogsoestado.com\/danielmatos\/wp-json\/wp\/v2\/media?parent=95527"}],"wp:term":[{"taxonomy":"category","embeddable":true,"href":"https:\/\/www.blogsoestado.com\/danielmatos\/wp-json\/wp\/v2\/categories?post=95527"},{"taxonomy":"post_tag","embeddable":true,"href":"https:\/\/www.blogsoestado.com\/danielmatos\/wp-json\/wp\/v2\/tags?post=95527"}],"curies":[{"name":"wp","href":"https:\/\/api.w.org\/{rel}","templated":true}]}}