{"id":95538,"date":"2022-03-27T13:41:20","date_gmt":"2022-03-27T16:41:20","guid":{"rendered":"https:\/\/www.blogsoestado.com\/danielmatos\/?p=95538"},"modified":"2022-03-27T13:41:20","modified_gmt":"2022-03-27T16:41:20","slug":"interdicao-da-rua-da-feira-do-maiobao-aos-fins-de-semana-garante-seguranca-e-conforto-durante-as-compras","status":"publish","type":"post","link":"https:\/\/www.blogsoestado.com\/danielmatos\/interdicao-da-rua-da-feira-do-maiobao-aos-fins-de-semana-garante-seguranca-e-conforto-durante-as-compras\/","title":{"rendered":"Interdi\u00e7\u00e3o da rua da Feira do Maiob\u00e3o aos fins de semana garante seguran\u00e7a e conforto durante as compras"},"content":{"rendered":"\n<div class=\"wp-block-image\"><figure class=\"aligncenter size-large\"><a href=\"https:\/\/www.blogsoestado.com\/danielmatos\/files\/2022\/03\/Screenshot_20220327-1333332.png\"><img decoding=\"async\" src=\"https:\/\/www.blogsoestado.com\/danielmatos\/files\/2022\/03\/Screenshot_20220327-1333332.png\" alt=\"\" class=\"wp-image-95539\"\/><\/a><figcaption>Fiscaliza\u00e7\u00e3o de tr\u00e2nsito atua para garantir o bloqueio e preservar a seguran\u00e7a e o conforto dos populares<\/figcaption><\/figure><\/div>\n\n\n\n<p>O tr\u00e2nsito no Maiob\u00e3o tem sido reorganizado nas \u00faltimas semanas com o objetivo de evitar acidentes e harmonizar a circula\u00e7\u00e3o de pedestres e ve\u00edculos no local. Ap\u00f3s a altera\u00e7\u00e3o dos sentidos de algumas vias do bairro, a Prefeitura de Pa\u00e7o do Lumiar, por meio da Secretaria Municipal de Mobilidade Urbana ,com apoio da Secretaria Municipal de Agricultura, realiza a partir desta s\u00e1bado (26) a interdi\u00e7\u00e3o da rua 101, no trecho da Feira do Maiob\u00e3o, das 06h \u00e0s 13h, ficando para uso exclusivo de feirantes e consumidores aos s\u00e1bados, domingos e feriados.<\/p>\n\n\n\n<div class=\"wp-block-image\"><figure class=\"aligncenter size-large\"><a href=\"https:\/\/www.blogsoestado.com\/danielmatos\/files\/2022\/03\/Screenshot_20220327-1333562.png\"><img decoding=\"async\" src=\"https:\/\/www.blogsoestado.com\/danielmatos\/files\/2022\/03\/Screenshot_20220327-1333562.png\" alt=\"\" class=\"wp-image-95540\"\/><\/a><figcaption>Risco de acidentes de tr\u00e2nsito no entorno do mercado foi eliminado com a interdi\u00e7\u00e3o da rua<\/figcaption><\/figure><\/div>\n\n\n\n<p>&#8220;O objetivo \u00e9 evitar acidentes, visto que antes o espa\u00e7o dispon\u00edvel para os pedestres era bem comprometido por conta do forte fluxo de carros, caminh\u00f5es e motocicletas&#8221;, afirmou Paula Azevedo, prefeita de Pa\u00e7o do Lumiar.<\/p>\n\n\n\n<p><\/p>\n\n\n\n<p>Alguns agentes de tr\u00e2nsito auxiliam os condutores quanto as vias alternativas para que evitem acessar a rua bloqueada. J\u00e1 quanto a ve\u00edculos de carga, as secretarias municipais realizaram um rod\u00edzio com hor\u00e1rios dispon\u00edveis para a realiza\u00e7\u00e3o dessas entregas das cargas sem interferir no tr\u00e2nsito no local.<\/p>\n\n\n\n<div class=\"wp-block-image\"><figure class=\"aligncenter size-large\"><a href=\"https:\/\/www.blogsoestado.com\/danielmatos\/files\/2022\/03\/Screenshot_20220327-1334142.png\"><img decoding=\"async\" src=\"https:\/\/www.blogsoestado.com\/danielmatos\/files\/2022\/03\/Screenshot_20220327-1334142.png\" alt=\"\" class=\"wp-image-95541\"\/><\/a><figcaption>Cones foram posicionados de uma margem \u00e0 outra da via para alertar os motoristas sobre a suspens\u00e3o do tr\u00e1fego no trecho<\/figcaption><\/figure><\/div>\n\n\n\n<p>&#8220;N\u00f3s fechamos parte da via com correntes e sinalizamos com cones. Posicionamos agentes de tr\u00e2nsito para garantir que o acesso ao local n\u00e3o fosse comprometido e que o tr\u00e2nsito nas demais ruas flu\u00edsse com tranquilidade. Acreditamos que com essa iniciativa possamos diminuir os conflitos antes ocorridos entre pedestres e condutores&#8221;, disse o secret\u00e1rio de mobilidade urbana, P\u00e1dua Nazareno.<\/p>\n\n\n\n<p>As ruas paralelas e perpendiculares \u00e0 rua 101 est\u00e3o liberadas para estacionamento de ve\u00edculos.<\/p>\n","protected":false},"excerpt":{"rendered":"<p>O tr\u00e2nsito no Maiob\u00e3o tem sido reorganizado nas \u00faltimas semanas com o objetivo de evitar acidentes e harmonizar a circula\u00e7\u00e3o [&hellip;]<\/p>\n","protected":false},"author":0,"featured_media":0,"comment_status":"open","ping_status":"open","sticky":false,"template":"","format":"standard","meta":{"site-sidebar-layout":"default","site-content-layout":"","ast-site-content-layout":"default","site-content-style":"default","site-sidebar-style":"default","ast-global-header-display":"","ast-banner-title-visibility":"","ast-main-header-display":"","ast-hfb-above-header-display":"","ast-hfb-below-header-display":"","ast-hfb-mobile-header-display":"","site-post-title":"","ast-breadcrumbs-content":"","ast-featured-img":"","footer-sml-layout":"","ast-disable-related-posts":"","theme-transparent-header-meta":"","adv-header-id-meta":"","stick-header-meta":"","header-above-stick-meta":"","header-main-stick-meta":"","header-below-stick-meta":"","astra-migrate-meta-layouts":"default","ast-page-background-enabled":"default","ast-page-background-meta":{"desktop":{"background-color":"var(--ast-global-color-5)","background-image":"","background-repeat":"repeat","background-position":"center center","background-size":"auto","background-attachment":"scroll","background-type":"","background-media":"","overlay-type":"","overlay-color":"","overlay-opacity":"","overlay-gradient":""},"tablet":{"background-color":"","background-image":"","background-repeat":"repeat","background-position":"center center","background-size":"auto","background-attachment":"scroll","background-type":"","background-media":"","overlay-type":"","overlay-color":"","overlay-opacity":"","overlay-gradient":""},"mobile":{"background-color":"","background-image":"","background-repeat":"repeat","background-position":"center center","background-size":"auto","background-attachment":"scroll","background-type":"","background-media":"","overlay-type":"","overlay-color":"","overlay-opacity":"","overlay-gradient":""}},"ast-content-background-meta":{"desktop":{"background-color":"var(--ast-global-color-4)","background-image":"","background-repeat":"repeat","background-position":"center center","background-size":"auto","background-attachment":"scroll","background-type":"","background-media":"","overlay-type":"","overlay-color":"","overlay-opacity":"","overlay-gradient":""},"tablet":{"background-color":"var(--ast-global-color-4)","background-image":"","background-repeat":"repeat","background-position":"center center","background-size":"auto","background-attachment":"scroll","background-type":"","background-media":"","overlay-type":"","overlay-color":"","overlay-opacity":"","overlay-gradient":""},"mobile":{"background-color":"var(--ast-global-color-4)","background-image":"","background-repeat":"repeat","background-position":"center center","background-size":"auto","background-attachment":"scroll","background-type":"","background-media":"","overlay-type":"","overlay-color":"","overlay-opacity":"","overlay-gradient":""}},"footnotes":""},"categories":[1],"tags":[],"class_list":["post-95538","post","type-post","status-publish","format-standard","hentry","category-sem-categoria"],"yoast_head":"<!-- This site is optimized with the Yoast SEO plugin v26.6 - https:\/\/yoast.com\/wordpress\/plugins\/seo\/ -->\n<title>Interdi\u00e7\u00e3o da rua da Feira do Maiob\u00e3o aos fins de semana garante seguran\u00e7a e conforto durante as compras - Daniel Matos<\/title>\n<meta name=\"robots\" content=\"index, follow, max-snippet:-1, max-image-preview:large, max-video-preview:-1\" \/>\n<link rel=\"canonical\" href=\"https:\/\/www.blogsoestado.com\/danielmatos\/interdicao-da-rua-da-feira-do-maiobao-aos-fins-de-semana-garante-seguranca-e-conforto-durante-as-compras\/\" \/>\n<meta property=\"og:locale\" content=\"pt_BR\" \/>\n<meta property=\"og:type\" content=\"article\" \/>\n<meta property=\"og:title\" content=\"Interdi\u00e7\u00e3o da rua da Feira do Maiob\u00e3o aos fins de semana garante seguran\u00e7a e conforto durante as compras - Daniel Matos\" \/>\n<meta property=\"og:description\" content=\"O tr\u00e2nsito no Maiob\u00e3o tem sido reorganizado nas \u00faltimas semanas com o objetivo de evitar acidentes e harmonizar a circula\u00e7\u00e3o [&hellip;]\" \/>\n<meta property=\"og:url\" content=\"https:\/\/www.blogsoestado.com\/danielmatos\/interdicao-da-rua-da-feira-do-maiobao-aos-fins-de-semana-garante-seguranca-e-conforto-durante-as-compras\/\" \/>\n<meta property=\"og:site_name\" content=\"Daniel Matos\" \/>\n<meta property=\"article:published_time\" content=\"2022-03-27T16:41:20+00:00\" \/>\n<meta property=\"og:image\" content=\"https:\/\/www.blogsoestado.com\/danielmatos\/files\/2022\/03\/Screenshot_20220327-1333332.png\" \/>\n<meta name=\"twitter:card\" content=\"summary_large_image\" \/>\n<meta name=\"twitter:label1\" content=\"Est. tempo de leitura\" \/>\n\t<meta name=\"twitter:data1\" content=\"2 minutos\" \/>\n<script type=\"application\/ld+json\" class=\"yoast-schema-graph\">{\"@context\":\"https:\/\/schema.org\",\"@graph\":[{\"@type\":\"WebPage\",\"@id\":\"https:\/\/www.blogsoestado.com\/danielmatos\/interdicao-da-rua-da-feira-do-maiobao-aos-fins-de-semana-garante-seguranca-e-conforto-durante-as-compras\/\",\"url\":\"https:\/\/www.blogsoestado.com\/danielmatos\/interdicao-da-rua-da-feira-do-maiobao-aos-fins-de-semana-garante-seguranca-e-conforto-durante-as-compras\/\",\"name\":\"Interdi\u00e7\u00e3o da rua da Feira do Maiob\u00e3o aos fins de semana garante seguran\u00e7a e conforto durante as compras - Daniel Matos\",\"isPartOf\":{\"@id\":\"https:\/\/www.blogsoestado.com\/danielmatos\/#website\"},\"primaryImageOfPage\":{\"@id\":\"https:\/\/www.blogsoestado.com\/danielmatos\/interdicao-da-rua-da-feira-do-maiobao-aos-fins-de-semana-garante-seguranca-e-conforto-durante-as-compras\/#primaryimage\"},\"image\":{\"@id\":\"https:\/\/www.blogsoestado.com\/danielmatos\/interdicao-da-rua-da-feira-do-maiobao-aos-fins-de-semana-garante-seguranca-e-conforto-durante-as-compras\/#primaryimage\"},\"thumbnailUrl\":\"https:\/\/www.blogsoestado.com\/danielmatos\/files\/2022\/03\/Screenshot_20220327-1333332.png\",\"datePublished\":\"2022-03-27T16:41:20+00:00\",\"author\":{\"@id\":\"\"},\"breadcrumb\":{\"@id\":\"https:\/\/www.blogsoestado.com\/danielmatos\/interdicao-da-rua-da-feira-do-maiobao-aos-fins-de-semana-garante-seguranca-e-conforto-durante-as-compras\/#breadcrumb\"},\"inLanguage\":\"pt-BR\",\"potentialAction\":[{\"@type\":\"ReadAction\",\"target\":[\"https:\/\/www.blogsoestado.com\/danielmatos\/interdicao-da-rua-da-feira-do-maiobao-aos-fins-de-semana-garante-seguranca-e-conforto-durante-as-compras\/\"]}]},{\"@type\":\"ImageObject\",\"inLanguage\":\"pt-BR\",\"@id\":\"https:\/\/www.blogsoestado.com\/danielmatos\/interdicao-da-rua-da-feira-do-maiobao-aos-fins-de-semana-garante-seguranca-e-conforto-durante-as-compras\/#primaryimage\",\"url\":\"https:\/\/www.blogsoestado.com\/danielmatos\/files\/2022\/03\/Screenshot_20220327-1333332.png\",\"contentUrl\":\"https:\/\/www.blogsoestado.com\/danielmatos\/files\/2022\/03\/Screenshot_20220327-1333332.png\"},{\"@type\":\"BreadcrumbList\",\"@id\":\"https:\/\/www.blogsoestado.com\/danielmatos\/interdicao-da-rua-da-feira-do-maiobao-aos-fins-de-semana-garante-seguranca-e-conforto-durante-as-compras\/#breadcrumb\",\"itemListElement\":[{\"@type\":\"ListItem\",\"position\":1,\"name\":\"In\u00edcio\",\"item\":\"https:\/\/www.blogsoestado.com\/danielmatos\/\"},{\"@type\":\"ListItem\",\"position\":2,\"name\":\"Interdi\u00e7\u00e3o da rua da Feira do Maiob\u00e3o aos fins de semana garante seguran\u00e7a e conforto durante as compras\"}]},{\"@type\":\"WebSite\",\"@id\":\"https:\/\/www.blogsoestado.com\/danielmatos\/#website\",\"url\":\"https:\/\/www.blogsoestado.com\/danielmatos\/\",\"name\":\"Daniel Matos\",\"description\":\"\",\"potentialAction\":[{\"@type\":\"SearchAction\",\"target\":{\"@type\":\"EntryPoint\",\"urlTemplate\":\"https:\/\/www.blogsoestado.com\/danielmatos\/?s={search_term_string}\"},\"query-input\":{\"@type\":\"PropertyValueSpecification\",\"valueRequired\":true,\"valueName\":\"search_term_string\"}}],\"inLanguage\":\"pt-BR\"}]}<\/script>\n<!-- \/ Yoast SEO plugin. -->","yoast_head_json":{"title":"Interdi\u00e7\u00e3o da rua da Feira do Maiob\u00e3o aos fins de semana garante seguran\u00e7a e conforto durante as compras - Daniel Matos","robots":{"index":"index","follow":"follow","max-snippet":"max-snippet:-1","max-image-preview":"max-image-preview:large","max-video-preview":"max-video-preview:-1"},"canonical":"https:\/\/www.blogsoestado.com\/danielmatos\/interdicao-da-rua-da-feira-do-maiobao-aos-fins-de-semana-garante-seguranca-e-conforto-durante-as-compras\/","og_locale":"pt_BR","og_type":"article","og_title":"Interdi\u00e7\u00e3o da rua da Feira do Maiob\u00e3o aos fins de semana garante seguran\u00e7a e conforto durante as compras - Daniel Matos","og_description":"O tr\u00e2nsito no Maiob\u00e3o tem sido reorganizado nas \u00faltimas semanas com o objetivo de evitar acidentes e harmonizar a circula\u00e7\u00e3o [&hellip;]","og_url":"https:\/\/www.blogsoestado.com\/danielmatos\/interdicao-da-rua-da-feira-do-maiobao-aos-fins-de-semana-garante-seguranca-e-conforto-durante-as-compras\/","og_site_name":"Daniel Matos","article_published_time":"2022-03-27T16:41:20+00:00","og_image":[{"url":"https:\/\/www.blogsoestado.com\/danielmatos\/files\/2022\/03\/Screenshot_20220327-1333332.png","type":"","width":"","height":""}],"twitter_card":"summary_large_image","twitter_misc":{"Est. tempo de leitura":"2 minutos"},"schema":{"@context":"https:\/\/schema.org","@graph":[{"@type":"WebPage","@id":"https:\/\/www.blogsoestado.com\/danielmatos\/interdicao-da-rua-da-feira-do-maiobao-aos-fins-de-semana-garante-seguranca-e-conforto-durante-as-compras\/","url":"https:\/\/www.blogsoestado.com\/danielmatos\/interdicao-da-rua-da-feira-do-maiobao-aos-fins-de-semana-garante-seguranca-e-conforto-durante-as-compras\/","name":"Interdi\u00e7\u00e3o da rua da Feira do Maiob\u00e3o aos fins de semana garante seguran\u00e7a e conforto durante as compras - Daniel Matos","isPartOf":{"@id":"https:\/\/www.blogsoestado.com\/danielmatos\/#website"},"primaryImageOfPage":{"@id":"https:\/\/www.blogsoestado.com\/danielmatos\/interdicao-da-rua-da-feira-do-maiobao-aos-fins-de-semana-garante-seguranca-e-conforto-durante-as-compras\/#primaryimage"},"image":{"@id":"https:\/\/www.blogsoestado.com\/danielmatos\/interdicao-da-rua-da-feira-do-maiobao-aos-fins-de-semana-garante-seguranca-e-conforto-durante-as-compras\/#primaryimage"},"thumbnailUrl":"https:\/\/www.blogsoestado.com\/danielmatos\/files\/2022\/03\/Screenshot_20220327-1333332.png","datePublished":"2022-03-27T16:41:20+00:00","author":{"@id":""},"breadcrumb":{"@id":"https:\/\/www.blogsoestado.com\/danielmatos\/interdicao-da-rua-da-feira-do-maiobao-aos-fins-de-semana-garante-seguranca-e-conforto-durante-as-compras\/#breadcrumb"},"inLanguage":"pt-BR","potentialAction":[{"@type":"ReadAction","target":["https:\/\/www.blogsoestado.com\/danielmatos\/interdicao-da-rua-da-feira-do-maiobao-aos-fins-de-semana-garante-seguranca-e-conforto-durante-as-compras\/"]}]},{"@type":"ImageObject","inLanguage":"pt-BR","@id":"https:\/\/www.blogsoestado.com\/danielmatos\/interdicao-da-rua-da-feira-do-maiobao-aos-fins-de-semana-garante-seguranca-e-conforto-durante-as-compras\/#primaryimage","url":"https:\/\/www.blogsoestado.com\/danielmatos\/files\/2022\/03\/Screenshot_20220327-1333332.png","contentUrl":"https:\/\/www.blogsoestado.com\/danielmatos\/files\/2022\/03\/Screenshot_20220327-1333332.png"},{"@type":"BreadcrumbList","@id":"https:\/\/www.blogsoestado.com\/danielmatos\/interdicao-da-rua-da-feira-do-maiobao-aos-fins-de-semana-garante-seguranca-e-conforto-durante-as-compras\/#breadcrumb","itemListElement":[{"@type":"ListItem","position":1,"name":"In\u00edcio","item":"https:\/\/www.blogsoestado.com\/danielmatos\/"},{"@type":"ListItem","position":2,"name":"Interdi\u00e7\u00e3o da rua da Feira do Maiob\u00e3o aos fins de semana garante seguran\u00e7a e conforto durante as compras"}]},{"@type":"WebSite","@id":"https:\/\/www.blogsoestado.com\/danielmatos\/#website","url":"https:\/\/www.blogsoestado.com\/danielmatos\/","name":"Daniel Matos","description":"","potentialAction":[{"@type":"SearchAction","target":{"@type":"EntryPoint","urlTemplate":"https:\/\/www.blogsoestado.com\/danielmatos\/?s={search_term_string}"},"query-input":{"@type":"PropertyValueSpecification","valueRequired":true,"valueName":"search_term_string"}}],"inLanguage":"pt-BR"}]}},"jetpack_featured_media_url":"","_links":{"self":[{"href":"https:\/\/www.blogsoestado.com\/danielmatos\/wp-json\/wp\/v2\/posts\/95538","targetHints":{"allow":["GET"]}}],"collection":[{"href":"https:\/\/www.blogsoestado.com\/danielmatos\/wp-json\/wp\/v2\/posts"}],"about":[{"href":"https:\/\/www.blogsoestado.com\/danielmatos\/wp-json\/wp\/v2\/types\/post"}],"replies":[{"embeddable":true,"href":"https:\/\/www.blogsoestado.com\/danielmatos\/wp-json\/wp\/v2\/comments?post=95538"}],"version-history":[{"count":0,"href":"https:\/\/www.blogsoestado.com\/danielmatos\/wp-json\/wp\/v2\/posts\/95538\/revisions"}],"wp:attachment":[{"href":"https:\/\/www.blogsoestado.com\/danielmatos\/wp-json\/wp\/v2\/media?parent=95538"}],"wp:term":[{"taxonomy":"category","embeddable":true,"href":"https:\/\/www.blogsoestado.com\/danielmatos\/wp-json\/wp\/v2\/categories?post=95538"},{"taxonomy":"post_tag","embeddable":true,"href":"https:\/\/www.blogsoestado.com\/danielmatos\/wp-json\/wp\/v2\/tags?post=95538"}],"curies":[{"name":"wp","href":"https:\/\/api.w.org\/{rel}","templated":true}]}}