{"id":95546,"date":"2022-03-28T16:15:50","date_gmt":"2022-03-28T19:15:50","guid":{"rendered":"https:\/\/www.blogsoestado.com\/danielmatos\/?p=95546"},"modified":"2022-03-28T16:15:50","modified_gmt":"2022-03-28T19:15:50","slug":"um-homem-que-levou-paz-a-camara-de-sao-luis-em-prol-da-uniao-dr-gutemberg-retira-candidatura-a-presidencia-e-sai-como-um-lider-consolidado","status":"publish","type":"post","link":"https:\/\/www.blogsoestado.com\/danielmatos\/um-homem-que-levou-paz-a-camara-de-sao-luis-em-prol-da-uniao-dr-gutemberg-retira-candidatura-a-presidencia-e-sai-como-um-lider-consolidado\/","title":{"rendered":"Um homem que levou paz \u00e0 C\u00e2mara de S\u00e3o Lu\u00eds: em prol da uni\u00e3o, Dr. Gutemberg retira candidatura \u00e0 presid\u00eancia e sai como um l\u00edder consolidado"},"content":{"rendered":"\n<div class=\"wp-block-image\"><figure class=\"aligncenter size-large\"><a href=\"https:\/\/www.blogsoestado.com\/danielmatos\/files\/2022\/03\/Screenshot_20220328-1610552.png\"><img decoding=\"async\" src=\"https:\/\/www.blogsoestado.com\/danielmatos\/files\/2022\/03\/Screenshot_20220328-1610552.png\" alt=\"\" class=\"wp-image-95547\"\/><\/a><figcaption>Um dos parlamentares mais experientes de S\u00e3o Lu\u00eds, Dr. Gutemberg recebeu o apoio e reconhecimento dos colegas vereadores<\/figcaption><\/figure><\/div>\n\n\n\n<p>Com \u00e9tica e um discurso sereno que prega a uni\u00e3o no parlamento, o vereador Dr. Gutemberg foi muito aplaudido na C\u00e2mara, ap\u00f3s explicar os motivos que o levaram a abrir m\u00e3o da sua candidatura \u00e0 presid\u00eancia.<\/p>\n\n\n\n<p>Um dos parlamentares mais experientes de S\u00e3o Lu\u00eds, Dr. Gutemberg obteve o apoio e o reconhecimento dos vereadores. E com a grandeza dessa decis\u00e3o, ele se firma como um l\u00edder consolidado do parlamento municipal.<\/p>\n\n\n\n<p>Dr. Gutemberg come\u00e7ou o seu discurso relembrando como surgiu a sua indica\u00e7\u00e3o \u00e0 presid\u00eancia da Casa.<\/p>\n\n\n\n<p>\u201cH\u00e1 oito meses, juntos com um grupo de colegas vereadores, iniciamos uma disputa democr\u00e1tica para a elei\u00e7\u00e3o desta casa. Fiquei muito honrado com a indica\u00e7\u00e3o do meu nome. Tornei essa a minha miss\u00e3o. Sempre colocando \u00e0 disposi\u00e7\u00e3o de todos, a minha experi\u00eancia&nbsp; de vereador pelo quinto mandato. Externo toda a minha gratid\u00e3o e respeito ao meu grupo. Estendo esse sentimento aos vereadores do lado oposto \u00e0 nossa candidatura, que tamb\u00e9m nos deram total tratamento cordial. Gratid\u00e3o a todos\u201d, afirmou o vereador.<\/p>\n\n\n\n<p>Em prol da uni\u00e3o da C\u00e2mara e com ampla viv\u00eancia pol\u00edtica, Dr. Gutemberg explicou que vislumbrou um cen\u00e1rio de conflitos no parlamento, o qual poderia atrapalhar o objetivo principal da casa parlamentar: de ser uma casa de ideias em benef\u00edcio da popula\u00e7\u00e3o.<\/p>\n\n\n\n<p>\u201cPela minha viv\u00eancia, percebi que esta Casa Legislativa corria s\u00e9rios riscos. Ent\u00e3o, em reuni\u00e3o com o nosso grupo, entendemos que era a hora de trazer a paz e a uni\u00e3o, para que ela pudesse funcionar de acordo com os preceitos que todos n\u00f3s acreditamos. Decidimos pela composi\u00e7\u00e3o em prol da uni\u00e3o e da paz nesta Casa\u201d, disse Dr. Gutemberg.<\/p>\n\n\n\n<p>A decis\u00e3o do vereador Dr. Gutemberg, atual vice-presidente da C\u00e2mara Municipal de S\u00e3o Lu\u00eds, levou a calorosos aplausos e discursos dos vereadores que destacaram a grandeza do vereador. O vereador Paulo Victor, agora \u00fanico candidato a presid\u00eancia da C\u00e2mara, pediu cinco minutos da sess\u00e3o para homenagear Dr. Gutemberg.<\/p>\n\n\n\n<p>\u201cVossa Excel\u00eancia sai grande desse processo. Foi uma decis\u00e3o pela unidade por S\u00e3o Lu\u00eds, pela C\u00e2mara Municipal, os servidores e, por fim, pelos vereadores\u201d, reconheceu Paulo Victor.<\/p>\n\n\n\n<p>Em mais um momento de agradecimento, Dr. Gutemberg fez um reconhecimento aos vereadores do seu grupo.<\/p>\n\n\n\n<p>\u201cFa\u00e7o quest\u00e3o de agradecer a todos os vereadores. Em especial ao nosso decano, vereador Chico Carvalho, e sua esposa, Tatiana, por sempre nos receberem de bra\u00e7os abertos em sua casa. Agrade\u00e7o as mulheres guerreiras do nosso time: Karla Sarney, Silvana Noely e Rosana da Sa\u00fade. E a nossa ala jovem, vereador Marlon Bot\u00e3o, gigante pela natureza. Vereadores Daniel, Marcos Castro, Raimundo Penha e Osmar Filho: voc\u00eas s\u00e3o o futuro da nossa pol\u00edtica. Por fim, quero desejar sabedoria ao vereador Paulo Victor, nessa miss\u00e3o em comandar a nossa casa. Desejo tamb\u00e9m que Deus aben\u00e7oe essa casa, os vereadores e servidores. E que Deus aben\u00e7oe o povo e a cidade de S\u00e3o Lu\u00eds \u201d, finalizou.<\/p>\n","protected":false},"excerpt":{"rendered":"<p>Com \u00e9tica e um discurso sereno que prega a uni\u00e3o no parlamento, o vereador Dr. Gutemberg foi muito aplaudido na [&hellip;]<\/p>\n","protected":false},"author":0,"featured_media":0,"comment_status":"open","ping_status":"open","sticky":false,"template":"","format":"standard","meta":{"site-sidebar-layout":"default","site-content-layout":"","ast-site-content-layout":"default","site-content-style":"default","site-sidebar-style":"default","ast-global-header-display":"","ast-banner-title-visibility":"","ast-main-header-display":"","ast-hfb-above-header-display":"","ast-hfb-below-header-display":"","ast-hfb-mobile-header-display":"","site-post-title":"","ast-breadcrumbs-content":"","ast-featured-img":"","footer-sml-layout":"","ast-disable-related-posts":"","theme-transparent-header-meta":"","adv-header-id-meta":"","stick-header-meta":"","header-above-stick-meta":"","header-main-stick-meta":"","header-below-stick-meta":"","astra-migrate-meta-layouts":"default","ast-page-background-enabled":"default","ast-page-background-meta":{"desktop":{"background-color":"var(--ast-global-color-5)","background-image":"","background-repeat":"repeat","background-position":"center center","background-size":"auto","background-attachment":"scroll","background-type":"","background-media":"","overlay-type":"","overlay-color":"","overlay-opacity":"","overlay-gradient":""},"tablet":{"background-color":"","background-image":"","background-repeat":"repeat","background-position":"center center","background-size":"auto","background-attachment":"scroll","background-type":"","background-media":"","overlay-type":"","overlay-color":"","overlay-opacity":"","overlay-gradient":""},"mobile":{"background-color":"","background-image":"","background-repeat":"repeat","background-position":"center center","background-size":"auto","background-attachment":"scroll","background-type":"","background-media":"","overlay-type":"","overlay-color":"","overlay-opacity":"","overlay-gradient":""}},"ast-content-background-meta":{"desktop":{"background-color":"var(--ast-global-color-4)","background-image":"","background-repeat":"repeat","background-position":"center center","background-size":"auto","background-attachment":"scroll","background-type":"","background-media":"","overlay-type":"","overlay-color":"","overlay-opacity":"","overlay-gradient":""},"tablet":{"background-color":"var(--ast-global-color-4)","background-image":"","background-repeat":"repeat","background-position":"center center","background-size":"auto","background-attachment":"scroll","background-type":"","background-media":"","overlay-type":"","overlay-color":"","overlay-opacity":"","overlay-gradient":""},"mobile":{"background-color":"var(--ast-global-color-4)","background-image":"","background-repeat":"repeat","background-position":"center center","background-size":"auto","background-attachment":"scroll","background-type":"","background-media":"","overlay-type":"","overlay-color":"","overlay-opacity":"","overlay-gradient":""}},"footnotes":""},"categories":[1],"tags":[],"class_list":["post-95546","post","type-post","status-publish","format-standard","hentry","category-sem-categoria"],"yoast_head":"<!-- This site is optimized with the Yoast SEO plugin v26.6 - https:\/\/yoast.com\/wordpress\/plugins\/seo\/ -->\n<title>Um homem que levou paz \u00e0 C\u00e2mara de S\u00e3o Lu\u00eds: em prol da uni\u00e3o, Dr. Gutemberg retira candidatura \u00e0 presid\u00eancia e sai como um l\u00edder consolidado - Daniel Matos<\/title>\n<meta name=\"robots\" content=\"index, follow, max-snippet:-1, max-image-preview:large, max-video-preview:-1\" \/>\n<link rel=\"canonical\" href=\"https:\/\/www.blogsoestado.com\/danielmatos\/um-homem-que-levou-paz-a-camara-de-sao-luis-em-prol-da-uniao-dr-gutemberg-retira-candidatura-a-presidencia-e-sai-como-um-lider-consolidado\/\" \/>\n<meta property=\"og:locale\" content=\"pt_BR\" \/>\n<meta property=\"og:type\" content=\"article\" \/>\n<meta property=\"og:title\" content=\"Um homem que levou paz \u00e0 C\u00e2mara de S\u00e3o Lu\u00eds: em prol da uni\u00e3o, Dr. Gutemberg retira candidatura \u00e0 presid\u00eancia e sai como um l\u00edder consolidado - Daniel Matos\" \/>\n<meta property=\"og:description\" content=\"Com \u00e9tica e um discurso sereno que prega a uni\u00e3o no parlamento, o vereador Dr. Gutemberg foi muito aplaudido na [&hellip;]\" \/>\n<meta property=\"og:url\" content=\"https:\/\/www.blogsoestado.com\/danielmatos\/um-homem-que-levou-paz-a-camara-de-sao-luis-em-prol-da-uniao-dr-gutemberg-retira-candidatura-a-presidencia-e-sai-como-um-lider-consolidado\/\" \/>\n<meta property=\"og:site_name\" content=\"Daniel Matos\" \/>\n<meta property=\"article:published_time\" content=\"2022-03-28T19:15:50+00:00\" \/>\n<meta property=\"og:image\" content=\"https:\/\/www.blogsoestado.com\/danielmatos\/files\/2022\/03\/Screenshot_20220328-1610552.png\" \/>\n<meta name=\"twitter:card\" content=\"summary_large_image\" \/>\n<meta name=\"twitter:label1\" content=\"Est. tempo de leitura\" \/>\n\t<meta name=\"twitter:data1\" content=\"3 minutos\" \/>\n<script type=\"application\/ld+json\" class=\"yoast-schema-graph\">{\"@context\":\"https:\/\/schema.org\",\"@graph\":[{\"@type\":\"WebPage\",\"@id\":\"https:\/\/www.blogsoestado.com\/danielmatos\/um-homem-que-levou-paz-a-camara-de-sao-luis-em-prol-da-uniao-dr-gutemberg-retira-candidatura-a-presidencia-e-sai-como-um-lider-consolidado\/\",\"url\":\"https:\/\/www.blogsoestado.com\/danielmatos\/um-homem-que-levou-paz-a-camara-de-sao-luis-em-prol-da-uniao-dr-gutemberg-retira-candidatura-a-presidencia-e-sai-como-um-lider-consolidado\/\",\"name\":\"Um homem que levou paz \u00e0 C\u00e2mara de S\u00e3o Lu\u00eds: em prol da uni\u00e3o, Dr. Gutemberg retira candidatura \u00e0 presid\u00eancia e sai como um l\u00edder consolidado - Daniel Matos\",\"isPartOf\":{\"@id\":\"https:\/\/www.blogsoestado.com\/danielmatos\/#website\"},\"primaryImageOfPage\":{\"@id\":\"https:\/\/www.blogsoestado.com\/danielmatos\/um-homem-que-levou-paz-a-camara-de-sao-luis-em-prol-da-uniao-dr-gutemberg-retira-candidatura-a-presidencia-e-sai-como-um-lider-consolidado\/#primaryimage\"},\"image\":{\"@id\":\"https:\/\/www.blogsoestado.com\/danielmatos\/um-homem-que-levou-paz-a-camara-de-sao-luis-em-prol-da-uniao-dr-gutemberg-retira-candidatura-a-presidencia-e-sai-como-um-lider-consolidado\/#primaryimage\"},\"thumbnailUrl\":\"https:\/\/www.blogsoestado.com\/danielmatos\/files\/2022\/03\/Screenshot_20220328-1610552.png\",\"datePublished\":\"2022-03-28T19:15:50+00:00\",\"author\":{\"@id\":\"\"},\"breadcrumb\":{\"@id\":\"https:\/\/www.blogsoestado.com\/danielmatos\/um-homem-que-levou-paz-a-camara-de-sao-luis-em-prol-da-uniao-dr-gutemberg-retira-candidatura-a-presidencia-e-sai-como-um-lider-consolidado\/#breadcrumb\"},\"inLanguage\":\"pt-BR\",\"potentialAction\":[{\"@type\":\"ReadAction\",\"target\":[\"https:\/\/www.blogsoestado.com\/danielmatos\/um-homem-que-levou-paz-a-camara-de-sao-luis-em-prol-da-uniao-dr-gutemberg-retira-candidatura-a-presidencia-e-sai-como-um-lider-consolidado\/\"]}]},{\"@type\":\"ImageObject\",\"inLanguage\":\"pt-BR\",\"@id\":\"https:\/\/www.blogsoestado.com\/danielmatos\/um-homem-que-levou-paz-a-camara-de-sao-luis-em-prol-da-uniao-dr-gutemberg-retira-candidatura-a-presidencia-e-sai-como-um-lider-consolidado\/#primaryimage\",\"url\":\"https:\/\/www.blogsoestado.com\/danielmatos\/files\/2022\/03\/Screenshot_20220328-1610552.png\",\"contentUrl\":\"https:\/\/www.blogsoestado.com\/danielmatos\/files\/2022\/03\/Screenshot_20220328-1610552.png\"},{\"@type\":\"BreadcrumbList\",\"@id\":\"https:\/\/www.blogsoestado.com\/danielmatos\/um-homem-que-levou-paz-a-camara-de-sao-luis-em-prol-da-uniao-dr-gutemberg-retira-candidatura-a-presidencia-e-sai-como-um-lider-consolidado\/#breadcrumb\",\"itemListElement\":[{\"@type\":\"ListItem\",\"position\":1,\"name\":\"In\u00edcio\",\"item\":\"https:\/\/www.blogsoestado.com\/danielmatos\/\"},{\"@type\":\"ListItem\",\"position\":2,\"name\":\"Um homem que levou paz \u00e0 C\u00e2mara de S\u00e3o Lu\u00eds: em prol da uni\u00e3o, Dr. Gutemberg retira candidatura \u00e0 presid\u00eancia e sai como um l\u00edder consolidado\"}]},{\"@type\":\"WebSite\",\"@id\":\"https:\/\/www.blogsoestado.com\/danielmatos\/#website\",\"url\":\"https:\/\/www.blogsoestado.com\/danielmatos\/\",\"name\":\"Daniel Matos\",\"description\":\"\",\"potentialAction\":[{\"@type\":\"SearchAction\",\"target\":{\"@type\":\"EntryPoint\",\"urlTemplate\":\"https:\/\/www.blogsoestado.com\/danielmatos\/?s={search_term_string}\"},\"query-input\":{\"@type\":\"PropertyValueSpecification\",\"valueRequired\":true,\"valueName\":\"search_term_string\"}}],\"inLanguage\":\"pt-BR\"}]}<\/script>\n<!-- \/ Yoast SEO plugin. -->","yoast_head_json":{"title":"Um homem que levou paz \u00e0 C\u00e2mara de S\u00e3o Lu\u00eds: em prol da uni\u00e3o, Dr. Gutemberg retira candidatura \u00e0 presid\u00eancia e sai como um l\u00edder consolidado - Daniel Matos","robots":{"index":"index","follow":"follow","max-snippet":"max-snippet:-1","max-image-preview":"max-image-preview:large","max-video-preview":"max-video-preview:-1"},"canonical":"https:\/\/www.blogsoestado.com\/danielmatos\/um-homem-que-levou-paz-a-camara-de-sao-luis-em-prol-da-uniao-dr-gutemberg-retira-candidatura-a-presidencia-e-sai-como-um-lider-consolidado\/","og_locale":"pt_BR","og_type":"article","og_title":"Um homem que levou paz \u00e0 C\u00e2mara de S\u00e3o Lu\u00eds: em prol da uni\u00e3o, Dr. Gutemberg retira candidatura \u00e0 presid\u00eancia e sai como um l\u00edder consolidado - Daniel Matos","og_description":"Com \u00e9tica e um discurso sereno que prega a uni\u00e3o no parlamento, o vereador Dr. Gutemberg foi muito aplaudido na [&hellip;]","og_url":"https:\/\/www.blogsoestado.com\/danielmatos\/um-homem-que-levou-paz-a-camara-de-sao-luis-em-prol-da-uniao-dr-gutemberg-retira-candidatura-a-presidencia-e-sai-como-um-lider-consolidado\/","og_site_name":"Daniel Matos","article_published_time":"2022-03-28T19:15:50+00:00","og_image":[{"url":"https:\/\/www.blogsoestado.com\/danielmatos\/files\/2022\/03\/Screenshot_20220328-1610552.png","type":"","width":"","height":""}],"twitter_card":"summary_large_image","twitter_misc":{"Est. tempo de leitura":"3 minutos"},"schema":{"@context":"https:\/\/schema.org","@graph":[{"@type":"WebPage","@id":"https:\/\/www.blogsoestado.com\/danielmatos\/um-homem-que-levou-paz-a-camara-de-sao-luis-em-prol-da-uniao-dr-gutemberg-retira-candidatura-a-presidencia-e-sai-como-um-lider-consolidado\/","url":"https:\/\/www.blogsoestado.com\/danielmatos\/um-homem-que-levou-paz-a-camara-de-sao-luis-em-prol-da-uniao-dr-gutemberg-retira-candidatura-a-presidencia-e-sai-como-um-lider-consolidado\/","name":"Um homem que levou paz \u00e0 C\u00e2mara de S\u00e3o Lu\u00eds: em prol da uni\u00e3o, Dr. Gutemberg retira candidatura \u00e0 presid\u00eancia e sai como um l\u00edder consolidado - Daniel Matos","isPartOf":{"@id":"https:\/\/www.blogsoestado.com\/danielmatos\/#website"},"primaryImageOfPage":{"@id":"https:\/\/www.blogsoestado.com\/danielmatos\/um-homem-que-levou-paz-a-camara-de-sao-luis-em-prol-da-uniao-dr-gutemberg-retira-candidatura-a-presidencia-e-sai-como-um-lider-consolidado\/#primaryimage"},"image":{"@id":"https:\/\/www.blogsoestado.com\/danielmatos\/um-homem-que-levou-paz-a-camara-de-sao-luis-em-prol-da-uniao-dr-gutemberg-retira-candidatura-a-presidencia-e-sai-como-um-lider-consolidado\/#primaryimage"},"thumbnailUrl":"https:\/\/www.blogsoestado.com\/danielmatos\/files\/2022\/03\/Screenshot_20220328-1610552.png","datePublished":"2022-03-28T19:15:50+00:00","author":{"@id":""},"breadcrumb":{"@id":"https:\/\/www.blogsoestado.com\/danielmatos\/um-homem-que-levou-paz-a-camara-de-sao-luis-em-prol-da-uniao-dr-gutemberg-retira-candidatura-a-presidencia-e-sai-como-um-lider-consolidado\/#breadcrumb"},"inLanguage":"pt-BR","potentialAction":[{"@type":"ReadAction","target":["https:\/\/www.blogsoestado.com\/danielmatos\/um-homem-que-levou-paz-a-camara-de-sao-luis-em-prol-da-uniao-dr-gutemberg-retira-candidatura-a-presidencia-e-sai-como-um-lider-consolidado\/"]}]},{"@type":"ImageObject","inLanguage":"pt-BR","@id":"https:\/\/www.blogsoestado.com\/danielmatos\/um-homem-que-levou-paz-a-camara-de-sao-luis-em-prol-da-uniao-dr-gutemberg-retira-candidatura-a-presidencia-e-sai-como-um-lider-consolidado\/#primaryimage","url":"https:\/\/www.blogsoestado.com\/danielmatos\/files\/2022\/03\/Screenshot_20220328-1610552.png","contentUrl":"https:\/\/www.blogsoestado.com\/danielmatos\/files\/2022\/03\/Screenshot_20220328-1610552.png"},{"@type":"BreadcrumbList","@id":"https:\/\/www.blogsoestado.com\/danielmatos\/um-homem-que-levou-paz-a-camara-de-sao-luis-em-prol-da-uniao-dr-gutemberg-retira-candidatura-a-presidencia-e-sai-como-um-lider-consolidado\/#breadcrumb","itemListElement":[{"@type":"ListItem","position":1,"name":"In\u00edcio","item":"https:\/\/www.blogsoestado.com\/danielmatos\/"},{"@type":"ListItem","position":2,"name":"Um homem que levou paz \u00e0 C\u00e2mara de S\u00e3o Lu\u00eds: em prol da uni\u00e3o, Dr. Gutemberg retira candidatura \u00e0 presid\u00eancia e sai como um l\u00edder consolidado"}]},{"@type":"WebSite","@id":"https:\/\/www.blogsoestado.com\/danielmatos\/#website","url":"https:\/\/www.blogsoestado.com\/danielmatos\/","name":"Daniel Matos","description":"","potentialAction":[{"@type":"SearchAction","target":{"@type":"EntryPoint","urlTemplate":"https:\/\/www.blogsoestado.com\/danielmatos\/?s={search_term_string}"},"query-input":{"@type":"PropertyValueSpecification","valueRequired":true,"valueName":"search_term_string"}}],"inLanguage":"pt-BR"}]}},"jetpack_featured_media_url":"","_links":{"self":[{"href":"https:\/\/www.blogsoestado.com\/danielmatos\/wp-json\/wp\/v2\/posts\/95546","targetHints":{"allow":["GET"]}}],"collection":[{"href":"https:\/\/www.blogsoestado.com\/danielmatos\/wp-json\/wp\/v2\/posts"}],"about":[{"href":"https:\/\/www.blogsoestado.com\/danielmatos\/wp-json\/wp\/v2\/types\/post"}],"replies":[{"embeddable":true,"href":"https:\/\/www.blogsoestado.com\/danielmatos\/wp-json\/wp\/v2\/comments?post=95546"}],"version-history":[{"count":0,"href":"https:\/\/www.blogsoestado.com\/danielmatos\/wp-json\/wp\/v2\/posts\/95546\/revisions"}],"wp:attachment":[{"href":"https:\/\/www.blogsoestado.com\/danielmatos\/wp-json\/wp\/v2\/media?parent=95546"}],"wp:term":[{"taxonomy":"category","embeddable":true,"href":"https:\/\/www.blogsoestado.com\/danielmatos\/wp-json\/wp\/v2\/categories?post=95546"},{"taxonomy":"post_tag","embeddable":true,"href":"https:\/\/www.blogsoestado.com\/danielmatos\/wp-json\/wp\/v2\/tags?post=95546"}],"curies":[{"name":"wp","href":"https:\/\/api.w.org\/{rel}","templated":true}]}}