{"id":95569,"date":"2022-03-28T21:35:28","date_gmt":"2022-03-29T00:35:28","guid":{"rendered":"https:\/\/www.blogsoestado.com\/danielmatos\/?p=95569"},"modified":"2022-03-28T21:35:28","modified_gmt":"2022-03-29T00:35:28","slug":"paralisacao-geral-do-transporte-publico-e-confirmada-a-partir-desta-terca-feira-29","status":"publish","type":"post","link":"https:\/\/www.blogsoestado.com\/danielmatos\/paralisacao-geral-do-transporte-publico-e-confirmada-a-partir-desta-terca-feira-29\/","title":{"rendered":"Confirmada paralisa\u00e7\u00e3o geral do transporte p\u00fablico de S\u00e3o Lu\u00eds a partir desta ter\u00e7a-feira (29)"},"content":{"rendered":"\n<div class=\"wp-block-image\"><figure class=\"aligncenter size-large\"><a href=\"https:\/\/www.blogsoestado.com\/danielmatos\/files\/2022\/03\/Screenshot_20220328-2131592.png\"><img decoding=\"async\" src=\"https:\/\/www.blogsoestado.com\/danielmatos\/files\/2022\/03\/Screenshot_20220328-2131592.png\" alt=\"\" class=\"wp-image-95570\"\/><\/a><figcaption>Frota de \u00f4nibus permanecer\u00e1 nas garagens com a decis\u00e3o dos rodovi\u00e1rios de fazer mais uma paralisa\u00e7\u00e3o geral<\/figcaption><\/figure><\/div>\n\n\n\n<p>O Sindicato dos Rodovi\u00e1rios do Maranh\u00e3o informa, que at\u00e9 o fim da tarde desta segunda-feira (28), n\u00e3o houve qualquer avan\u00e7o nas negocia\u00e7\u00f5es entre empres\u00e1rios e os trabalhadores rodovi\u00e1rios. Por esta raz\u00e3o, a paralisa\u00e7\u00e3o geral da categoria est\u00e1 mantida e deve ser deflagrada j\u00e1 nas primeiras horas desta ter\u00e7a-feira (29).<\/p>\n\n\n\n<p>O movimento grevista dos trabalhadores j\u00e1 dura 42 dias. Durante esse per\u00edodo, a entidade cumpriu as decis\u00f5es judiciais, mantendo, inclusive, o m\u00ednimo de 60% da frota de \u00f4nibus em opera\u00e7\u00e3o em toda a Grande S\u00e3o Lu\u00eds. Na \u00faltima audi\u00eancia de concilia\u00e7\u00e3o, no Tribunal Regional do Trabalho (TRT-MA), em 18 de mar\u00e7o de 2022, a quest\u00e3o foi encaminhada para julgamento, j\u00e1 que mais uma vez n\u00e3o houve entendimento entre as partes. At\u00e9 o momento, a Justi\u00e7a do Trabalho n\u00e3o se posicionou sobre quando esse julgamento ir\u00e1 acontecer.<\/p>\n\n\n\n<p>Vale ressaltar que o Sindicato dos Rodovi\u00e1rios do Maranh\u00e3o, ap\u00f3s Assembl\u00e9ia Geral da categoria, em 22 de mar\u00e7o de 2022, cumpriu todos os prazos necess\u00e1rios estabelecidos, inclusive, comunicando com anteced\u00eancia ao sindicato patronal (SET) e demais \u00f3rg\u00e3os competentes envolvidos a decis\u00e3o dos trabalhadores, mas nenhuma solu\u00e7\u00e3o foi apresentada para acabar com o impasse. <\/p>\n\n\n\n<p>Mesmo com o reajuste de R$ 0,20 (vinte centavos) no pre\u00e7o das tarifas de \u00f4nibus e mais o repasse de um subsidio, concedido pela Prefeitura de S\u00e3o Lu\u00eds, os empres\u00e1rios, at\u00e9 ent\u00e3o, n\u00e3o apresentaram qualquer proposta aos trabalhadores.<\/p>\n\n\n\n<p><strong>Sistema em desequil\u00edbrio<\/strong><\/p>\n\n\n\n<p>O SET, por sua vez, argumenta que o percentual do reajuste tarif\u00e1rio autorizado \u00e9 insuficiente para reequilibrar as finan\u00e7as do sistema, impactadas por sucessivos aumentos de pre\u00e7os do \u00f3leo diesel, pneus, pe\u00e7as mec\u00e2nicas e outros insumos. Para piorar, ao conceder o realinhamento das tarifas, a Prefeitura de S\u00e3o Lu\u00eds retirou o subs\u00eddio de R$ 2,5 milh\u00f5es que era repassado a t\u00edtulo de compensa\u00e7\u00e3o de perdas, enquanto a receita gerada pelo reajuste da passagem elevou o faturamento em R$ 1,5 milh\u00e3o. <\/p>\n\n\n\n<p>Ou seja, restou um rombo de R$ 1 milh\u00e3o, que manteve o sistema \u00e0 beira de um colapso.<\/p>\n","protected":false},"excerpt":{"rendered":"<p>O Sindicato dos Rodovi\u00e1rios do Maranh\u00e3o informa, que at\u00e9 o fim da tarde desta segunda-feira (28), n\u00e3o houve qualquer avan\u00e7o [&hellip;]<\/p>\n","protected":false},"author":0,"featured_media":0,"comment_status":"open","ping_status":"open","sticky":false,"template":"","format":"standard","meta":{"site-sidebar-layout":"default","site-content-layout":"","ast-site-content-layout":"default","site-content-style":"default","site-sidebar-style":"default","ast-global-header-display":"","ast-banner-title-visibility":"","ast-main-header-display":"","ast-hfb-above-header-display":"","ast-hfb-below-header-display":"","ast-hfb-mobile-header-display":"","site-post-title":"","ast-breadcrumbs-content":"","ast-featured-img":"","footer-sml-layout":"","ast-disable-related-posts":"","theme-transparent-header-meta":"","adv-header-id-meta":"","stick-header-meta":"","header-above-stick-meta":"","header-main-stick-meta":"","header-below-stick-meta":"","astra-migrate-meta-layouts":"default","ast-page-background-enabled":"default","ast-page-background-meta":{"desktop":{"background-color":"var(--ast-global-color-5)","background-image":"","background-repeat":"repeat","background-position":"center center","background-size":"auto","background-attachment":"scroll","background-type":"","background-media":"","overlay-type":"","overlay-color":"","overlay-opacity":"","overlay-gradient":""},"tablet":{"background-color":"","background-image":"","background-repeat":"repeat","background-position":"center center","background-size":"auto","background-attachment":"scroll","background-type":"","background-media":"","overlay-type":"","overlay-color":"","overlay-opacity":"","overlay-gradient":""},"mobile":{"background-color":"","background-image":"","background-repeat":"repeat","background-position":"center center","background-size":"auto","background-attachment":"scroll","background-type":"","background-media":"","overlay-type":"","overlay-color":"","overlay-opacity":"","overlay-gradient":""}},"ast-content-background-meta":{"desktop":{"background-color":"var(--ast-global-color-4)","background-image":"","background-repeat":"repeat","background-position":"center center","background-size":"auto","background-attachment":"scroll","background-type":"","background-media":"","overlay-type":"","overlay-color":"","overlay-opacity":"","overlay-gradient":""},"tablet":{"background-color":"var(--ast-global-color-4)","background-image":"","background-repeat":"repeat","background-position":"center center","background-size":"auto","background-attachment":"scroll","background-type":"","background-media":"","overlay-type":"","overlay-color":"","overlay-opacity":"","overlay-gradient":""},"mobile":{"background-color":"var(--ast-global-color-4)","background-image":"","background-repeat":"repeat","background-position":"center center","background-size":"auto","background-attachment":"scroll","background-type":"","background-media":"","overlay-type":"","overlay-color":"","overlay-opacity":"","overlay-gradient":""}},"footnotes":""},"categories":[1],"tags":[],"class_list":["post-95569","post","type-post","status-publish","format-standard","hentry","category-sem-categoria"],"yoast_head":"<!-- This site is optimized with the Yoast SEO plugin v26.6 - https:\/\/yoast.com\/wordpress\/plugins\/seo\/ -->\n<title>Confirmada paralisa\u00e7\u00e3o geral do transporte p\u00fablico de S\u00e3o Lu\u00eds a partir desta ter\u00e7a-feira (29) - Daniel Matos<\/title>\n<meta name=\"robots\" content=\"index, follow, max-snippet:-1, max-image-preview:large, max-video-preview:-1\" \/>\n<link rel=\"canonical\" href=\"https:\/\/www.blogsoestado.com\/danielmatos\/paralisacao-geral-do-transporte-publico-e-confirmada-a-partir-desta-terca-feira-29\/\" \/>\n<meta property=\"og:locale\" content=\"pt_BR\" \/>\n<meta property=\"og:type\" content=\"article\" \/>\n<meta property=\"og:title\" content=\"Confirmada paralisa\u00e7\u00e3o geral do transporte p\u00fablico de S\u00e3o Lu\u00eds a partir desta ter\u00e7a-feira (29) - Daniel Matos\" \/>\n<meta property=\"og:description\" content=\"O Sindicato dos Rodovi\u00e1rios do Maranh\u00e3o informa, que at\u00e9 o fim da tarde desta segunda-feira (28), n\u00e3o houve qualquer avan\u00e7o [&hellip;]\" \/>\n<meta property=\"og:url\" content=\"https:\/\/www.blogsoestado.com\/danielmatos\/paralisacao-geral-do-transporte-publico-e-confirmada-a-partir-desta-terca-feira-29\/\" \/>\n<meta property=\"og:site_name\" content=\"Daniel Matos\" \/>\n<meta property=\"article:published_time\" content=\"2022-03-29T00:35:28+00:00\" \/>\n<meta property=\"og:image\" content=\"https:\/\/www.blogsoestado.com\/danielmatos\/files\/2022\/03\/Screenshot_20220328-2131592.png\" \/>\n<meta name=\"twitter:card\" content=\"summary_large_image\" \/>\n<meta name=\"twitter:label1\" content=\"Est. tempo de leitura\" \/>\n\t<meta name=\"twitter:data1\" content=\"2 minutos\" \/>\n<script type=\"application\/ld+json\" class=\"yoast-schema-graph\">{\"@context\":\"https:\/\/schema.org\",\"@graph\":[{\"@type\":\"WebPage\",\"@id\":\"https:\/\/www.blogsoestado.com\/danielmatos\/paralisacao-geral-do-transporte-publico-e-confirmada-a-partir-desta-terca-feira-29\/\",\"url\":\"https:\/\/www.blogsoestado.com\/danielmatos\/paralisacao-geral-do-transporte-publico-e-confirmada-a-partir-desta-terca-feira-29\/\",\"name\":\"Confirmada paralisa\u00e7\u00e3o geral do transporte p\u00fablico de S\u00e3o Lu\u00eds a partir desta ter\u00e7a-feira (29) - Daniel Matos\",\"isPartOf\":{\"@id\":\"https:\/\/www.blogsoestado.com\/danielmatos\/#website\"},\"primaryImageOfPage\":{\"@id\":\"https:\/\/www.blogsoestado.com\/danielmatos\/paralisacao-geral-do-transporte-publico-e-confirmada-a-partir-desta-terca-feira-29\/#primaryimage\"},\"image\":{\"@id\":\"https:\/\/www.blogsoestado.com\/danielmatos\/paralisacao-geral-do-transporte-publico-e-confirmada-a-partir-desta-terca-feira-29\/#primaryimage\"},\"thumbnailUrl\":\"https:\/\/www.blogsoestado.com\/danielmatos\/files\/2022\/03\/Screenshot_20220328-2131592.png\",\"datePublished\":\"2022-03-29T00:35:28+00:00\",\"author\":{\"@id\":\"\"},\"breadcrumb\":{\"@id\":\"https:\/\/www.blogsoestado.com\/danielmatos\/paralisacao-geral-do-transporte-publico-e-confirmada-a-partir-desta-terca-feira-29\/#breadcrumb\"},\"inLanguage\":\"pt-BR\",\"potentialAction\":[{\"@type\":\"ReadAction\",\"target\":[\"https:\/\/www.blogsoestado.com\/danielmatos\/paralisacao-geral-do-transporte-publico-e-confirmada-a-partir-desta-terca-feira-29\/\"]}]},{\"@type\":\"ImageObject\",\"inLanguage\":\"pt-BR\",\"@id\":\"https:\/\/www.blogsoestado.com\/danielmatos\/paralisacao-geral-do-transporte-publico-e-confirmada-a-partir-desta-terca-feira-29\/#primaryimage\",\"url\":\"https:\/\/www.blogsoestado.com\/danielmatos\/files\/2022\/03\/Screenshot_20220328-2131592.png\",\"contentUrl\":\"https:\/\/www.blogsoestado.com\/danielmatos\/files\/2022\/03\/Screenshot_20220328-2131592.png\"},{\"@type\":\"BreadcrumbList\",\"@id\":\"https:\/\/www.blogsoestado.com\/danielmatos\/paralisacao-geral-do-transporte-publico-e-confirmada-a-partir-desta-terca-feira-29\/#breadcrumb\",\"itemListElement\":[{\"@type\":\"ListItem\",\"position\":1,\"name\":\"In\u00edcio\",\"item\":\"https:\/\/www.blogsoestado.com\/danielmatos\/\"},{\"@type\":\"ListItem\",\"position\":2,\"name\":\"Confirmada paralisa\u00e7\u00e3o geral do transporte p\u00fablico de S\u00e3o Lu\u00eds a partir desta ter\u00e7a-feira (29)\"}]},{\"@type\":\"WebSite\",\"@id\":\"https:\/\/www.blogsoestado.com\/danielmatos\/#website\",\"url\":\"https:\/\/www.blogsoestado.com\/danielmatos\/\",\"name\":\"Daniel Matos\",\"description\":\"\",\"potentialAction\":[{\"@type\":\"SearchAction\",\"target\":{\"@type\":\"EntryPoint\",\"urlTemplate\":\"https:\/\/www.blogsoestado.com\/danielmatos\/?s={search_term_string}\"},\"query-input\":{\"@type\":\"PropertyValueSpecification\",\"valueRequired\":true,\"valueName\":\"search_term_string\"}}],\"inLanguage\":\"pt-BR\"}]}<\/script>\n<!-- \/ Yoast SEO plugin. -->","yoast_head_json":{"title":"Confirmada paralisa\u00e7\u00e3o geral do transporte p\u00fablico de S\u00e3o Lu\u00eds a partir desta ter\u00e7a-feira (29) - Daniel Matos","robots":{"index":"index","follow":"follow","max-snippet":"max-snippet:-1","max-image-preview":"max-image-preview:large","max-video-preview":"max-video-preview:-1"},"canonical":"https:\/\/www.blogsoestado.com\/danielmatos\/paralisacao-geral-do-transporte-publico-e-confirmada-a-partir-desta-terca-feira-29\/","og_locale":"pt_BR","og_type":"article","og_title":"Confirmada paralisa\u00e7\u00e3o geral do transporte p\u00fablico de S\u00e3o Lu\u00eds a partir desta ter\u00e7a-feira (29) - Daniel Matos","og_description":"O Sindicato dos Rodovi\u00e1rios do Maranh\u00e3o informa, que at\u00e9 o fim da tarde desta segunda-feira (28), n\u00e3o houve qualquer avan\u00e7o [&hellip;]","og_url":"https:\/\/www.blogsoestado.com\/danielmatos\/paralisacao-geral-do-transporte-publico-e-confirmada-a-partir-desta-terca-feira-29\/","og_site_name":"Daniel Matos","article_published_time":"2022-03-29T00:35:28+00:00","og_image":[{"url":"https:\/\/www.blogsoestado.com\/danielmatos\/files\/2022\/03\/Screenshot_20220328-2131592.png","type":"","width":"","height":""}],"twitter_card":"summary_large_image","twitter_misc":{"Est. tempo de leitura":"2 minutos"},"schema":{"@context":"https:\/\/schema.org","@graph":[{"@type":"WebPage","@id":"https:\/\/www.blogsoestado.com\/danielmatos\/paralisacao-geral-do-transporte-publico-e-confirmada-a-partir-desta-terca-feira-29\/","url":"https:\/\/www.blogsoestado.com\/danielmatos\/paralisacao-geral-do-transporte-publico-e-confirmada-a-partir-desta-terca-feira-29\/","name":"Confirmada paralisa\u00e7\u00e3o geral do transporte p\u00fablico de S\u00e3o Lu\u00eds a partir desta ter\u00e7a-feira (29) - Daniel Matos","isPartOf":{"@id":"https:\/\/www.blogsoestado.com\/danielmatos\/#website"},"primaryImageOfPage":{"@id":"https:\/\/www.blogsoestado.com\/danielmatos\/paralisacao-geral-do-transporte-publico-e-confirmada-a-partir-desta-terca-feira-29\/#primaryimage"},"image":{"@id":"https:\/\/www.blogsoestado.com\/danielmatos\/paralisacao-geral-do-transporte-publico-e-confirmada-a-partir-desta-terca-feira-29\/#primaryimage"},"thumbnailUrl":"https:\/\/www.blogsoestado.com\/danielmatos\/files\/2022\/03\/Screenshot_20220328-2131592.png","datePublished":"2022-03-29T00:35:28+00:00","author":{"@id":""},"breadcrumb":{"@id":"https:\/\/www.blogsoestado.com\/danielmatos\/paralisacao-geral-do-transporte-publico-e-confirmada-a-partir-desta-terca-feira-29\/#breadcrumb"},"inLanguage":"pt-BR","potentialAction":[{"@type":"ReadAction","target":["https:\/\/www.blogsoestado.com\/danielmatos\/paralisacao-geral-do-transporte-publico-e-confirmada-a-partir-desta-terca-feira-29\/"]}]},{"@type":"ImageObject","inLanguage":"pt-BR","@id":"https:\/\/www.blogsoestado.com\/danielmatos\/paralisacao-geral-do-transporte-publico-e-confirmada-a-partir-desta-terca-feira-29\/#primaryimage","url":"https:\/\/www.blogsoestado.com\/danielmatos\/files\/2022\/03\/Screenshot_20220328-2131592.png","contentUrl":"https:\/\/www.blogsoestado.com\/danielmatos\/files\/2022\/03\/Screenshot_20220328-2131592.png"},{"@type":"BreadcrumbList","@id":"https:\/\/www.blogsoestado.com\/danielmatos\/paralisacao-geral-do-transporte-publico-e-confirmada-a-partir-desta-terca-feira-29\/#breadcrumb","itemListElement":[{"@type":"ListItem","position":1,"name":"In\u00edcio","item":"https:\/\/www.blogsoestado.com\/danielmatos\/"},{"@type":"ListItem","position":2,"name":"Confirmada paralisa\u00e7\u00e3o geral do transporte p\u00fablico de S\u00e3o Lu\u00eds a partir desta ter\u00e7a-feira (29)"}]},{"@type":"WebSite","@id":"https:\/\/www.blogsoestado.com\/danielmatos\/#website","url":"https:\/\/www.blogsoestado.com\/danielmatos\/","name":"Daniel Matos","description":"","potentialAction":[{"@type":"SearchAction","target":{"@type":"EntryPoint","urlTemplate":"https:\/\/www.blogsoestado.com\/danielmatos\/?s={search_term_string}"},"query-input":{"@type":"PropertyValueSpecification","valueRequired":true,"valueName":"search_term_string"}}],"inLanguage":"pt-BR"}]}},"jetpack_featured_media_url":"","_links":{"self":[{"href":"https:\/\/www.blogsoestado.com\/danielmatos\/wp-json\/wp\/v2\/posts\/95569","targetHints":{"allow":["GET"]}}],"collection":[{"href":"https:\/\/www.blogsoestado.com\/danielmatos\/wp-json\/wp\/v2\/posts"}],"about":[{"href":"https:\/\/www.blogsoestado.com\/danielmatos\/wp-json\/wp\/v2\/types\/post"}],"replies":[{"embeddable":true,"href":"https:\/\/www.blogsoestado.com\/danielmatos\/wp-json\/wp\/v2\/comments?post=95569"}],"version-history":[{"count":0,"href":"https:\/\/www.blogsoestado.com\/danielmatos\/wp-json\/wp\/v2\/posts\/95569\/revisions"}],"wp:attachment":[{"href":"https:\/\/www.blogsoestado.com\/danielmatos\/wp-json\/wp\/v2\/media?parent=95569"}],"wp:term":[{"taxonomy":"category","embeddable":true,"href":"https:\/\/www.blogsoestado.com\/danielmatos\/wp-json\/wp\/v2\/categories?post=95569"},{"taxonomy":"post_tag","embeddable":true,"href":"https:\/\/www.blogsoestado.com\/danielmatos\/wp-json\/wp\/v2\/tags?post=95569"}],"curies":[{"name":"wp","href":"https:\/\/api.w.org\/{rel}","templated":true}]}}