{"id":95579,"date":"2022-03-29T07:30:00","date_gmt":"2022-03-29T10:30:00","guid":{"rendered":"https:\/\/www.blogsoestado.com\/danielmatos\/?p=95579"},"modified":"2022-03-29T07:30:00","modified_gmt":"2022-03-29T10:30:00","slug":"prefeita-paula-azevedo-concede-reajuste-salarial-de-3324-a-professores-da-rede-municipal-de-paco-do-lumiar","status":"publish","type":"post","link":"https:\/\/www.blogsoestado.com\/danielmatos\/prefeita-paula-azevedo-concede-reajuste-salarial-de-3324-a-professores-da-rede-municipal-de-paco-do-lumiar\/","title":{"rendered":"Prefeita Paula Azevedo concede reajuste salarial de 33,24% a professores da rede municipal de Pa\u00e7o do Lumiar"},"content":{"rendered":"\n<div class=\"wp-block-image\"><figure class=\"aligncenter size-large\"><a href=\"https:\/\/www.blogsoestado.com\/danielmatos\/files\/2022\/03\/Screenshot_20220329-0154322.png\"><img decoding=\"async\" src=\"https:\/\/www.blogsoestado.com\/danielmatos\/files\/2022\/03\/Screenshot_20220329-0154322.png\" alt=\"\" class=\"wp-image-95580\"\/><\/a><figcaption>Com vis\u00e3o voltada para o futuro, Paula Azevedo investe no ensino, na valoriza\u00e7\u00e3o das pessoas e no reconhecimento aos profissionais da educa\u00e7\u00e3o<\/figcaption><\/figure><\/div>\n\n\n\n<p>De uma coisa os moradores de Pa\u00e7o do Lumiar n\u00e3o podem reclamar, Paula Azevedo tem atuado com excel\u00eancia e dedica\u00e7\u00e3o pela educa\u00e7\u00e3o da cidade.<br>Quase todos os movimentos realizados pela Prefeita de Pa\u00e7o do Lumiar nos \u00faltimos meses centralizam-se em valorizar a categoria que agonizava h\u00e1 anos por direitos b\u00e1sicos como progress\u00f5es, reajustes salariais e muitos outros benef\u00edcios.<\/p>\n\n\n\n<p>A \u00faltima de Paula da Pindoba foi nada mais nada menos do que o projeto de Lei em prol do reajuste salarial dos professores de 33,24%, a PL foi encaminhada para a C\u00e2mara no dia 23 de mar\u00e7o, na sexta-feira (25) foi votado o regime de urg\u00eancia e nas pr\u00f3ximas semanas j\u00e1 deve ser votado e encaminhado para sans\u00e3o da prefeita. De fato os professores tem tido as demandas hist\u00f3ricas atendidas, mudando a realidade e o destino da educa\u00e7\u00e3o e o rumo da cidade.<br>O tempo de descaso, humilha\u00e7\u00e3o e desonra dos professores luminenses acabou, e isso se ver no pagamento das progress\u00f5es (com retroativos), do abono do FUNDEB, al\u00e9m das a\u00e7\u00f5es em prol do retorno das aulas.<\/p>\n\n\n\n<p>A vacina\u00e7\u00e3o dos estudantes da cidade \u00e9 assunto na cidade devido o empenho que a prefeitura tem feito para alcan\u00e7ar cada estudante, realizando vacina\u00e7\u00e3o em escolas de forma itinerante. O combo sa\u00fade e educa\u00e7\u00e3o continuam sendo pauta no gabinete de Paula da Pindoba! Nas \u00faltimas semanas tamb\u00e9m foram realizados o transporte escolar e a distribui\u00e7\u00e3o dos EPIS (Equipamentos de Prote\u00e7\u00e3o Individual) para garantir maior seguran\u00e7a no retorno as aulas.<\/p>\n\n\n\n<p>Como algu\u00e9m que olha para o futuro, Paula Azevedo, a Paula da Pindoba, investe no ensino, na valoriza\u00e7\u00e3o das pessoas e no reconhecimento aos profissionais da educa\u00e7\u00e3o. Segundo relatos da pr\u00f3pria Paula da Pindoba, quando estudava ela sentiu na pele o que foi n\u00e3o ter uma educa\u00e7\u00e3o de qualidade tendo que ir para uma escola longe de casa, com pouca estrutura e com total desvaloriza\u00e7\u00e3o dos professores.<\/p>\n\n\n\n<p>Vision\u00e1ria, Paula desenha um futuro para os luminenses onde a educa\u00e7\u00e3o \u00e9 o pilar de uma economia, sa\u00fade e desenvolvimento vindouros.<br>Agora fica o questionamento: quem pode parar algu\u00e9m como Paula? Qual ser\u00e1 o pr\u00f3ximo passo dessa mulher incans\u00e1vel?<\/p>\n","protected":false},"excerpt":{"rendered":"<p>De uma coisa os moradores de Pa\u00e7o do Lumiar n\u00e3o podem reclamar, Paula Azevedo tem atuado com excel\u00eancia e dedica\u00e7\u00e3o [&hellip;]<\/p>\n","protected":false},"author":0,"featured_media":0,"comment_status":"open","ping_status":"open","sticky":false,"template":"","format":"standard","meta":{"site-sidebar-layout":"default","site-content-layout":"","ast-site-content-layout":"default","site-content-style":"default","site-sidebar-style":"default","ast-global-header-display":"","ast-banner-title-visibility":"","ast-main-header-display":"","ast-hfb-above-header-display":"","ast-hfb-below-header-display":"","ast-hfb-mobile-header-display":"","site-post-title":"","ast-breadcrumbs-content":"","ast-featured-img":"","footer-sml-layout":"","ast-disable-related-posts":"","theme-transparent-header-meta":"","adv-header-id-meta":"","stick-header-meta":"","header-above-stick-meta":"","header-main-stick-meta":"","header-below-stick-meta":"","astra-migrate-meta-layouts":"default","ast-page-background-enabled":"default","ast-page-background-meta":{"desktop":{"background-color":"var(--ast-global-color-5)","background-image":"","background-repeat":"repeat","background-position":"center center","background-size":"auto","background-attachment":"scroll","background-type":"","background-media":"","overlay-type":"","overlay-color":"","overlay-opacity":"","overlay-gradient":""},"tablet":{"background-color":"","background-image":"","background-repeat":"repeat","background-position":"center center","background-size":"auto","background-attachment":"scroll","background-type":"","background-media":"","overlay-type":"","overlay-color":"","overlay-opacity":"","overlay-gradient":""},"mobile":{"background-color":"","background-image":"","background-repeat":"repeat","background-position":"center center","background-size":"auto","background-attachment":"scroll","background-type":"","background-media":"","overlay-type":"","overlay-color":"","overlay-opacity":"","overlay-gradient":""}},"ast-content-background-meta":{"desktop":{"background-color":"var(--ast-global-color-4)","background-image":"","background-repeat":"repeat","background-position":"center center","background-size":"auto","background-attachment":"scroll","background-type":"","background-media":"","overlay-type":"","overlay-color":"","overlay-opacity":"","overlay-gradient":""},"tablet":{"background-color":"var(--ast-global-color-4)","background-image":"","background-repeat":"repeat","background-position":"center center","background-size":"auto","background-attachment":"scroll","background-type":"","background-media":"","overlay-type":"","overlay-color":"","overlay-opacity":"","overlay-gradient":""},"mobile":{"background-color":"var(--ast-global-color-4)","background-image":"","background-repeat":"repeat","background-position":"center center","background-size":"auto","background-attachment":"scroll","background-type":"","background-media":"","overlay-type":"","overlay-color":"","overlay-opacity":"","overlay-gradient":""}},"footnotes":""},"categories":[1],"tags":[],"class_list":["post-95579","post","type-post","status-publish","format-standard","hentry","category-sem-categoria"],"yoast_head":"<!-- This site is optimized with the Yoast SEO plugin v26.6 - https:\/\/yoast.com\/wordpress\/plugins\/seo\/ -->\n<title>Prefeita Paula Azevedo concede reajuste salarial de 33,24% a professores da rede municipal de Pa\u00e7o do Lumiar - Daniel Matos<\/title>\n<meta name=\"robots\" content=\"index, follow, max-snippet:-1, max-image-preview:large, max-video-preview:-1\" \/>\n<link rel=\"canonical\" href=\"https:\/\/www.blogsoestado.com\/danielmatos\/prefeita-paula-azevedo-concede-reajuste-salarial-de-3324-a-professores-da-rede-municipal-de-paco-do-lumiar\/\" \/>\n<meta property=\"og:locale\" content=\"pt_BR\" \/>\n<meta property=\"og:type\" content=\"article\" \/>\n<meta property=\"og:title\" content=\"Prefeita Paula Azevedo concede reajuste salarial de 33,24% a professores da rede municipal de Pa\u00e7o do Lumiar - Daniel Matos\" \/>\n<meta property=\"og:description\" content=\"De uma coisa os moradores de Pa\u00e7o do Lumiar n\u00e3o podem reclamar, Paula Azevedo tem atuado com excel\u00eancia e dedica\u00e7\u00e3o [&hellip;]\" \/>\n<meta property=\"og:url\" content=\"https:\/\/www.blogsoestado.com\/danielmatos\/prefeita-paula-azevedo-concede-reajuste-salarial-de-3324-a-professores-da-rede-municipal-de-paco-do-lumiar\/\" \/>\n<meta property=\"og:site_name\" content=\"Daniel Matos\" \/>\n<meta property=\"article:published_time\" content=\"2022-03-29T10:30:00+00:00\" \/>\n<meta property=\"og:image\" content=\"https:\/\/www.blogsoestado.com\/danielmatos\/files\/2022\/03\/Screenshot_20220329-0154322.png\" \/>\n<meta name=\"twitter:card\" content=\"summary_large_image\" \/>\n<meta name=\"twitter:label1\" content=\"Est. tempo de leitura\" \/>\n\t<meta name=\"twitter:data1\" content=\"2 minutos\" \/>\n<script type=\"application\/ld+json\" class=\"yoast-schema-graph\">{\"@context\":\"https:\/\/schema.org\",\"@graph\":[{\"@type\":\"WebPage\",\"@id\":\"https:\/\/www.blogsoestado.com\/danielmatos\/prefeita-paula-azevedo-concede-reajuste-salarial-de-3324-a-professores-da-rede-municipal-de-paco-do-lumiar\/\",\"url\":\"https:\/\/www.blogsoestado.com\/danielmatos\/prefeita-paula-azevedo-concede-reajuste-salarial-de-3324-a-professores-da-rede-municipal-de-paco-do-lumiar\/\",\"name\":\"Prefeita Paula Azevedo concede reajuste salarial de 33,24% a professores da rede municipal de Pa\u00e7o do Lumiar - Daniel Matos\",\"isPartOf\":{\"@id\":\"https:\/\/www.blogsoestado.com\/danielmatos\/#website\"},\"primaryImageOfPage\":{\"@id\":\"https:\/\/www.blogsoestado.com\/danielmatos\/prefeita-paula-azevedo-concede-reajuste-salarial-de-3324-a-professores-da-rede-municipal-de-paco-do-lumiar\/#primaryimage\"},\"image\":{\"@id\":\"https:\/\/www.blogsoestado.com\/danielmatos\/prefeita-paula-azevedo-concede-reajuste-salarial-de-3324-a-professores-da-rede-municipal-de-paco-do-lumiar\/#primaryimage\"},\"thumbnailUrl\":\"https:\/\/www.blogsoestado.com\/danielmatos\/files\/2022\/03\/Screenshot_20220329-0154322.png\",\"datePublished\":\"2022-03-29T10:30:00+00:00\",\"author\":{\"@id\":\"\"},\"breadcrumb\":{\"@id\":\"https:\/\/www.blogsoestado.com\/danielmatos\/prefeita-paula-azevedo-concede-reajuste-salarial-de-3324-a-professores-da-rede-municipal-de-paco-do-lumiar\/#breadcrumb\"},\"inLanguage\":\"pt-BR\",\"potentialAction\":[{\"@type\":\"ReadAction\",\"target\":[\"https:\/\/www.blogsoestado.com\/danielmatos\/prefeita-paula-azevedo-concede-reajuste-salarial-de-3324-a-professores-da-rede-municipal-de-paco-do-lumiar\/\"]}]},{\"@type\":\"ImageObject\",\"inLanguage\":\"pt-BR\",\"@id\":\"https:\/\/www.blogsoestado.com\/danielmatos\/prefeita-paula-azevedo-concede-reajuste-salarial-de-3324-a-professores-da-rede-municipal-de-paco-do-lumiar\/#primaryimage\",\"url\":\"https:\/\/www.blogsoestado.com\/danielmatos\/files\/2022\/03\/Screenshot_20220329-0154322.png\",\"contentUrl\":\"https:\/\/www.blogsoestado.com\/danielmatos\/files\/2022\/03\/Screenshot_20220329-0154322.png\"},{\"@type\":\"BreadcrumbList\",\"@id\":\"https:\/\/www.blogsoestado.com\/danielmatos\/prefeita-paula-azevedo-concede-reajuste-salarial-de-3324-a-professores-da-rede-municipal-de-paco-do-lumiar\/#breadcrumb\",\"itemListElement\":[{\"@type\":\"ListItem\",\"position\":1,\"name\":\"In\u00edcio\",\"item\":\"https:\/\/www.blogsoestado.com\/danielmatos\/\"},{\"@type\":\"ListItem\",\"position\":2,\"name\":\"Prefeita Paula Azevedo concede reajuste salarial de 33,24% a professores da rede municipal de Pa\u00e7o do Lumiar\"}]},{\"@type\":\"WebSite\",\"@id\":\"https:\/\/www.blogsoestado.com\/danielmatos\/#website\",\"url\":\"https:\/\/www.blogsoestado.com\/danielmatos\/\",\"name\":\"Daniel Matos\",\"description\":\"\",\"potentialAction\":[{\"@type\":\"SearchAction\",\"target\":{\"@type\":\"EntryPoint\",\"urlTemplate\":\"https:\/\/www.blogsoestado.com\/danielmatos\/?s={search_term_string}\"},\"query-input\":{\"@type\":\"PropertyValueSpecification\",\"valueRequired\":true,\"valueName\":\"search_term_string\"}}],\"inLanguage\":\"pt-BR\"}]}<\/script>\n<!-- \/ Yoast SEO plugin. -->","yoast_head_json":{"title":"Prefeita Paula Azevedo concede reajuste salarial de 33,24% a professores da rede municipal de Pa\u00e7o do Lumiar - Daniel Matos","robots":{"index":"index","follow":"follow","max-snippet":"max-snippet:-1","max-image-preview":"max-image-preview:large","max-video-preview":"max-video-preview:-1"},"canonical":"https:\/\/www.blogsoestado.com\/danielmatos\/prefeita-paula-azevedo-concede-reajuste-salarial-de-3324-a-professores-da-rede-municipal-de-paco-do-lumiar\/","og_locale":"pt_BR","og_type":"article","og_title":"Prefeita Paula Azevedo concede reajuste salarial de 33,24% a professores da rede municipal de Pa\u00e7o do Lumiar - Daniel Matos","og_description":"De uma coisa os moradores de Pa\u00e7o do Lumiar n\u00e3o podem reclamar, Paula Azevedo tem atuado com excel\u00eancia e dedica\u00e7\u00e3o [&hellip;]","og_url":"https:\/\/www.blogsoestado.com\/danielmatos\/prefeita-paula-azevedo-concede-reajuste-salarial-de-3324-a-professores-da-rede-municipal-de-paco-do-lumiar\/","og_site_name":"Daniel Matos","article_published_time":"2022-03-29T10:30:00+00:00","og_image":[{"url":"https:\/\/www.blogsoestado.com\/danielmatos\/files\/2022\/03\/Screenshot_20220329-0154322.png","type":"","width":"","height":""}],"twitter_card":"summary_large_image","twitter_misc":{"Est. tempo de leitura":"2 minutos"},"schema":{"@context":"https:\/\/schema.org","@graph":[{"@type":"WebPage","@id":"https:\/\/www.blogsoestado.com\/danielmatos\/prefeita-paula-azevedo-concede-reajuste-salarial-de-3324-a-professores-da-rede-municipal-de-paco-do-lumiar\/","url":"https:\/\/www.blogsoestado.com\/danielmatos\/prefeita-paula-azevedo-concede-reajuste-salarial-de-3324-a-professores-da-rede-municipal-de-paco-do-lumiar\/","name":"Prefeita Paula Azevedo concede reajuste salarial de 33,24% a professores da rede municipal de Pa\u00e7o do Lumiar - Daniel Matos","isPartOf":{"@id":"https:\/\/www.blogsoestado.com\/danielmatos\/#website"},"primaryImageOfPage":{"@id":"https:\/\/www.blogsoestado.com\/danielmatos\/prefeita-paula-azevedo-concede-reajuste-salarial-de-3324-a-professores-da-rede-municipal-de-paco-do-lumiar\/#primaryimage"},"image":{"@id":"https:\/\/www.blogsoestado.com\/danielmatos\/prefeita-paula-azevedo-concede-reajuste-salarial-de-3324-a-professores-da-rede-municipal-de-paco-do-lumiar\/#primaryimage"},"thumbnailUrl":"https:\/\/www.blogsoestado.com\/danielmatos\/files\/2022\/03\/Screenshot_20220329-0154322.png","datePublished":"2022-03-29T10:30:00+00:00","author":{"@id":""},"breadcrumb":{"@id":"https:\/\/www.blogsoestado.com\/danielmatos\/prefeita-paula-azevedo-concede-reajuste-salarial-de-3324-a-professores-da-rede-municipal-de-paco-do-lumiar\/#breadcrumb"},"inLanguage":"pt-BR","potentialAction":[{"@type":"ReadAction","target":["https:\/\/www.blogsoestado.com\/danielmatos\/prefeita-paula-azevedo-concede-reajuste-salarial-de-3324-a-professores-da-rede-municipal-de-paco-do-lumiar\/"]}]},{"@type":"ImageObject","inLanguage":"pt-BR","@id":"https:\/\/www.blogsoestado.com\/danielmatos\/prefeita-paula-azevedo-concede-reajuste-salarial-de-3324-a-professores-da-rede-municipal-de-paco-do-lumiar\/#primaryimage","url":"https:\/\/www.blogsoestado.com\/danielmatos\/files\/2022\/03\/Screenshot_20220329-0154322.png","contentUrl":"https:\/\/www.blogsoestado.com\/danielmatos\/files\/2022\/03\/Screenshot_20220329-0154322.png"},{"@type":"BreadcrumbList","@id":"https:\/\/www.blogsoestado.com\/danielmatos\/prefeita-paula-azevedo-concede-reajuste-salarial-de-3324-a-professores-da-rede-municipal-de-paco-do-lumiar\/#breadcrumb","itemListElement":[{"@type":"ListItem","position":1,"name":"In\u00edcio","item":"https:\/\/www.blogsoestado.com\/danielmatos\/"},{"@type":"ListItem","position":2,"name":"Prefeita Paula Azevedo concede reajuste salarial de 33,24% a professores da rede municipal de Pa\u00e7o do Lumiar"}]},{"@type":"WebSite","@id":"https:\/\/www.blogsoestado.com\/danielmatos\/#website","url":"https:\/\/www.blogsoestado.com\/danielmatos\/","name":"Daniel Matos","description":"","potentialAction":[{"@type":"SearchAction","target":{"@type":"EntryPoint","urlTemplate":"https:\/\/www.blogsoestado.com\/danielmatos\/?s={search_term_string}"},"query-input":{"@type":"PropertyValueSpecification","valueRequired":true,"valueName":"search_term_string"}}],"inLanguage":"pt-BR"}]}},"jetpack_featured_media_url":"","_links":{"self":[{"href":"https:\/\/www.blogsoestado.com\/danielmatos\/wp-json\/wp\/v2\/posts\/95579","targetHints":{"allow":["GET"]}}],"collection":[{"href":"https:\/\/www.blogsoestado.com\/danielmatos\/wp-json\/wp\/v2\/posts"}],"about":[{"href":"https:\/\/www.blogsoestado.com\/danielmatos\/wp-json\/wp\/v2\/types\/post"}],"replies":[{"embeddable":true,"href":"https:\/\/www.blogsoestado.com\/danielmatos\/wp-json\/wp\/v2\/comments?post=95579"}],"version-history":[{"count":0,"href":"https:\/\/www.blogsoestado.com\/danielmatos\/wp-json\/wp\/v2\/posts\/95579\/revisions"}],"wp:attachment":[{"href":"https:\/\/www.blogsoestado.com\/danielmatos\/wp-json\/wp\/v2\/media?parent=95579"}],"wp:term":[{"taxonomy":"category","embeddable":true,"href":"https:\/\/www.blogsoestado.com\/danielmatos\/wp-json\/wp\/v2\/categories?post=95579"},{"taxonomy":"post_tag","embeddable":true,"href":"https:\/\/www.blogsoestado.com\/danielmatos\/wp-json\/wp\/v2\/tags?post=95579"}],"curies":[{"name":"wp","href":"https:\/\/api.w.org\/{rel}","templated":true}]}}