{"id":95586,"date":"2022-03-29T13:49:50","date_gmt":"2022-03-29T16:49:50","guid":{"rendered":"https:\/\/www.blogsoestado.com\/danielmatos\/?p=95586"},"modified":"2022-03-29T13:49:50","modified_gmt":"2022-03-29T16:49:50","slug":"oportunismo-preco-da-viagem-de-van-aumenta-para-r-5-durante-paralisacao-total-de-onibus","status":"publish","type":"post","link":"https:\/\/www.blogsoestado.com\/danielmatos\/oportunismo-preco-da-viagem-de-van-aumenta-para-r-5-durante-paralisacao-total-de-onibus\/","title":{"rendered":"Oportunismo: pre\u00e7o da viagem de van sobe para R$ 5 durante paralisa\u00e7\u00e3o total de \u00f4nibus"},"content":{"rendered":"\n<div class=\"wp-block-image\"><figure class=\"aligncenter size-large\"><a href=\"https:\/\/www.blogsoestado.com\/danielmatos\/files\/2022\/03\/Screenshot_20220329-1327342.png\"><img decoding=\"async\" src=\"https:\/\/www.blogsoestado.com\/danielmatos\/files\/2022\/03\/Screenshot_20220329-1327342-588x1024.png\" alt=\"\" class=\"wp-image-95587\"\/><\/a><figcaption>Cartaz afixado em van informa o valor de R$ 5,00 cobrado por uma viagem durante a paralisa\u00e7\u00e3o total da frota de coletivos<\/figcaption><\/figure><\/div>\n\n\n\n<p>O segmento de transporte alternativo de Passageiros est\u00e1 faturando alto \u00e0 custa do drama enfrentado pela popula\u00e7\u00e3o com a paralisa\u00e7\u00e3o total da frota de \u00f4nibus de S\u00e3o Lu\u00eds, medida radical adotada pelo Sindicato dos Trabalhadores em Transporte Rodovi\u00e1rio do Maranh\u00e3o (STTREMA) como mecanismo de press\u00e3o que leve ao atendimento da pauta de reivindica\u00e7\u00f5es da categoria.<\/p>\n\n\n\n<p>Sem op\u00e7\u00e3o mais em conta de conseguir condu\u00e7\u00e3o para chegar aos seus destinos, milhares de cidad\u00e3os est\u00e3o pagando R$ 5,00 (cinco reais) por uma viagem de van. O valor \u00e9 considerado abusivo, uma cruel explora\u00e7\u00e3o ao povo, cujas finan\u00e7as j\u00e1 est\u00e3o gravemente comprometidas pela alta inflacion\u00e1ria registrada no pa\u00eds.  <\/p>\n\n\n\n<p>O valor praticado por donos de vans em meio ao movimento extremista dos rodovi\u00e1rios \u00e9 quase 30% maior do que a tarifa mais elevada do transporte p\u00fablico de passageiros convencional, que \u00e9 R$ 3,90 (tr\u00eas reais e noventa centavos).<\/p>\n\n\n\n<p>A pretexto de salvar a popula\u00e7\u00e3o enquanto os coletivos permanecem nas garagens por decis\u00e3o unilateral e arbitr\u00e1ria dos empregados, o transporte alternativo comete usura, sem nenhum pudor, sem que as autoridades p\u00fablicas tomem qualquer provid\u00eancia para reprimir essa ilegalidade.<\/p>\n\n\n\n<p>Com a crise do transporte ainda mais acentuada pela paralisa\u00e7\u00e3o de 100% da frota de \u00f4nibus, \u00e9 importante denunciar o oportunismo e a realidade nefasta que chegam junto com a desregulamenta\u00e7\u00e3o.<\/p>\n","protected":false},"excerpt":{"rendered":"<p>O segmento de transporte alternativo de Passageiros est\u00e1 faturando alto \u00e0 custa do drama enfrentado pela popula\u00e7\u00e3o com a paralisa\u00e7\u00e3o [&hellip;]<\/p>\n","protected":false},"author":0,"featured_media":0,"comment_status":"open","ping_status":"open","sticky":false,"template":"","format":"standard","meta":{"site-sidebar-layout":"default","site-content-layout":"","ast-site-content-layout":"default","site-content-style":"default","site-sidebar-style":"default","ast-global-header-display":"","ast-banner-title-visibility":"","ast-main-header-display":"","ast-hfb-above-header-display":"","ast-hfb-below-header-display":"","ast-hfb-mobile-header-display":"","site-post-title":"","ast-breadcrumbs-content":"","ast-featured-img":"","footer-sml-layout":"","ast-disable-related-posts":"","theme-transparent-header-meta":"","adv-header-id-meta":"","stick-header-meta":"","header-above-stick-meta":"","header-main-stick-meta":"","header-below-stick-meta":"","astra-migrate-meta-layouts":"default","ast-page-background-enabled":"default","ast-page-background-meta":{"desktop":{"background-color":"var(--ast-global-color-5)","background-image":"","background-repeat":"repeat","background-position":"center center","background-size":"auto","background-attachment":"scroll","background-type":"","background-media":"","overlay-type":"","overlay-color":"","overlay-opacity":"","overlay-gradient":""},"tablet":{"background-color":"","background-image":"","background-repeat":"repeat","background-position":"center center","background-size":"auto","background-attachment":"scroll","background-type":"","background-media":"","overlay-type":"","overlay-color":"","overlay-opacity":"","overlay-gradient":""},"mobile":{"background-color":"","background-image":"","background-repeat":"repeat","background-position":"center center","background-size":"auto","background-attachment":"scroll","background-type":"","background-media":"","overlay-type":"","overlay-color":"","overlay-opacity":"","overlay-gradient":""}},"ast-content-background-meta":{"desktop":{"background-color":"var(--ast-global-color-4)","background-image":"","background-repeat":"repeat","background-position":"center center","background-size":"auto","background-attachment":"scroll","background-type":"","background-media":"","overlay-type":"","overlay-color":"","overlay-opacity":"","overlay-gradient":""},"tablet":{"background-color":"var(--ast-global-color-4)","background-image":"","background-repeat":"repeat","background-position":"center center","background-size":"auto","background-attachment":"scroll","background-type":"","background-media":"","overlay-type":"","overlay-color":"","overlay-opacity":"","overlay-gradient":""},"mobile":{"background-color":"var(--ast-global-color-4)","background-image":"","background-repeat":"repeat","background-position":"center center","background-size":"auto","background-attachment":"scroll","background-type":"","background-media":"","overlay-type":"","overlay-color":"","overlay-opacity":"","overlay-gradient":""}},"footnotes":""},"categories":[1],"tags":[],"class_list":["post-95586","post","type-post","status-publish","format-standard","hentry","category-sem-categoria"],"yoast_head":"<!-- This site is optimized with the Yoast SEO plugin v26.6 - https:\/\/yoast.com\/wordpress\/plugins\/seo\/ -->\n<title>Oportunismo: pre\u00e7o da viagem de van sobe para R$ 5 durante paralisa\u00e7\u00e3o total de \u00f4nibus - Daniel Matos<\/title>\n<meta name=\"robots\" content=\"index, follow, max-snippet:-1, max-image-preview:large, max-video-preview:-1\" \/>\n<link rel=\"canonical\" href=\"https:\/\/www.blogsoestado.com\/danielmatos\/oportunismo-preco-da-viagem-de-van-aumenta-para-r-5-durante-paralisacao-total-de-onibus\/\" \/>\n<meta property=\"og:locale\" content=\"pt_BR\" \/>\n<meta property=\"og:type\" content=\"article\" \/>\n<meta property=\"og:title\" content=\"Oportunismo: pre\u00e7o da viagem de van sobe para R$ 5 durante paralisa\u00e7\u00e3o total de \u00f4nibus - Daniel Matos\" \/>\n<meta property=\"og:description\" content=\"O segmento de transporte alternativo de Passageiros est\u00e1 faturando alto \u00e0 custa do drama enfrentado pela popula\u00e7\u00e3o com a paralisa\u00e7\u00e3o [&hellip;]\" \/>\n<meta property=\"og:url\" content=\"https:\/\/www.blogsoestado.com\/danielmatos\/oportunismo-preco-da-viagem-de-van-aumenta-para-r-5-durante-paralisacao-total-de-onibus\/\" \/>\n<meta property=\"og:site_name\" content=\"Daniel Matos\" \/>\n<meta property=\"article:published_time\" content=\"2022-03-29T16:49:50+00:00\" \/>\n<meta property=\"og:image\" content=\"https:\/\/www.blogsoestado.com\/danielmatos\/files\/2022\/03\/Screenshot_20220329-1327342-588x1024.png\" \/>\n<meta name=\"twitter:card\" content=\"summary_large_image\" \/>\n<meta name=\"twitter:label1\" content=\"Est. tempo de leitura\" \/>\n\t<meta name=\"twitter:data1\" content=\"2 minutos\" \/>\n<script type=\"application\/ld+json\" class=\"yoast-schema-graph\">{\"@context\":\"https:\/\/schema.org\",\"@graph\":[{\"@type\":\"WebPage\",\"@id\":\"https:\/\/www.blogsoestado.com\/danielmatos\/oportunismo-preco-da-viagem-de-van-aumenta-para-r-5-durante-paralisacao-total-de-onibus\/\",\"url\":\"https:\/\/www.blogsoestado.com\/danielmatos\/oportunismo-preco-da-viagem-de-van-aumenta-para-r-5-durante-paralisacao-total-de-onibus\/\",\"name\":\"Oportunismo: pre\u00e7o da viagem de van sobe para R$ 5 durante paralisa\u00e7\u00e3o total de \u00f4nibus - Daniel Matos\",\"isPartOf\":{\"@id\":\"https:\/\/www.blogsoestado.com\/danielmatos\/#website\"},\"primaryImageOfPage\":{\"@id\":\"https:\/\/www.blogsoestado.com\/danielmatos\/oportunismo-preco-da-viagem-de-van-aumenta-para-r-5-durante-paralisacao-total-de-onibus\/#primaryimage\"},\"image\":{\"@id\":\"https:\/\/www.blogsoestado.com\/danielmatos\/oportunismo-preco-da-viagem-de-van-aumenta-para-r-5-durante-paralisacao-total-de-onibus\/#primaryimage\"},\"thumbnailUrl\":\"https:\/\/www.blogsoestado.com\/danielmatos\/files\/2022\/03\/Screenshot_20220329-1327342-588x1024.png\",\"datePublished\":\"2022-03-29T16:49:50+00:00\",\"author\":{\"@id\":\"\"},\"breadcrumb\":{\"@id\":\"https:\/\/www.blogsoestado.com\/danielmatos\/oportunismo-preco-da-viagem-de-van-aumenta-para-r-5-durante-paralisacao-total-de-onibus\/#breadcrumb\"},\"inLanguage\":\"pt-BR\",\"potentialAction\":[{\"@type\":\"ReadAction\",\"target\":[\"https:\/\/www.blogsoestado.com\/danielmatos\/oportunismo-preco-da-viagem-de-van-aumenta-para-r-5-durante-paralisacao-total-de-onibus\/\"]}]},{\"@type\":\"ImageObject\",\"inLanguage\":\"pt-BR\",\"@id\":\"https:\/\/www.blogsoestado.com\/danielmatos\/oportunismo-preco-da-viagem-de-van-aumenta-para-r-5-durante-paralisacao-total-de-onibus\/#primaryimage\",\"url\":\"https:\/\/www.blogsoestado.com\/danielmatos\/files\/2022\/03\/Screenshot_20220329-1327342-588x1024.png\",\"contentUrl\":\"https:\/\/www.blogsoestado.com\/danielmatos\/files\/2022\/03\/Screenshot_20220329-1327342-588x1024.png\"},{\"@type\":\"BreadcrumbList\",\"@id\":\"https:\/\/www.blogsoestado.com\/danielmatos\/oportunismo-preco-da-viagem-de-van-aumenta-para-r-5-durante-paralisacao-total-de-onibus\/#breadcrumb\",\"itemListElement\":[{\"@type\":\"ListItem\",\"position\":1,\"name\":\"In\u00edcio\",\"item\":\"https:\/\/www.blogsoestado.com\/danielmatos\/\"},{\"@type\":\"ListItem\",\"position\":2,\"name\":\"Oportunismo: pre\u00e7o da viagem de van sobe para R$ 5 durante paralisa\u00e7\u00e3o total de \u00f4nibus\"}]},{\"@type\":\"WebSite\",\"@id\":\"https:\/\/www.blogsoestado.com\/danielmatos\/#website\",\"url\":\"https:\/\/www.blogsoestado.com\/danielmatos\/\",\"name\":\"Daniel Matos\",\"description\":\"\",\"potentialAction\":[{\"@type\":\"SearchAction\",\"target\":{\"@type\":\"EntryPoint\",\"urlTemplate\":\"https:\/\/www.blogsoestado.com\/danielmatos\/?s={search_term_string}\"},\"query-input\":{\"@type\":\"PropertyValueSpecification\",\"valueRequired\":true,\"valueName\":\"search_term_string\"}}],\"inLanguage\":\"pt-BR\"}]}<\/script>\n<!-- \/ Yoast SEO plugin. -->","yoast_head_json":{"title":"Oportunismo: pre\u00e7o da viagem de van sobe para R$ 5 durante paralisa\u00e7\u00e3o total de \u00f4nibus - Daniel Matos","robots":{"index":"index","follow":"follow","max-snippet":"max-snippet:-1","max-image-preview":"max-image-preview:large","max-video-preview":"max-video-preview:-1"},"canonical":"https:\/\/www.blogsoestado.com\/danielmatos\/oportunismo-preco-da-viagem-de-van-aumenta-para-r-5-durante-paralisacao-total-de-onibus\/","og_locale":"pt_BR","og_type":"article","og_title":"Oportunismo: pre\u00e7o da viagem de van sobe para R$ 5 durante paralisa\u00e7\u00e3o total de \u00f4nibus - Daniel Matos","og_description":"O segmento de transporte alternativo de Passageiros est\u00e1 faturando alto \u00e0 custa do drama enfrentado pela popula\u00e7\u00e3o com a paralisa\u00e7\u00e3o [&hellip;]","og_url":"https:\/\/www.blogsoestado.com\/danielmatos\/oportunismo-preco-da-viagem-de-van-aumenta-para-r-5-durante-paralisacao-total-de-onibus\/","og_site_name":"Daniel Matos","article_published_time":"2022-03-29T16:49:50+00:00","og_image":[{"url":"https:\/\/www.blogsoestado.com\/danielmatos\/files\/2022\/03\/Screenshot_20220329-1327342-588x1024.png","type":"","width":"","height":""}],"twitter_card":"summary_large_image","twitter_misc":{"Est. tempo de leitura":"2 minutos"},"schema":{"@context":"https:\/\/schema.org","@graph":[{"@type":"WebPage","@id":"https:\/\/www.blogsoestado.com\/danielmatos\/oportunismo-preco-da-viagem-de-van-aumenta-para-r-5-durante-paralisacao-total-de-onibus\/","url":"https:\/\/www.blogsoestado.com\/danielmatos\/oportunismo-preco-da-viagem-de-van-aumenta-para-r-5-durante-paralisacao-total-de-onibus\/","name":"Oportunismo: pre\u00e7o da viagem de van sobe para R$ 5 durante paralisa\u00e7\u00e3o total de \u00f4nibus - Daniel Matos","isPartOf":{"@id":"https:\/\/www.blogsoestado.com\/danielmatos\/#website"},"primaryImageOfPage":{"@id":"https:\/\/www.blogsoestado.com\/danielmatos\/oportunismo-preco-da-viagem-de-van-aumenta-para-r-5-durante-paralisacao-total-de-onibus\/#primaryimage"},"image":{"@id":"https:\/\/www.blogsoestado.com\/danielmatos\/oportunismo-preco-da-viagem-de-van-aumenta-para-r-5-durante-paralisacao-total-de-onibus\/#primaryimage"},"thumbnailUrl":"https:\/\/www.blogsoestado.com\/danielmatos\/files\/2022\/03\/Screenshot_20220329-1327342-588x1024.png","datePublished":"2022-03-29T16:49:50+00:00","author":{"@id":""},"breadcrumb":{"@id":"https:\/\/www.blogsoestado.com\/danielmatos\/oportunismo-preco-da-viagem-de-van-aumenta-para-r-5-durante-paralisacao-total-de-onibus\/#breadcrumb"},"inLanguage":"pt-BR","potentialAction":[{"@type":"ReadAction","target":["https:\/\/www.blogsoestado.com\/danielmatos\/oportunismo-preco-da-viagem-de-van-aumenta-para-r-5-durante-paralisacao-total-de-onibus\/"]}]},{"@type":"ImageObject","inLanguage":"pt-BR","@id":"https:\/\/www.blogsoestado.com\/danielmatos\/oportunismo-preco-da-viagem-de-van-aumenta-para-r-5-durante-paralisacao-total-de-onibus\/#primaryimage","url":"https:\/\/www.blogsoestado.com\/danielmatos\/files\/2022\/03\/Screenshot_20220329-1327342-588x1024.png","contentUrl":"https:\/\/www.blogsoestado.com\/danielmatos\/files\/2022\/03\/Screenshot_20220329-1327342-588x1024.png"},{"@type":"BreadcrumbList","@id":"https:\/\/www.blogsoestado.com\/danielmatos\/oportunismo-preco-da-viagem-de-van-aumenta-para-r-5-durante-paralisacao-total-de-onibus\/#breadcrumb","itemListElement":[{"@type":"ListItem","position":1,"name":"In\u00edcio","item":"https:\/\/www.blogsoestado.com\/danielmatos\/"},{"@type":"ListItem","position":2,"name":"Oportunismo: pre\u00e7o da viagem de van sobe para R$ 5 durante paralisa\u00e7\u00e3o total de \u00f4nibus"}]},{"@type":"WebSite","@id":"https:\/\/www.blogsoestado.com\/danielmatos\/#website","url":"https:\/\/www.blogsoestado.com\/danielmatos\/","name":"Daniel Matos","description":"","potentialAction":[{"@type":"SearchAction","target":{"@type":"EntryPoint","urlTemplate":"https:\/\/www.blogsoestado.com\/danielmatos\/?s={search_term_string}"},"query-input":{"@type":"PropertyValueSpecification","valueRequired":true,"valueName":"search_term_string"}}],"inLanguage":"pt-BR"}]}},"jetpack_featured_media_url":"","_links":{"self":[{"href":"https:\/\/www.blogsoestado.com\/danielmatos\/wp-json\/wp\/v2\/posts\/95586","targetHints":{"allow":["GET"]}}],"collection":[{"href":"https:\/\/www.blogsoestado.com\/danielmatos\/wp-json\/wp\/v2\/posts"}],"about":[{"href":"https:\/\/www.blogsoestado.com\/danielmatos\/wp-json\/wp\/v2\/types\/post"}],"replies":[{"embeddable":true,"href":"https:\/\/www.blogsoestado.com\/danielmatos\/wp-json\/wp\/v2\/comments?post=95586"}],"version-history":[{"count":0,"href":"https:\/\/www.blogsoestado.com\/danielmatos\/wp-json\/wp\/v2\/posts\/95586\/revisions"}],"wp:attachment":[{"href":"https:\/\/www.blogsoestado.com\/danielmatos\/wp-json\/wp\/v2\/media?parent=95586"}],"wp:term":[{"taxonomy":"category","embeddable":true,"href":"https:\/\/www.blogsoestado.com\/danielmatos\/wp-json\/wp\/v2\/categories?post=95586"},{"taxonomy":"post_tag","embeddable":true,"href":"https:\/\/www.blogsoestado.com\/danielmatos\/wp-json\/wp\/v2\/tags?post=95586"}],"curies":[{"name":"wp","href":"https:\/\/api.w.org\/{rel}","templated":true}]}}