{"id":95590,"date":"2022-03-29T16:41:09","date_gmt":"2022-03-29T19:41:09","guid":{"rendered":"https:\/\/www.blogsoestado.com\/danielmatos\/?p=95590"},"modified":"2022-03-29T16:41:09","modified_gmt":"2022-03-29T19:41:09","slug":"deputado-adriano-sarney-da-boas-vindas-no-pv-ao-colega-zito-rolim","status":"publish","type":"post","link":"https:\/\/www.blogsoestado.com\/danielmatos\/deputado-adriano-sarney-da-boas-vindas-no-pv-ao-colega-zito-rolim\/","title":{"rendered":"Deputado Adriano Sarney d\u00e1 boas-vindas no PV ao colega Zito Rolim"},"content":{"rendered":"\n<div class=\"wp-block-image\"><figure class=\"aligncenter size-large\"><a href=\"https:\/\/www.blogsoestado.com\/danielmatos\/files\/2022\/03\/Screenshot_20220329-1604432.png\"><img decoding=\"async\" src=\"https:\/\/www.blogsoestado.com\/danielmatos\/files\/2022\/03\/Screenshot_20220329-1604432.png\" alt=\"\" class=\"wp-image-95591\"\/><\/a><figcaption>Adriano Sarney deu as boas-vindas ao colega de parlamento Zito Rolim,.que retorna ao PV ap\u00f3s quatro anos<\/figcaption><\/figure><\/div>\n\n\n\n<p>O deputado estadual Adriano Sarney manifestou extrema satisfa\u00e7\u00e3o com a filia\u00e7\u00e3o do colega de parlamento Zito Rolim ao Partido Verde, legenda que preside no Maranh\u00e3o. Desde 2018, Zito estava no PDT, sigla na qual ingressou ap\u00f3s integrar por cerca de 15 anos os quadros do pr\u00f3prio PV.<\/p>\n\n\n\n<p>Agora, o deputado estadual e ex-prefeito de Cod\u00f3 por dois mandatos (2009-2016) retorna ao seu antigo partido e \u00e9 recepcionado com entusiasmo por Adriano. &#8220;Quero dar as boas-vindas ao deputado Zito Rolim, pela sua filia\u00e7\u00e3o ao Partido Verde&#8221;, registrou nas redes sociais o neto do ex-presidente da Rep\u00fablica Jos\u00e9 Sarney.<\/p>\n\n\n\n<p>Ainda segundo Adriano, Zito Rolim \u00e9 um importante quadro, que vem fortalecer o PV e os trabalhos que a legenda realiza pelo Maranh\u00e3o. &#8220;Estamos juntos!&#8221;, escreveu o presidente estadual da sigla.<\/p>\n","protected":false},"excerpt":{"rendered":"<p>O deputado estadual Adriano Sarney manifestou extrema satisfa\u00e7\u00e3o com a filia\u00e7\u00e3o do colega de parlamento Zito Rolim ao Partido Verde, [&hellip;]<\/p>\n","protected":false},"author":0,"featured_media":0,"comment_status":"open","ping_status":"open","sticky":false,"template":"","format":"standard","meta":{"site-sidebar-layout":"default","site-content-layout":"","ast-site-content-layout":"default","site-content-style":"default","site-sidebar-style":"default","ast-global-header-display":"","ast-banner-title-visibility":"","ast-main-header-display":"","ast-hfb-above-header-display":"","ast-hfb-below-header-display":"","ast-hfb-mobile-header-display":"","site-post-title":"","ast-breadcrumbs-content":"","ast-featured-img":"","footer-sml-layout":"","ast-disable-related-posts":"","theme-transparent-header-meta":"","adv-header-id-meta":"","stick-header-meta":"","header-above-stick-meta":"","header-main-stick-meta":"","header-below-stick-meta":"","astra-migrate-meta-layouts":"default","ast-page-background-enabled":"default","ast-page-background-meta":{"desktop":{"background-color":"var(--ast-global-color-5)","background-image":"","background-repeat":"repeat","background-position":"center center","background-size":"auto","background-attachment":"scroll","background-type":"","background-media":"","overlay-type":"","overlay-color":"","overlay-opacity":"","overlay-gradient":""},"tablet":{"background-color":"","background-image":"","background-repeat":"repeat","background-position":"center center","background-size":"auto","background-attachment":"scroll","background-type":"","background-media":"","overlay-type":"","overlay-color":"","overlay-opacity":"","overlay-gradient":""},"mobile":{"background-color":"","background-image":"","background-repeat":"repeat","background-position":"center center","background-size":"auto","background-attachment":"scroll","background-type":"","background-media":"","overlay-type":"","overlay-color":"","overlay-opacity":"","overlay-gradient":""}},"ast-content-background-meta":{"desktop":{"background-color":"var(--ast-global-color-4)","background-image":"","background-repeat":"repeat","background-position":"center center","background-size":"auto","background-attachment":"scroll","background-type":"","background-media":"","overlay-type":"","overlay-color":"","overlay-opacity":"","overlay-gradient":""},"tablet":{"background-color":"var(--ast-global-color-4)","background-image":"","background-repeat":"repeat","background-position":"center center","background-size":"auto","background-attachment":"scroll","background-type":"","background-media":"","overlay-type":"","overlay-color":"","overlay-opacity":"","overlay-gradient":""},"mobile":{"background-color":"var(--ast-global-color-4)","background-image":"","background-repeat":"repeat","background-position":"center center","background-size":"auto","background-attachment":"scroll","background-type":"","background-media":"","overlay-type":"","overlay-color":"","overlay-opacity":"","overlay-gradient":""}},"footnotes":""},"categories":[1],"tags":[],"class_list":["post-95590","post","type-post","status-publish","format-standard","hentry","category-sem-categoria"],"yoast_head":"<!-- This site is optimized with the Yoast SEO plugin v26.6 - https:\/\/yoast.com\/wordpress\/plugins\/seo\/ -->\n<title>Deputado Adriano Sarney d\u00e1 boas-vindas no PV ao colega Zito Rolim - Daniel Matos<\/title>\n<meta name=\"robots\" content=\"index, follow, max-snippet:-1, max-image-preview:large, max-video-preview:-1\" \/>\n<link rel=\"canonical\" href=\"https:\/\/www.blogsoestado.com\/danielmatos\/deputado-adriano-sarney-da-boas-vindas-no-pv-ao-colega-zito-rolim\/\" \/>\n<meta property=\"og:locale\" content=\"pt_BR\" \/>\n<meta property=\"og:type\" content=\"article\" \/>\n<meta property=\"og:title\" content=\"Deputado Adriano Sarney d\u00e1 boas-vindas no PV ao colega Zito Rolim - Daniel Matos\" \/>\n<meta property=\"og:description\" content=\"O deputado estadual Adriano Sarney manifestou extrema satisfa\u00e7\u00e3o com a filia\u00e7\u00e3o do colega de parlamento Zito Rolim ao Partido Verde, [&hellip;]\" \/>\n<meta property=\"og:url\" content=\"https:\/\/www.blogsoestado.com\/danielmatos\/deputado-adriano-sarney-da-boas-vindas-no-pv-ao-colega-zito-rolim\/\" \/>\n<meta property=\"og:site_name\" content=\"Daniel Matos\" \/>\n<meta property=\"article:published_time\" content=\"2022-03-29T19:41:09+00:00\" \/>\n<meta property=\"og:image\" content=\"https:\/\/www.blogsoestado.com\/danielmatos\/files\/2022\/03\/Screenshot_20220329-1604432.png\" \/>\n<meta name=\"twitter:card\" content=\"summary_large_image\" \/>\n<meta name=\"twitter:label1\" content=\"Est. tempo de leitura\" \/>\n\t<meta name=\"twitter:data1\" content=\"1 minuto\" \/>\n<script type=\"application\/ld+json\" class=\"yoast-schema-graph\">{\"@context\":\"https:\/\/schema.org\",\"@graph\":[{\"@type\":\"WebPage\",\"@id\":\"https:\/\/www.blogsoestado.com\/danielmatos\/deputado-adriano-sarney-da-boas-vindas-no-pv-ao-colega-zito-rolim\/\",\"url\":\"https:\/\/www.blogsoestado.com\/danielmatos\/deputado-adriano-sarney-da-boas-vindas-no-pv-ao-colega-zito-rolim\/\",\"name\":\"Deputado Adriano Sarney d\u00e1 boas-vindas no PV ao colega Zito Rolim - Daniel Matos\",\"isPartOf\":{\"@id\":\"https:\/\/www.blogsoestado.com\/danielmatos\/#website\"},\"primaryImageOfPage\":{\"@id\":\"https:\/\/www.blogsoestado.com\/danielmatos\/deputado-adriano-sarney-da-boas-vindas-no-pv-ao-colega-zito-rolim\/#primaryimage\"},\"image\":{\"@id\":\"https:\/\/www.blogsoestado.com\/danielmatos\/deputado-adriano-sarney-da-boas-vindas-no-pv-ao-colega-zito-rolim\/#primaryimage\"},\"thumbnailUrl\":\"https:\/\/www.blogsoestado.com\/danielmatos\/files\/2022\/03\/Screenshot_20220329-1604432.png\",\"datePublished\":\"2022-03-29T19:41:09+00:00\",\"author\":{\"@id\":\"\"},\"breadcrumb\":{\"@id\":\"https:\/\/www.blogsoestado.com\/danielmatos\/deputado-adriano-sarney-da-boas-vindas-no-pv-ao-colega-zito-rolim\/#breadcrumb\"},\"inLanguage\":\"pt-BR\",\"potentialAction\":[{\"@type\":\"ReadAction\",\"target\":[\"https:\/\/www.blogsoestado.com\/danielmatos\/deputado-adriano-sarney-da-boas-vindas-no-pv-ao-colega-zito-rolim\/\"]}]},{\"@type\":\"ImageObject\",\"inLanguage\":\"pt-BR\",\"@id\":\"https:\/\/www.blogsoestado.com\/danielmatos\/deputado-adriano-sarney-da-boas-vindas-no-pv-ao-colega-zito-rolim\/#primaryimage\",\"url\":\"https:\/\/www.blogsoestado.com\/danielmatos\/files\/2022\/03\/Screenshot_20220329-1604432.png\",\"contentUrl\":\"https:\/\/www.blogsoestado.com\/danielmatos\/files\/2022\/03\/Screenshot_20220329-1604432.png\"},{\"@type\":\"BreadcrumbList\",\"@id\":\"https:\/\/www.blogsoestado.com\/danielmatos\/deputado-adriano-sarney-da-boas-vindas-no-pv-ao-colega-zito-rolim\/#breadcrumb\",\"itemListElement\":[{\"@type\":\"ListItem\",\"position\":1,\"name\":\"In\u00edcio\",\"item\":\"https:\/\/www.blogsoestado.com\/danielmatos\/\"},{\"@type\":\"ListItem\",\"position\":2,\"name\":\"Deputado Adriano Sarney d\u00e1 boas-vindas no PV ao colega Zito Rolim\"}]},{\"@type\":\"WebSite\",\"@id\":\"https:\/\/www.blogsoestado.com\/danielmatos\/#website\",\"url\":\"https:\/\/www.blogsoestado.com\/danielmatos\/\",\"name\":\"Daniel Matos\",\"description\":\"\",\"potentialAction\":[{\"@type\":\"SearchAction\",\"target\":{\"@type\":\"EntryPoint\",\"urlTemplate\":\"https:\/\/www.blogsoestado.com\/danielmatos\/?s={search_term_string}\"},\"query-input\":{\"@type\":\"PropertyValueSpecification\",\"valueRequired\":true,\"valueName\":\"search_term_string\"}}],\"inLanguage\":\"pt-BR\"}]}<\/script>\n<!-- \/ Yoast SEO plugin. -->","yoast_head_json":{"title":"Deputado Adriano Sarney d\u00e1 boas-vindas no PV ao colega Zito Rolim - Daniel Matos","robots":{"index":"index","follow":"follow","max-snippet":"max-snippet:-1","max-image-preview":"max-image-preview:large","max-video-preview":"max-video-preview:-1"},"canonical":"https:\/\/www.blogsoestado.com\/danielmatos\/deputado-adriano-sarney-da-boas-vindas-no-pv-ao-colega-zito-rolim\/","og_locale":"pt_BR","og_type":"article","og_title":"Deputado Adriano Sarney d\u00e1 boas-vindas no PV ao colega Zito Rolim - Daniel Matos","og_description":"O deputado estadual Adriano Sarney manifestou extrema satisfa\u00e7\u00e3o com a filia\u00e7\u00e3o do colega de parlamento Zito Rolim ao Partido Verde, [&hellip;]","og_url":"https:\/\/www.blogsoestado.com\/danielmatos\/deputado-adriano-sarney-da-boas-vindas-no-pv-ao-colega-zito-rolim\/","og_site_name":"Daniel Matos","article_published_time":"2022-03-29T19:41:09+00:00","og_image":[{"url":"https:\/\/www.blogsoestado.com\/danielmatos\/files\/2022\/03\/Screenshot_20220329-1604432.png","type":"","width":"","height":""}],"twitter_card":"summary_large_image","twitter_misc":{"Est. tempo de leitura":"1 minuto"},"schema":{"@context":"https:\/\/schema.org","@graph":[{"@type":"WebPage","@id":"https:\/\/www.blogsoestado.com\/danielmatos\/deputado-adriano-sarney-da-boas-vindas-no-pv-ao-colega-zito-rolim\/","url":"https:\/\/www.blogsoestado.com\/danielmatos\/deputado-adriano-sarney-da-boas-vindas-no-pv-ao-colega-zito-rolim\/","name":"Deputado Adriano Sarney d\u00e1 boas-vindas no PV ao colega Zito Rolim - Daniel Matos","isPartOf":{"@id":"https:\/\/www.blogsoestado.com\/danielmatos\/#website"},"primaryImageOfPage":{"@id":"https:\/\/www.blogsoestado.com\/danielmatos\/deputado-adriano-sarney-da-boas-vindas-no-pv-ao-colega-zito-rolim\/#primaryimage"},"image":{"@id":"https:\/\/www.blogsoestado.com\/danielmatos\/deputado-adriano-sarney-da-boas-vindas-no-pv-ao-colega-zito-rolim\/#primaryimage"},"thumbnailUrl":"https:\/\/www.blogsoestado.com\/danielmatos\/files\/2022\/03\/Screenshot_20220329-1604432.png","datePublished":"2022-03-29T19:41:09+00:00","author":{"@id":""},"breadcrumb":{"@id":"https:\/\/www.blogsoestado.com\/danielmatos\/deputado-adriano-sarney-da-boas-vindas-no-pv-ao-colega-zito-rolim\/#breadcrumb"},"inLanguage":"pt-BR","potentialAction":[{"@type":"ReadAction","target":["https:\/\/www.blogsoestado.com\/danielmatos\/deputado-adriano-sarney-da-boas-vindas-no-pv-ao-colega-zito-rolim\/"]}]},{"@type":"ImageObject","inLanguage":"pt-BR","@id":"https:\/\/www.blogsoestado.com\/danielmatos\/deputado-adriano-sarney-da-boas-vindas-no-pv-ao-colega-zito-rolim\/#primaryimage","url":"https:\/\/www.blogsoestado.com\/danielmatos\/files\/2022\/03\/Screenshot_20220329-1604432.png","contentUrl":"https:\/\/www.blogsoestado.com\/danielmatos\/files\/2022\/03\/Screenshot_20220329-1604432.png"},{"@type":"BreadcrumbList","@id":"https:\/\/www.blogsoestado.com\/danielmatos\/deputado-adriano-sarney-da-boas-vindas-no-pv-ao-colega-zito-rolim\/#breadcrumb","itemListElement":[{"@type":"ListItem","position":1,"name":"In\u00edcio","item":"https:\/\/www.blogsoestado.com\/danielmatos\/"},{"@type":"ListItem","position":2,"name":"Deputado Adriano Sarney d\u00e1 boas-vindas no PV ao colega Zito Rolim"}]},{"@type":"WebSite","@id":"https:\/\/www.blogsoestado.com\/danielmatos\/#website","url":"https:\/\/www.blogsoestado.com\/danielmatos\/","name":"Daniel Matos","description":"","potentialAction":[{"@type":"SearchAction","target":{"@type":"EntryPoint","urlTemplate":"https:\/\/www.blogsoestado.com\/danielmatos\/?s={search_term_string}"},"query-input":{"@type":"PropertyValueSpecification","valueRequired":true,"valueName":"search_term_string"}}],"inLanguage":"pt-BR"}]}},"jetpack_featured_media_url":"","_links":{"self":[{"href":"https:\/\/www.blogsoestado.com\/danielmatos\/wp-json\/wp\/v2\/posts\/95590","targetHints":{"allow":["GET"]}}],"collection":[{"href":"https:\/\/www.blogsoestado.com\/danielmatos\/wp-json\/wp\/v2\/posts"}],"about":[{"href":"https:\/\/www.blogsoestado.com\/danielmatos\/wp-json\/wp\/v2\/types\/post"}],"replies":[{"embeddable":true,"href":"https:\/\/www.blogsoestado.com\/danielmatos\/wp-json\/wp\/v2\/comments?post=95590"}],"version-history":[{"count":0,"href":"https:\/\/www.blogsoestado.com\/danielmatos\/wp-json\/wp\/v2\/posts\/95590\/revisions"}],"wp:attachment":[{"href":"https:\/\/www.blogsoestado.com\/danielmatos\/wp-json\/wp\/v2\/media?parent=95590"}],"wp:term":[{"taxonomy":"category","embeddable":true,"href":"https:\/\/www.blogsoestado.com\/danielmatos\/wp-json\/wp\/v2\/categories?post=95590"},{"taxonomy":"post_tag","embeddable":true,"href":"https:\/\/www.blogsoestado.com\/danielmatos\/wp-json\/wp\/v2\/tags?post=95590"}],"curies":[{"name":"wp","href":"https:\/\/api.w.org\/{rel}","templated":true}]}}