{"id":95596,"date":"2022-03-29T17:50:32","date_gmt":"2022-03-29T20:50:32","guid":{"rendered":"https:\/\/www.blogsoestado.com\/danielmatos\/?p=95596"},"modified":"2022-03-29T17:50:32","modified_gmt":"2022-03-29T20:50:32","slug":"ha-10-anos-ceuma-era-credenciada-pelo-mec-como-primeira-universidade-particular-do-maranhao","status":"publish","type":"post","link":"https:\/\/www.blogsoestado.com\/danielmatos\/ha-10-anos-ceuma-era-credenciada-pelo-mec-como-primeira-universidade-particular-do-maranhao\/","title":{"rendered":"H\u00e1 10 anos, Ceuma era credenciada pelo MEC como primeira universidade particular do Maranh\u00e3o"},"content":{"rendered":"\n<div class=\"wp-block-image\"><figure class=\"aligncenter size-large\"><a href=\"https:\/\/www.blogsoestado.com\/danielmatos\/files\/2022\/03\/Screenshot_20220329-1736152.png\"><img decoding=\"async\" src=\"https:\/\/www.blogsoestado.com\/danielmatos\/files\/2022\/03\/Screenshot_20220329-1736152.png\" alt=\"\" class=\"wp-image-95597\"\/><\/a><figcaption>Universidade Ceuma disp\u00f5e de uma das melhores estruturas do Norte e Nordeste para a pr\u00e1tica do ensino superior<\/figcaption><\/figure><\/div>\n\n\n\n<p>H\u00e1 10 anos comemor\u00e1vamos um avan\u00e7o memor\u00e1vel na hist\u00f3ria educacional do Maranh\u00e3o: nos tornamos a PRIMEIRA UNIVERSIDADE PARTICULAR! \u2800<br>\u2800<br>Pioneiros, iniciamos a nossa trajet\u00f3ria em 1990 como Centro Universit\u00e1rio, iniciativa de Dr. Mauro Fecury com autoriza\u00e7\u00e3o do ex-presidente Jos\u00e9 Sarney. Desde ent\u00e3o, n\u00e3o paramos! \u2800<\/p>\n\n\n\n<div class=\"wp-block-image\"><figure class=\"aligncenter size-large\"><a href=\"https:\/\/www.blogsoestado.com\/danielmatos\/files\/2022\/03\/Screenshot_20220329-1734022.png\"><img decoding=\"async\" src=\"https:\/\/www.blogsoestado.com\/danielmatos\/files\/2022\/03\/Screenshot_20220329-1734022.png\" alt=\"\" class=\"wp-image-95598\"\/><\/a><figcaption>O ex-prefeito de S\u00e3o Lu\u00eds, ex-senador, ex-deputado federal e fundador do Grupo Ceuma, Mauro Fecury, com o ent\u00e3o presidente da Rep\u00fablica, Jos\u00e9 Sarney<\/figcaption><\/figure><\/div>\n\n\n\n<p>Em 2012, por meio da portaria N\u00ba 239, de 27 de mar\u00e7o, conquistamos esse reconhecimento que consolida nosso grupo educacional no mercado e potencializa o nosso comprometimento com a educa\u00e7\u00e3o superior.\u2800<\/p>\n\n\n\n<div class=\"wp-block-image\"><figure class=\"aligncenter size-large\"><a href=\"https:\/\/www.blogsoestado.com\/danielmatos\/files\/2022\/03\/Screenshot_20220329-1734592.png\"><img decoding=\"async\" src=\"https:\/\/www.blogsoestado.com\/danielmatos\/files\/2022\/03\/Screenshot_20220329-1734592.png\" alt=\"\" class=\"wp-image-95599\"\/><\/a><figcaption>Acad\u00eamicos de curso da \u00e1rea de sa\u00fade da Universidade Ceuma em pr\u00e1tica de laborat\u00f3rio na institui\u00e7\u00e3o<\/figcaption><\/figure><\/div>\n\n\n\n<p>Na real, a maior vit\u00f3ria que temos diariamente, \u00e9 ver os nossos alunos se transformando em excelentes profissionais. Melhor ainda \u00e9 v\u00ea-los voltando para a universidade para cursar os nossos mestrados e doutorados; e muitos, apaixonados que s\u00e3o por essa institui\u00e7\u00e3o, passam a fazer parte profissionalmente dessa grande comunidade. \u2800<br>\u2800<br>\u00c9 um grande privil\u00e9gio fazer parte da hist\u00f3ria do Maranh\u00e3o! <\/p>\n\n\n\n<p>Confira mais fotos que retratam a estrutura e a evolu\u00e7\u00e3o da Universidade Ceuma:<\/p>\n\n\n\n<div class=\"wp-block-image\"><figure class=\"aligncenter size-large\"><a href=\"https:\/\/www.blogsoestado.com\/danielmatos\/files\/2022\/03\/Screenshot_20220329-1733332.png\"><img decoding=\"async\" src=\"https:\/\/www.blogsoestado.com\/danielmatos\/files\/2022\/03\/Screenshot_20220329-1733332.png\" alt=\"\" class=\"wp-image-95600\"\/><\/a><\/figure><\/div>\n\n\n\n<div class=\"wp-block-image\"><figure class=\"aligncenter size-large\"><a href=\"https:\/\/www.blogsoestado.com\/danielmatos\/files\/2022\/03\/Screenshot_20220329-1735282.png\"><img decoding=\"async\" src=\"https:\/\/www.blogsoestado.com\/danielmatos\/files\/2022\/03\/Screenshot_20220329-1735282.png\" alt=\"\" class=\"wp-image-95601\"\/><\/a><\/figure><\/div>\n\n\n\n<div class=\"wp-block-image\"><figure class=\"aligncenter size-large\"><a href=\"https:\/\/www.blogsoestado.com\/danielmatos\/files\/2022\/03\/Screenshot_20220329-1735512.png\"><img decoding=\"async\" src=\"https:\/\/www.blogsoestado.com\/danielmatos\/files\/2022\/03\/Screenshot_20220329-1735512.png\" alt=\"\" class=\"wp-image-95602\"\/><\/a><\/figure><\/div>\n\n\n\n<div class=\"wp-block-image\"><figure class=\"aligncenter size-large\"><a href=\"https:\/\/www.blogsoestado.com\/danielmatos\/files\/2022\/03\/Screenshot_20220329-1734302.png\"><img decoding=\"async\" src=\"https:\/\/www.blogsoestado.com\/danielmatos\/files\/2022\/03\/Screenshot_20220329-1734302.png\" alt=\"\" class=\"wp-image-95603\"\/><\/a><\/figure><\/div>\n","protected":false},"excerpt":{"rendered":"<p>H\u00e1 10 anos comemor\u00e1vamos um avan\u00e7o memor\u00e1vel na hist\u00f3ria educacional do Maranh\u00e3o: nos tornamos a PRIMEIRA UNIVERSIDADE PARTICULAR! \u2800\u2800Pioneiros, iniciamos [&hellip;]<\/p>\n","protected":false},"author":0,"featured_media":0,"comment_status":"open","ping_status":"open","sticky":false,"template":"","format":"standard","meta":{"site-sidebar-layout":"default","site-content-layout":"","ast-site-content-layout":"default","site-content-style":"default","site-sidebar-style":"default","ast-global-header-display":"","ast-banner-title-visibility":"","ast-main-header-display":"","ast-hfb-above-header-display":"","ast-hfb-below-header-display":"","ast-hfb-mobile-header-display":"","site-post-title":"","ast-breadcrumbs-content":"","ast-featured-img":"","footer-sml-layout":"","ast-disable-related-posts":"","theme-transparent-header-meta":"","adv-header-id-meta":"","stick-header-meta":"","header-above-stick-meta":"","header-main-stick-meta":"","header-below-stick-meta":"","astra-migrate-meta-layouts":"default","ast-page-background-enabled":"default","ast-page-background-meta":{"desktop":{"background-color":"var(--ast-global-color-5)","background-image":"","background-repeat":"repeat","background-position":"center center","background-size":"auto","background-attachment":"scroll","background-type":"","background-media":"","overlay-type":"","overlay-color":"","overlay-opacity":"","overlay-gradient":""},"tablet":{"background-color":"","background-image":"","background-repeat":"repeat","background-position":"center center","background-size":"auto","background-attachment":"scroll","background-type":"","background-media":"","overlay-type":"","overlay-color":"","overlay-opacity":"","overlay-gradient":""},"mobile":{"background-color":"","background-image":"","background-repeat":"repeat","background-position":"center center","background-size":"auto","background-attachment":"scroll","background-type":"","background-media":"","overlay-type":"","overlay-color":"","overlay-opacity":"","overlay-gradient":""}},"ast-content-background-meta":{"desktop":{"background-color":"var(--ast-global-color-4)","background-image":"","background-repeat":"repeat","background-position":"center center","background-size":"auto","background-attachment":"scroll","background-type":"","background-media":"","overlay-type":"","overlay-color":"","overlay-opacity":"","overlay-gradient":""},"tablet":{"background-color":"var(--ast-global-color-4)","background-image":"","background-repeat":"repeat","background-position":"center center","background-size":"auto","background-attachment":"scroll","background-type":"","background-media":"","overlay-type":"","overlay-color":"","overlay-opacity":"","overlay-gradient":""},"mobile":{"background-color":"var(--ast-global-color-4)","background-image":"","background-repeat":"repeat","background-position":"center center","background-size":"auto","background-attachment":"scroll","background-type":"","background-media":"","overlay-type":"","overlay-color":"","overlay-opacity":"","overlay-gradient":""}},"footnotes":""},"categories":[1],"tags":[],"class_list":["post-95596","post","type-post","status-publish","format-standard","hentry","category-sem-categoria"],"yoast_head":"<!-- This site is optimized with the Yoast SEO plugin v26.6 - https:\/\/yoast.com\/wordpress\/plugins\/seo\/ -->\n<title>H\u00e1 10 anos, Ceuma era credenciada pelo MEC como primeira universidade particular do Maranh\u00e3o - Daniel Matos<\/title>\n<meta name=\"robots\" content=\"index, follow, max-snippet:-1, max-image-preview:large, max-video-preview:-1\" \/>\n<link rel=\"canonical\" href=\"https:\/\/www.blogsoestado.com\/danielmatos\/ha-10-anos-ceuma-era-credenciada-pelo-mec-como-primeira-universidade-particular-do-maranhao\/\" \/>\n<meta property=\"og:locale\" content=\"pt_BR\" \/>\n<meta property=\"og:type\" content=\"article\" \/>\n<meta property=\"og:title\" content=\"H\u00e1 10 anos, Ceuma era credenciada pelo MEC como primeira universidade particular do Maranh\u00e3o - Daniel Matos\" \/>\n<meta property=\"og:description\" content=\"H\u00e1 10 anos comemor\u00e1vamos um avan\u00e7o memor\u00e1vel na hist\u00f3ria educacional do Maranh\u00e3o: nos tornamos a PRIMEIRA UNIVERSIDADE PARTICULAR! \u2800\u2800Pioneiros, iniciamos [&hellip;]\" \/>\n<meta property=\"og:url\" content=\"https:\/\/www.blogsoestado.com\/danielmatos\/ha-10-anos-ceuma-era-credenciada-pelo-mec-como-primeira-universidade-particular-do-maranhao\/\" \/>\n<meta property=\"og:site_name\" content=\"Daniel Matos\" \/>\n<meta property=\"article:published_time\" content=\"2022-03-29T20:50:32+00:00\" \/>\n<meta property=\"og:image\" content=\"https:\/\/www.blogsoestado.com\/danielmatos\/files\/2022\/03\/Screenshot_20220329-1736152.png\" \/>\n<meta name=\"twitter:card\" content=\"summary_large_image\" \/>\n<meta name=\"twitter:label1\" content=\"Est. tempo de leitura\" \/>\n\t<meta name=\"twitter:data1\" content=\"3 minutos\" \/>\n<script type=\"application\/ld+json\" class=\"yoast-schema-graph\">{\"@context\":\"https:\/\/schema.org\",\"@graph\":[{\"@type\":\"WebPage\",\"@id\":\"https:\/\/www.blogsoestado.com\/danielmatos\/ha-10-anos-ceuma-era-credenciada-pelo-mec-como-primeira-universidade-particular-do-maranhao\/\",\"url\":\"https:\/\/www.blogsoestado.com\/danielmatos\/ha-10-anos-ceuma-era-credenciada-pelo-mec-como-primeira-universidade-particular-do-maranhao\/\",\"name\":\"H\u00e1 10 anos, Ceuma era credenciada pelo MEC como primeira universidade particular do Maranh\u00e3o - Daniel Matos\",\"isPartOf\":{\"@id\":\"https:\/\/www.blogsoestado.com\/danielmatos\/#website\"},\"primaryImageOfPage\":{\"@id\":\"https:\/\/www.blogsoestado.com\/danielmatos\/ha-10-anos-ceuma-era-credenciada-pelo-mec-como-primeira-universidade-particular-do-maranhao\/#primaryimage\"},\"image\":{\"@id\":\"https:\/\/www.blogsoestado.com\/danielmatos\/ha-10-anos-ceuma-era-credenciada-pelo-mec-como-primeira-universidade-particular-do-maranhao\/#primaryimage\"},\"thumbnailUrl\":\"https:\/\/www.blogsoestado.com\/danielmatos\/files\/2022\/03\/Screenshot_20220329-1736152.png\",\"datePublished\":\"2022-03-29T20:50:32+00:00\",\"author\":{\"@id\":\"\"},\"breadcrumb\":{\"@id\":\"https:\/\/www.blogsoestado.com\/danielmatos\/ha-10-anos-ceuma-era-credenciada-pelo-mec-como-primeira-universidade-particular-do-maranhao\/#breadcrumb\"},\"inLanguage\":\"pt-BR\",\"potentialAction\":[{\"@type\":\"ReadAction\",\"target\":[\"https:\/\/www.blogsoestado.com\/danielmatos\/ha-10-anos-ceuma-era-credenciada-pelo-mec-como-primeira-universidade-particular-do-maranhao\/\"]}]},{\"@type\":\"ImageObject\",\"inLanguage\":\"pt-BR\",\"@id\":\"https:\/\/www.blogsoestado.com\/danielmatos\/ha-10-anos-ceuma-era-credenciada-pelo-mec-como-primeira-universidade-particular-do-maranhao\/#primaryimage\",\"url\":\"https:\/\/www.blogsoestado.com\/danielmatos\/files\/2022\/03\/Screenshot_20220329-1736152.png\",\"contentUrl\":\"https:\/\/www.blogsoestado.com\/danielmatos\/files\/2022\/03\/Screenshot_20220329-1736152.png\"},{\"@type\":\"BreadcrumbList\",\"@id\":\"https:\/\/www.blogsoestado.com\/danielmatos\/ha-10-anos-ceuma-era-credenciada-pelo-mec-como-primeira-universidade-particular-do-maranhao\/#breadcrumb\",\"itemListElement\":[{\"@type\":\"ListItem\",\"position\":1,\"name\":\"In\u00edcio\",\"item\":\"https:\/\/www.blogsoestado.com\/danielmatos\/\"},{\"@type\":\"ListItem\",\"position\":2,\"name\":\"H\u00e1 10 anos, Ceuma era credenciada pelo MEC como primeira universidade particular do Maranh\u00e3o\"}]},{\"@type\":\"WebSite\",\"@id\":\"https:\/\/www.blogsoestado.com\/danielmatos\/#website\",\"url\":\"https:\/\/www.blogsoestado.com\/danielmatos\/\",\"name\":\"Daniel Matos\",\"description\":\"\",\"potentialAction\":[{\"@type\":\"SearchAction\",\"target\":{\"@type\":\"EntryPoint\",\"urlTemplate\":\"https:\/\/www.blogsoestado.com\/danielmatos\/?s={search_term_string}\"},\"query-input\":{\"@type\":\"PropertyValueSpecification\",\"valueRequired\":true,\"valueName\":\"search_term_string\"}}],\"inLanguage\":\"pt-BR\"}]}<\/script>\n<!-- \/ Yoast SEO plugin. -->","yoast_head_json":{"title":"H\u00e1 10 anos, Ceuma era credenciada pelo MEC como primeira universidade particular do Maranh\u00e3o - Daniel Matos","robots":{"index":"index","follow":"follow","max-snippet":"max-snippet:-1","max-image-preview":"max-image-preview:large","max-video-preview":"max-video-preview:-1"},"canonical":"https:\/\/www.blogsoestado.com\/danielmatos\/ha-10-anos-ceuma-era-credenciada-pelo-mec-como-primeira-universidade-particular-do-maranhao\/","og_locale":"pt_BR","og_type":"article","og_title":"H\u00e1 10 anos, Ceuma era credenciada pelo MEC como primeira universidade particular do Maranh\u00e3o - Daniel Matos","og_description":"H\u00e1 10 anos comemor\u00e1vamos um avan\u00e7o memor\u00e1vel na hist\u00f3ria educacional do Maranh\u00e3o: nos tornamos a PRIMEIRA UNIVERSIDADE PARTICULAR! \u2800\u2800Pioneiros, iniciamos [&hellip;]","og_url":"https:\/\/www.blogsoestado.com\/danielmatos\/ha-10-anos-ceuma-era-credenciada-pelo-mec-como-primeira-universidade-particular-do-maranhao\/","og_site_name":"Daniel Matos","article_published_time":"2022-03-29T20:50:32+00:00","og_image":[{"url":"https:\/\/www.blogsoestado.com\/danielmatos\/files\/2022\/03\/Screenshot_20220329-1736152.png","type":"","width":"","height":""}],"twitter_card":"summary_large_image","twitter_misc":{"Est. tempo de leitura":"3 minutos"},"schema":{"@context":"https:\/\/schema.org","@graph":[{"@type":"WebPage","@id":"https:\/\/www.blogsoestado.com\/danielmatos\/ha-10-anos-ceuma-era-credenciada-pelo-mec-como-primeira-universidade-particular-do-maranhao\/","url":"https:\/\/www.blogsoestado.com\/danielmatos\/ha-10-anos-ceuma-era-credenciada-pelo-mec-como-primeira-universidade-particular-do-maranhao\/","name":"H\u00e1 10 anos, Ceuma era credenciada pelo MEC como primeira universidade particular do Maranh\u00e3o - Daniel Matos","isPartOf":{"@id":"https:\/\/www.blogsoestado.com\/danielmatos\/#website"},"primaryImageOfPage":{"@id":"https:\/\/www.blogsoestado.com\/danielmatos\/ha-10-anos-ceuma-era-credenciada-pelo-mec-como-primeira-universidade-particular-do-maranhao\/#primaryimage"},"image":{"@id":"https:\/\/www.blogsoestado.com\/danielmatos\/ha-10-anos-ceuma-era-credenciada-pelo-mec-como-primeira-universidade-particular-do-maranhao\/#primaryimage"},"thumbnailUrl":"https:\/\/www.blogsoestado.com\/danielmatos\/files\/2022\/03\/Screenshot_20220329-1736152.png","datePublished":"2022-03-29T20:50:32+00:00","author":{"@id":""},"breadcrumb":{"@id":"https:\/\/www.blogsoestado.com\/danielmatos\/ha-10-anos-ceuma-era-credenciada-pelo-mec-como-primeira-universidade-particular-do-maranhao\/#breadcrumb"},"inLanguage":"pt-BR","potentialAction":[{"@type":"ReadAction","target":["https:\/\/www.blogsoestado.com\/danielmatos\/ha-10-anos-ceuma-era-credenciada-pelo-mec-como-primeira-universidade-particular-do-maranhao\/"]}]},{"@type":"ImageObject","inLanguage":"pt-BR","@id":"https:\/\/www.blogsoestado.com\/danielmatos\/ha-10-anos-ceuma-era-credenciada-pelo-mec-como-primeira-universidade-particular-do-maranhao\/#primaryimage","url":"https:\/\/www.blogsoestado.com\/danielmatos\/files\/2022\/03\/Screenshot_20220329-1736152.png","contentUrl":"https:\/\/www.blogsoestado.com\/danielmatos\/files\/2022\/03\/Screenshot_20220329-1736152.png"},{"@type":"BreadcrumbList","@id":"https:\/\/www.blogsoestado.com\/danielmatos\/ha-10-anos-ceuma-era-credenciada-pelo-mec-como-primeira-universidade-particular-do-maranhao\/#breadcrumb","itemListElement":[{"@type":"ListItem","position":1,"name":"In\u00edcio","item":"https:\/\/www.blogsoestado.com\/danielmatos\/"},{"@type":"ListItem","position":2,"name":"H\u00e1 10 anos, Ceuma era credenciada pelo MEC como primeira universidade particular do Maranh\u00e3o"}]},{"@type":"WebSite","@id":"https:\/\/www.blogsoestado.com\/danielmatos\/#website","url":"https:\/\/www.blogsoestado.com\/danielmatos\/","name":"Daniel Matos","description":"","potentialAction":[{"@type":"SearchAction","target":{"@type":"EntryPoint","urlTemplate":"https:\/\/www.blogsoestado.com\/danielmatos\/?s={search_term_string}"},"query-input":{"@type":"PropertyValueSpecification","valueRequired":true,"valueName":"search_term_string"}}],"inLanguage":"pt-BR"}]}},"jetpack_featured_media_url":"","_links":{"self":[{"href":"https:\/\/www.blogsoestado.com\/danielmatos\/wp-json\/wp\/v2\/posts\/95596","targetHints":{"allow":["GET"]}}],"collection":[{"href":"https:\/\/www.blogsoestado.com\/danielmatos\/wp-json\/wp\/v2\/posts"}],"about":[{"href":"https:\/\/www.blogsoestado.com\/danielmatos\/wp-json\/wp\/v2\/types\/post"}],"replies":[{"embeddable":true,"href":"https:\/\/www.blogsoestado.com\/danielmatos\/wp-json\/wp\/v2\/comments?post=95596"}],"version-history":[{"count":0,"href":"https:\/\/www.blogsoestado.com\/danielmatos\/wp-json\/wp\/v2\/posts\/95596\/revisions"}],"wp:attachment":[{"href":"https:\/\/www.blogsoestado.com\/danielmatos\/wp-json\/wp\/v2\/media?parent=95596"}],"wp:term":[{"taxonomy":"category","embeddable":true,"href":"https:\/\/www.blogsoestado.com\/danielmatos\/wp-json\/wp\/v2\/categories?post=95596"},{"taxonomy":"post_tag","embeddable":true,"href":"https:\/\/www.blogsoestado.com\/danielmatos\/wp-json\/wp\/v2\/tags?post=95596"}],"curies":[{"name":"wp","href":"https:\/\/api.w.org\/{rel}","templated":true}]}}