{"id":95606,"date":"2022-03-29T18:51:31","date_gmt":"2022-03-29T21:51:31","guid":{"rendered":"https:\/\/www.blogsoestado.com\/danielmatos\/?p=95606"},"modified":"2022-03-29T18:51:31","modified_gmt":"2022-03-29T21:51:31","slug":"justica-do-trabalho-volta-a-determinar-circulacao-de-60-da-frota-de-onibus-durante-greve-de-rodoviarios","status":"publish","type":"post","link":"https:\/\/www.blogsoestado.com\/danielmatos\/justica-do-trabalho-volta-a-determinar-circulacao-de-60-da-frota-de-onibus-durante-greve-de-rodoviarios\/","title":{"rendered":"Justi\u00e7a do Trabalho volta a determinar circula\u00e7\u00e3o de 60% da frota de \u00f4nibus durante greve de rodovi\u00e1rios"},"content":{"rendered":"\n<p><strong><span class=\"has-inline-color has-vivid-red-color\">A decis\u00e3o toma por base o descumprimento flagrante de ordem judicial proferida em fevereiro pelo Tribunal Regional do Trabalho no Maranh\u00e3o<\/span><\/strong><\/p>\n\n\n\n<div class=\"wp-block-image\"><figure class=\"aligncenter size-large\"><a href=\"https:\/\/www.blogsoestado.com\/danielmatos\/files\/2022\/03\/Screenshot_20220329-1843382.png\"><img decoding=\"async\" src=\"https:\/\/www.blogsoestado.com\/danielmatos\/files\/2022\/03\/Screenshot_20220329-1843382.png\" alt=\"\" class=\"wp-image-95607\"\/><\/a><figcaption>Al\u00e9m de ficarem sem transporte por causa da paralisa\u00e7\u00e3o total dos rodovi\u00e1rios, usu\u00e1rios de \u00f4nibus ainda enfrentaram dia chuvoso (<strong>Fotos:<\/strong> Douglas Pinto\/TV Mirante)<\/figcaption><\/figure><\/div>\n\n\n\n<p>A desembargadora M\u00e1rcia Andrea Farias da Silva, do Tribunal Regional do Trabalho da 16\u00aa Regi\u00e3o (Maranh\u00e3o), evidenciado o descumprimento flagrante da ordem judicial, no poder-dever de reestabelecer a ordem, utilizou-se dos meios coercitivos legais e leg\u00edtimos de que disp\u00f5e, determinando, nessa segunda-feira (28), em a\u00e7\u00e3o ajuizada pelo Munic\u00edpio de S\u00e3o Lu\u00eds, a execu\u00e7\u00e3o da multa previamente estabelecida, no valor de 50.000,00 por dia, em conta banc\u00e1ria do Sindicato dos Trabalhadores em Transporte Rodovi\u00e1rio no Estado do Maranh\u00e3o e do Sindicato \u00a0das Empresas de Transporte de Passageiros de S\u00e3o Lu\u00eds at\u00e9\u00a0que \u00a0seja garantida \u00e0 popula\u00e7\u00e3o a circula\u00e7\u00e3o do percentual de 60% da frota de \u00f4nibus na grande S\u00e3o Lu\u00eds (capital, Raposa, Pa\u00e7o do Lumiar e S\u00e3o Jos\u00e9 de Ribamar) durante a greve dos rodovi\u00e1rios, devendo a categoria abster-se da pr\u00e1tica de mobiliza\u00e7\u00f5es como opera\u00e7\u00e3o tartaruga, catraca livre, piquetes, entre outras. Na manh\u00e3 de hoje, dia 29, a desembargadora oficiou o Minist\u00e9rio P\u00fablico Federal, para que este adote as provid\u00eancias cab\u00edveis, para fins de responsabiliza\u00e7\u00e3o penal dos descumpridores da ordem judicial.<\/p>\n\n\n\n<p>A atual decis\u00e3o ocorreu em a\u00e7\u00e3o que foi ajuizada em fevereiro pelo munic\u00edpio de S\u00e3o Lu\u00eds e que foi, recentemente, redistribu\u00edda para a desembargadora M\u00e1rcia Andrea. Na a\u00e7\u00e3o, o munic\u00edpio requereu \u00e0 nova relatora a imposi\u00e7\u00e3o de multa por descumprimento da decis\u00e3o judicial, alegando que a SMTT (Secretaria Municipal de Tr\u00e2nsito e Transportes), por meio de of\u00edcio, informou ao ente p\u00fablico que, consoante fiscaliza\u00e7\u00e3o realizada, os trabalhadores rodovi\u00e1rios, com respaldo do Sindicato dos Trabalhadores em Transportes Rodovi\u00e1rios no Estado do Maranh\u00e3o (STTREMA), iniciaram, a partir das 15 horas do dia 21\/03\/2022, a chamada \u201copera\u00e7\u00e3o tartaruga\u201d, situa\u00e7\u00e3o expressamente vedada pela decis\u00e3o judicial proferida no m\u00eas de fevereiro e que permanece vigorando. \u00a0<\/p>\n\n\n\n<p>Segundo M\u00e1rcia Andrea, ficou evidenciado o descumprimento flagrante da ordem judicial, incumbindo ao Judici\u00e1rio o poder-dever de restabelecer a ordem, utilizando-se dos meios coercitivos legais e leg\u00edtimos de que disp\u00f5e, no caso a execu\u00e7\u00e3o da multa previamente estabelecida por descumprimento da decis\u00e3o judicial anterior.<\/p>\n\n\n\n<p><strong>Multa por descumprimento <\/strong><\/p>\n\n\n\n<div class=\"wp-block-image\"><figure class=\"aligncenter size-large\"><a href=\"https:\/\/www.blogsoestado.com\/danielmatos\/files\/2022\/03\/Screenshot_20220329-1844022.png\"><img decoding=\"async\" src=\"https:\/\/www.blogsoestado.com\/danielmatos\/files\/2022\/03\/Screenshot_20220329-1844022.png\" alt=\"\" class=\"wp-image-95608\"\/><\/a><figcaption>Cenas de usu\u00e1rios esperando em v\u00e3o os coletivos nas paradas se repetiram em toda a regi\u00e3o metropolitana de S\u00e3o Lu\u00eds<\/figcaption><\/figure><\/div>\n\n\n\n<p>Ainda conforme a decis\u00e3o, a execu\u00e7\u00e3o imediata da multa dever\u00e1 ser feita desde o dia 21 deste m\u00eas, data inicial de descumprimento da ordem, segundo informado pela SMTT e cumprida mediante bloqueio judicial atrav\u00e9s do sistema Bacen-Jud, \u00a0em conta banc\u00e1ria do sindicato dos trabalhadores, bem como em face da omiss\u00e3o perpetrada pelo Sindicato das Empresas de Transporte de Passageiros de S\u00e3o Lu\u00eds (SET); dos Cons\u00f3rcios Central, Via SL Ltda, Upaon A\u00e7u Ltda; e Via\u00e7\u00e3o Primor Ltda, devendo, para tanto, ser elaborados os c\u00e1lculos e fixada a cota parte de cada respons\u00e1vel pelo pagamento da multa referida. A multa ser\u00e1 mantida at\u00e9 que seja informado \u00e0 relatora o restabelecimento integral do cumprimento da ordem judicial.\u00a0<\/p>\n\n\n\n<p>\u201cComo j\u00e1 ressaltado nas decis\u00f5es anteriores, n\u00e3o obstante se reconhe\u00e7a os interesses e necessidade dos envolvidos, trabalhadores, empregadores e ente p\u00fablico, bem como o direito de greve na defesa dos interesses da categoria profissional, devidamente amparado pela Constitui\u00e7\u00e3o Federal e pela Lei 7.783\/89, n\u00e3o se pode olvidar que essa mesma lei restringe o exerc\u00edcio do direito de greve, estabelecendo no artigo 11 a necessidade de manuten\u00e7\u00e3o das atividades essenciais, entre elas o transporte coletivo (artigo 10, inciso V), de modo a garantir, durante a greve, a presta\u00e7\u00e3o dos servi\u00e7os indispens\u00e1veis ao atendimento das necessidades inadi\u00e1veis da popula\u00e7\u00e3o, posto que transcende os interesses envolvidos nesta demanda\u201d, concluiu a desembargadora.<\/p>\n","protected":false},"excerpt":{"rendered":"<p>A decis\u00e3o toma por base o descumprimento flagrante de ordem judicial proferida em fevereiro pelo Tribunal Regional do Trabalho no [&hellip;]<\/p>\n","protected":false},"author":0,"featured_media":0,"comment_status":"open","ping_status":"open","sticky":false,"template":"","format":"standard","meta":{"site-sidebar-layout":"default","site-content-layout":"","ast-site-content-layout":"default","site-content-style":"default","site-sidebar-style":"default","ast-global-header-display":"","ast-banner-title-visibility":"","ast-main-header-display":"","ast-hfb-above-header-display":"","ast-hfb-below-header-display":"","ast-hfb-mobile-header-display":"","site-post-title":"","ast-breadcrumbs-content":"","ast-featured-img":"","footer-sml-layout":"","ast-disable-related-posts":"","theme-transparent-header-meta":"","adv-header-id-meta":"","stick-header-meta":"","header-above-stick-meta":"","header-main-stick-meta":"","header-below-stick-meta":"","astra-migrate-meta-layouts":"default","ast-page-background-enabled":"default","ast-page-background-meta":{"desktop":{"background-color":"var(--ast-global-color-5)","background-image":"","background-repeat":"repeat","background-position":"center center","background-size":"auto","background-attachment":"scroll","background-type":"","background-media":"","overlay-type":"","overlay-color":"","overlay-opacity":"","overlay-gradient":""},"tablet":{"background-color":"","background-image":"","background-repeat":"repeat","background-position":"center center","background-size":"auto","background-attachment":"scroll","background-type":"","background-media":"","overlay-type":"","overlay-color":"","overlay-opacity":"","overlay-gradient":""},"mobile":{"background-color":"","background-image":"","background-repeat":"repeat","background-position":"center center","background-size":"auto","background-attachment":"scroll","background-type":"","background-media":"","overlay-type":"","overlay-color":"","overlay-opacity":"","overlay-gradient":""}},"ast-content-background-meta":{"desktop":{"background-color":"var(--ast-global-color-4)","background-image":"","background-repeat":"repeat","background-position":"center center","background-size":"auto","background-attachment":"scroll","background-type":"","background-media":"","overlay-type":"","overlay-color":"","overlay-opacity":"","overlay-gradient":""},"tablet":{"background-color":"var(--ast-global-color-4)","background-image":"","background-repeat":"repeat","background-position":"center center","background-size":"auto","background-attachment":"scroll","background-type":"","background-media":"","overlay-type":"","overlay-color":"","overlay-opacity":"","overlay-gradient":""},"mobile":{"background-color":"var(--ast-global-color-4)","background-image":"","background-repeat":"repeat","background-position":"center center","background-size":"auto","background-attachment":"scroll","background-type":"","background-media":"","overlay-type":"","overlay-color":"","overlay-opacity":"","overlay-gradient":""}},"footnotes":""},"categories":[1],"tags":[],"class_list":["post-95606","post","type-post","status-publish","format-standard","hentry","category-sem-categoria"],"yoast_head":"<!-- This site is optimized with the Yoast SEO plugin v26.6 - https:\/\/yoast.com\/wordpress\/plugins\/seo\/ -->\n<title>Justi\u00e7a do Trabalho volta a determinar circula\u00e7\u00e3o de 60% da frota de \u00f4nibus durante greve de rodovi\u00e1rios - Daniel Matos<\/title>\n<meta name=\"robots\" content=\"index, follow, max-snippet:-1, max-image-preview:large, max-video-preview:-1\" \/>\n<link rel=\"canonical\" href=\"https:\/\/www.blogsoestado.com\/danielmatos\/justica-do-trabalho-volta-a-determinar-circulacao-de-60-da-frota-de-onibus-durante-greve-de-rodoviarios\/\" \/>\n<meta property=\"og:locale\" content=\"pt_BR\" \/>\n<meta property=\"og:type\" content=\"article\" \/>\n<meta property=\"og:title\" content=\"Justi\u00e7a do Trabalho volta a determinar circula\u00e7\u00e3o de 60% da frota de \u00f4nibus durante greve de rodovi\u00e1rios - Daniel Matos\" \/>\n<meta property=\"og:description\" content=\"A decis\u00e3o toma por base o descumprimento flagrante de ordem judicial proferida em fevereiro pelo Tribunal Regional do Trabalho no [&hellip;]\" \/>\n<meta property=\"og:url\" content=\"https:\/\/www.blogsoestado.com\/danielmatos\/justica-do-trabalho-volta-a-determinar-circulacao-de-60-da-frota-de-onibus-durante-greve-de-rodoviarios\/\" \/>\n<meta property=\"og:site_name\" content=\"Daniel Matos\" \/>\n<meta property=\"article:published_time\" content=\"2022-03-29T21:51:31+00:00\" \/>\n<meta property=\"og:image\" content=\"https:\/\/www.blogsoestado.com\/danielmatos\/files\/2022\/03\/Screenshot_20220329-1843382.png\" \/>\n<meta name=\"twitter:card\" content=\"summary_large_image\" \/>\n<meta name=\"twitter:label1\" content=\"Est. tempo de leitura\" \/>\n\t<meta name=\"twitter:data1\" content=\"4 minutos\" \/>\n<script type=\"application\/ld+json\" class=\"yoast-schema-graph\">{\"@context\":\"https:\/\/schema.org\",\"@graph\":[{\"@type\":\"WebPage\",\"@id\":\"https:\/\/www.blogsoestado.com\/danielmatos\/justica-do-trabalho-volta-a-determinar-circulacao-de-60-da-frota-de-onibus-durante-greve-de-rodoviarios\/\",\"url\":\"https:\/\/www.blogsoestado.com\/danielmatos\/justica-do-trabalho-volta-a-determinar-circulacao-de-60-da-frota-de-onibus-durante-greve-de-rodoviarios\/\",\"name\":\"Justi\u00e7a do Trabalho volta a determinar circula\u00e7\u00e3o de 60% da frota de \u00f4nibus durante greve de rodovi\u00e1rios - Daniel Matos\",\"isPartOf\":{\"@id\":\"https:\/\/www.blogsoestado.com\/danielmatos\/#website\"},\"primaryImageOfPage\":{\"@id\":\"https:\/\/www.blogsoestado.com\/danielmatos\/justica-do-trabalho-volta-a-determinar-circulacao-de-60-da-frota-de-onibus-durante-greve-de-rodoviarios\/#primaryimage\"},\"image\":{\"@id\":\"https:\/\/www.blogsoestado.com\/danielmatos\/justica-do-trabalho-volta-a-determinar-circulacao-de-60-da-frota-de-onibus-durante-greve-de-rodoviarios\/#primaryimage\"},\"thumbnailUrl\":\"https:\/\/www.blogsoestado.com\/danielmatos\/files\/2022\/03\/Screenshot_20220329-1843382.png\",\"datePublished\":\"2022-03-29T21:51:31+00:00\",\"author\":{\"@id\":\"\"},\"breadcrumb\":{\"@id\":\"https:\/\/www.blogsoestado.com\/danielmatos\/justica-do-trabalho-volta-a-determinar-circulacao-de-60-da-frota-de-onibus-durante-greve-de-rodoviarios\/#breadcrumb\"},\"inLanguage\":\"pt-BR\",\"potentialAction\":[{\"@type\":\"ReadAction\",\"target\":[\"https:\/\/www.blogsoestado.com\/danielmatos\/justica-do-trabalho-volta-a-determinar-circulacao-de-60-da-frota-de-onibus-durante-greve-de-rodoviarios\/\"]}]},{\"@type\":\"ImageObject\",\"inLanguage\":\"pt-BR\",\"@id\":\"https:\/\/www.blogsoestado.com\/danielmatos\/justica-do-trabalho-volta-a-determinar-circulacao-de-60-da-frota-de-onibus-durante-greve-de-rodoviarios\/#primaryimage\",\"url\":\"https:\/\/www.blogsoestado.com\/danielmatos\/files\/2022\/03\/Screenshot_20220329-1843382.png\",\"contentUrl\":\"https:\/\/www.blogsoestado.com\/danielmatos\/files\/2022\/03\/Screenshot_20220329-1843382.png\"},{\"@type\":\"BreadcrumbList\",\"@id\":\"https:\/\/www.blogsoestado.com\/danielmatos\/justica-do-trabalho-volta-a-determinar-circulacao-de-60-da-frota-de-onibus-durante-greve-de-rodoviarios\/#breadcrumb\",\"itemListElement\":[{\"@type\":\"ListItem\",\"position\":1,\"name\":\"In\u00edcio\",\"item\":\"https:\/\/www.blogsoestado.com\/danielmatos\/\"},{\"@type\":\"ListItem\",\"position\":2,\"name\":\"Justi\u00e7a do Trabalho volta a determinar circula\u00e7\u00e3o de 60% da frota de \u00f4nibus durante greve de rodovi\u00e1rios\"}]},{\"@type\":\"WebSite\",\"@id\":\"https:\/\/www.blogsoestado.com\/danielmatos\/#website\",\"url\":\"https:\/\/www.blogsoestado.com\/danielmatos\/\",\"name\":\"Daniel Matos\",\"description\":\"\",\"potentialAction\":[{\"@type\":\"SearchAction\",\"target\":{\"@type\":\"EntryPoint\",\"urlTemplate\":\"https:\/\/www.blogsoestado.com\/danielmatos\/?s={search_term_string}\"},\"query-input\":{\"@type\":\"PropertyValueSpecification\",\"valueRequired\":true,\"valueName\":\"search_term_string\"}}],\"inLanguage\":\"pt-BR\"}]}<\/script>\n<!-- \/ Yoast SEO plugin. -->","yoast_head_json":{"title":"Justi\u00e7a do Trabalho volta a determinar circula\u00e7\u00e3o de 60% da frota de \u00f4nibus durante greve de rodovi\u00e1rios - Daniel Matos","robots":{"index":"index","follow":"follow","max-snippet":"max-snippet:-1","max-image-preview":"max-image-preview:large","max-video-preview":"max-video-preview:-1"},"canonical":"https:\/\/www.blogsoestado.com\/danielmatos\/justica-do-trabalho-volta-a-determinar-circulacao-de-60-da-frota-de-onibus-durante-greve-de-rodoviarios\/","og_locale":"pt_BR","og_type":"article","og_title":"Justi\u00e7a do Trabalho volta a determinar circula\u00e7\u00e3o de 60% da frota de \u00f4nibus durante greve de rodovi\u00e1rios - Daniel Matos","og_description":"A decis\u00e3o toma por base o descumprimento flagrante de ordem judicial proferida em fevereiro pelo Tribunal Regional do Trabalho no [&hellip;]","og_url":"https:\/\/www.blogsoestado.com\/danielmatos\/justica-do-trabalho-volta-a-determinar-circulacao-de-60-da-frota-de-onibus-durante-greve-de-rodoviarios\/","og_site_name":"Daniel Matos","article_published_time":"2022-03-29T21:51:31+00:00","og_image":[{"url":"https:\/\/www.blogsoestado.com\/danielmatos\/files\/2022\/03\/Screenshot_20220329-1843382.png","type":"","width":"","height":""}],"twitter_card":"summary_large_image","twitter_misc":{"Est. tempo de leitura":"4 minutos"},"schema":{"@context":"https:\/\/schema.org","@graph":[{"@type":"WebPage","@id":"https:\/\/www.blogsoestado.com\/danielmatos\/justica-do-trabalho-volta-a-determinar-circulacao-de-60-da-frota-de-onibus-durante-greve-de-rodoviarios\/","url":"https:\/\/www.blogsoestado.com\/danielmatos\/justica-do-trabalho-volta-a-determinar-circulacao-de-60-da-frota-de-onibus-durante-greve-de-rodoviarios\/","name":"Justi\u00e7a do Trabalho volta a determinar circula\u00e7\u00e3o de 60% da frota de \u00f4nibus durante greve de rodovi\u00e1rios - Daniel Matos","isPartOf":{"@id":"https:\/\/www.blogsoestado.com\/danielmatos\/#website"},"primaryImageOfPage":{"@id":"https:\/\/www.blogsoestado.com\/danielmatos\/justica-do-trabalho-volta-a-determinar-circulacao-de-60-da-frota-de-onibus-durante-greve-de-rodoviarios\/#primaryimage"},"image":{"@id":"https:\/\/www.blogsoestado.com\/danielmatos\/justica-do-trabalho-volta-a-determinar-circulacao-de-60-da-frota-de-onibus-durante-greve-de-rodoviarios\/#primaryimage"},"thumbnailUrl":"https:\/\/www.blogsoestado.com\/danielmatos\/files\/2022\/03\/Screenshot_20220329-1843382.png","datePublished":"2022-03-29T21:51:31+00:00","author":{"@id":""},"breadcrumb":{"@id":"https:\/\/www.blogsoestado.com\/danielmatos\/justica-do-trabalho-volta-a-determinar-circulacao-de-60-da-frota-de-onibus-durante-greve-de-rodoviarios\/#breadcrumb"},"inLanguage":"pt-BR","potentialAction":[{"@type":"ReadAction","target":["https:\/\/www.blogsoestado.com\/danielmatos\/justica-do-trabalho-volta-a-determinar-circulacao-de-60-da-frota-de-onibus-durante-greve-de-rodoviarios\/"]}]},{"@type":"ImageObject","inLanguage":"pt-BR","@id":"https:\/\/www.blogsoestado.com\/danielmatos\/justica-do-trabalho-volta-a-determinar-circulacao-de-60-da-frota-de-onibus-durante-greve-de-rodoviarios\/#primaryimage","url":"https:\/\/www.blogsoestado.com\/danielmatos\/files\/2022\/03\/Screenshot_20220329-1843382.png","contentUrl":"https:\/\/www.blogsoestado.com\/danielmatos\/files\/2022\/03\/Screenshot_20220329-1843382.png"},{"@type":"BreadcrumbList","@id":"https:\/\/www.blogsoestado.com\/danielmatos\/justica-do-trabalho-volta-a-determinar-circulacao-de-60-da-frota-de-onibus-durante-greve-de-rodoviarios\/#breadcrumb","itemListElement":[{"@type":"ListItem","position":1,"name":"In\u00edcio","item":"https:\/\/www.blogsoestado.com\/danielmatos\/"},{"@type":"ListItem","position":2,"name":"Justi\u00e7a do Trabalho volta a determinar circula\u00e7\u00e3o de 60% da frota de \u00f4nibus durante greve de rodovi\u00e1rios"}]},{"@type":"WebSite","@id":"https:\/\/www.blogsoestado.com\/danielmatos\/#website","url":"https:\/\/www.blogsoestado.com\/danielmatos\/","name":"Daniel Matos","description":"","potentialAction":[{"@type":"SearchAction","target":{"@type":"EntryPoint","urlTemplate":"https:\/\/www.blogsoestado.com\/danielmatos\/?s={search_term_string}"},"query-input":{"@type":"PropertyValueSpecification","valueRequired":true,"valueName":"search_term_string"}}],"inLanguage":"pt-BR"}]}},"jetpack_featured_media_url":"","_links":{"self":[{"href":"https:\/\/www.blogsoestado.com\/danielmatos\/wp-json\/wp\/v2\/posts\/95606","targetHints":{"allow":["GET"]}}],"collection":[{"href":"https:\/\/www.blogsoestado.com\/danielmatos\/wp-json\/wp\/v2\/posts"}],"about":[{"href":"https:\/\/www.blogsoestado.com\/danielmatos\/wp-json\/wp\/v2\/types\/post"}],"replies":[{"embeddable":true,"href":"https:\/\/www.blogsoestado.com\/danielmatos\/wp-json\/wp\/v2\/comments?post=95606"}],"version-history":[{"count":0,"href":"https:\/\/www.blogsoestado.com\/danielmatos\/wp-json\/wp\/v2\/posts\/95606\/revisions"}],"wp:attachment":[{"href":"https:\/\/www.blogsoestado.com\/danielmatos\/wp-json\/wp\/v2\/media?parent=95606"}],"wp:term":[{"taxonomy":"category","embeddable":true,"href":"https:\/\/www.blogsoestado.com\/danielmatos\/wp-json\/wp\/v2\/categories?post=95606"},{"taxonomy":"post_tag","embeddable":true,"href":"https:\/\/www.blogsoestado.com\/danielmatos\/wp-json\/wp\/v2\/tags?post=95606"}],"curies":[{"name":"wp","href":"https:\/\/api.w.org\/{rel}","templated":true}]}}