{"id":95618,"date":"2022-03-30T01:24:11","date_gmt":"2022-03-30T04:24:11","guid":{"rendered":"https:\/\/www.blogsoestado.com\/danielmatos\/?p=95618"},"modified":"2022-03-30T01:24:11","modified_gmt":"2022-03-30T04:24:11","slug":"sindicato-dos-rodoviarios-confirma-participacao-em-audiencia-no-trt-ma-mas-faz-misterio-sobre-fim-da-greve-geral","status":"publish","type":"post","link":"https:\/\/www.blogsoestado.com\/danielmatos\/sindicato-dos-rodoviarios-confirma-participacao-em-audiencia-no-trt-ma-mas-faz-misterio-sobre-fim-da-greve-geral\/","title":{"rendered":"Sindicato dos Rodovi\u00e1rios confirma participa\u00e7\u00e3o em audi\u00eancia no TRT-MA, mas faz mist\u00e9rio sobre fim da greve geral"},"content":{"rendered":"\n<div class=\"wp-block-image\"><figure class=\"aligncenter size-large\"><a href=\"https:\/\/www.blogsoestado.com\/danielmatos\/files\/2022\/03\/Screenshot_20220330-0113552.png\"><img decoding=\"async\" src=\"https:\/\/www.blogsoestado.com\/danielmatos\/files\/2022\/03\/Screenshot_20220330-0113552.png\" alt=\"\" class=\"wp-image-95620\"\/><\/a><figcaption>Usu\u00e1rios do transporte p\u00fablico amargam espera em v\u00e3o por \u00f4nibus em parada (<strong>Foto: <\/strong>Douglas Pinto\/TV Mirante)<\/figcaption><\/figure><\/div>\n\n\n\n<p>Em nota divulgada na noite dessa ter\u00e7a-feira (29), o Sindicato dos Trabalhadores em Transporte Rodovi\u00e1rio do Estado do Maranh\u00e3o (STTREMA) confirmou participa\u00e7\u00e3o na audi\u00eancia convocada pela Justi\u00e7a do Trabalho para negociar o fim do impasse que levou a mais uma paralisa\u00e7\u00e3o geral da frota de \u00f4nibus da regi\u00e3o metropolitana de S\u00e3o Lu\u00eds. A reuni\u00e3o est\u00e1 marcada para esta quarta-feira (30), \u00e0s 15h, na sede do Tribunal Regional do Maranh\u00e3o da 16\u00aa Regi\u00e3o (TRT-MA), na Areinha.<\/p>\n\n\n\n<p>De acordo com o informe sindical, a entidade confirma presen\u00e7a na audi\u00eancia, solicitada pela Prefeitura de S\u00e3o Lu\u00eds, &#8220;e espera que os encaminhamentos tomados resultem no atendimento das reivindica\u00e7\u00f5es dos trabalhadores&#8221;. No entanto, o STTREMA deixa em aberto a possibilidade de encerrar a paralisa\u00e7\u00e3o de 100% do transporte p\u00fablico, que tende a chegar ao segundo dia consecutivo.<\/p>\n\n\n\n<p>Na nota, o sindicato d\u00e1 a entender que o futuro da mobiliza\u00e7\u00e3o depende de eventuais avan\u00e7os no di\u00e1logo com a classe patronal e com o Munic\u00edpio. Ou seja, se n\u00e3o houver acordo, os coletivos continuar\u00e3o fora de circula\u00e7\u00e3o, mesmo com a decis\u00e3o proferida no \u00faltimo dia 28 pela desembargadora do trabalho M\u00e1rcia Andr\u00e9a Farias que determina a opera\u00e7\u00e3o de 60% da frota de \u00f4nibus da Ilha durante a greve de rodovi\u00e1rios. O movimento completa hoje 44 dias.<\/p>\n\n\n\n<p>Ainda segundo a nota, motoristas e cobradores n\u00e3o t\u00eam interesse algum em causar transtornos \u00e0 popula\u00e7\u00e3o, o que soa contradit\u00f3rio, j\u00e1 que \u00e9 vis\u00edvel a intransig\u00eancia.<\/p>\n\n\n\n<p>Segue a nota do STTREMA:<\/p>\n\n\n\n<div class=\"wp-block-image\"><figure class=\"aligncenter size-large\"><a href=\"https:\/\/www.blogsoestado.com\/danielmatos\/files\/2022\/03\/Screenshot_20220330-0046022.png\"><img decoding=\"async\" src=\"https:\/\/www.blogsoestado.com\/danielmatos\/files\/2022\/03\/Screenshot_20220330-0046022.png\" alt=\"\" class=\"wp-image-95619\"\/><\/a><\/figure><\/div>\n","protected":false},"excerpt":{"rendered":"<p>Em nota divulgada na noite dessa ter\u00e7a-feira (29), o Sindicato dos Trabalhadores em Transporte Rodovi\u00e1rio do Estado do Maranh\u00e3o (STTREMA) [&hellip;]<\/p>\n","protected":false},"author":0,"featured_media":0,"comment_status":"open","ping_status":"open","sticky":false,"template":"","format":"standard","meta":{"site-sidebar-layout":"default","site-content-layout":"","ast-site-content-layout":"default","site-content-style":"default","site-sidebar-style":"default","ast-global-header-display":"","ast-banner-title-visibility":"","ast-main-header-display":"","ast-hfb-above-header-display":"","ast-hfb-below-header-display":"","ast-hfb-mobile-header-display":"","site-post-title":"","ast-breadcrumbs-content":"","ast-featured-img":"","footer-sml-layout":"","ast-disable-related-posts":"","theme-transparent-header-meta":"","adv-header-id-meta":"","stick-header-meta":"","header-above-stick-meta":"","header-main-stick-meta":"","header-below-stick-meta":"","astra-migrate-meta-layouts":"default","ast-page-background-enabled":"default","ast-page-background-meta":{"desktop":{"background-color":"var(--ast-global-color-5)","background-image":"","background-repeat":"repeat","background-position":"center center","background-size":"auto","background-attachment":"scroll","background-type":"","background-media":"","overlay-type":"","overlay-color":"","overlay-opacity":"","overlay-gradient":""},"tablet":{"background-color":"","background-image":"","background-repeat":"repeat","background-position":"center center","background-size":"auto","background-attachment":"scroll","background-type":"","background-media":"","overlay-type":"","overlay-color":"","overlay-opacity":"","overlay-gradient":""},"mobile":{"background-color":"","background-image":"","background-repeat":"repeat","background-position":"center center","background-size":"auto","background-attachment":"scroll","background-type":"","background-media":"","overlay-type":"","overlay-color":"","overlay-opacity":"","overlay-gradient":""}},"ast-content-background-meta":{"desktop":{"background-color":"var(--ast-global-color-4)","background-image":"","background-repeat":"repeat","background-position":"center center","background-size":"auto","background-attachment":"scroll","background-type":"","background-media":"","overlay-type":"","overlay-color":"","overlay-opacity":"","overlay-gradient":""},"tablet":{"background-color":"var(--ast-global-color-4)","background-image":"","background-repeat":"repeat","background-position":"center center","background-size":"auto","background-attachment":"scroll","background-type":"","background-media":"","overlay-type":"","overlay-color":"","overlay-opacity":"","overlay-gradient":""},"mobile":{"background-color":"var(--ast-global-color-4)","background-image":"","background-repeat":"repeat","background-position":"center center","background-size":"auto","background-attachment":"scroll","background-type":"","background-media":"","overlay-type":"","overlay-color":"","overlay-opacity":"","overlay-gradient":""}},"footnotes":""},"categories":[1],"tags":[],"class_list":["post-95618","post","type-post","status-publish","format-standard","hentry","category-sem-categoria"],"yoast_head":"<!-- This site is optimized with the Yoast SEO plugin v26.6 - https:\/\/yoast.com\/wordpress\/plugins\/seo\/ -->\n<title>Sindicato dos Rodovi\u00e1rios confirma participa\u00e7\u00e3o em audi\u00eancia no TRT-MA, mas faz mist\u00e9rio sobre fim da greve geral - Daniel Matos<\/title>\n<meta name=\"robots\" content=\"index, follow, max-snippet:-1, max-image-preview:large, max-video-preview:-1\" \/>\n<link rel=\"canonical\" href=\"https:\/\/www.blogsoestado.com\/danielmatos\/sindicato-dos-rodoviarios-confirma-participacao-em-audiencia-no-trt-ma-mas-faz-misterio-sobre-fim-da-greve-geral\/\" \/>\n<meta property=\"og:locale\" content=\"pt_BR\" \/>\n<meta property=\"og:type\" content=\"article\" \/>\n<meta property=\"og:title\" content=\"Sindicato dos Rodovi\u00e1rios confirma participa\u00e7\u00e3o em audi\u00eancia no TRT-MA, mas faz mist\u00e9rio sobre fim da greve geral - Daniel Matos\" \/>\n<meta property=\"og:description\" content=\"Em nota divulgada na noite dessa ter\u00e7a-feira (29), o Sindicato dos Trabalhadores em Transporte Rodovi\u00e1rio do Estado do Maranh\u00e3o (STTREMA) [&hellip;]\" \/>\n<meta property=\"og:url\" content=\"https:\/\/www.blogsoestado.com\/danielmatos\/sindicato-dos-rodoviarios-confirma-participacao-em-audiencia-no-trt-ma-mas-faz-misterio-sobre-fim-da-greve-geral\/\" \/>\n<meta property=\"og:site_name\" content=\"Daniel Matos\" \/>\n<meta property=\"article:published_time\" content=\"2022-03-30T04:24:11+00:00\" \/>\n<meta property=\"og:image\" content=\"https:\/\/www.blogsoestado.com\/danielmatos\/files\/2022\/03\/Screenshot_20220330-0113552.png\" \/>\n<meta name=\"twitter:card\" content=\"summary_large_image\" \/>\n<meta name=\"twitter:label1\" content=\"Est. tempo de leitura\" \/>\n\t<meta name=\"twitter:data1\" content=\"2 minutos\" \/>\n<script type=\"application\/ld+json\" class=\"yoast-schema-graph\">{\"@context\":\"https:\/\/schema.org\",\"@graph\":[{\"@type\":\"WebPage\",\"@id\":\"https:\/\/www.blogsoestado.com\/danielmatos\/sindicato-dos-rodoviarios-confirma-participacao-em-audiencia-no-trt-ma-mas-faz-misterio-sobre-fim-da-greve-geral\/\",\"url\":\"https:\/\/www.blogsoestado.com\/danielmatos\/sindicato-dos-rodoviarios-confirma-participacao-em-audiencia-no-trt-ma-mas-faz-misterio-sobre-fim-da-greve-geral\/\",\"name\":\"Sindicato dos Rodovi\u00e1rios confirma participa\u00e7\u00e3o em audi\u00eancia no TRT-MA, mas faz mist\u00e9rio sobre fim da greve geral - Daniel Matos\",\"isPartOf\":{\"@id\":\"https:\/\/www.blogsoestado.com\/danielmatos\/#website\"},\"primaryImageOfPage\":{\"@id\":\"https:\/\/www.blogsoestado.com\/danielmatos\/sindicato-dos-rodoviarios-confirma-participacao-em-audiencia-no-trt-ma-mas-faz-misterio-sobre-fim-da-greve-geral\/#primaryimage\"},\"image\":{\"@id\":\"https:\/\/www.blogsoestado.com\/danielmatos\/sindicato-dos-rodoviarios-confirma-participacao-em-audiencia-no-trt-ma-mas-faz-misterio-sobre-fim-da-greve-geral\/#primaryimage\"},\"thumbnailUrl\":\"https:\/\/www.blogsoestado.com\/danielmatos\/files\/2022\/03\/Screenshot_20220330-0113552.png\",\"datePublished\":\"2022-03-30T04:24:11+00:00\",\"author\":{\"@id\":\"\"},\"breadcrumb\":{\"@id\":\"https:\/\/www.blogsoestado.com\/danielmatos\/sindicato-dos-rodoviarios-confirma-participacao-em-audiencia-no-trt-ma-mas-faz-misterio-sobre-fim-da-greve-geral\/#breadcrumb\"},\"inLanguage\":\"pt-BR\",\"potentialAction\":[{\"@type\":\"ReadAction\",\"target\":[\"https:\/\/www.blogsoestado.com\/danielmatos\/sindicato-dos-rodoviarios-confirma-participacao-em-audiencia-no-trt-ma-mas-faz-misterio-sobre-fim-da-greve-geral\/\"]}]},{\"@type\":\"ImageObject\",\"inLanguage\":\"pt-BR\",\"@id\":\"https:\/\/www.blogsoestado.com\/danielmatos\/sindicato-dos-rodoviarios-confirma-participacao-em-audiencia-no-trt-ma-mas-faz-misterio-sobre-fim-da-greve-geral\/#primaryimage\",\"url\":\"https:\/\/www.blogsoestado.com\/danielmatos\/files\/2022\/03\/Screenshot_20220330-0113552.png\",\"contentUrl\":\"https:\/\/www.blogsoestado.com\/danielmatos\/files\/2022\/03\/Screenshot_20220330-0113552.png\"},{\"@type\":\"BreadcrumbList\",\"@id\":\"https:\/\/www.blogsoestado.com\/danielmatos\/sindicato-dos-rodoviarios-confirma-participacao-em-audiencia-no-trt-ma-mas-faz-misterio-sobre-fim-da-greve-geral\/#breadcrumb\",\"itemListElement\":[{\"@type\":\"ListItem\",\"position\":1,\"name\":\"In\u00edcio\",\"item\":\"https:\/\/www.blogsoestado.com\/danielmatos\/\"},{\"@type\":\"ListItem\",\"position\":2,\"name\":\"Sindicato dos Rodovi\u00e1rios confirma participa\u00e7\u00e3o em audi\u00eancia no TRT-MA, mas faz mist\u00e9rio sobre fim da greve geral\"}]},{\"@type\":\"WebSite\",\"@id\":\"https:\/\/www.blogsoestado.com\/danielmatos\/#website\",\"url\":\"https:\/\/www.blogsoestado.com\/danielmatos\/\",\"name\":\"Daniel Matos\",\"description\":\"\",\"potentialAction\":[{\"@type\":\"SearchAction\",\"target\":{\"@type\":\"EntryPoint\",\"urlTemplate\":\"https:\/\/www.blogsoestado.com\/danielmatos\/?s={search_term_string}\"},\"query-input\":{\"@type\":\"PropertyValueSpecification\",\"valueRequired\":true,\"valueName\":\"search_term_string\"}}],\"inLanguage\":\"pt-BR\"}]}<\/script>\n<!-- \/ Yoast SEO plugin. -->","yoast_head_json":{"title":"Sindicato dos Rodovi\u00e1rios confirma participa\u00e7\u00e3o em audi\u00eancia no TRT-MA, mas faz mist\u00e9rio sobre fim da greve geral - Daniel Matos","robots":{"index":"index","follow":"follow","max-snippet":"max-snippet:-1","max-image-preview":"max-image-preview:large","max-video-preview":"max-video-preview:-1"},"canonical":"https:\/\/www.blogsoestado.com\/danielmatos\/sindicato-dos-rodoviarios-confirma-participacao-em-audiencia-no-trt-ma-mas-faz-misterio-sobre-fim-da-greve-geral\/","og_locale":"pt_BR","og_type":"article","og_title":"Sindicato dos Rodovi\u00e1rios confirma participa\u00e7\u00e3o em audi\u00eancia no TRT-MA, mas faz mist\u00e9rio sobre fim da greve geral - Daniel Matos","og_description":"Em nota divulgada na noite dessa ter\u00e7a-feira (29), o Sindicato dos Trabalhadores em Transporte Rodovi\u00e1rio do Estado do Maranh\u00e3o (STTREMA) [&hellip;]","og_url":"https:\/\/www.blogsoestado.com\/danielmatos\/sindicato-dos-rodoviarios-confirma-participacao-em-audiencia-no-trt-ma-mas-faz-misterio-sobre-fim-da-greve-geral\/","og_site_name":"Daniel Matos","article_published_time":"2022-03-30T04:24:11+00:00","og_image":[{"url":"https:\/\/www.blogsoestado.com\/danielmatos\/files\/2022\/03\/Screenshot_20220330-0113552.png","type":"","width":"","height":""}],"twitter_card":"summary_large_image","twitter_misc":{"Est. tempo de leitura":"2 minutos"},"schema":{"@context":"https:\/\/schema.org","@graph":[{"@type":"WebPage","@id":"https:\/\/www.blogsoestado.com\/danielmatos\/sindicato-dos-rodoviarios-confirma-participacao-em-audiencia-no-trt-ma-mas-faz-misterio-sobre-fim-da-greve-geral\/","url":"https:\/\/www.blogsoestado.com\/danielmatos\/sindicato-dos-rodoviarios-confirma-participacao-em-audiencia-no-trt-ma-mas-faz-misterio-sobre-fim-da-greve-geral\/","name":"Sindicato dos Rodovi\u00e1rios confirma participa\u00e7\u00e3o em audi\u00eancia no TRT-MA, mas faz mist\u00e9rio sobre fim da greve geral - Daniel Matos","isPartOf":{"@id":"https:\/\/www.blogsoestado.com\/danielmatos\/#website"},"primaryImageOfPage":{"@id":"https:\/\/www.blogsoestado.com\/danielmatos\/sindicato-dos-rodoviarios-confirma-participacao-em-audiencia-no-trt-ma-mas-faz-misterio-sobre-fim-da-greve-geral\/#primaryimage"},"image":{"@id":"https:\/\/www.blogsoestado.com\/danielmatos\/sindicato-dos-rodoviarios-confirma-participacao-em-audiencia-no-trt-ma-mas-faz-misterio-sobre-fim-da-greve-geral\/#primaryimage"},"thumbnailUrl":"https:\/\/www.blogsoestado.com\/danielmatos\/files\/2022\/03\/Screenshot_20220330-0113552.png","datePublished":"2022-03-30T04:24:11+00:00","author":{"@id":""},"breadcrumb":{"@id":"https:\/\/www.blogsoestado.com\/danielmatos\/sindicato-dos-rodoviarios-confirma-participacao-em-audiencia-no-trt-ma-mas-faz-misterio-sobre-fim-da-greve-geral\/#breadcrumb"},"inLanguage":"pt-BR","potentialAction":[{"@type":"ReadAction","target":["https:\/\/www.blogsoestado.com\/danielmatos\/sindicato-dos-rodoviarios-confirma-participacao-em-audiencia-no-trt-ma-mas-faz-misterio-sobre-fim-da-greve-geral\/"]}]},{"@type":"ImageObject","inLanguage":"pt-BR","@id":"https:\/\/www.blogsoestado.com\/danielmatos\/sindicato-dos-rodoviarios-confirma-participacao-em-audiencia-no-trt-ma-mas-faz-misterio-sobre-fim-da-greve-geral\/#primaryimage","url":"https:\/\/www.blogsoestado.com\/danielmatos\/files\/2022\/03\/Screenshot_20220330-0113552.png","contentUrl":"https:\/\/www.blogsoestado.com\/danielmatos\/files\/2022\/03\/Screenshot_20220330-0113552.png"},{"@type":"BreadcrumbList","@id":"https:\/\/www.blogsoestado.com\/danielmatos\/sindicato-dos-rodoviarios-confirma-participacao-em-audiencia-no-trt-ma-mas-faz-misterio-sobre-fim-da-greve-geral\/#breadcrumb","itemListElement":[{"@type":"ListItem","position":1,"name":"In\u00edcio","item":"https:\/\/www.blogsoestado.com\/danielmatos\/"},{"@type":"ListItem","position":2,"name":"Sindicato dos Rodovi\u00e1rios confirma participa\u00e7\u00e3o em audi\u00eancia no TRT-MA, mas faz mist\u00e9rio sobre fim da greve geral"}]},{"@type":"WebSite","@id":"https:\/\/www.blogsoestado.com\/danielmatos\/#website","url":"https:\/\/www.blogsoestado.com\/danielmatos\/","name":"Daniel Matos","description":"","potentialAction":[{"@type":"SearchAction","target":{"@type":"EntryPoint","urlTemplate":"https:\/\/www.blogsoestado.com\/danielmatos\/?s={search_term_string}"},"query-input":{"@type":"PropertyValueSpecification","valueRequired":true,"valueName":"search_term_string"}}],"inLanguage":"pt-BR"}]}},"jetpack_featured_media_url":"","_links":{"self":[{"href":"https:\/\/www.blogsoestado.com\/danielmatos\/wp-json\/wp\/v2\/posts\/95618","targetHints":{"allow":["GET"]}}],"collection":[{"href":"https:\/\/www.blogsoestado.com\/danielmatos\/wp-json\/wp\/v2\/posts"}],"about":[{"href":"https:\/\/www.blogsoestado.com\/danielmatos\/wp-json\/wp\/v2\/types\/post"}],"replies":[{"embeddable":true,"href":"https:\/\/www.blogsoestado.com\/danielmatos\/wp-json\/wp\/v2\/comments?post=95618"}],"version-history":[{"count":0,"href":"https:\/\/www.blogsoestado.com\/danielmatos\/wp-json\/wp\/v2\/posts\/95618\/revisions"}],"wp:attachment":[{"href":"https:\/\/www.blogsoestado.com\/danielmatos\/wp-json\/wp\/v2\/media?parent=95618"}],"wp:term":[{"taxonomy":"category","embeddable":true,"href":"https:\/\/www.blogsoestado.com\/danielmatos\/wp-json\/wp\/v2\/categories?post=95618"},{"taxonomy":"post_tag","embeddable":true,"href":"https:\/\/www.blogsoestado.com\/danielmatos\/wp-json\/wp\/v2\/tags?post=95618"}],"curies":[{"name":"wp","href":"https:\/\/api.w.org\/{rel}","templated":true}]}}