{"id":95622,"date":"2022-03-30T08:00:00","date_gmt":"2022-03-30T11:00:00","guid":{"rendered":"https:\/\/www.blogsoestado.com\/danielmatos\/?p=95622"},"modified":"2022-03-30T08:00:00","modified_gmt":"2022-03-30T11:00:00","slug":"em-mirador-othelino-participa-de-entrega-de-obras-em-comemoracao-ao-aniversario-da-cidade","status":"publish","type":"post","link":"https:\/\/www.blogsoestado.com\/danielmatos\/em-mirador-othelino-participa-de-entrega-de-obras-em-comemoracao-ao-aniversario-da-cidade\/","title":{"rendered":"Em Mirador, Othelino participa de entrega de obras em comemora\u00e7\u00e3o ao anivers\u00e1rio da cidade"},"content":{"rendered":"\n<div class=\"wp-block-image\"><figure class=\"aligncenter size-large\"><a href=\"https:\/\/www.blogsoestado.com\/danielmatos\/files\/2022\/03\/Screenshot_20220330-0223182.png\"><img decoding=\"async\" src=\"https:\/\/www.blogsoestado.com\/danielmatos\/files\/2022\/03\/Screenshot_20220330-0223182.png\" alt=\"\" class=\"wp-image-95623\"\/><\/a><figcaption>Othelino Neto fortaleceu alian\u00e7a institucional e pol\u00edtica ao prestigiar inaugura\u00e7\u00f5es de obras em Mirador no anivers\u00e1rio de 84 anos do munic\u00edpio <\/figcaption><\/figure><\/div>\n\n\n\n<p>O presidente da Assembleia Legislativa do Maranh\u00e3o, deputado Othelino Neto (PCdoB), prestigiou, nesta ter\u00e7a-feira (29), as festividades em comemora\u00e7\u00e3o aos 84 anos de emancipa\u00e7\u00e3o pol\u00edtica do munic\u00edpio de Mirador. Como parte da celebra\u00e7\u00e3o foram inauguradas importantes obras em diversas \u00e1reas.<\/p>\n\n\n\n<p>Entre as obras e servi\u00e7os entregues est\u00e3o as novas instala\u00e7\u00f5es do Centro de Refer\u00eancia de Assist\u00eancia Social (Cras), da Prefeitura, da Secretaria de Assist\u00eancia Social e a Creche Gentileza Lima, que disponibiliza ampla estrutura para receber alunos do ber\u00e7\u00e1rio ao infantil II.<\/p>\n\n\n\n<div class=\"wp-block-image\"><figure class=\"aligncenter size-large\"><a href=\"https:\/\/www.blogsoestado.com\/danielmatos\/files\/2022\/03\/Screenshot_20220330-0223412.png\"><img decoding=\"async\" src=\"https:\/\/www.blogsoestado.com\/danielmatos\/files\/2022\/03\/Screenshot_20220330-0223412.png\" alt=\"\" class=\"wp-image-95624\"\/><\/a><figcaption>O presidente da Assembleia Legislativa e a prefeita de Mirador, Domingas Cabral, aplaudem entrega da reforma da Creche Gentileza Lima<\/figcaption><\/figure><\/div>\n\n\n\n<p>O chefe do Parlamento Estadual destacou a import\u00e2ncia das novas estruturas p\u00fablicas e dos servi\u00e7os disponibilizadas aos miradoenses. \u201cA melhor maneira de comemorarmos o anivers\u00e1rio de uma cidade \u00e9 sempre presenteando a popula\u00e7\u00e3o com obras importantes, como essas que foram entregues aqui\u201d, disse Othelino.<\/p>\n\n\n\n<div class=\"wp-block-image\"><figure class=\"aligncenter size-large\"><a href=\"https:\/\/www.blogsoestado.com\/danielmatos\/files\/2022\/03\/Screenshot_20220330-0223582.png\"><img decoding=\"async\" src=\"https:\/\/www.blogsoestado.com\/danielmatos\/files\/2022\/03\/Screenshot_20220330-0223582.png\" alt=\"\" class=\"wp-image-95625\"\/><\/a><figcaption>Othelino Neto, Domingas Cabral e comitiva vistoriam instala\u00e7\u00f5es da creche municipal<\/figcaption><\/figure><\/div>\n\n\n\n<p>Outras obras de infraestrutura est\u00e3o em andamento com apoio do seu mandato parlamentar e em parceria com o Governo do Estado, a exemplo da urbaniza\u00e7\u00e3o da Beira Rio, da constru\u00e7\u00e3o da Pra\u00e7a de Eventos, da reforma do Mercado Municipal e da instala\u00e7\u00e3o de um Restaurante Popular. Outras interven\u00e7\u00f5es realizadas na cidade, tamb\u00e9m com seu apoio, j\u00e1 foram conclu\u00eddas, como a pavimenta\u00e7\u00e3o de vias por meio do programa \u2018Mais Asfalto\u2019.<\/p>\n\n\n\n<p>Al\u00e9m disso, recentemente, Othelino prestou apoio \u00e0 cidade com doa\u00e7\u00f5es de colch\u00f5es e cestas b\u00e1sicas, quando a popula\u00e7\u00e3o de Mirador enfrentou grandes problemas causados pelas fortes chuvas que atingiram o munic\u00edpio.<\/p>\n\n\n\n<div class=\"wp-block-image\"><figure class=\"aligncenter size-large\"><a href=\"https:\/\/www.blogsoestado.com\/danielmatos\/files\/2022\/03\/Screenshot_20220330-0224202.png\"><img decoding=\"async\" src=\"https:\/\/www.blogsoestado.com\/danielmatos\/files\/2022\/03\/Screenshot_20220330-0224202.png\" alt=\"\" class=\"wp-image-95626\"\/><\/a><figcaption>O chefe do Parlamento Estadual descerra placa de inaugura\u00e7\u00e3o de mais uma benfeitoria em Mirador <\/figcaption><\/figure><\/div>\n\n\n\n<p>A prefeita Domingas Cabral agradeceu a parceria. \u201cOthelino \u00e9 um deputado que tem compromisso com Mirador. Sou muito grata por ele estar comigo nessa luta por minha cidade, que tanto tem sofrido com as enchentes. Juntos, vamos continuar trabalhando por dias melhores aos miradoenses\u201d, disse a gestora.<\/p>\n\n\n\n<div class=\"wp-block-image\"><figure class=\"aligncenter size-large\"><a href=\"https:\/\/www.blogsoestado.com\/danielmatos\/files\/2022\/03\/Screenshot_20220330-0224362.png\"><img decoding=\"async\" src=\"https:\/\/www.blogsoestado.com\/danielmatos\/files\/2022\/03\/Screenshot_20220330-0224362.png\" alt=\"\" class=\"wp-image-95627\"\/><\/a><figcaption>Othelino Neto e a prefeita Domingas Cabral em mais um espa\u00e7o revitalizado com apoio do seu mandato parlamentar<\/figcaption><\/figure><\/div>\n\n\n\n<p>O evento de comemora\u00e7\u00e3o alusivo \u00e0 data tamb\u00e9m reuniu centenas de pessoas na pra\u00e7a principal da cidade. Estiveram presentes o vice-prefeito do munic\u00edpio, Abra\u00e3o do Joelino; o presidente da C\u00e2mara de Vereadores, Jorgiano S\u00e1, entre outras autoridades.<\/p>\n","protected":false},"excerpt":{"rendered":"<p>O presidente da Assembleia Legislativa do Maranh\u00e3o, deputado Othelino Neto (PCdoB), prestigiou, nesta ter\u00e7a-feira (29), as festividades em comemora\u00e7\u00e3o aos [&hellip;]<\/p>\n","protected":false},"author":0,"featured_media":0,"comment_status":"open","ping_status":"open","sticky":false,"template":"","format":"standard","meta":{"site-sidebar-layout":"default","site-content-layout":"","ast-site-content-layout":"default","site-content-style":"default","site-sidebar-style":"default","ast-global-header-display":"","ast-banner-title-visibility":"","ast-main-header-display":"","ast-hfb-above-header-display":"","ast-hfb-below-header-display":"","ast-hfb-mobile-header-display":"","site-post-title":"","ast-breadcrumbs-content":"","ast-featured-img":"","footer-sml-layout":"","ast-disable-related-posts":"","theme-transparent-header-meta":"","adv-header-id-meta":"","stick-header-meta":"","header-above-stick-meta":"","header-main-stick-meta":"","header-below-stick-meta":"","astra-migrate-meta-layouts":"default","ast-page-background-enabled":"default","ast-page-background-meta":{"desktop":{"background-color":"var(--ast-global-color-5)","background-image":"","background-repeat":"repeat","background-position":"center center","background-size":"auto","background-attachment":"scroll","background-type":"","background-media":"","overlay-type":"","overlay-color":"","overlay-opacity":"","overlay-gradient":""},"tablet":{"background-color":"","background-image":"","background-repeat":"repeat","background-position":"center center","background-size":"auto","background-attachment":"scroll","background-type":"","background-media":"","overlay-type":"","overlay-color":"","overlay-opacity":"","overlay-gradient":""},"mobile":{"background-color":"","background-image":"","background-repeat":"repeat","background-position":"center center","background-size":"auto","background-attachment":"scroll","background-type":"","background-media":"","overlay-type":"","overlay-color":"","overlay-opacity":"","overlay-gradient":""}},"ast-content-background-meta":{"desktop":{"background-color":"var(--ast-global-color-4)","background-image":"","background-repeat":"repeat","background-position":"center center","background-size":"auto","background-attachment":"scroll","background-type":"","background-media":"","overlay-type":"","overlay-color":"","overlay-opacity":"","overlay-gradient":""},"tablet":{"background-color":"var(--ast-global-color-4)","background-image":"","background-repeat":"repeat","background-position":"center center","background-size":"auto","background-attachment":"scroll","background-type":"","background-media":"","overlay-type":"","overlay-color":"","overlay-opacity":"","overlay-gradient":""},"mobile":{"background-color":"var(--ast-global-color-4)","background-image":"","background-repeat":"repeat","background-position":"center center","background-size":"auto","background-attachment":"scroll","background-type":"","background-media":"","overlay-type":"","overlay-color":"","overlay-opacity":"","overlay-gradient":""}},"footnotes":""},"categories":[1],"tags":[],"class_list":["post-95622","post","type-post","status-publish","format-standard","hentry","category-sem-categoria"],"yoast_head":"<!-- This site is optimized with the Yoast SEO plugin v26.6 - https:\/\/yoast.com\/wordpress\/plugins\/seo\/ -->\n<title>Em Mirador, Othelino participa de entrega de obras em comemora\u00e7\u00e3o ao anivers\u00e1rio da cidade - Daniel Matos<\/title>\n<meta name=\"robots\" content=\"index, follow, max-snippet:-1, max-image-preview:large, max-video-preview:-1\" \/>\n<link rel=\"canonical\" href=\"https:\/\/www.blogsoestado.com\/danielmatos\/em-mirador-othelino-participa-de-entrega-de-obras-em-comemoracao-ao-aniversario-da-cidade\/\" \/>\n<meta property=\"og:locale\" content=\"pt_BR\" \/>\n<meta property=\"og:type\" content=\"article\" \/>\n<meta property=\"og:title\" content=\"Em Mirador, Othelino participa de entrega de obras em comemora\u00e7\u00e3o ao anivers\u00e1rio da cidade - Daniel Matos\" \/>\n<meta property=\"og:description\" content=\"O presidente da Assembleia Legislativa do Maranh\u00e3o, deputado Othelino Neto (PCdoB), prestigiou, nesta ter\u00e7a-feira (29), as festividades em comemora\u00e7\u00e3o aos [&hellip;]\" \/>\n<meta property=\"og:url\" content=\"https:\/\/www.blogsoestado.com\/danielmatos\/em-mirador-othelino-participa-de-entrega-de-obras-em-comemoracao-ao-aniversario-da-cidade\/\" \/>\n<meta property=\"og:site_name\" content=\"Daniel Matos\" \/>\n<meta property=\"article:published_time\" content=\"2022-03-30T11:00:00+00:00\" \/>\n<meta property=\"og:image\" content=\"https:\/\/www.blogsoestado.com\/danielmatos\/files\/2022\/03\/Screenshot_20220330-0223182.png\" \/>\n<meta name=\"twitter:card\" content=\"summary_large_image\" \/>\n<meta name=\"twitter:label1\" content=\"Est. tempo de leitura\" \/>\n\t<meta name=\"twitter:data1\" content=\"3 minutos\" \/>\n<script type=\"application\/ld+json\" class=\"yoast-schema-graph\">{\"@context\":\"https:\/\/schema.org\",\"@graph\":[{\"@type\":\"WebPage\",\"@id\":\"https:\/\/www.blogsoestado.com\/danielmatos\/em-mirador-othelino-participa-de-entrega-de-obras-em-comemoracao-ao-aniversario-da-cidade\/\",\"url\":\"https:\/\/www.blogsoestado.com\/danielmatos\/em-mirador-othelino-participa-de-entrega-de-obras-em-comemoracao-ao-aniversario-da-cidade\/\",\"name\":\"Em Mirador, Othelino participa de entrega de obras em comemora\u00e7\u00e3o ao anivers\u00e1rio da cidade - Daniel Matos\",\"isPartOf\":{\"@id\":\"https:\/\/www.blogsoestado.com\/danielmatos\/#website\"},\"primaryImageOfPage\":{\"@id\":\"https:\/\/www.blogsoestado.com\/danielmatos\/em-mirador-othelino-participa-de-entrega-de-obras-em-comemoracao-ao-aniversario-da-cidade\/#primaryimage\"},\"image\":{\"@id\":\"https:\/\/www.blogsoestado.com\/danielmatos\/em-mirador-othelino-participa-de-entrega-de-obras-em-comemoracao-ao-aniversario-da-cidade\/#primaryimage\"},\"thumbnailUrl\":\"https:\/\/www.blogsoestado.com\/danielmatos\/files\/2022\/03\/Screenshot_20220330-0223182.png\",\"datePublished\":\"2022-03-30T11:00:00+00:00\",\"author\":{\"@id\":\"\"},\"breadcrumb\":{\"@id\":\"https:\/\/www.blogsoestado.com\/danielmatos\/em-mirador-othelino-participa-de-entrega-de-obras-em-comemoracao-ao-aniversario-da-cidade\/#breadcrumb\"},\"inLanguage\":\"pt-BR\",\"potentialAction\":[{\"@type\":\"ReadAction\",\"target\":[\"https:\/\/www.blogsoestado.com\/danielmatos\/em-mirador-othelino-participa-de-entrega-de-obras-em-comemoracao-ao-aniversario-da-cidade\/\"]}]},{\"@type\":\"ImageObject\",\"inLanguage\":\"pt-BR\",\"@id\":\"https:\/\/www.blogsoestado.com\/danielmatos\/em-mirador-othelino-participa-de-entrega-de-obras-em-comemoracao-ao-aniversario-da-cidade\/#primaryimage\",\"url\":\"https:\/\/www.blogsoestado.com\/danielmatos\/files\/2022\/03\/Screenshot_20220330-0223182.png\",\"contentUrl\":\"https:\/\/www.blogsoestado.com\/danielmatos\/files\/2022\/03\/Screenshot_20220330-0223182.png\"},{\"@type\":\"BreadcrumbList\",\"@id\":\"https:\/\/www.blogsoestado.com\/danielmatos\/em-mirador-othelino-participa-de-entrega-de-obras-em-comemoracao-ao-aniversario-da-cidade\/#breadcrumb\",\"itemListElement\":[{\"@type\":\"ListItem\",\"position\":1,\"name\":\"In\u00edcio\",\"item\":\"https:\/\/www.blogsoestado.com\/danielmatos\/\"},{\"@type\":\"ListItem\",\"position\":2,\"name\":\"Em Mirador, Othelino participa de entrega de obras em comemora\u00e7\u00e3o ao anivers\u00e1rio da cidade\"}]},{\"@type\":\"WebSite\",\"@id\":\"https:\/\/www.blogsoestado.com\/danielmatos\/#website\",\"url\":\"https:\/\/www.blogsoestado.com\/danielmatos\/\",\"name\":\"Daniel Matos\",\"description\":\"\",\"potentialAction\":[{\"@type\":\"SearchAction\",\"target\":{\"@type\":\"EntryPoint\",\"urlTemplate\":\"https:\/\/www.blogsoestado.com\/danielmatos\/?s={search_term_string}\"},\"query-input\":{\"@type\":\"PropertyValueSpecification\",\"valueRequired\":true,\"valueName\":\"search_term_string\"}}],\"inLanguage\":\"pt-BR\"}]}<\/script>\n<!-- \/ Yoast SEO plugin. -->","yoast_head_json":{"title":"Em Mirador, Othelino participa de entrega de obras em comemora\u00e7\u00e3o ao anivers\u00e1rio da cidade - Daniel Matos","robots":{"index":"index","follow":"follow","max-snippet":"max-snippet:-1","max-image-preview":"max-image-preview:large","max-video-preview":"max-video-preview:-1"},"canonical":"https:\/\/www.blogsoestado.com\/danielmatos\/em-mirador-othelino-participa-de-entrega-de-obras-em-comemoracao-ao-aniversario-da-cidade\/","og_locale":"pt_BR","og_type":"article","og_title":"Em Mirador, Othelino participa de entrega de obras em comemora\u00e7\u00e3o ao anivers\u00e1rio da cidade - Daniel Matos","og_description":"O presidente da Assembleia Legislativa do Maranh\u00e3o, deputado Othelino Neto (PCdoB), prestigiou, nesta ter\u00e7a-feira (29), as festividades em comemora\u00e7\u00e3o aos [&hellip;]","og_url":"https:\/\/www.blogsoestado.com\/danielmatos\/em-mirador-othelino-participa-de-entrega-de-obras-em-comemoracao-ao-aniversario-da-cidade\/","og_site_name":"Daniel Matos","article_published_time":"2022-03-30T11:00:00+00:00","og_image":[{"url":"https:\/\/www.blogsoestado.com\/danielmatos\/files\/2022\/03\/Screenshot_20220330-0223182.png","type":"","width":"","height":""}],"twitter_card":"summary_large_image","twitter_misc":{"Est. tempo de leitura":"3 minutos"},"schema":{"@context":"https:\/\/schema.org","@graph":[{"@type":"WebPage","@id":"https:\/\/www.blogsoestado.com\/danielmatos\/em-mirador-othelino-participa-de-entrega-de-obras-em-comemoracao-ao-aniversario-da-cidade\/","url":"https:\/\/www.blogsoestado.com\/danielmatos\/em-mirador-othelino-participa-de-entrega-de-obras-em-comemoracao-ao-aniversario-da-cidade\/","name":"Em Mirador, Othelino participa de entrega de obras em comemora\u00e7\u00e3o ao anivers\u00e1rio da cidade - Daniel Matos","isPartOf":{"@id":"https:\/\/www.blogsoestado.com\/danielmatos\/#website"},"primaryImageOfPage":{"@id":"https:\/\/www.blogsoestado.com\/danielmatos\/em-mirador-othelino-participa-de-entrega-de-obras-em-comemoracao-ao-aniversario-da-cidade\/#primaryimage"},"image":{"@id":"https:\/\/www.blogsoestado.com\/danielmatos\/em-mirador-othelino-participa-de-entrega-de-obras-em-comemoracao-ao-aniversario-da-cidade\/#primaryimage"},"thumbnailUrl":"https:\/\/www.blogsoestado.com\/danielmatos\/files\/2022\/03\/Screenshot_20220330-0223182.png","datePublished":"2022-03-30T11:00:00+00:00","author":{"@id":""},"breadcrumb":{"@id":"https:\/\/www.blogsoestado.com\/danielmatos\/em-mirador-othelino-participa-de-entrega-de-obras-em-comemoracao-ao-aniversario-da-cidade\/#breadcrumb"},"inLanguage":"pt-BR","potentialAction":[{"@type":"ReadAction","target":["https:\/\/www.blogsoestado.com\/danielmatos\/em-mirador-othelino-participa-de-entrega-de-obras-em-comemoracao-ao-aniversario-da-cidade\/"]}]},{"@type":"ImageObject","inLanguage":"pt-BR","@id":"https:\/\/www.blogsoestado.com\/danielmatos\/em-mirador-othelino-participa-de-entrega-de-obras-em-comemoracao-ao-aniversario-da-cidade\/#primaryimage","url":"https:\/\/www.blogsoestado.com\/danielmatos\/files\/2022\/03\/Screenshot_20220330-0223182.png","contentUrl":"https:\/\/www.blogsoestado.com\/danielmatos\/files\/2022\/03\/Screenshot_20220330-0223182.png"},{"@type":"BreadcrumbList","@id":"https:\/\/www.blogsoestado.com\/danielmatos\/em-mirador-othelino-participa-de-entrega-de-obras-em-comemoracao-ao-aniversario-da-cidade\/#breadcrumb","itemListElement":[{"@type":"ListItem","position":1,"name":"In\u00edcio","item":"https:\/\/www.blogsoestado.com\/danielmatos\/"},{"@type":"ListItem","position":2,"name":"Em Mirador, Othelino participa de entrega de obras em comemora\u00e7\u00e3o ao anivers\u00e1rio da cidade"}]},{"@type":"WebSite","@id":"https:\/\/www.blogsoestado.com\/danielmatos\/#website","url":"https:\/\/www.blogsoestado.com\/danielmatos\/","name":"Daniel Matos","description":"","potentialAction":[{"@type":"SearchAction","target":{"@type":"EntryPoint","urlTemplate":"https:\/\/www.blogsoestado.com\/danielmatos\/?s={search_term_string}"},"query-input":{"@type":"PropertyValueSpecification","valueRequired":true,"valueName":"search_term_string"}}],"inLanguage":"pt-BR"}]}},"jetpack_featured_media_url":"","_links":{"self":[{"href":"https:\/\/www.blogsoestado.com\/danielmatos\/wp-json\/wp\/v2\/posts\/95622","targetHints":{"allow":["GET"]}}],"collection":[{"href":"https:\/\/www.blogsoestado.com\/danielmatos\/wp-json\/wp\/v2\/posts"}],"about":[{"href":"https:\/\/www.blogsoestado.com\/danielmatos\/wp-json\/wp\/v2\/types\/post"}],"replies":[{"embeddable":true,"href":"https:\/\/www.blogsoestado.com\/danielmatos\/wp-json\/wp\/v2\/comments?post=95622"}],"version-history":[{"count":0,"href":"https:\/\/www.blogsoestado.com\/danielmatos\/wp-json\/wp\/v2\/posts\/95622\/revisions"}],"wp:attachment":[{"href":"https:\/\/www.blogsoestado.com\/danielmatos\/wp-json\/wp\/v2\/media?parent=95622"}],"wp:term":[{"taxonomy":"category","embeddable":true,"href":"https:\/\/www.blogsoestado.com\/danielmatos\/wp-json\/wp\/v2\/categories?post=95622"},{"taxonomy":"post_tag","embeddable":true,"href":"https:\/\/www.blogsoestado.com\/danielmatos\/wp-json\/wp\/v2\/tags?post=95622"}],"curies":[{"name":"wp","href":"https:\/\/api.w.org\/{rel}","templated":true}]}}