{"id":95630,"date":"2022-03-30T09:14:11","date_gmt":"2022-03-30T12:14:11","guid":{"rendered":"https:\/\/www.blogsoestado.com\/danielmatos\/?p=95630"},"modified":"2022-03-30T09:14:11","modified_gmt":"2022-03-30T12:14:11","slug":"sem-onibus-ha-dois-dias-sao-luis-e-o-retrato-do-caos-e-da-degradacao-urbana","status":"publish","type":"post","link":"https:\/\/www.blogsoestado.com\/danielmatos\/sem-onibus-ha-dois-dias-sao-luis-e-o-retrato-do-caos-e-da-degradacao-urbana\/","title":{"rendered":"Sem \u00f4nibus h\u00e1 dois dias, S\u00e3o Lu\u00eds \u00e9 o retrato do caos e da degrada\u00e7\u00e3o urbana"},"content":{"rendered":"\n<div class=\"wp-block-image\"><figure class=\"aligncenter size-large\"><a href=\"https:\/\/www.blogsoestado.com\/danielmatos\/files\/2022\/03\/Screenshot_20220330-0829382.png\"><img decoding=\"async\" src=\"https:\/\/www.blogsoestado.com\/danielmatos\/files\/2022\/03\/Screenshot_20220330-0829382.png\" alt=\"\" class=\"wp-image-95631\"\/><\/a><figcaption>Transporte alternativo tem explorado o povo sem piedade nestes dois dias de paralisa\u00e7\u00e3o total dos \u00f4nibus (<strong>Fotos: <\/strong>Douglas Pinto\/TV Mirante)<\/figcaption><\/figure><\/div>\n\n\n\n<p>S\u00e3o Lu\u00eds amanheceu novamente sem \u00f4nibus novamente nesta quarta-feira (30), segundo dia de paralisa\u00e7\u00e3o dos trabalhadores rodovi\u00e1rios, que reivindicam reajuste salarial e outros benef\u00edcios. Em diversos pontos da Grande Olha, pessoas enfrentaram muita dificuldade para conseguir condu\u00e7\u00e3o para ir ao trabalho ou outro destino. A explora\u00e7\u00e3o praticada pelo transporte alternativo continua flagrante, com a viagem custando R$ 5,00 (cinco reais), valor quase 30% acima da tarifa do transporte p\u00fablico convencional.<\/p>\n\n\n\n<div class=\"wp-block-image\"><figure class=\"aligncenter size-large\"><a href=\"https:\/\/www.blogsoestado.com\/danielmatos\/files\/2022\/03\/Screenshot_20220330-0829192.png\"><img decoding=\"async\" src=\"https:\/\/www.blogsoestado.com\/danielmatos\/files\/2022\/03\/Screenshot_20220330-0829192.png\" alt=\"\" class=\"wp-image-95632\"\/><\/a><figcaption>Espera pela condu\u00e7\u00e3o debaixo de chuva agravou o drama de quem precisou sair de casa nas primeiras horas do dia<\/figcaption><\/figure><\/div>\n\n\n\n<p>No Anel Vi\u00e1rio, mais precisamente no terminal de \u00f4nibus pr\u00f3ximo \u00e0 Fonte do Bispo, foi poss\u00edvel testemunhar, logo cedo, o quanto est\u00e1 sendo cruel a realidade nestes dois dias seguidos sem \u00f4nibus circulando nas ruas. Al\u00e9m de amargar a falta dos coletivos, meio de locomo\u00e7\u00e3o utilizado por cerca de 700 mil pessoas apenas na capital, cidad\u00e3os tiveram que enfrentar a chuva e a lama que se acumulava no ch\u00e3o.<\/p>\n\n\n\n<div class=\"wp-block-image\"><figure class=\"aligncenter size-large\"><a href=\"https:\/\/www.blogsoestado.com\/danielmatos\/files\/2022\/03\/Screenshot_20220330-0828532.png\"><img decoding=\"async\" src=\"https:\/\/www.blogsoestado.com\/danielmatos\/files\/2022\/03\/Screenshot_20220330-0828532.png\" alt=\"\" class=\"wp-image-95633\"\/><\/a><figcaption>Terminal de \u00f4nibus da Fonte do Bispo \u00e9 o retrato fiel do caos em dois dias consecutivos de paralisa\u00e7\u00e3o da frota do transporte p\u00fablico<\/figcaption><\/figure><\/div>\n\n\n\n<p>Para quem n\u00e3o tem transporte pr\u00f3prio e precisa sair de casa nas primeiras horas da manh\u00e3, a situa\u00e7\u00e3o est\u00e1 sendo dram\u00e1tica. O jeito \u00e9 se aventurar em busca da condu\u00e7\u00e3o, muitas vezes em condi\u00e7\u00f5es extremamente desconfort\u00e1veis e arriscadas, sem falar no oportunismo dos que est\u00e3o cobrando mais caro pelos itiner\u00e1rios. <\/p>\n\n\n\n<div class=\"wp-block-image\"><figure class=\"aligncenter size-large\"><a href=\"https:\/\/www.blogsoestado.com\/danielmatos\/files\/2022\/03\/Screenshot_20220330-0828242.png\"><img decoding=\"async\" src=\"https:\/\/www.blogsoestado.com\/danielmatos\/files\/2022\/03\/Screenshot_20220330-0828242.png\" alt=\"\" class=\"wp-image-95634\"\/><\/a><figcaption>Procura por t\u00e1xis-lota\u00e7\u00e3o tem sido intensa durante a greve geral dos rodovi\u00e1rios da regi\u00e3o metropolitana de S\u00e3o Lu\u00eds<\/figcaption><\/figure><\/div>\n\n\n\n<p>Enquanto o povo sofre, os \u00f4nibus seguem retidos nas garagens, impedidos de circular por representantes do Sindicato dos Trabalhadores em Transporte Rodovi\u00e1rio do Maranh\u00e3o (STTREMA), que fazem piquetes em frente \u00e0s empresas para manter 109% da frota parada, contrariando o pr\u00f3prio discurso da entidade de que n\u00e3o pretende causar transtornos \u00e0 popula\u00e7\u00e3o ao deflagrar e persistir na greve.<\/p>\n\n\n\n<p><strong>Nova audi\u00eancia<\/strong><\/p>\n\n\n\n<div class=\"wp-block-image\"><figure class=\"aligncenter size-large\"><a href=\"https:\/\/www.blogsoestado.com\/danielmatos\/files\/2022\/03\/Screenshot_20220330-0828022.png\"><img decoding=\"async\" src=\"https:\/\/www.blogsoestado.com\/danielmatos\/files\/2022\/03\/Screenshot_20220330-0828022.png\" alt=\"\" class=\"wp-image-95635\"\/><\/a><figcaption>Enquanto aguardavam o transporte, cidad\u00e3os e cidad\u00e3os se protegeram da chuva sob sombrinhas e guarda-chuvas <\/figcaption><\/figure><\/div>\n\n\n\n<p>Em tempo: o Tribunal Regional do Trabalho (TRT-MA) convocou uma nova audi\u00eancia para logo mais, \u00e0s 15h, a pedido da Prefeitura de S\u00e3o Lu\u00eds, na qual tentar\u00e1, mais uma vez, mediar um acordo que leve ao fim do impasse do transporte p\u00fablico e restabele\u00e7a a normalidade do servi\u00e7o. Todas as partes envolvidas no conflito &#8211; rodovi\u00e1rios, empres\u00e1rios e Munic\u00edpio e Governo do Estado &#8211; dever\u00e3o enviar representantes para a reuni\u00e3o.<\/p>\n\n\n\n<div class=\"wp-block-image\"><figure class=\"aligncenter size-large\"><a href=\"https:\/\/www.blogsoestado.com\/danielmatos\/files\/2022\/03\/Screenshot_20220330-0827442.png\"><img decoding=\"async\" src=\"https:\/\/www.blogsoestado.com\/danielmatos\/files\/2022\/03\/Screenshot_20220330-0827442.png\" alt=\"\" class=\"wp-image-95636\"\/><\/a><figcaption>Mesmo refor\u00e7ada, frota de carrinhos-lota\u00e7\u00e3o \u00e9 insuficiente para atender a demanda de usu\u00e1rios por transporte dura a greve geral<\/figcaption><\/figure><\/div>\n\n\n\n<p>Todas as expectativas se voltam para essa reuni\u00e3o, pois danos causados \u00e0 sociedade, inclusive o com\u00e9rcio e outros setores produtivos, tendem \u00e0 se agravar cada vez mais, no mesmo compasso do caos.  <\/p>\n","protected":false},"excerpt":{"rendered":"<p>S\u00e3o Lu\u00eds amanheceu novamente sem \u00f4nibus novamente nesta quarta-feira (30), segundo dia de paralisa\u00e7\u00e3o dos trabalhadores rodovi\u00e1rios, que reivindicam reajuste [&hellip;]<\/p>\n","protected":false},"author":0,"featured_media":0,"comment_status":"open","ping_status":"open","sticky":false,"template":"","format":"standard","meta":{"site-sidebar-layout":"default","site-content-layout":"","ast-site-content-layout":"default","site-content-style":"default","site-sidebar-style":"default","ast-global-header-display":"","ast-banner-title-visibility":"","ast-main-header-display":"","ast-hfb-above-header-display":"","ast-hfb-below-header-display":"","ast-hfb-mobile-header-display":"","site-post-title":"","ast-breadcrumbs-content":"","ast-featured-img":"","footer-sml-layout":"","ast-disable-related-posts":"","theme-transparent-header-meta":"","adv-header-id-meta":"","stick-header-meta":"","header-above-stick-meta":"","header-main-stick-meta":"","header-below-stick-meta":"","astra-migrate-meta-layouts":"default","ast-page-background-enabled":"default","ast-page-background-meta":{"desktop":{"background-color":"var(--ast-global-color-5)","background-image":"","background-repeat":"repeat","background-position":"center center","background-size":"auto","background-attachment":"scroll","background-type":"","background-media":"","overlay-type":"","overlay-color":"","overlay-opacity":"","overlay-gradient":""},"tablet":{"background-color":"","background-image":"","background-repeat":"repeat","background-position":"center center","background-size":"auto","background-attachment":"scroll","background-type":"","background-media":"","overlay-type":"","overlay-color":"","overlay-opacity":"","overlay-gradient":""},"mobile":{"background-color":"","background-image":"","background-repeat":"repeat","background-position":"center center","background-size":"auto","background-attachment":"scroll","background-type":"","background-media":"","overlay-type":"","overlay-color":"","overlay-opacity":"","overlay-gradient":""}},"ast-content-background-meta":{"desktop":{"background-color":"var(--ast-global-color-4)","background-image":"","background-repeat":"repeat","background-position":"center center","background-size":"auto","background-attachment":"scroll","background-type":"","background-media":"","overlay-type":"","overlay-color":"","overlay-opacity":"","overlay-gradient":""},"tablet":{"background-color":"var(--ast-global-color-4)","background-image":"","background-repeat":"repeat","background-position":"center center","background-size":"auto","background-attachment":"scroll","background-type":"","background-media":"","overlay-type":"","overlay-color":"","overlay-opacity":"","overlay-gradient":""},"mobile":{"background-color":"var(--ast-global-color-4)","background-image":"","background-repeat":"repeat","background-position":"center center","background-size":"auto","background-attachment":"scroll","background-type":"","background-media":"","overlay-type":"","overlay-color":"","overlay-opacity":"","overlay-gradient":""}},"footnotes":""},"categories":[1],"tags":[],"class_list":["post-95630","post","type-post","status-publish","format-standard","hentry","category-sem-categoria"],"yoast_head":"<!-- This site is optimized with the Yoast SEO plugin v26.6 - https:\/\/yoast.com\/wordpress\/plugins\/seo\/ -->\n<title>Sem \u00f4nibus h\u00e1 dois dias, S\u00e3o Lu\u00eds \u00e9 o retrato do caos e da degrada\u00e7\u00e3o urbana - Daniel Matos<\/title>\n<meta name=\"robots\" content=\"index, follow, max-snippet:-1, max-image-preview:large, max-video-preview:-1\" \/>\n<link rel=\"canonical\" href=\"https:\/\/www.blogsoestado.com\/danielmatos\/sem-onibus-ha-dois-dias-sao-luis-e-o-retrato-do-caos-e-da-degradacao-urbana\/\" \/>\n<meta property=\"og:locale\" content=\"pt_BR\" \/>\n<meta property=\"og:type\" content=\"article\" \/>\n<meta property=\"og:title\" content=\"Sem \u00f4nibus h\u00e1 dois dias, S\u00e3o Lu\u00eds \u00e9 o retrato do caos e da degrada\u00e7\u00e3o urbana - Daniel Matos\" \/>\n<meta property=\"og:description\" content=\"S\u00e3o Lu\u00eds amanheceu novamente sem \u00f4nibus novamente nesta quarta-feira (30), segundo dia de paralisa\u00e7\u00e3o dos trabalhadores rodovi\u00e1rios, que reivindicam reajuste [&hellip;]\" \/>\n<meta property=\"og:url\" content=\"https:\/\/www.blogsoestado.com\/danielmatos\/sem-onibus-ha-dois-dias-sao-luis-e-o-retrato-do-caos-e-da-degradacao-urbana\/\" \/>\n<meta property=\"og:site_name\" content=\"Daniel Matos\" \/>\n<meta property=\"article:published_time\" content=\"2022-03-30T12:14:11+00:00\" \/>\n<meta property=\"og:image\" content=\"https:\/\/www.blogsoestado.com\/danielmatos\/files\/2022\/03\/Screenshot_20220330-0829382.png\" \/>\n<meta name=\"twitter:card\" content=\"summary_large_image\" \/>\n<meta name=\"twitter:label1\" content=\"Est. tempo de leitura\" \/>\n\t<meta name=\"twitter:data1\" content=\"4 minutos\" \/>\n<script type=\"application\/ld+json\" class=\"yoast-schema-graph\">{\"@context\":\"https:\/\/schema.org\",\"@graph\":[{\"@type\":\"WebPage\",\"@id\":\"https:\/\/www.blogsoestado.com\/danielmatos\/sem-onibus-ha-dois-dias-sao-luis-e-o-retrato-do-caos-e-da-degradacao-urbana\/\",\"url\":\"https:\/\/www.blogsoestado.com\/danielmatos\/sem-onibus-ha-dois-dias-sao-luis-e-o-retrato-do-caos-e-da-degradacao-urbana\/\",\"name\":\"Sem \u00f4nibus h\u00e1 dois dias, S\u00e3o Lu\u00eds \u00e9 o retrato do caos e da degrada\u00e7\u00e3o urbana - Daniel Matos\",\"isPartOf\":{\"@id\":\"https:\/\/www.blogsoestado.com\/danielmatos\/#website\"},\"primaryImageOfPage\":{\"@id\":\"https:\/\/www.blogsoestado.com\/danielmatos\/sem-onibus-ha-dois-dias-sao-luis-e-o-retrato-do-caos-e-da-degradacao-urbana\/#primaryimage\"},\"image\":{\"@id\":\"https:\/\/www.blogsoestado.com\/danielmatos\/sem-onibus-ha-dois-dias-sao-luis-e-o-retrato-do-caos-e-da-degradacao-urbana\/#primaryimage\"},\"thumbnailUrl\":\"https:\/\/www.blogsoestado.com\/danielmatos\/files\/2022\/03\/Screenshot_20220330-0829382.png\",\"datePublished\":\"2022-03-30T12:14:11+00:00\",\"author\":{\"@id\":\"\"},\"breadcrumb\":{\"@id\":\"https:\/\/www.blogsoestado.com\/danielmatos\/sem-onibus-ha-dois-dias-sao-luis-e-o-retrato-do-caos-e-da-degradacao-urbana\/#breadcrumb\"},\"inLanguage\":\"pt-BR\",\"potentialAction\":[{\"@type\":\"ReadAction\",\"target\":[\"https:\/\/www.blogsoestado.com\/danielmatos\/sem-onibus-ha-dois-dias-sao-luis-e-o-retrato-do-caos-e-da-degradacao-urbana\/\"]}]},{\"@type\":\"ImageObject\",\"inLanguage\":\"pt-BR\",\"@id\":\"https:\/\/www.blogsoestado.com\/danielmatos\/sem-onibus-ha-dois-dias-sao-luis-e-o-retrato-do-caos-e-da-degradacao-urbana\/#primaryimage\",\"url\":\"https:\/\/www.blogsoestado.com\/danielmatos\/files\/2022\/03\/Screenshot_20220330-0829382.png\",\"contentUrl\":\"https:\/\/www.blogsoestado.com\/danielmatos\/files\/2022\/03\/Screenshot_20220330-0829382.png\"},{\"@type\":\"BreadcrumbList\",\"@id\":\"https:\/\/www.blogsoestado.com\/danielmatos\/sem-onibus-ha-dois-dias-sao-luis-e-o-retrato-do-caos-e-da-degradacao-urbana\/#breadcrumb\",\"itemListElement\":[{\"@type\":\"ListItem\",\"position\":1,\"name\":\"In\u00edcio\",\"item\":\"https:\/\/www.blogsoestado.com\/danielmatos\/\"},{\"@type\":\"ListItem\",\"position\":2,\"name\":\"Sem \u00f4nibus h\u00e1 dois dias, S\u00e3o Lu\u00eds \u00e9 o retrato do caos e da degrada\u00e7\u00e3o urbana\"}]},{\"@type\":\"WebSite\",\"@id\":\"https:\/\/www.blogsoestado.com\/danielmatos\/#website\",\"url\":\"https:\/\/www.blogsoestado.com\/danielmatos\/\",\"name\":\"Daniel Matos\",\"description\":\"\",\"potentialAction\":[{\"@type\":\"SearchAction\",\"target\":{\"@type\":\"EntryPoint\",\"urlTemplate\":\"https:\/\/www.blogsoestado.com\/danielmatos\/?s={search_term_string}\"},\"query-input\":{\"@type\":\"PropertyValueSpecification\",\"valueRequired\":true,\"valueName\":\"search_term_string\"}}],\"inLanguage\":\"pt-BR\"}]}<\/script>\n<!-- \/ Yoast SEO plugin. -->","yoast_head_json":{"title":"Sem \u00f4nibus h\u00e1 dois dias, S\u00e3o Lu\u00eds \u00e9 o retrato do caos e da degrada\u00e7\u00e3o urbana - Daniel Matos","robots":{"index":"index","follow":"follow","max-snippet":"max-snippet:-1","max-image-preview":"max-image-preview:large","max-video-preview":"max-video-preview:-1"},"canonical":"https:\/\/www.blogsoestado.com\/danielmatos\/sem-onibus-ha-dois-dias-sao-luis-e-o-retrato-do-caos-e-da-degradacao-urbana\/","og_locale":"pt_BR","og_type":"article","og_title":"Sem \u00f4nibus h\u00e1 dois dias, S\u00e3o Lu\u00eds \u00e9 o retrato do caos e da degrada\u00e7\u00e3o urbana - Daniel Matos","og_description":"S\u00e3o Lu\u00eds amanheceu novamente sem \u00f4nibus novamente nesta quarta-feira (30), segundo dia de paralisa\u00e7\u00e3o dos trabalhadores rodovi\u00e1rios, que reivindicam reajuste [&hellip;]","og_url":"https:\/\/www.blogsoestado.com\/danielmatos\/sem-onibus-ha-dois-dias-sao-luis-e-o-retrato-do-caos-e-da-degradacao-urbana\/","og_site_name":"Daniel Matos","article_published_time":"2022-03-30T12:14:11+00:00","og_image":[{"url":"https:\/\/www.blogsoestado.com\/danielmatos\/files\/2022\/03\/Screenshot_20220330-0829382.png","type":"","width":"","height":""}],"twitter_card":"summary_large_image","twitter_misc":{"Est. tempo de leitura":"4 minutos"},"schema":{"@context":"https:\/\/schema.org","@graph":[{"@type":"WebPage","@id":"https:\/\/www.blogsoestado.com\/danielmatos\/sem-onibus-ha-dois-dias-sao-luis-e-o-retrato-do-caos-e-da-degradacao-urbana\/","url":"https:\/\/www.blogsoestado.com\/danielmatos\/sem-onibus-ha-dois-dias-sao-luis-e-o-retrato-do-caos-e-da-degradacao-urbana\/","name":"Sem \u00f4nibus h\u00e1 dois dias, S\u00e3o Lu\u00eds \u00e9 o retrato do caos e da degrada\u00e7\u00e3o urbana - Daniel Matos","isPartOf":{"@id":"https:\/\/www.blogsoestado.com\/danielmatos\/#website"},"primaryImageOfPage":{"@id":"https:\/\/www.blogsoestado.com\/danielmatos\/sem-onibus-ha-dois-dias-sao-luis-e-o-retrato-do-caos-e-da-degradacao-urbana\/#primaryimage"},"image":{"@id":"https:\/\/www.blogsoestado.com\/danielmatos\/sem-onibus-ha-dois-dias-sao-luis-e-o-retrato-do-caos-e-da-degradacao-urbana\/#primaryimage"},"thumbnailUrl":"https:\/\/www.blogsoestado.com\/danielmatos\/files\/2022\/03\/Screenshot_20220330-0829382.png","datePublished":"2022-03-30T12:14:11+00:00","author":{"@id":""},"breadcrumb":{"@id":"https:\/\/www.blogsoestado.com\/danielmatos\/sem-onibus-ha-dois-dias-sao-luis-e-o-retrato-do-caos-e-da-degradacao-urbana\/#breadcrumb"},"inLanguage":"pt-BR","potentialAction":[{"@type":"ReadAction","target":["https:\/\/www.blogsoestado.com\/danielmatos\/sem-onibus-ha-dois-dias-sao-luis-e-o-retrato-do-caos-e-da-degradacao-urbana\/"]}]},{"@type":"ImageObject","inLanguage":"pt-BR","@id":"https:\/\/www.blogsoestado.com\/danielmatos\/sem-onibus-ha-dois-dias-sao-luis-e-o-retrato-do-caos-e-da-degradacao-urbana\/#primaryimage","url":"https:\/\/www.blogsoestado.com\/danielmatos\/files\/2022\/03\/Screenshot_20220330-0829382.png","contentUrl":"https:\/\/www.blogsoestado.com\/danielmatos\/files\/2022\/03\/Screenshot_20220330-0829382.png"},{"@type":"BreadcrumbList","@id":"https:\/\/www.blogsoestado.com\/danielmatos\/sem-onibus-ha-dois-dias-sao-luis-e-o-retrato-do-caos-e-da-degradacao-urbana\/#breadcrumb","itemListElement":[{"@type":"ListItem","position":1,"name":"In\u00edcio","item":"https:\/\/www.blogsoestado.com\/danielmatos\/"},{"@type":"ListItem","position":2,"name":"Sem \u00f4nibus h\u00e1 dois dias, S\u00e3o Lu\u00eds \u00e9 o retrato do caos e da degrada\u00e7\u00e3o urbana"}]},{"@type":"WebSite","@id":"https:\/\/www.blogsoestado.com\/danielmatos\/#website","url":"https:\/\/www.blogsoestado.com\/danielmatos\/","name":"Daniel Matos","description":"","potentialAction":[{"@type":"SearchAction","target":{"@type":"EntryPoint","urlTemplate":"https:\/\/www.blogsoestado.com\/danielmatos\/?s={search_term_string}"},"query-input":{"@type":"PropertyValueSpecification","valueRequired":true,"valueName":"search_term_string"}}],"inLanguage":"pt-BR"}]}},"jetpack_featured_media_url":"","_links":{"self":[{"href":"https:\/\/www.blogsoestado.com\/danielmatos\/wp-json\/wp\/v2\/posts\/95630","targetHints":{"allow":["GET"]}}],"collection":[{"href":"https:\/\/www.blogsoestado.com\/danielmatos\/wp-json\/wp\/v2\/posts"}],"about":[{"href":"https:\/\/www.blogsoestado.com\/danielmatos\/wp-json\/wp\/v2\/types\/post"}],"replies":[{"embeddable":true,"href":"https:\/\/www.blogsoestado.com\/danielmatos\/wp-json\/wp\/v2\/comments?post=95630"}],"version-history":[{"count":0,"href":"https:\/\/www.blogsoestado.com\/danielmatos\/wp-json\/wp\/v2\/posts\/95630\/revisions"}],"wp:attachment":[{"href":"https:\/\/www.blogsoestado.com\/danielmatos\/wp-json\/wp\/v2\/media?parent=95630"}],"wp:term":[{"taxonomy":"category","embeddable":true,"href":"https:\/\/www.blogsoestado.com\/danielmatos\/wp-json\/wp\/v2\/categories?post=95630"},{"taxonomy":"post_tag","embeddable":true,"href":"https:\/\/www.blogsoestado.com\/danielmatos\/wp-json\/wp\/v2\/tags?post=95630"}],"curies":[{"name":"wp","href":"https:\/\/api.w.org\/{rel}","templated":true}]}}