{"id":95638,"date":"2022-03-30T13:03:47","date_gmt":"2022-03-30T16:03:47","guid":{"rendered":"https:\/\/www.blogsoestado.com\/danielmatos\/?p=95638"},"modified":"2022-03-30T13:03:47","modified_gmt":"2022-03-30T16:03:47","slug":"deputado-wellington-declara-apoio-ao-pre-candidato-lahesio-bonfim-para-o-governo-do-maranhao","status":"publish","type":"post","link":"https:\/\/www.blogsoestado.com\/danielmatos\/deputado-wellington-declara-apoio-ao-pre-candidato-lahesio-bonfim-para-o-governo-do-maranhao\/","title":{"rendered":"Deputado Wellington declara apoio ao pr\u00e9-candidato Lahesio Bonfim para o governo do Maranh\u00e3o"},"content":{"rendered":"\n<div class=\"wp-block-image\"><figure class=\"aligncenter size-large\"><a href=\"https:\/\/www.blogsoestado.com\/danielmatos\/files\/2022\/03\/Screenshot_20220330-1301302.png\"><img decoding=\"async\" src=\"https:\/\/www.blogsoestado.com\/danielmatos\/files\/2022\/03\/Screenshot_20220330-1301302.png\" alt=\"\" class=\"wp-image-95640\"\/><\/a><figcaption>Wellington fez um hist\u00f3rico de sua trajet\u00f3ria pol\u00edtica, justificando suas alian\u00e7as e motiva\u00e7\u00f5es e ressaltou que seu posicionamento n\u00e3o podia ser diferente, tendo em vista o alinhamento de ideias para o Maranh\u00e3o com o m\u00e9dico Lahesio Bonfim<\/figcaption><\/figure><\/div>\n\n\n\n<p>Durante a sess\u00e3o plen\u00e1ria desta quarta-feira (30), o deputado estadual Wellington do Curso utilizou a tribuna para declarar apoio \u00e0 pr\u00e9-candidatura do m\u00e9dico Lahesio Bonfim, atual prefeito do munic\u00edpio de S\u00e3o Pedro dos Crentes, para o governo do Estado do Maranh\u00e3o. Segundo o parlamentar, dentre as op\u00e7\u00f5es, o apoio \u00e0 Lahesio, mant\u00e9m sua coer\u00eancia pol\u00edtica e, diante do cen\u00e1rio que se projeta para as elei\u00e7\u00f5es do ano de 2022, o pr\u00e9-candidato \u00e9 o mais qualificado e capaz de transformar o Maranh\u00e3o de fato.<\/p>\n\n\n\n<p>Durante o pronunciamento Wellington fez um hist\u00f3rico de sua trajet\u00f3ria pol\u00edtica, justificando suas alian\u00e7as e motiva\u00e7\u00f5es e ressaltou que seu posicionamento n\u00e3o podia ser diferente, tendo em vista o alinhamento de ideias para o Maranh\u00e3o com o m\u00e9dico Lahesio Bonfim.<\/p>\n\n\n\n<p>\u201cDiante do cen\u00e1rio que se projeta para as elei\u00e7\u00f5es para governo do estado no 2022, meu posicionamento n\u00e3o podia ser diferente diante de toda minha trajet\u00f3ria pol\u00edtica como deputado estadual. Ent\u00e3o, por acreditar que \u00e9 a melhor op\u00e7\u00e3o para fazer as transforma\u00e7\u00f5es que o nosso estado precisa hoje, declaro oficialmente o meu apoio \u00e0 pr\u00e9-candidatura do m\u00e9dico e atual prefeito de S\u00e3o Pedro dos Crentes, doutor Lahesio Bonfim, o \u00fanico candidato que n\u00e3o faz parte do cons\u00f3rcio de Fl\u00e1vio Dino, para ser o pr\u00f3ximo governador do Maranh\u00e3o. Minha decis\u00e3o mant\u00e9m minha coer\u00eancia pol\u00edtica, pois sempre fui oposi\u00e7\u00e3o ao atual governo que nada melhorou na vida dos maranhenses, sendo assim, em defesa da popula\u00e7\u00e3o maranhense, acredito que Lahesio Bonfim \u00e9 o mais preparado para transformar o Maranh\u00e3o, pois compartilhamos dos mesmos projetos para melhoria da qualidade de vida do povo como a gera\u00e7\u00e3o de emprego e renda, nomea\u00e7\u00e3o de aprovados em concursos e realiza\u00e7\u00e3o de novos concursos p\u00fablicos para a seguran\u00e7a e todas as demais \u00e1reas, valoriza\u00e7\u00e3o dos professores, policiais e todas as categorias que foram esquecidas e desrespeitadas na atual gest\u00e3o e sa\u00fade p\u00fablica de qualidade. Por tudo isso, apoiamos o doutor Lahesio Bonfim para ser o pr\u00f3ximo governador do estado, juntos podemos construir um novo Maranh\u00e3o a partir de 1\u00ba de janeiro de 2023\u201d, disse o deputado estadual Wellington do Curso.<\/p>\n","protected":false},"excerpt":{"rendered":"<p>Durante a sess\u00e3o plen\u00e1ria desta quarta-feira (30), o deputado estadual Wellington do Curso utilizou a tribuna para declarar apoio \u00e0 [&hellip;]<\/p>\n","protected":false},"author":0,"featured_media":0,"comment_status":"open","ping_status":"open","sticky":false,"template":"","format":"standard","meta":{"site-sidebar-layout":"default","site-content-layout":"","ast-site-content-layout":"default","site-content-style":"default","site-sidebar-style":"default","ast-global-header-display":"","ast-banner-title-visibility":"","ast-main-header-display":"","ast-hfb-above-header-display":"","ast-hfb-below-header-display":"","ast-hfb-mobile-header-display":"","site-post-title":"","ast-breadcrumbs-content":"","ast-featured-img":"","footer-sml-layout":"","ast-disable-related-posts":"","theme-transparent-header-meta":"","adv-header-id-meta":"","stick-header-meta":"","header-above-stick-meta":"","header-main-stick-meta":"","header-below-stick-meta":"","astra-migrate-meta-layouts":"default","ast-page-background-enabled":"default","ast-page-background-meta":{"desktop":{"background-color":"var(--ast-global-color-5)","background-image":"","background-repeat":"repeat","background-position":"center center","background-size":"auto","background-attachment":"scroll","background-type":"","background-media":"","overlay-type":"","overlay-color":"","overlay-opacity":"","overlay-gradient":""},"tablet":{"background-color":"","background-image":"","background-repeat":"repeat","background-position":"center center","background-size":"auto","background-attachment":"scroll","background-type":"","background-media":"","overlay-type":"","overlay-color":"","overlay-opacity":"","overlay-gradient":""},"mobile":{"background-color":"","background-image":"","background-repeat":"repeat","background-position":"center center","background-size":"auto","background-attachment":"scroll","background-type":"","background-media":"","overlay-type":"","overlay-color":"","overlay-opacity":"","overlay-gradient":""}},"ast-content-background-meta":{"desktop":{"background-color":"var(--ast-global-color-4)","background-image":"","background-repeat":"repeat","background-position":"center center","background-size":"auto","background-attachment":"scroll","background-type":"","background-media":"","overlay-type":"","overlay-color":"","overlay-opacity":"","overlay-gradient":""},"tablet":{"background-color":"var(--ast-global-color-4)","background-image":"","background-repeat":"repeat","background-position":"center center","background-size":"auto","background-attachment":"scroll","background-type":"","background-media":"","overlay-type":"","overlay-color":"","overlay-opacity":"","overlay-gradient":""},"mobile":{"background-color":"var(--ast-global-color-4)","background-image":"","background-repeat":"repeat","background-position":"center center","background-size":"auto","background-attachment":"scroll","background-type":"","background-media":"","overlay-type":"","overlay-color":"","overlay-opacity":"","overlay-gradient":""}},"footnotes":""},"categories":[1],"tags":[],"class_list":["post-95638","post","type-post","status-publish","format-standard","hentry","category-sem-categoria"],"yoast_head":"<!-- This site is optimized with the Yoast SEO plugin v26.6 - https:\/\/yoast.com\/wordpress\/plugins\/seo\/ -->\n<title>Deputado Wellington declara apoio ao pr\u00e9-candidato Lahesio Bonfim para o governo do Maranh\u00e3o - Daniel Matos<\/title>\n<meta name=\"robots\" content=\"index, follow, max-snippet:-1, max-image-preview:large, max-video-preview:-1\" \/>\n<link rel=\"canonical\" href=\"https:\/\/www.blogsoestado.com\/danielmatos\/deputado-wellington-declara-apoio-ao-pre-candidato-lahesio-bonfim-para-o-governo-do-maranhao\/\" \/>\n<meta property=\"og:locale\" content=\"pt_BR\" \/>\n<meta property=\"og:type\" content=\"article\" \/>\n<meta property=\"og:title\" content=\"Deputado Wellington declara apoio ao pr\u00e9-candidato Lahesio Bonfim para o governo do Maranh\u00e3o - Daniel Matos\" \/>\n<meta property=\"og:description\" content=\"Durante a sess\u00e3o plen\u00e1ria desta quarta-feira (30), o deputado estadual Wellington do Curso utilizou a tribuna para declarar apoio \u00e0 [&hellip;]\" \/>\n<meta property=\"og:url\" content=\"https:\/\/www.blogsoestado.com\/danielmatos\/deputado-wellington-declara-apoio-ao-pre-candidato-lahesio-bonfim-para-o-governo-do-maranhao\/\" \/>\n<meta property=\"og:site_name\" content=\"Daniel Matos\" \/>\n<meta property=\"article:published_time\" content=\"2022-03-30T16:03:47+00:00\" \/>\n<meta property=\"og:image\" content=\"https:\/\/www.blogsoestado.com\/danielmatos\/files\/2022\/03\/Screenshot_20220330-1301302.png\" \/>\n<meta name=\"twitter:card\" content=\"summary_large_image\" \/>\n<meta name=\"twitter:label1\" content=\"Est. tempo de leitura\" \/>\n\t<meta name=\"twitter:data1\" content=\"2 minutos\" \/>\n<script type=\"application\/ld+json\" class=\"yoast-schema-graph\">{\"@context\":\"https:\/\/schema.org\",\"@graph\":[{\"@type\":\"WebPage\",\"@id\":\"https:\/\/www.blogsoestado.com\/danielmatos\/deputado-wellington-declara-apoio-ao-pre-candidato-lahesio-bonfim-para-o-governo-do-maranhao\/\",\"url\":\"https:\/\/www.blogsoestado.com\/danielmatos\/deputado-wellington-declara-apoio-ao-pre-candidato-lahesio-bonfim-para-o-governo-do-maranhao\/\",\"name\":\"Deputado Wellington declara apoio ao pr\u00e9-candidato Lahesio Bonfim para o governo do Maranh\u00e3o - Daniel Matos\",\"isPartOf\":{\"@id\":\"https:\/\/www.blogsoestado.com\/danielmatos\/#website\"},\"primaryImageOfPage\":{\"@id\":\"https:\/\/www.blogsoestado.com\/danielmatos\/deputado-wellington-declara-apoio-ao-pre-candidato-lahesio-bonfim-para-o-governo-do-maranhao\/#primaryimage\"},\"image\":{\"@id\":\"https:\/\/www.blogsoestado.com\/danielmatos\/deputado-wellington-declara-apoio-ao-pre-candidato-lahesio-bonfim-para-o-governo-do-maranhao\/#primaryimage\"},\"thumbnailUrl\":\"https:\/\/www.blogsoestado.com\/danielmatos\/files\/2022\/03\/Screenshot_20220330-1301302.png\",\"datePublished\":\"2022-03-30T16:03:47+00:00\",\"author\":{\"@id\":\"\"},\"breadcrumb\":{\"@id\":\"https:\/\/www.blogsoestado.com\/danielmatos\/deputado-wellington-declara-apoio-ao-pre-candidato-lahesio-bonfim-para-o-governo-do-maranhao\/#breadcrumb\"},\"inLanguage\":\"pt-BR\",\"potentialAction\":[{\"@type\":\"ReadAction\",\"target\":[\"https:\/\/www.blogsoestado.com\/danielmatos\/deputado-wellington-declara-apoio-ao-pre-candidato-lahesio-bonfim-para-o-governo-do-maranhao\/\"]}]},{\"@type\":\"ImageObject\",\"inLanguage\":\"pt-BR\",\"@id\":\"https:\/\/www.blogsoestado.com\/danielmatos\/deputado-wellington-declara-apoio-ao-pre-candidato-lahesio-bonfim-para-o-governo-do-maranhao\/#primaryimage\",\"url\":\"https:\/\/www.blogsoestado.com\/danielmatos\/files\/2022\/03\/Screenshot_20220330-1301302.png\",\"contentUrl\":\"https:\/\/www.blogsoestado.com\/danielmatos\/files\/2022\/03\/Screenshot_20220330-1301302.png\"},{\"@type\":\"BreadcrumbList\",\"@id\":\"https:\/\/www.blogsoestado.com\/danielmatos\/deputado-wellington-declara-apoio-ao-pre-candidato-lahesio-bonfim-para-o-governo-do-maranhao\/#breadcrumb\",\"itemListElement\":[{\"@type\":\"ListItem\",\"position\":1,\"name\":\"In\u00edcio\",\"item\":\"https:\/\/www.blogsoestado.com\/danielmatos\/\"},{\"@type\":\"ListItem\",\"position\":2,\"name\":\"Deputado Wellington declara apoio ao pr\u00e9-candidato Lahesio Bonfim para o governo do Maranh\u00e3o\"}]},{\"@type\":\"WebSite\",\"@id\":\"https:\/\/www.blogsoestado.com\/danielmatos\/#website\",\"url\":\"https:\/\/www.blogsoestado.com\/danielmatos\/\",\"name\":\"Daniel Matos\",\"description\":\"\",\"potentialAction\":[{\"@type\":\"SearchAction\",\"target\":{\"@type\":\"EntryPoint\",\"urlTemplate\":\"https:\/\/www.blogsoestado.com\/danielmatos\/?s={search_term_string}\"},\"query-input\":{\"@type\":\"PropertyValueSpecification\",\"valueRequired\":true,\"valueName\":\"search_term_string\"}}],\"inLanguage\":\"pt-BR\"}]}<\/script>\n<!-- \/ Yoast SEO plugin. -->","yoast_head_json":{"title":"Deputado Wellington declara apoio ao pr\u00e9-candidato Lahesio Bonfim para o governo do Maranh\u00e3o - Daniel Matos","robots":{"index":"index","follow":"follow","max-snippet":"max-snippet:-1","max-image-preview":"max-image-preview:large","max-video-preview":"max-video-preview:-1"},"canonical":"https:\/\/www.blogsoestado.com\/danielmatos\/deputado-wellington-declara-apoio-ao-pre-candidato-lahesio-bonfim-para-o-governo-do-maranhao\/","og_locale":"pt_BR","og_type":"article","og_title":"Deputado Wellington declara apoio ao pr\u00e9-candidato Lahesio Bonfim para o governo do Maranh\u00e3o - Daniel Matos","og_description":"Durante a sess\u00e3o plen\u00e1ria desta quarta-feira (30), o deputado estadual Wellington do Curso utilizou a tribuna para declarar apoio \u00e0 [&hellip;]","og_url":"https:\/\/www.blogsoestado.com\/danielmatos\/deputado-wellington-declara-apoio-ao-pre-candidato-lahesio-bonfim-para-o-governo-do-maranhao\/","og_site_name":"Daniel Matos","article_published_time":"2022-03-30T16:03:47+00:00","og_image":[{"url":"https:\/\/www.blogsoestado.com\/danielmatos\/files\/2022\/03\/Screenshot_20220330-1301302.png","type":"","width":"","height":""}],"twitter_card":"summary_large_image","twitter_misc":{"Est. tempo de leitura":"2 minutos"},"schema":{"@context":"https:\/\/schema.org","@graph":[{"@type":"WebPage","@id":"https:\/\/www.blogsoestado.com\/danielmatos\/deputado-wellington-declara-apoio-ao-pre-candidato-lahesio-bonfim-para-o-governo-do-maranhao\/","url":"https:\/\/www.blogsoestado.com\/danielmatos\/deputado-wellington-declara-apoio-ao-pre-candidato-lahesio-bonfim-para-o-governo-do-maranhao\/","name":"Deputado Wellington declara apoio ao pr\u00e9-candidato Lahesio Bonfim para o governo do Maranh\u00e3o - Daniel Matos","isPartOf":{"@id":"https:\/\/www.blogsoestado.com\/danielmatos\/#website"},"primaryImageOfPage":{"@id":"https:\/\/www.blogsoestado.com\/danielmatos\/deputado-wellington-declara-apoio-ao-pre-candidato-lahesio-bonfim-para-o-governo-do-maranhao\/#primaryimage"},"image":{"@id":"https:\/\/www.blogsoestado.com\/danielmatos\/deputado-wellington-declara-apoio-ao-pre-candidato-lahesio-bonfim-para-o-governo-do-maranhao\/#primaryimage"},"thumbnailUrl":"https:\/\/www.blogsoestado.com\/danielmatos\/files\/2022\/03\/Screenshot_20220330-1301302.png","datePublished":"2022-03-30T16:03:47+00:00","author":{"@id":""},"breadcrumb":{"@id":"https:\/\/www.blogsoestado.com\/danielmatos\/deputado-wellington-declara-apoio-ao-pre-candidato-lahesio-bonfim-para-o-governo-do-maranhao\/#breadcrumb"},"inLanguage":"pt-BR","potentialAction":[{"@type":"ReadAction","target":["https:\/\/www.blogsoestado.com\/danielmatos\/deputado-wellington-declara-apoio-ao-pre-candidato-lahesio-bonfim-para-o-governo-do-maranhao\/"]}]},{"@type":"ImageObject","inLanguage":"pt-BR","@id":"https:\/\/www.blogsoestado.com\/danielmatos\/deputado-wellington-declara-apoio-ao-pre-candidato-lahesio-bonfim-para-o-governo-do-maranhao\/#primaryimage","url":"https:\/\/www.blogsoestado.com\/danielmatos\/files\/2022\/03\/Screenshot_20220330-1301302.png","contentUrl":"https:\/\/www.blogsoestado.com\/danielmatos\/files\/2022\/03\/Screenshot_20220330-1301302.png"},{"@type":"BreadcrumbList","@id":"https:\/\/www.blogsoestado.com\/danielmatos\/deputado-wellington-declara-apoio-ao-pre-candidato-lahesio-bonfim-para-o-governo-do-maranhao\/#breadcrumb","itemListElement":[{"@type":"ListItem","position":1,"name":"In\u00edcio","item":"https:\/\/www.blogsoestado.com\/danielmatos\/"},{"@type":"ListItem","position":2,"name":"Deputado Wellington declara apoio ao pr\u00e9-candidato Lahesio Bonfim para o governo do Maranh\u00e3o"}]},{"@type":"WebSite","@id":"https:\/\/www.blogsoestado.com\/danielmatos\/#website","url":"https:\/\/www.blogsoestado.com\/danielmatos\/","name":"Daniel Matos","description":"","potentialAction":[{"@type":"SearchAction","target":{"@type":"EntryPoint","urlTemplate":"https:\/\/www.blogsoestado.com\/danielmatos\/?s={search_term_string}"},"query-input":{"@type":"PropertyValueSpecification","valueRequired":true,"valueName":"search_term_string"}}],"inLanguage":"pt-BR"}]}},"jetpack_featured_media_url":"","_links":{"self":[{"href":"https:\/\/www.blogsoestado.com\/danielmatos\/wp-json\/wp\/v2\/posts\/95638","targetHints":{"allow":["GET"]}}],"collection":[{"href":"https:\/\/www.blogsoestado.com\/danielmatos\/wp-json\/wp\/v2\/posts"}],"about":[{"href":"https:\/\/www.blogsoestado.com\/danielmatos\/wp-json\/wp\/v2\/types\/post"}],"replies":[{"embeddable":true,"href":"https:\/\/www.blogsoestado.com\/danielmatos\/wp-json\/wp\/v2\/comments?post=95638"}],"version-history":[{"count":0,"href":"https:\/\/www.blogsoestado.com\/danielmatos\/wp-json\/wp\/v2\/posts\/95638\/revisions"}],"wp:attachment":[{"href":"https:\/\/www.blogsoestado.com\/danielmatos\/wp-json\/wp\/v2\/media?parent=95638"}],"wp:term":[{"taxonomy":"category","embeddable":true,"href":"https:\/\/www.blogsoestado.com\/danielmatos\/wp-json\/wp\/v2\/categories?post=95638"},{"taxonomy":"post_tag","embeddable":true,"href":"https:\/\/www.blogsoestado.com\/danielmatos\/wp-json\/wp\/v2\/tags?post=95638"}],"curies":[{"name":"wp","href":"https:\/\/api.w.org\/{rel}","templated":true}]}}