{"id":95642,"date":"2022-03-30T14:46:59","date_gmt":"2022-03-30T17:46:59","guid":{"rendered":"https:\/\/www.blogsoestado.com\/danielmatos\/?p=95642"},"modified":"2022-03-30T14:46:59","modified_gmt":"2022-03-30T17:46:59","slug":"projeto-de-marlon-botao-vai-garantir-primeiro-centro-de-atendimento-ao-idoso-da-zona-rural-de-sao-luis","status":"publish","type":"post","link":"https:\/\/www.blogsoestado.com\/danielmatos\/projeto-de-marlon-botao-vai-garantir-primeiro-centro-de-atendimento-ao-idoso-da-zona-rural-de-sao-luis\/","title":{"rendered":"Projeto de Marlon Bot\u00e3o vai garantir primeiro Centro de Atendimento ao Idoso da Zona Rural de S\u00e3o Lu\u00eds"},"content":{"rendered":"\n<div class=\"wp-block-image\"><figure class=\"aligncenter size-large\"><a href=\"https:\/\/www.blogsoestado.com\/danielmatos\/files\/2022\/03\/Screenshot_20220330-1429552.png\"><img decoding=\"async\" src=\"https:\/\/www.blogsoestado.com\/danielmatos\/files\/2022\/03\/Screenshot_20220330-1429552.png\" alt=\"\" class=\"wp-image-95643\"\/><\/a><figcaption>Vereador Marlon Bot\u00e3o dialoga com idoso sobre demandas a serem atendidas pelo CAISI da Zona Rural<\/figcaption><\/figure><\/div>\n\n\n\n<p>O vereador Marlon Bot\u00e3o (PSB) celebrou, ap\u00f3s a sess\u00e3o desta ter\u00e7a-feira (29) da C\u00e2mara Municipal, a aprova\u00e7\u00e3o do seu requerimento 126\/22, que pede a cria\u00e7\u00e3o do primeiro Centro de Aten\u00e7\u00e3o Integral \u00e0 Sa\u00fade do Idoso (CAISI) da Zona Rural de S\u00e3o Lu\u00eds.<br>.<br>De acordo com o parlamentar, a cria\u00e7\u00e3o do CAISI da Zona Rural refor\u00e7a o compromisso do atual governo em descentralizar pol\u00edticas p\u00fablicas e valorizar a popula\u00e7\u00e3o da Zona Rural \u2013 algo que, em sua avalia\u00e7\u00e3o, n\u00e3o acontecia em gest\u00f5es anteriores.<br>.<br>\u201cA popula\u00e7\u00e3o da Zona Rural sempre foi esquecida por gest\u00f5es passadas. E os moradores se acostumaram a ter que enfrentar grandes dist\u00e2ncias para conseguir acesso a servi\u00e7os p\u00fablicos b\u00e1sicos\u201d, disse Marlon Bot\u00e3o.<br>.<br>\u201cNosso mandato existe para dar um fim a essa injusti\u00e7a e, felizmente, o prefeito Eduardo Braide tamb\u00e9m se comprometeu desde o in\u00edcio a trabalhar para mudar essa realidade. A cria\u00e7\u00e3o do primeiro CAISI da Zona Rural ser\u00e1 um presente para os nossos idosos e uma realiza\u00e7\u00e3o para mim, como ser humano. \u00c9 sempre um momento especial quando a gente v\u00ea o nosso trabalho duro mudando pra melhor a vida das pessoas\u201d.<br>.<br><strong>Preven\u00e7\u00e3o<\/strong><br>.<br>Marlon Bot\u00e3o destacou que o Centro de Aten\u00e7\u00e3o ao Idoso da Zona Rural desempenhar\u00e1 um importante papel de preven\u00e7\u00e3o de doen\u00e7as.<br>.<br>\u201cOs cuidados preventivos s\u00e3o essenciais para a sa\u00fade do idoso. E \u00e9 isso que o CAISI tamb\u00e9m vai garantir para a popula\u00e7\u00e3o da Zona Rural. Um Centro com equipes multiprofissionais, com especialidades que v\u00e3o da geriatria \u00e0 fonoaudiologia e educa\u00e7\u00e3o f\u00edsica\u201d, disse o vereador.<br>.<br>\u201cEstou certo de que o prefeito Braide, que \u00e9 um amigo da Zona Rural, atender\u00e1 nosso requerimento. E n\u00f3s vamos continuar trabalhando na C\u00e2mara Municipal para levar cada vez mais pol\u00edticas p\u00fablicas para dentro dos bairros da nossa Zona Rural, para descentralizar os atendimentos e garantir mais conforto e qualidade de vida para a popula\u00e7\u00e3o. Esse \u00e9 o meu compromisso\u201d.<br>.<br><strong>SERVI\u00c7OS DO CAISI<\/strong><br>.<br>O CAISI realiza atendimentos ambulatoriais com equipes multiprofissionais em especialidades como geriatria, fonoaudiologia, fisioterapia, enfermagem, psicologia, terapia ocupacional, nutri\u00e7\u00e3o, educa\u00e7\u00e3o f\u00edsica entre v\u00e1rias outras, incluindo servi\u00e7o social. Os atendimentos podem ocorrer de forma individual ou em grupos terap\u00eauticos, de conviv\u00eancia, de mem\u00f3ria e atividades f\u00edsicas como ioga, hidrogin\u00e1stica, alongamentos, pilates, gin\u00e1stica funcional e fortalecimento muscular, etc.<br>.<br>Os idosos atendidos no CAISI s\u00e3o referenciados pela rede de aten\u00e7\u00e3o b\u00e1sica em sa\u00fade ou um ambulat\u00f3rio especializado. Ao dar entrada na unidade, o idoso passa por uma triagem feita pela equipe de enfermagem e servi\u00e7o social para a avalia\u00e7\u00e3o multidimensional por meio da qual s\u00e3o identificadas todas as necessidades e a elabora\u00e7\u00e3o do plano de cuidados onde s\u00e3o definidos todos os atendimentos que ele receber\u00e1.<\/p>\n","protected":false},"excerpt":{"rendered":"<p>O vereador Marlon Bot\u00e3o (PSB) celebrou, ap\u00f3s a sess\u00e3o desta ter\u00e7a-feira (29) da C\u00e2mara Municipal, a aprova\u00e7\u00e3o do seu requerimento [&hellip;]<\/p>\n","protected":false},"author":0,"featured_media":0,"comment_status":"open","ping_status":"open","sticky":false,"template":"","format":"standard","meta":{"site-sidebar-layout":"default","site-content-layout":"","ast-site-content-layout":"default","site-content-style":"default","site-sidebar-style":"default","ast-global-header-display":"","ast-banner-title-visibility":"","ast-main-header-display":"","ast-hfb-above-header-display":"","ast-hfb-below-header-display":"","ast-hfb-mobile-header-display":"","site-post-title":"","ast-breadcrumbs-content":"","ast-featured-img":"","footer-sml-layout":"","ast-disable-related-posts":"","theme-transparent-header-meta":"","adv-header-id-meta":"","stick-header-meta":"","header-above-stick-meta":"","header-main-stick-meta":"","header-below-stick-meta":"","astra-migrate-meta-layouts":"default","ast-page-background-enabled":"default","ast-page-background-meta":{"desktop":{"background-color":"var(--ast-global-color-5)","background-image":"","background-repeat":"repeat","background-position":"center center","background-size":"auto","background-attachment":"scroll","background-type":"","background-media":"","overlay-type":"","overlay-color":"","overlay-opacity":"","overlay-gradient":""},"tablet":{"background-color":"","background-image":"","background-repeat":"repeat","background-position":"center center","background-size":"auto","background-attachment":"scroll","background-type":"","background-media":"","overlay-type":"","overlay-color":"","overlay-opacity":"","overlay-gradient":""},"mobile":{"background-color":"","background-image":"","background-repeat":"repeat","background-position":"center center","background-size":"auto","background-attachment":"scroll","background-type":"","background-media":"","overlay-type":"","overlay-color":"","overlay-opacity":"","overlay-gradient":""}},"ast-content-background-meta":{"desktop":{"background-color":"var(--ast-global-color-4)","background-image":"","background-repeat":"repeat","background-position":"center center","background-size":"auto","background-attachment":"scroll","background-type":"","background-media":"","overlay-type":"","overlay-color":"","overlay-opacity":"","overlay-gradient":""},"tablet":{"background-color":"var(--ast-global-color-4)","background-image":"","background-repeat":"repeat","background-position":"center center","background-size":"auto","background-attachment":"scroll","background-type":"","background-media":"","overlay-type":"","overlay-color":"","overlay-opacity":"","overlay-gradient":""},"mobile":{"background-color":"var(--ast-global-color-4)","background-image":"","background-repeat":"repeat","background-position":"center center","background-size":"auto","background-attachment":"scroll","background-type":"","background-media":"","overlay-type":"","overlay-color":"","overlay-opacity":"","overlay-gradient":""}},"footnotes":""},"categories":[1],"tags":[],"class_list":["post-95642","post","type-post","status-publish","format-standard","hentry","category-sem-categoria"],"yoast_head":"<!-- This site is optimized with the Yoast SEO plugin v26.6 - https:\/\/yoast.com\/wordpress\/plugins\/seo\/ -->\n<title>Projeto de Marlon Bot\u00e3o vai garantir primeiro Centro de Atendimento ao Idoso da Zona Rural de S\u00e3o Lu\u00eds - Daniel Matos<\/title>\n<meta name=\"robots\" content=\"index, follow, max-snippet:-1, max-image-preview:large, max-video-preview:-1\" \/>\n<link rel=\"canonical\" href=\"https:\/\/www.blogsoestado.com\/danielmatos\/projeto-de-marlon-botao-vai-garantir-primeiro-centro-de-atendimento-ao-idoso-da-zona-rural-de-sao-luis\/\" \/>\n<meta property=\"og:locale\" content=\"pt_BR\" \/>\n<meta property=\"og:type\" content=\"article\" \/>\n<meta property=\"og:title\" content=\"Projeto de Marlon Bot\u00e3o vai garantir primeiro Centro de Atendimento ao Idoso da Zona Rural de S\u00e3o Lu\u00eds - Daniel Matos\" \/>\n<meta property=\"og:description\" content=\"O vereador Marlon Bot\u00e3o (PSB) celebrou, ap\u00f3s a sess\u00e3o desta ter\u00e7a-feira (29) da C\u00e2mara Municipal, a aprova\u00e7\u00e3o do seu requerimento [&hellip;]\" \/>\n<meta property=\"og:url\" content=\"https:\/\/www.blogsoestado.com\/danielmatos\/projeto-de-marlon-botao-vai-garantir-primeiro-centro-de-atendimento-ao-idoso-da-zona-rural-de-sao-luis\/\" \/>\n<meta property=\"og:site_name\" content=\"Daniel Matos\" \/>\n<meta property=\"article:published_time\" content=\"2022-03-30T17:46:59+00:00\" \/>\n<meta property=\"og:image\" content=\"https:\/\/www.blogsoestado.com\/danielmatos\/files\/2022\/03\/Screenshot_20220330-1429552.png\" \/>\n<meta name=\"twitter:card\" content=\"summary_large_image\" \/>\n<meta name=\"twitter:label1\" content=\"Est. tempo de leitura\" \/>\n\t<meta name=\"twitter:data1\" content=\"3 minutos\" \/>\n<script type=\"application\/ld+json\" class=\"yoast-schema-graph\">{\"@context\":\"https:\/\/schema.org\",\"@graph\":[{\"@type\":\"WebPage\",\"@id\":\"https:\/\/www.blogsoestado.com\/danielmatos\/projeto-de-marlon-botao-vai-garantir-primeiro-centro-de-atendimento-ao-idoso-da-zona-rural-de-sao-luis\/\",\"url\":\"https:\/\/www.blogsoestado.com\/danielmatos\/projeto-de-marlon-botao-vai-garantir-primeiro-centro-de-atendimento-ao-idoso-da-zona-rural-de-sao-luis\/\",\"name\":\"Projeto de Marlon Bot\u00e3o vai garantir primeiro Centro de Atendimento ao Idoso da Zona Rural de S\u00e3o Lu\u00eds - Daniel Matos\",\"isPartOf\":{\"@id\":\"https:\/\/www.blogsoestado.com\/danielmatos\/#website\"},\"primaryImageOfPage\":{\"@id\":\"https:\/\/www.blogsoestado.com\/danielmatos\/projeto-de-marlon-botao-vai-garantir-primeiro-centro-de-atendimento-ao-idoso-da-zona-rural-de-sao-luis\/#primaryimage\"},\"image\":{\"@id\":\"https:\/\/www.blogsoestado.com\/danielmatos\/projeto-de-marlon-botao-vai-garantir-primeiro-centro-de-atendimento-ao-idoso-da-zona-rural-de-sao-luis\/#primaryimage\"},\"thumbnailUrl\":\"https:\/\/www.blogsoestado.com\/danielmatos\/files\/2022\/03\/Screenshot_20220330-1429552.png\",\"datePublished\":\"2022-03-30T17:46:59+00:00\",\"author\":{\"@id\":\"\"},\"breadcrumb\":{\"@id\":\"https:\/\/www.blogsoestado.com\/danielmatos\/projeto-de-marlon-botao-vai-garantir-primeiro-centro-de-atendimento-ao-idoso-da-zona-rural-de-sao-luis\/#breadcrumb\"},\"inLanguage\":\"pt-BR\",\"potentialAction\":[{\"@type\":\"ReadAction\",\"target\":[\"https:\/\/www.blogsoestado.com\/danielmatos\/projeto-de-marlon-botao-vai-garantir-primeiro-centro-de-atendimento-ao-idoso-da-zona-rural-de-sao-luis\/\"]}]},{\"@type\":\"ImageObject\",\"inLanguage\":\"pt-BR\",\"@id\":\"https:\/\/www.blogsoestado.com\/danielmatos\/projeto-de-marlon-botao-vai-garantir-primeiro-centro-de-atendimento-ao-idoso-da-zona-rural-de-sao-luis\/#primaryimage\",\"url\":\"https:\/\/www.blogsoestado.com\/danielmatos\/files\/2022\/03\/Screenshot_20220330-1429552.png\",\"contentUrl\":\"https:\/\/www.blogsoestado.com\/danielmatos\/files\/2022\/03\/Screenshot_20220330-1429552.png\"},{\"@type\":\"BreadcrumbList\",\"@id\":\"https:\/\/www.blogsoestado.com\/danielmatos\/projeto-de-marlon-botao-vai-garantir-primeiro-centro-de-atendimento-ao-idoso-da-zona-rural-de-sao-luis\/#breadcrumb\",\"itemListElement\":[{\"@type\":\"ListItem\",\"position\":1,\"name\":\"In\u00edcio\",\"item\":\"https:\/\/www.blogsoestado.com\/danielmatos\/\"},{\"@type\":\"ListItem\",\"position\":2,\"name\":\"Projeto de Marlon Bot\u00e3o vai garantir primeiro Centro de Atendimento ao Idoso da Zona Rural de S\u00e3o Lu\u00eds\"}]},{\"@type\":\"WebSite\",\"@id\":\"https:\/\/www.blogsoestado.com\/danielmatos\/#website\",\"url\":\"https:\/\/www.blogsoestado.com\/danielmatos\/\",\"name\":\"Daniel Matos\",\"description\":\"\",\"potentialAction\":[{\"@type\":\"SearchAction\",\"target\":{\"@type\":\"EntryPoint\",\"urlTemplate\":\"https:\/\/www.blogsoestado.com\/danielmatos\/?s={search_term_string}\"},\"query-input\":{\"@type\":\"PropertyValueSpecification\",\"valueRequired\":true,\"valueName\":\"search_term_string\"}}],\"inLanguage\":\"pt-BR\"}]}<\/script>\n<!-- \/ Yoast SEO plugin. -->","yoast_head_json":{"title":"Projeto de Marlon Bot\u00e3o vai garantir primeiro Centro de Atendimento ao Idoso da Zona Rural de S\u00e3o Lu\u00eds - Daniel Matos","robots":{"index":"index","follow":"follow","max-snippet":"max-snippet:-1","max-image-preview":"max-image-preview:large","max-video-preview":"max-video-preview:-1"},"canonical":"https:\/\/www.blogsoestado.com\/danielmatos\/projeto-de-marlon-botao-vai-garantir-primeiro-centro-de-atendimento-ao-idoso-da-zona-rural-de-sao-luis\/","og_locale":"pt_BR","og_type":"article","og_title":"Projeto de Marlon Bot\u00e3o vai garantir primeiro Centro de Atendimento ao Idoso da Zona Rural de S\u00e3o Lu\u00eds - Daniel Matos","og_description":"O vereador Marlon Bot\u00e3o (PSB) celebrou, ap\u00f3s a sess\u00e3o desta ter\u00e7a-feira (29) da C\u00e2mara Municipal, a aprova\u00e7\u00e3o do seu requerimento [&hellip;]","og_url":"https:\/\/www.blogsoestado.com\/danielmatos\/projeto-de-marlon-botao-vai-garantir-primeiro-centro-de-atendimento-ao-idoso-da-zona-rural-de-sao-luis\/","og_site_name":"Daniel Matos","article_published_time":"2022-03-30T17:46:59+00:00","og_image":[{"url":"https:\/\/www.blogsoestado.com\/danielmatos\/files\/2022\/03\/Screenshot_20220330-1429552.png","type":"","width":"","height":""}],"twitter_card":"summary_large_image","twitter_misc":{"Est. tempo de leitura":"3 minutos"},"schema":{"@context":"https:\/\/schema.org","@graph":[{"@type":"WebPage","@id":"https:\/\/www.blogsoestado.com\/danielmatos\/projeto-de-marlon-botao-vai-garantir-primeiro-centro-de-atendimento-ao-idoso-da-zona-rural-de-sao-luis\/","url":"https:\/\/www.blogsoestado.com\/danielmatos\/projeto-de-marlon-botao-vai-garantir-primeiro-centro-de-atendimento-ao-idoso-da-zona-rural-de-sao-luis\/","name":"Projeto de Marlon Bot\u00e3o vai garantir primeiro Centro de Atendimento ao Idoso da Zona Rural de S\u00e3o Lu\u00eds - Daniel Matos","isPartOf":{"@id":"https:\/\/www.blogsoestado.com\/danielmatos\/#website"},"primaryImageOfPage":{"@id":"https:\/\/www.blogsoestado.com\/danielmatos\/projeto-de-marlon-botao-vai-garantir-primeiro-centro-de-atendimento-ao-idoso-da-zona-rural-de-sao-luis\/#primaryimage"},"image":{"@id":"https:\/\/www.blogsoestado.com\/danielmatos\/projeto-de-marlon-botao-vai-garantir-primeiro-centro-de-atendimento-ao-idoso-da-zona-rural-de-sao-luis\/#primaryimage"},"thumbnailUrl":"https:\/\/www.blogsoestado.com\/danielmatos\/files\/2022\/03\/Screenshot_20220330-1429552.png","datePublished":"2022-03-30T17:46:59+00:00","author":{"@id":""},"breadcrumb":{"@id":"https:\/\/www.blogsoestado.com\/danielmatos\/projeto-de-marlon-botao-vai-garantir-primeiro-centro-de-atendimento-ao-idoso-da-zona-rural-de-sao-luis\/#breadcrumb"},"inLanguage":"pt-BR","potentialAction":[{"@type":"ReadAction","target":["https:\/\/www.blogsoestado.com\/danielmatos\/projeto-de-marlon-botao-vai-garantir-primeiro-centro-de-atendimento-ao-idoso-da-zona-rural-de-sao-luis\/"]}]},{"@type":"ImageObject","inLanguage":"pt-BR","@id":"https:\/\/www.blogsoestado.com\/danielmatos\/projeto-de-marlon-botao-vai-garantir-primeiro-centro-de-atendimento-ao-idoso-da-zona-rural-de-sao-luis\/#primaryimage","url":"https:\/\/www.blogsoestado.com\/danielmatos\/files\/2022\/03\/Screenshot_20220330-1429552.png","contentUrl":"https:\/\/www.blogsoestado.com\/danielmatos\/files\/2022\/03\/Screenshot_20220330-1429552.png"},{"@type":"BreadcrumbList","@id":"https:\/\/www.blogsoestado.com\/danielmatos\/projeto-de-marlon-botao-vai-garantir-primeiro-centro-de-atendimento-ao-idoso-da-zona-rural-de-sao-luis\/#breadcrumb","itemListElement":[{"@type":"ListItem","position":1,"name":"In\u00edcio","item":"https:\/\/www.blogsoestado.com\/danielmatos\/"},{"@type":"ListItem","position":2,"name":"Projeto de Marlon Bot\u00e3o vai garantir primeiro Centro de Atendimento ao Idoso da Zona Rural de S\u00e3o Lu\u00eds"}]},{"@type":"WebSite","@id":"https:\/\/www.blogsoestado.com\/danielmatos\/#website","url":"https:\/\/www.blogsoestado.com\/danielmatos\/","name":"Daniel Matos","description":"","potentialAction":[{"@type":"SearchAction","target":{"@type":"EntryPoint","urlTemplate":"https:\/\/www.blogsoestado.com\/danielmatos\/?s={search_term_string}"},"query-input":{"@type":"PropertyValueSpecification","valueRequired":true,"valueName":"search_term_string"}}],"inLanguage":"pt-BR"}]}},"jetpack_featured_media_url":"","_links":{"self":[{"href":"https:\/\/www.blogsoestado.com\/danielmatos\/wp-json\/wp\/v2\/posts\/95642","targetHints":{"allow":["GET"]}}],"collection":[{"href":"https:\/\/www.blogsoestado.com\/danielmatos\/wp-json\/wp\/v2\/posts"}],"about":[{"href":"https:\/\/www.blogsoestado.com\/danielmatos\/wp-json\/wp\/v2\/types\/post"}],"replies":[{"embeddable":true,"href":"https:\/\/www.blogsoestado.com\/danielmatos\/wp-json\/wp\/v2\/comments?post=95642"}],"version-history":[{"count":0,"href":"https:\/\/www.blogsoestado.com\/danielmatos\/wp-json\/wp\/v2\/posts\/95642\/revisions"}],"wp:attachment":[{"href":"https:\/\/www.blogsoestado.com\/danielmatos\/wp-json\/wp\/v2\/media?parent=95642"}],"wp:term":[{"taxonomy":"category","embeddable":true,"href":"https:\/\/www.blogsoestado.com\/danielmatos\/wp-json\/wp\/v2\/categories?post=95642"},{"taxonomy":"post_tag","embeddable":true,"href":"https:\/\/www.blogsoestado.com\/danielmatos\/wp-json\/wp\/v2\/tags?post=95642"}],"curies":[{"name":"wp","href":"https:\/\/api.w.org\/{rel}","templated":true}]}}