{"id":95651,"date":"2022-03-30T20:12:43","date_gmt":"2022-03-30T23:12:43","guid":{"rendered":"https:\/\/www.blogsoestado.com\/danielmatos\/?p=95651"},"modified":"2022-03-30T20:12:43","modified_gmt":"2022-03-30T23:12:43","slug":"othelino-declara-apoio-a-eleicao-de-brandao-ao-governo","status":"publish","type":"post","link":"https:\/\/www.blogsoestado.com\/danielmatos\/othelino-declara-apoio-a-eleicao-de-brandao-ao-governo\/","title":{"rendered":"Othelino declara apoio \u00e0 elei\u00e7\u00e3o de Brand\u00e3o ao governo"},"content":{"rendered":"\n<div class=\"wp-block-image\"><figure class=\"aligncenter size-large\"><a href=\"https:\/\/www.blogsoestado.com\/danielmatos\/files\/2022\/03\/Screenshot_20220330-1954512.png\"><img decoding=\"async\" src=\"https:\/\/www.blogsoestado.com\/danielmatos\/files\/2022\/03\/Screenshot_20220330-1954512.png\" alt=\"\" class=\"wp-image-95652\"\/><\/a><figcaption>Postagem em rede social na qual Othelino Neto anunciou apoio \u00e0 pr\u00e9-candidatura de Carlos Brand\u00e3o ao governo<\/figcaption><\/figure><\/div>\n\n\n\n<p>O presidente da Assembleia Legislativa, Othelino Neto (PCdoB), declarou apoio, no in\u00edcio da noite desta quarta-feira (30), \u00e0 pr\u00e9-candidatura de Carlos Brand\u00e3o a governador do Maranh\u00e3o. A mudan\u00e7a de palanque causou forte impacto no cen\u00e1rio pol\u00edtico local, pois foi vista como claro sinal de enfraquecimento do projeto eleitoral do senador Weverton Rocha (PDT), que tamb\u00e9m almeja ocupar o Pal\u00e1cio dos Le\u00f5es.<\/p>\n\n\n\n<p>Com a ades\u00e3o de Othelino, Brand\u00e3o, que assumir\u00e1 o governo no pr\u00f3ximo dia 2 e disputar\u00e1 o pleito no cargo &#8211; e com a m\u00e1quina p\u00fablica nas m\u00e3os &#8211; ganha ainda mais musculatura para seguir firme rumo a uma campanha vit\u00f3ria, salvo algum fato extraordinariamente novo que abale o seu cacife.<\/p>\n\n\n\n<p>Ao anunciar, nas redes sociais, que marchar\u00e1 junto com Brand\u00e3o, Othelino comunicou que mant\u00e9m o apoio \u00e0 pr\u00e9-candidatura do ainda governador Fl\u00e1vio Dino (PSB) ao Senado Federal.<\/p>\n","protected":false},"excerpt":{"rendered":"<p>O presidente da Assembleia Legislativa, Othelino Neto (PCdoB), declarou apoio, no in\u00edcio da noite desta quarta-feira (30), \u00e0 pr\u00e9-candidatura de [&hellip;]<\/p>\n","protected":false},"author":0,"featured_media":0,"comment_status":"open","ping_status":"open","sticky":false,"template":"","format":"standard","meta":{"site-sidebar-layout":"default","site-content-layout":"","ast-site-content-layout":"default","site-content-style":"default","site-sidebar-style":"default","ast-global-header-display":"","ast-banner-title-visibility":"","ast-main-header-display":"","ast-hfb-above-header-display":"","ast-hfb-below-header-display":"","ast-hfb-mobile-header-display":"","site-post-title":"","ast-breadcrumbs-content":"","ast-featured-img":"","footer-sml-layout":"","ast-disable-related-posts":"","theme-transparent-header-meta":"","adv-header-id-meta":"","stick-header-meta":"","header-above-stick-meta":"","header-main-stick-meta":"","header-below-stick-meta":"","astra-migrate-meta-layouts":"default","ast-page-background-enabled":"default","ast-page-background-meta":{"desktop":{"background-color":"var(--ast-global-color-5)","background-image":"","background-repeat":"repeat","background-position":"center center","background-size":"auto","background-attachment":"scroll","background-type":"","background-media":"","overlay-type":"","overlay-color":"","overlay-opacity":"","overlay-gradient":""},"tablet":{"background-color":"","background-image":"","background-repeat":"repeat","background-position":"center center","background-size":"auto","background-attachment":"scroll","background-type":"","background-media":"","overlay-type":"","overlay-color":"","overlay-opacity":"","overlay-gradient":""},"mobile":{"background-color":"","background-image":"","background-repeat":"repeat","background-position":"center center","background-size":"auto","background-attachment":"scroll","background-type":"","background-media":"","overlay-type":"","overlay-color":"","overlay-opacity":"","overlay-gradient":""}},"ast-content-background-meta":{"desktop":{"background-color":"var(--ast-global-color-4)","background-image":"","background-repeat":"repeat","background-position":"center center","background-size":"auto","background-attachment":"scroll","background-type":"","background-media":"","overlay-type":"","overlay-color":"","overlay-opacity":"","overlay-gradient":""},"tablet":{"background-color":"var(--ast-global-color-4)","background-image":"","background-repeat":"repeat","background-position":"center center","background-size":"auto","background-attachment":"scroll","background-type":"","background-media":"","overlay-type":"","overlay-color":"","overlay-opacity":"","overlay-gradient":""},"mobile":{"background-color":"var(--ast-global-color-4)","background-image":"","background-repeat":"repeat","background-position":"center center","background-size":"auto","background-attachment":"scroll","background-type":"","background-media":"","overlay-type":"","overlay-color":"","overlay-opacity":"","overlay-gradient":""}},"footnotes":""},"categories":[1],"tags":[],"class_list":["post-95651","post","type-post","status-publish","format-standard","hentry","category-sem-categoria"],"yoast_head":"<!-- This site is optimized with the Yoast SEO plugin v26.6 - https:\/\/yoast.com\/wordpress\/plugins\/seo\/ -->\n<title>Othelino declara apoio \u00e0 elei\u00e7\u00e3o de Brand\u00e3o ao governo - Daniel Matos<\/title>\n<meta name=\"robots\" content=\"index, follow, max-snippet:-1, max-image-preview:large, max-video-preview:-1\" \/>\n<link rel=\"canonical\" href=\"https:\/\/www.blogsoestado.com\/danielmatos\/othelino-declara-apoio-a-eleicao-de-brandao-ao-governo\/\" \/>\n<meta property=\"og:locale\" content=\"pt_BR\" \/>\n<meta property=\"og:type\" content=\"article\" \/>\n<meta property=\"og:title\" content=\"Othelino declara apoio \u00e0 elei\u00e7\u00e3o de Brand\u00e3o ao governo - Daniel Matos\" \/>\n<meta property=\"og:description\" content=\"O presidente da Assembleia Legislativa, Othelino Neto (PCdoB), declarou apoio, no in\u00edcio da noite desta quarta-feira (30), \u00e0 pr\u00e9-candidatura de [&hellip;]\" \/>\n<meta property=\"og:url\" content=\"https:\/\/www.blogsoestado.com\/danielmatos\/othelino-declara-apoio-a-eleicao-de-brandao-ao-governo\/\" \/>\n<meta property=\"og:site_name\" content=\"Daniel Matos\" \/>\n<meta property=\"article:published_time\" content=\"2022-03-30T23:12:43+00:00\" \/>\n<meta property=\"og:image\" content=\"https:\/\/www.blogsoestado.com\/danielmatos\/files\/2022\/03\/Screenshot_20220330-1954512.png\" \/>\n<meta name=\"twitter:card\" content=\"summary_large_image\" \/>\n<meta name=\"twitter:label1\" content=\"Est. tempo de leitura\" \/>\n\t<meta name=\"twitter:data1\" content=\"1 minuto\" \/>\n<script type=\"application\/ld+json\" class=\"yoast-schema-graph\">{\"@context\":\"https:\/\/schema.org\",\"@graph\":[{\"@type\":\"WebPage\",\"@id\":\"https:\/\/www.blogsoestado.com\/danielmatos\/othelino-declara-apoio-a-eleicao-de-brandao-ao-governo\/\",\"url\":\"https:\/\/www.blogsoestado.com\/danielmatos\/othelino-declara-apoio-a-eleicao-de-brandao-ao-governo\/\",\"name\":\"Othelino declara apoio \u00e0 elei\u00e7\u00e3o de Brand\u00e3o ao governo - Daniel Matos\",\"isPartOf\":{\"@id\":\"https:\/\/www.blogsoestado.com\/danielmatos\/#website\"},\"primaryImageOfPage\":{\"@id\":\"https:\/\/www.blogsoestado.com\/danielmatos\/othelino-declara-apoio-a-eleicao-de-brandao-ao-governo\/#primaryimage\"},\"image\":{\"@id\":\"https:\/\/www.blogsoestado.com\/danielmatos\/othelino-declara-apoio-a-eleicao-de-brandao-ao-governo\/#primaryimage\"},\"thumbnailUrl\":\"https:\/\/www.blogsoestado.com\/danielmatos\/files\/2022\/03\/Screenshot_20220330-1954512.png\",\"datePublished\":\"2022-03-30T23:12:43+00:00\",\"author\":{\"@id\":\"\"},\"breadcrumb\":{\"@id\":\"https:\/\/www.blogsoestado.com\/danielmatos\/othelino-declara-apoio-a-eleicao-de-brandao-ao-governo\/#breadcrumb\"},\"inLanguage\":\"pt-BR\",\"potentialAction\":[{\"@type\":\"ReadAction\",\"target\":[\"https:\/\/www.blogsoestado.com\/danielmatos\/othelino-declara-apoio-a-eleicao-de-brandao-ao-governo\/\"]}]},{\"@type\":\"ImageObject\",\"inLanguage\":\"pt-BR\",\"@id\":\"https:\/\/www.blogsoestado.com\/danielmatos\/othelino-declara-apoio-a-eleicao-de-brandao-ao-governo\/#primaryimage\",\"url\":\"https:\/\/www.blogsoestado.com\/danielmatos\/files\/2022\/03\/Screenshot_20220330-1954512.png\",\"contentUrl\":\"https:\/\/www.blogsoestado.com\/danielmatos\/files\/2022\/03\/Screenshot_20220330-1954512.png\"},{\"@type\":\"BreadcrumbList\",\"@id\":\"https:\/\/www.blogsoestado.com\/danielmatos\/othelino-declara-apoio-a-eleicao-de-brandao-ao-governo\/#breadcrumb\",\"itemListElement\":[{\"@type\":\"ListItem\",\"position\":1,\"name\":\"In\u00edcio\",\"item\":\"https:\/\/www.blogsoestado.com\/danielmatos\/\"},{\"@type\":\"ListItem\",\"position\":2,\"name\":\"Othelino declara apoio \u00e0 elei\u00e7\u00e3o de Brand\u00e3o ao governo\"}]},{\"@type\":\"WebSite\",\"@id\":\"https:\/\/www.blogsoestado.com\/danielmatos\/#website\",\"url\":\"https:\/\/www.blogsoestado.com\/danielmatos\/\",\"name\":\"Daniel Matos\",\"description\":\"\",\"potentialAction\":[{\"@type\":\"SearchAction\",\"target\":{\"@type\":\"EntryPoint\",\"urlTemplate\":\"https:\/\/www.blogsoestado.com\/danielmatos\/?s={search_term_string}\"},\"query-input\":{\"@type\":\"PropertyValueSpecification\",\"valueRequired\":true,\"valueName\":\"search_term_string\"}}],\"inLanguage\":\"pt-BR\"}]}<\/script>\n<!-- \/ Yoast SEO plugin. -->","yoast_head_json":{"title":"Othelino declara apoio \u00e0 elei\u00e7\u00e3o de Brand\u00e3o ao governo - Daniel Matos","robots":{"index":"index","follow":"follow","max-snippet":"max-snippet:-1","max-image-preview":"max-image-preview:large","max-video-preview":"max-video-preview:-1"},"canonical":"https:\/\/www.blogsoestado.com\/danielmatos\/othelino-declara-apoio-a-eleicao-de-brandao-ao-governo\/","og_locale":"pt_BR","og_type":"article","og_title":"Othelino declara apoio \u00e0 elei\u00e7\u00e3o de Brand\u00e3o ao governo - Daniel Matos","og_description":"O presidente da Assembleia Legislativa, Othelino Neto (PCdoB), declarou apoio, no in\u00edcio da noite desta quarta-feira (30), \u00e0 pr\u00e9-candidatura de [&hellip;]","og_url":"https:\/\/www.blogsoestado.com\/danielmatos\/othelino-declara-apoio-a-eleicao-de-brandao-ao-governo\/","og_site_name":"Daniel Matos","article_published_time":"2022-03-30T23:12:43+00:00","og_image":[{"url":"https:\/\/www.blogsoestado.com\/danielmatos\/files\/2022\/03\/Screenshot_20220330-1954512.png","type":"","width":"","height":""}],"twitter_card":"summary_large_image","twitter_misc":{"Est. tempo de leitura":"1 minuto"},"schema":{"@context":"https:\/\/schema.org","@graph":[{"@type":"WebPage","@id":"https:\/\/www.blogsoestado.com\/danielmatos\/othelino-declara-apoio-a-eleicao-de-brandao-ao-governo\/","url":"https:\/\/www.blogsoestado.com\/danielmatos\/othelino-declara-apoio-a-eleicao-de-brandao-ao-governo\/","name":"Othelino declara apoio \u00e0 elei\u00e7\u00e3o de Brand\u00e3o ao governo - Daniel Matos","isPartOf":{"@id":"https:\/\/www.blogsoestado.com\/danielmatos\/#website"},"primaryImageOfPage":{"@id":"https:\/\/www.blogsoestado.com\/danielmatos\/othelino-declara-apoio-a-eleicao-de-brandao-ao-governo\/#primaryimage"},"image":{"@id":"https:\/\/www.blogsoestado.com\/danielmatos\/othelino-declara-apoio-a-eleicao-de-brandao-ao-governo\/#primaryimage"},"thumbnailUrl":"https:\/\/www.blogsoestado.com\/danielmatos\/files\/2022\/03\/Screenshot_20220330-1954512.png","datePublished":"2022-03-30T23:12:43+00:00","author":{"@id":""},"breadcrumb":{"@id":"https:\/\/www.blogsoestado.com\/danielmatos\/othelino-declara-apoio-a-eleicao-de-brandao-ao-governo\/#breadcrumb"},"inLanguage":"pt-BR","potentialAction":[{"@type":"ReadAction","target":["https:\/\/www.blogsoestado.com\/danielmatos\/othelino-declara-apoio-a-eleicao-de-brandao-ao-governo\/"]}]},{"@type":"ImageObject","inLanguage":"pt-BR","@id":"https:\/\/www.blogsoestado.com\/danielmatos\/othelino-declara-apoio-a-eleicao-de-brandao-ao-governo\/#primaryimage","url":"https:\/\/www.blogsoestado.com\/danielmatos\/files\/2022\/03\/Screenshot_20220330-1954512.png","contentUrl":"https:\/\/www.blogsoestado.com\/danielmatos\/files\/2022\/03\/Screenshot_20220330-1954512.png"},{"@type":"BreadcrumbList","@id":"https:\/\/www.blogsoestado.com\/danielmatos\/othelino-declara-apoio-a-eleicao-de-brandao-ao-governo\/#breadcrumb","itemListElement":[{"@type":"ListItem","position":1,"name":"In\u00edcio","item":"https:\/\/www.blogsoestado.com\/danielmatos\/"},{"@type":"ListItem","position":2,"name":"Othelino declara apoio \u00e0 elei\u00e7\u00e3o de Brand\u00e3o ao governo"}]},{"@type":"WebSite","@id":"https:\/\/www.blogsoestado.com\/danielmatos\/#website","url":"https:\/\/www.blogsoestado.com\/danielmatos\/","name":"Daniel Matos","description":"","potentialAction":[{"@type":"SearchAction","target":{"@type":"EntryPoint","urlTemplate":"https:\/\/www.blogsoestado.com\/danielmatos\/?s={search_term_string}"},"query-input":{"@type":"PropertyValueSpecification","valueRequired":true,"valueName":"search_term_string"}}],"inLanguage":"pt-BR"}]}},"jetpack_featured_media_url":"","_links":{"self":[{"href":"https:\/\/www.blogsoestado.com\/danielmatos\/wp-json\/wp\/v2\/posts\/95651","targetHints":{"allow":["GET"]}}],"collection":[{"href":"https:\/\/www.blogsoestado.com\/danielmatos\/wp-json\/wp\/v2\/posts"}],"about":[{"href":"https:\/\/www.blogsoestado.com\/danielmatos\/wp-json\/wp\/v2\/types\/post"}],"replies":[{"embeddable":true,"href":"https:\/\/www.blogsoestado.com\/danielmatos\/wp-json\/wp\/v2\/comments?post=95651"}],"version-history":[{"count":0,"href":"https:\/\/www.blogsoestado.com\/danielmatos\/wp-json\/wp\/v2\/posts\/95651\/revisions"}],"wp:attachment":[{"href":"https:\/\/www.blogsoestado.com\/danielmatos\/wp-json\/wp\/v2\/media?parent=95651"}],"wp:term":[{"taxonomy":"category","embeddable":true,"href":"https:\/\/www.blogsoestado.com\/danielmatos\/wp-json\/wp\/v2\/categories?post=95651"},{"taxonomy":"post_tag","embeddable":true,"href":"https:\/\/www.blogsoestado.com\/danielmatos\/wp-json\/wp\/v2\/tags?post=95651"}],"curies":[{"name":"wp","href":"https:\/\/api.w.org\/{rel}","templated":true}]}}