{"id":95731,"date":"2022-04-01T07:00:00","date_gmt":"2022-04-01T10:00:00","guid":{"rendered":"https:\/\/www.blogsoestado.com\/danielmatos\/?p=95731"},"modified":"2022-04-01T07:00:00","modified_gmt":"2022-04-01T10:00:00","slug":"equatorial-maranhao-promove-acoes-de-reciclagem-e-troca-de-lampadas-na-feira-do-empreendedor-sebrae","status":"publish","type":"post","link":"https:\/\/www.blogsoestado.com\/danielmatos\/equatorial-maranhao-promove-acoes-de-reciclagem-e-troca-de-lampadas-na-feira-do-empreendedor-sebrae\/","title":{"rendered":"Equatorial Maranh\u00e3o promove a\u00e7\u00f5es de reciclagem e troca de l\u00e2mpadas na Feira do Empreendedor Sebrae"},"content":{"rendered":"\n<p><em><strong><span class=\"has-inline-color has-vivid-red-color\">Pontos de coleta seletiva ficar\u00e3o distribu\u00eddos por todo o evento<\/span><\/strong><\/em><\/p>\n\n\n\n<div class=\"wp-block-image\"><figure class=\"aligncenter size-large\"><a href=\"https:\/\/www.blogsoestado.com\/danielmatos\/files\/2022\/04\/Screenshot_20220401-0136202.png\"><img decoding=\"async\" src=\"https:\/\/www.blogsoestado.com\/danielmatos\/files\/2022\/04\/Screenshot_20220401-0136202.png\" alt=\"\" class=\"wp-image-95732\"\/><\/a><figcaption>Consumidora troca l\u00e2mpadas em posto montado pela concession\u00e1ria de energia no Multicenter Sebrae <\/figcaption><\/figure><\/div>\n\n\n\n<p>Como forma de fomentar a sustentabilidade e estimular a coleta seletiva, a\u00a0<strong>Equatorial Maranh\u00e3o<\/strong>\u00a0disponibilizou um espa\u00e7o na\u00a0<strong>Feira do Empreendedor Sebrae<\/strong>\u00a0dedicado a incentivar a participa\u00e7\u00e3o dos visitantes no Projeto E+ Reciclagem.<\/p>\n\n\n\n<p>Al\u00e9m do\u00a0<em>stand<\/em>\u00a0do projeto, por todo o espa\u00e7o do evento estar\u00e3o espalhados coletores onde os participantes poder\u00e3o descartar latinhas, pl\u00e1sticos, pap\u00e9is, dentre outros materiais, que ser\u00e3o posteriormente pesados e revertidos em desconto na conta de luz a uma institui\u00e7\u00e3o filantr\u00f3pica, definida pelo Sebrae. No local tamb\u00e9m acontecer\u00e1 troca de l\u00e2mpadas, mas para isso os clientes devemlevar at\u00e9 5 l\u00e2mpadas incandescentes ou fluorescentes para poder trocar gratuitamente por LED.<\/p>\n\n\n\n<div class=\"wp-block-image\"><figure class=\"aligncenter size-large\"><a href=\"https:\/\/www.blogsoestado.com\/danielmatos\/files\/2022\/04\/Screenshot_20220401-0136412.png\"><img decoding=\"async\" src=\"https:\/\/www.blogsoestado.com\/danielmatos\/files\/2022\/04\/Screenshot_20220401-0136412.png\" alt=\"\" class=\"wp-image-95733\"\/><\/a><figcaption>Colaborador da Equatorial Maranh\u00e3o exibe l\u00e2mpada dispon\u00edvel para troca na Feira do Empreendedor<\/figcaption><\/figure><\/div>\n\n\n\n<p>O projeto E+ Reciclagem, que faz parte do Programa de Efici\u00eancia Energ\u00e9tica da Equatorial Energia, atua h\u00e1 mais de 10 anos no Maranh\u00e3o em prol da diminui\u00e7\u00e3o dos impactos causados pelos res\u00edduos s\u00f3lidos expostos ao meio ambiente, promovendo a\u00e7\u00f5es voltadas para difundir a cultura da coleta seletiva, conscientiza\u00e7\u00e3o e preserva\u00e7\u00e3o ambiental. Dessa forma, a Feira do Empreendedor, que tamb\u00e9m tem como um dos focos principais o desenvolvimento sustent\u00e1vel, \u00e9 o momento ideal para promover tal a\u00e7\u00e3o de responsabilidade socioambiental da empresa, tendo a reciclagem como um elemento essencial no cotidiano.<\/p>\n\n\n\n<div class=\"wp-block-image\"><figure class=\"aligncenter size-large\"><a href=\"https:\/\/www.blogsoestado.com\/danielmatos\/files\/2022\/04\/Screenshot_20220401-0135582.png\"><img decoding=\"async\" src=\"https:\/\/www.blogsoestado.com\/danielmatos\/files\/2022\/04\/Screenshot_20220401-0135582.png\" alt=\"\" class=\"wp-image-95734\"\/><\/a><figcaption>Pontos de coleta seletiva foram distribu\u00eddos pela Equatorial Maranh\u00e3o em todos os pontos da feira<\/figcaption><\/figure><\/div>\n\n\n\n<p>Agora al\u00e9m dos pontos de coleta fixos e itinerantes que funcionam diariamente, \u00e9 poss\u00edvel fazer parte do E+ Reciclagem durante os 4 dias da Feira do Empreendedor 2022.&nbsp; A feira acontece no per\u00edodo de 31 de mar\u00e7o a 03 de abril, no complexo Multicenter Neg\u00f3cios e Eventos, em S\u00e3o Lu\u00eds, com apoio da Equatorial. O evento \u00e9 gratuito e as inscri\u00e7\u00f5es continuam abertas no site (<a href=\"http:\/\/feiradoempreendedor.sebraema.com\/\" target=\"_blank\" rel=\"noreferrer noopener\">feiradoempreendedor.sebraema.com<\/a>), no Menu Quero Participar, na Aba Quero Participar.<\/p>\n","protected":false},"excerpt":{"rendered":"<p>Pontos de coleta seletiva ficar\u00e3o distribu\u00eddos por todo o evento Como forma de fomentar a sustentabilidade e estimular a coleta [&hellip;]<\/p>\n","protected":false},"author":0,"featured_media":0,"comment_status":"open","ping_status":"open","sticky":false,"template":"","format":"standard","meta":{"site-sidebar-layout":"default","site-content-layout":"","ast-site-content-layout":"default","site-content-style":"default","site-sidebar-style":"default","ast-global-header-display":"","ast-banner-title-visibility":"","ast-main-header-display":"","ast-hfb-above-header-display":"","ast-hfb-below-header-display":"","ast-hfb-mobile-header-display":"","site-post-title":"","ast-breadcrumbs-content":"","ast-featured-img":"","footer-sml-layout":"","ast-disable-related-posts":"","theme-transparent-header-meta":"","adv-header-id-meta":"","stick-header-meta":"","header-above-stick-meta":"","header-main-stick-meta":"","header-below-stick-meta":"","astra-migrate-meta-layouts":"default","ast-page-background-enabled":"default","ast-page-background-meta":{"desktop":{"background-color":"var(--ast-global-color-5)","background-image":"","background-repeat":"repeat","background-position":"center center","background-size":"auto","background-attachment":"scroll","background-type":"","background-media":"","overlay-type":"","overlay-color":"","overlay-opacity":"","overlay-gradient":""},"tablet":{"background-color":"","background-image":"","background-repeat":"repeat","background-position":"center center","background-size":"auto","background-attachment":"scroll","background-type":"","background-media":"","overlay-type":"","overlay-color":"","overlay-opacity":"","overlay-gradient":""},"mobile":{"background-color":"","background-image":"","background-repeat":"repeat","background-position":"center center","background-size":"auto","background-attachment":"scroll","background-type":"","background-media":"","overlay-type":"","overlay-color":"","overlay-opacity":"","overlay-gradient":""}},"ast-content-background-meta":{"desktop":{"background-color":"var(--ast-global-color-4)","background-image":"","background-repeat":"repeat","background-position":"center center","background-size":"auto","background-attachment":"scroll","background-type":"","background-media":"","overlay-type":"","overlay-color":"","overlay-opacity":"","overlay-gradient":""},"tablet":{"background-color":"var(--ast-global-color-4)","background-image":"","background-repeat":"repeat","background-position":"center center","background-size":"auto","background-attachment":"scroll","background-type":"","background-media":"","overlay-type":"","overlay-color":"","overlay-opacity":"","overlay-gradient":""},"mobile":{"background-color":"var(--ast-global-color-4)","background-image":"","background-repeat":"repeat","background-position":"center center","background-size":"auto","background-attachment":"scroll","background-type":"","background-media":"","overlay-type":"","overlay-color":"","overlay-opacity":"","overlay-gradient":""}},"footnotes":""},"categories":[1],"tags":[],"class_list":["post-95731","post","type-post","status-publish","format-standard","hentry","category-sem-categoria"],"yoast_head":"<!-- This site is optimized with the Yoast SEO plugin v26.6 - https:\/\/yoast.com\/wordpress\/plugins\/seo\/ -->\n<title>Equatorial Maranh\u00e3o promove a\u00e7\u00f5es de reciclagem e troca de l\u00e2mpadas na Feira do Empreendedor Sebrae - Daniel Matos<\/title>\n<meta name=\"robots\" content=\"index, follow, max-snippet:-1, max-image-preview:large, max-video-preview:-1\" \/>\n<link rel=\"canonical\" href=\"https:\/\/www.blogsoestado.com\/danielmatos\/equatorial-maranhao-promove-acoes-de-reciclagem-e-troca-de-lampadas-na-feira-do-empreendedor-sebrae\/\" \/>\n<meta property=\"og:locale\" content=\"pt_BR\" \/>\n<meta property=\"og:type\" content=\"article\" \/>\n<meta property=\"og:title\" content=\"Equatorial Maranh\u00e3o promove a\u00e7\u00f5es de reciclagem e troca de l\u00e2mpadas na Feira do Empreendedor Sebrae - Daniel Matos\" \/>\n<meta property=\"og:description\" content=\"Pontos de coleta seletiva ficar\u00e3o distribu\u00eddos por todo o evento Como forma de fomentar a sustentabilidade e estimular a coleta [&hellip;]\" \/>\n<meta property=\"og:url\" content=\"https:\/\/www.blogsoestado.com\/danielmatos\/equatorial-maranhao-promove-acoes-de-reciclagem-e-troca-de-lampadas-na-feira-do-empreendedor-sebrae\/\" \/>\n<meta property=\"og:site_name\" content=\"Daniel Matos\" \/>\n<meta property=\"article:published_time\" content=\"2022-04-01T10:00:00+00:00\" \/>\n<meta property=\"og:image\" content=\"https:\/\/www.blogsoestado.com\/danielmatos\/files\/2022\/04\/Screenshot_20220401-0136202.png\" \/>\n<meta name=\"twitter:card\" content=\"summary_large_image\" \/>\n<meta name=\"twitter:label1\" content=\"Est. tempo de leitura\" \/>\n\t<meta name=\"twitter:data1\" content=\"2 minutos\" \/>\n<script type=\"application\/ld+json\" class=\"yoast-schema-graph\">{\"@context\":\"https:\/\/schema.org\",\"@graph\":[{\"@type\":\"WebPage\",\"@id\":\"https:\/\/www.blogsoestado.com\/danielmatos\/equatorial-maranhao-promove-acoes-de-reciclagem-e-troca-de-lampadas-na-feira-do-empreendedor-sebrae\/\",\"url\":\"https:\/\/www.blogsoestado.com\/danielmatos\/equatorial-maranhao-promove-acoes-de-reciclagem-e-troca-de-lampadas-na-feira-do-empreendedor-sebrae\/\",\"name\":\"Equatorial Maranh\u00e3o promove a\u00e7\u00f5es de reciclagem e troca de l\u00e2mpadas na Feira do Empreendedor Sebrae - Daniel Matos\",\"isPartOf\":{\"@id\":\"https:\/\/www.blogsoestado.com\/danielmatos\/#website\"},\"primaryImageOfPage\":{\"@id\":\"https:\/\/www.blogsoestado.com\/danielmatos\/equatorial-maranhao-promove-acoes-de-reciclagem-e-troca-de-lampadas-na-feira-do-empreendedor-sebrae\/#primaryimage\"},\"image\":{\"@id\":\"https:\/\/www.blogsoestado.com\/danielmatos\/equatorial-maranhao-promove-acoes-de-reciclagem-e-troca-de-lampadas-na-feira-do-empreendedor-sebrae\/#primaryimage\"},\"thumbnailUrl\":\"https:\/\/www.blogsoestado.com\/danielmatos\/files\/2022\/04\/Screenshot_20220401-0136202.png\",\"datePublished\":\"2022-04-01T10:00:00+00:00\",\"author\":{\"@id\":\"\"},\"breadcrumb\":{\"@id\":\"https:\/\/www.blogsoestado.com\/danielmatos\/equatorial-maranhao-promove-acoes-de-reciclagem-e-troca-de-lampadas-na-feira-do-empreendedor-sebrae\/#breadcrumb\"},\"inLanguage\":\"pt-BR\",\"potentialAction\":[{\"@type\":\"ReadAction\",\"target\":[\"https:\/\/www.blogsoestado.com\/danielmatos\/equatorial-maranhao-promove-acoes-de-reciclagem-e-troca-de-lampadas-na-feira-do-empreendedor-sebrae\/\"]}]},{\"@type\":\"ImageObject\",\"inLanguage\":\"pt-BR\",\"@id\":\"https:\/\/www.blogsoestado.com\/danielmatos\/equatorial-maranhao-promove-acoes-de-reciclagem-e-troca-de-lampadas-na-feira-do-empreendedor-sebrae\/#primaryimage\",\"url\":\"https:\/\/www.blogsoestado.com\/danielmatos\/files\/2022\/04\/Screenshot_20220401-0136202.png\",\"contentUrl\":\"https:\/\/www.blogsoestado.com\/danielmatos\/files\/2022\/04\/Screenshot_20220401-0136202.png\"},{\"@type\":\"BreadcrumbList\",\"@id\":\"https:\/\/www.blogsoestado.com\/danielmatos\/equatorial-maranhao-promove-acoes-de-reciclagem-e-troca-de-lampadas-na-feira-do-empreendedor-sebrae\/#breadcrumb\",\"itemListElement\":[{\"@type\":\"ListItem\",\"position\":1,\"name\":\"In\u00edcio\",\"item\":\"https:\/\/www.blogsoestado.com\/danielmatos\/\"},{\"@type\":\"ListItem\",\"position\":2,\"name\":\"Equatorial Maranh\u00e3o promove a\u00e7\u00f5es de reciclagem e troca de l\u00e2mpadas na Feira do Empreendedor Sebrae\"}]},{\"@type\":\"WebSite\",\"@id\":\"https:\/\/www.blogsoestado.com\/danielmatos\/#website\",\"url\":\"https:\/\/www.blogsoestado.com\/danielmatos\/\",\"name\":\"Daniel Matos\",\"description\":\"\",\"potentialAction\":[{\"@type\":\"SearchAction\",\"target\":{\"@type\":\"EntryPoint\",\"urlTemplate\":\"https:\/\/www.blogsoestado.com\/danielmatos\/?s={search_term_string}\"},\"query-input\":{\"@type\":\"PropertyValueSpecification\",\"valueRequired\":true,\"valueName\":\"search_term_string\"}}],\"inLanguage\":\"pt-BR\"}]}<\/script>\n<!-- \/ Yoast SEO plugin. -->","yoast_head_json":{"title":"Equatorial Maranh\u00e3o promove a\u00e7\u00f5es de reciclagem e troca de l\u00e2mpadas na Feira do Empreendedor Sebrae - Daniel Matos","robots":{"index":"index","follow":"follow","max-snippet":"max-snippet:-1","max-image-preview":"max-image-preview:large","max-video-preview":"max-video-preview:-1"},"canonical":"https:\/\/www.blogsoestado.com\/danielmatos\/equatorial-maranhao-promove-acoes-de-reciclagem-e-troca-de-lampadas-na-feira-do-empreendedor-sebrae\/","og_locale":"pt_BR","og_type":"article","og_title":"Equatorial Maranh\u00e3o promove a\u00e7\u00f5es de reciclagem e troca de l\u00e2mpadas na Feira do Empreendedor Sebrae - Daniel Matos","og_description":"Pontos de coleta seletiva ficar\u00e3o distribu\u00eddos por todo o evento Como forma de fomentar a sustentabilidade e estimular a coleta [&hellip;]","og_url":"https:\/\/www.blogsoestado.com\/danielmatos\/equatorial-maranhao-promove-acoes-de-reciclagem-e-troca-de-lampadas-na-feira-do-empreendedor-sebrae\/","og_site_name":"Daniel Matos","article_published_time":"2022-04-01T10:00:00+00:00","og_image":[{"url":"https:\/\/www.blogsoestado.com\/danielmatos\/files\/2022\/04\/Screenshot_20220401-0136202.png","type":"","width":"","height":""}],"twitter_card":"summary_large_image","twitter_misc":{"Est. tempo de leitura":"2 minutos"},"schema":{"@context":"https:\/\/schema.org","@graph":[{"@type":"WebPage","@id":"https:\/\/www.blogsoestado.com\/danielmatos\/equatorial-maranhao-promove-acoes-de-reciclagem-e-troca-de-lampadas-na-feira-do-empreendedor-sebrae\/","url":"https:\/\/www.blogsoestado.com\/danielmatos\/equatorial-maranhao-promove-acoes-de-reciclagem-e-troca-de-lampadas-na-feira-do-empreendedor-sebrae\/","name":"Equatorial Maranh\u00e3o promove a\u00e7\u00f5es de reciclagem e troca de l\u00e2mpadas na Feira do Empreendedor Sebrae - Daniel Matos","isPartOf":{"@id":"https:\/\/www.blogsoestado.com\/danielmatos\/#website"},"primaryImageOfPage":{"@id":"https:\/\/www.blogsoestado.com\/danielmatos\/equatorial-maranhao-promove-acoes-de-reciclagem-e-troca-de-lampadas-na-feira-do-empreendedor-sebrae\/#primaryimage"},"image":{"@id":"https:\/\/www.blogsoestado.com\/danielmatos\/equatorial-maranhao-promove-acoes-de-reciclagem-e-troca-de-lampadas-na-feira-do-empreendedor-sebrae\/#primaryimage"},"thumbnailUrl":"https:\/\/www.blogsoestado.com\/danielmatos\/files\/2022\/04\/Screenshot_20220401-0136202.png","datePublished":"2022-04-01T10:00:00+00:00","author":{"@id":""},"breadcrumb":{"@id":"https:\/\/www.blogsoestado.com\/danielmatos\/equatorial-maranhao-promove-acoes-de-reciclagem-e-troca-de-lampadas-na-feira-do-empreendedor-sebrae\/#breadcrumb"},"inLanguage":"pt-BR","potentialAction":[{"@type":"ReadAction","target":["https:\/\/www.blogsoestado.com\/danielmatos\/equatorial-maranhao-promove-acoes-de-reciclagem-e-troca-de-lampadas-na-feira-do-empreendedor-sebrae\/"]}]},{"@type":"ImageObject","inLanguage":"pt-BR","@id":"https:\/\/www.blogsoestado.com\/danielmatos\/equatorial-maranhao-promove-acoes-de-reciclagem-e-troca-de-lampadas-na-feira-do-empreendedor-sebrae\/#primaryimage","url":"https:\/\/www.blogsoestado.com\/danielmatos\/files\/2022\/04\/Screenshot_20220401-0136202.png","contentUrl":"https:\/\/www.blogsoestado.com\/danielmatos\/files\/2022\/04\/Screenshot_20220401-0136202.png"},{"@type":"BreadcrumbList","@id":"https:\/\/www.blogsoestado.com\/danielmatos\/equatorial-maranhao-promove-acoes-de-reciclagem-e-troca-de-lampadas-na-feira-do-empreendedor-sebrae\/#breadcrumb","itemListElement":[{"@type":"ListItem","position":1,"name":"In\u00edcio","item":"https:\/\/www.blogsoestado.com\/danielmatos\/"},{"@type":"ListItem","position":2,"name":"Equatorial Maranh\u00e3o promove a\u00e7\u00f5es de reciclagem e troca de l\u00e2mpadas na Feira do Empreendedor Sebrae"}]},{"@type":"WebSite","@id":"https:\/\/www.blogsoestado.com\/danielmatos\/#website","url":"https:\/\/www.blogsoestado.com\/danielmatos\/","name":"Daniel Matos","description":"","potentialAction":[{"@type":"SearchAction","target":{"@type":"EntryPoint","urlTemplate":"https:\/\/www.blogsoestado.com\/danielmatos\/?s={search_term_string}"},"query-input":{"@type":"PropertyValueSpecification","valueRequired":true,"valueName":"search_term_string"}}],"inLanguage":"pt-BR"}]}},"jetpack_featured_media_url":"","_links":{"self":[{"href":"https:\/\/www.blogsoestado.com\/danielmatos\/wp-json\/wp\/v2\/posts\/95731","targetHints":{"allow":["GET"]}}],"collection":[{"href":"https:\/\/www.blogsoestado.com\/danielmatos\/wp-json\/wp\/v2\/posts"}],"about":[{"href":"https:\/\/www.blogsoestado.com\/danielmatos\/wp-json\/wp\/v2\/types\/post"}],"replies":[{"embeddable":true,"href":"https:\/\/www.blogsoestado.com\/danielmatos\/wp-json\/wp\/v2\/comments?post=95731"}],"version-history":[{"count":0,"href":"https:\/\/www.blogsoestado.com\/danielmatos\/wp-json\/wp\/v2\/posts\/95731\/revisions"}],"wp:attachment":[{"href":"https:\/\/www.blogsoestado.com\/danielmatos\/wp-json\/wp\/v2\/media?parent=95731"}],"wp:term":[{"taxonomy":"category","embeddable":true,"href":"https:\/\/www.blogsoestado.com\/danielmatos\/wp-json\/wp\/v2\/categories?post=95731"},{"taxonomy":"post_tag","embeddable":true,"href":"https:\/\/www.blogsoestado.com\/danielmatos\/wp-json\/wp\/v2\/tags?post=95731"}],"curies":[{"name":"wp","href":"https:\/\/api.w.org\/{rel}","templated":true}]}}