{"id":95739,"date":"2022-04-01T10:24:04","date_gmt":"2022-04-01T13:24:04","guid":{"rendered":"https:\/\/www.blogsoestado.com\/danielmatos\/?p=95739"},"modified":"2022-04-01T10:24:04","modified_gmt":"2022-04-01T13:24:04","slug":"othelino-acompanha-oficializacao-de-ana-paula-como-primeira-suplente-na-pre-candidatura-de-flavio-dino-ao-senado","status":"publish","type":"post","link":"https:\/\/www.blogsoestado.com\/danielmatos\/othelino-acompanha-oficializacao-de-ana-paula-como-primeira-suplente-na-pre-candidatura-de-flavio-dino-ao-senado\/","title":{"rendered":"Othelino acompanha oficializa\u00e7\u00e3o de Ana Paula como primeira suplente na pr\u00e9-candidatura de Fl\u00e1vio Dino ao Senado"},"content":{"rendered":"\n<div class=\"wp-block-image\"><figure class=\"aligncenter size-large\"><a href=\"https:\/\/www.blogsoestado.com\/danielmatos\/files\/2022\/04\/Screenshot_20220401-1015222.png\"><img decoding=\"async\" src=\"https:\/\/www.blogsoestado.com\/danielmatos\/files\/2022\/04\/Screenshot_20220401-1015222.png\" alt=\"\" class=\"wp-image-95740\"\/><\/a><figcaption>Fl\u00e1vio Dino sela alian\u00e7a com Ana Paula Lobato para que a vice-prefeita de Pinheiro seja a primeira suplente em sua chapa na elei\u00e7\u00e3o ao Senado<\/figcaption><\/figure><\/div>\n\n\n\n<p>O presidente da Assembleia Legislativa do Maranh\u00e3o, deputado Othelino Neto (PCdoB), acompanhou, na noite de quinta-feira (31), no Pal\u00e1cio dos Le\u00f5es, a oficializa\u00e7\u00e3o do nome de sua esposa, Ana Paula Lobato, vice-prefeita de Pinheiro, como primeira suplente na pr\u00e9-candidatura do ex-governador Fl\u00e1vio Dino ao Senado Federal, nas elei\u00e7\u00f5es deste ano.<\/p>\n\n\n\n<p>\u201cCertamente, Ana Paula representar\u00e1 bem as mulheres do Maranh\u00e3o e, especialmente, da Baixada. Tenho certeza de que ser\u00e1 uma bela e vitoriosa campanha para que n\u00f3s possamos continuar com esse projeto que vem transformando o Maranh\u00e3o para melhor\u201d, enfatizou Othelino.<\/p>\n\n\n\n<div class=\"wp-block-image\"><figure class=\"aligncenter size-large\"><a href=\"https:\/\/www.blogsoestado.com\/danielmatos\/files\/2022\/04\/Screenshot_20220401-1015502.png\"><img decoding=\"async\" src=\"https:\/\/www.blogsoestado.com\/danielmatos\/files\/2022\/04\/Screenshot_20220401-1015502.png\" alt=\"\" class=\"wp-image-95741\"\/><\/a><figcaption>Ana Paula se disse muito feliz e honrada pela confian\u00e7a e reafirmou seu compromisso de caminhar ao lado do grupo em busca de um Maranh\u00e3o cada vez melhor<\/figcaption><\/figure><\/div>\n\n\n\n<p>Al\u00e9m de vice-prefeita do munic\u00edpio de Pinheiro, Ana Paula \u00e9 presidente do Grupo de Esposas de Deputados do Estado do Maranh\u00e3o (Gedema). \u201cEstou muito feliz e honrada pela confian\u00e7a. Afirmo meu compromisso de caminhar ao lado do grupo em busca de um Maranh\u00e3o cada vez melhor\u201d, afirmou ela.<\/p>\n\n\n\n<p>O an\u00fancio do nome de Ana Paula foi oficializado ap\u00f3s Fl\u00e1vio Dino deixar o cargo de governador para disputar a vaga no Senado. Ela deixa o PDT e filia-se ao PSB.<\/p>\n\n\n\n<div class=\"wp-block-image\"><figure class=\"aligncenter size-large\"><a href=\"https:\/\/www.blogsoestado.com\/danielmatos\/files\/2022\/04\/Screenshot_20220401-1016122.png\"><img decoding=\"async\" src=\"https:\/\/www.blogsoestado.com\/danielmatos\/files\/2022\/04\/Screenshot_20220401-1016122.png\" alt=\"\" class=\"wp-image-95742\"\/><\/a><figcaption>Ana Paula Lobato, Fl\u00e1vio Dino e Othelino Neto em gesto que simbolizou o fortalecimento da alian\u00e7a pol\u00edtica<\/figcaption><\/figure><\/div>\n\n\n\n<p>Vale ressaltar que a vice-prefeita n\u00e3o precisar\u00e1 renunciar ao cargo para disputar a elei\u00e7\u00e3o. S\u00f3 ter\u00e1 que renunciar caso assuma a vaga de senadora.<\/p>\n\n\n\n<p>O secret\u00e1rio das Cidades e Desenvolvimento Urbano (Secid) e presidente estadual do PCdoB, M\u00e1rcio Jerry, tamb\u00e9m participou da reuni\u00e3o.<\/p>\n","protected":false},"excerpt":{"rendered":"<p>O presidente da Assembleia Legislativa do Maranh\u00e3o, deputado Othelino Neto (PCdoB), acompanhou, na noite de quinta-feira (31), no Pal\u00e1cio dos [&hellip;]<\/p>\n","protected":false},"author":0,"featured_media":0,"comment_status":"open","ping_status":"open","sticky":false,"template":"","format":"standard","meta":{"site-sidebar-layout":"default","site-content-layout":"","ast-site-content-layout":"default","site-content-style":"default","site-sidebar-style":"default","ast-global-header-display":"","ast-banner-title-visibility":"","ast-main-header-display":"","ast-hfb-above-header-display":"","ast-hfb-below-header-display":"","ast-hfb-mobile-header-display":"","site-post-title":"","ast-breadcrumbs-content":"","ast-featured-img":"","footer-sml-layout":"","ast-disable-related-posts":"","theme-transparent-header-meta":"","adv-header-id-meta":"","stick-header-meta":"","header-above-stick-meta":"","header-main-stick-meta":"","header-below-stick-meta":"","astra-migrate-meta-layouts":"default","ast-page-background-enabled":"default","ast-page-background-meta":{"desktop":{"background-color":"var(--ast-global-color-5)","background-image":"","background-repeat":"repeat","background-position":"center center","background-size":"auto","background-attachment":"scroll","background-type":"","background-media":"","overlay-type":"","overlay-color":"","overlay-opacity":"","overlay-gradient":""},"tablet":{"background-color":"","background-image":"","background-repeat":"repeat","background-position":"center center","background-size":"auto","background-attachment":"scroll","background-type":"","background-media":"","overlay-type":"","overlay-color":"","overlay-opacity":"","overlay-gradient":""},"mobile":{"background-color":"","background-image":"","background-repeat":"repeat","background-position":"center center","background-size":"auto","background-attachment":"scroll","background-type":"","background-media":"","overlay-type":"","overlay-color":"","overlay-opacity":"","overlay-gradient":""}},"ast-content-background-meta":{"desktop":{"background-color":"var(--ast-global-color-4)","background-image":"","background-repeat":"repeat","background-position":"center center","background-size":"auto","background-attachment":"scroll","background-type":"","background-media":"","overlay-type":"","overlay-color":"","overlay-opacity":"","overlay-gradient":""},"tablet":{"background-color":"var(--ast-global-color-4)","background-image":"","background-repeat":"repeat","background-position":"center center","background-size":"auto","background-attachment":"scroll","background-type":"","background-media":"","overlay-type":"","overlay-color":"","overlay-opacity":"","overlay-gradient":""},"mobile":{"background-color":"var(--ast-global-color-4)","background-image":"","background-repeat":"repeat","background-position":"center center","background-size":"auto","background-attachment":"scroll","background-type":"","background-media":"","overlay-type":"","overlay-color":"","overlay-opacity":"","overlay-gradient":""}},"footnotes":""},"categories":[1],"tags":[],"class_list":["post-95739","post","type-post","status-publish","format-standard","hentry","category-sem-categoria"],"yoast_head":"<!-- This site is optimized with the Yoast SEO plugin v26.6 - https:\/\/yoast.com\/wordpress\/plugins\/seo\/ -->\n<title>Othelino acompanha oficializa\u00e7\u00e3o de Ana Paula como primeira suplente na pr\u00e9-candidatura de Fl\u00e1vio Dino ao Senado - Daniel Matos<\/title>\n<meta name=\"robots\" content=\"index, follow, max-snippet:-1, max-image-preview:large, max-video-preview:-1\" \/>\n<link rel=\"canonical\" href=\"https:\/\/www.blogsoestado.com\/danielmatos\/othelino-acompanha-oficializacao-de-ana-paula-como-primeira-suplente-na-pre-candidatura-de-flavio-dino-ao-senado\/\" \/>\n<meta property=\"og:locale\" content=\"pt_BR\" \/>\n<meta property=\"og:type\" content=\"article\" \/>\n<meta property=\"og:title\" content=\"Othelino acompanha oficializa\u00e7\u00e3o de Ana Paula como primeira suplente na pr\u00e9-candidatura de Fl\u00e1vio Dino ao Senado - Daniel Matos\" \/>\n<meta property=\"og:description\" content=\"O presidente da Assembleia Legislativa do Maranh\u00e3o, deputado Othelino Neto (PCdoB), acompanhou, na noite de quinta-feira (31), no Pal\u00e1cio dos [&hellip;]\" \/>\n<meta property=\"og:url\" content=\"https:\/\/www.blogsoestado.com\/danielmatos\/othelino-acompanha-oficializacao-de-ana-paula-como-primeira-suplente-na-pre-candidatura-de-flavio-dino-ao-senado\/\" \/>\n<meta property=\"og:site_name\" content=\"Daniel Matos\" \/>\n<meta property=\"article:published_time\" content=\"2022-04-01T13:24:04+00:00\" \/>\n<meta property=\"og:image\" content=\"https:\/\/www.blogsoestado.com\/danielmatos\/files\/2022\/04\/Screenshot_20220401-1015222.png\" \/>\n<meta name=\"twitter:card\" content=\"summary_large_image\" \/>\n<meta name=\"twitter:label1\" content=\"Est. tempo de leitura\" \/>\n\t<meta name=\"twitter:data1\" content=\"2 minutos\" \/>\n<script type=\"application\/ld+json\" class=\"yoast-schema-graph\">{\"@context\":\"https:\/\/schema.org\",\"@graph\":[{\"@type\":\"WebPage\",\"@id\":\"https:\/\/www.blogsoestado.com\/danielmatos\/othelino-acompanha-oficializacao-de-ana-paula-como-primeira-suplente-na-pre-candidatura-de-flavio-dino-ao-senado\/\",\"url\":\"https:\/\/www.blogsoestado.com\/danielmatos\/othelino-acompanha-oficializacao-de-ana-paula-como-primeira-suplente-na-pre-candidatura-de-flavio-dino-ao-senado\/\",\"name\":\"Othelino acompanha oficializa\u00e7\u00e3o de Ana Paula como primeira suplente na pr\u00e9-candidatura de Fl\u00e1vio Dino ao Senado - Daniel Matos\",\"isPartOf\":{\"@id\":\"https:\/\/www.blogsoestado.com\/danielmatos\/#website\"},\"primaryImageOfPage\":{\"@id\":\"https:\/\/www.blogsoestado.com\/danielmatos\/othelino-acompanha-oficializacao-de-ana-paula-como-primeira-suplente-na-pre-candidatura-de-flavio-dino-ao-senado\/#primaryimage\"},\"image\":{\"@id\":\"https:\/\/www.blogsoestado.com\/danielmatos\/othelino-acompanha-oficializacao-de-ana-paula-como-primeira-suplente-na-pre-candidatura-de-flavio-dino-ao-senado\/#primaryimage\"},\"thumbnailUrl\":\"https:\/\/www.blogsoestado.com\/danielmatos\/files\/2022\/04\/Screenshot_20220401-1015222.png\",\"datePublished\":\"2022-04-01T13:24:04+00:00\",\"author\":{\"@id\":\"\"},\"breadcrumb\":{\"@id\":\"https:\/\/www.blogsoestado.com\/danielmatos\/othelino-acompanha-oficializacao-de-ana-paula-como-primeira-suplente-na-pre-candidatura-de-flavio-dino-ao-senado\/#breadcrumb\"},\"inLanguage\":\"pt-BR\",\"potentialAction\":[{\"@type\":\"ReadAction\",\"target\":[\"https:\/\/www.blogsoestado.com\/danielmatos\/othelino-acompanha-oficializacao-de-ana-paula-como-primeira-suplente-na-pre-candidatura-de-flavio-dino-ao-senado\/\"]}]},{\"@type\":\"ImageObject\",\"inLanguage\":\"pt-BR\",\"@id\":\"https:\/\/www.blogsoestado.com\/danielmatos\/othelino-acompanha-oficializacao-de-ana-paula-como-primeira-suplente-na-pre-candidatura-de-flavio-dino-ao-senado\/#primaryimage\",\"url\":\"https:\/\/www.blogsoestado.com\/danielmatos\/files\/2022\/04\/Screenshot_20220401-1015222.png\",\"contentUrl\":\"https:\/\/www.blogsoestado.com\/danielmatos\/files\/2022\/04\/Screenshot_20220401-1015222.png\"},{\"@type\":\"BreadcrumbList\",\"@id\":\"https:\/\/www.blogsoestado.com\/danielmatos\/othelino-acompanha-oficializacao-de-ana-paula-como-primeira-suplente-na-pre-candidatura-de-flavio-dino-ao-senado\/#breadcrumb\",\"itemListElement\":[{\"@type\":\"ListItem\",\"position\":1,\"name\":\"In\u00edcio\",\"item\":\"https:\/\/www.blogsoestado.com\/danielmatos\/\"},{\"@type\":\"ListItem\",\"position\":2,\"name\":\"Othelino acompanha oficializa\u00e7\u00e3o de Ana Paula como primeira suplente na pr\u00e9-candidatura de Fl\u00e1vio Dino ao Senado\"}]},{\"@type\":\"WebSite\",\"@id\":\"https:\/\/www.blogsoestado.com\/danielmatos\/#website\",\"url\":\"https:\/\/www.blogsoestado.com\/danielmatos\/\",\"name\":\"Daniel Matos\",\"description\":\"\",\"potentialAction\":[{\"@type\":\"SearchAction\",\"target\":{\"@type\":\"EntryPoint\",\"urlTemplate\":\"https:\/\/www.blogsoestado.com\/danielmatos\/?s={search_term_string}\"},\"query-input\":{\"@type\":\"PropertyValueSpecification\",\"valueRequired\":true,\"valueName\":\"search_term_string\"}}],\"inLanguage\":\"pt-BR\"}]}<\/script>\n<!-- \/ Yoast SEO plugin. -->","yoast_head_json":{"title":"Othelino acompanha oficializa\u00e7\u00e3o de Ana Paula como primeira suplente na pr\u00e9-candidatura de Fl\u00e1vio Dino ao Senado - Daniel Matos","robots":{"index":"index","follow":"follow","max-snippet":"max-snippet:-1","max-image-preview":"max-image-preview:large","max-video-preview":"max-video-preview:-1"},"canonical":"https:\/\/www.blogsoestado.com\/danielmatos\/othelino-acompanha-oficializacao-de-ana-paula-como-primeira-suplente-na-pre-candidatura-de-flavio-dino-ao-senado\/","og_locale":"pt_BR","og_type":"article","og_title":"Othelino acompanha oficializa\u00e7\u00e3o de Ana Paula como primeira suplente na pr\u00e9-candidatura de Fl\u00e1vio Dino ao Senado - Daniel Matos","og_description":"O presidente da Assembleia Legislativa do Maranh\u00e3o, deputado Othelino Neto (PCdoB), acompanhou, na noite de quinta-feira (31), no Pal\u00e1cio dos [&hellip;]","og_url":"https:\/\/www.blogsoestado.com\/danielmatos\/othelino-acompanha-oficializacao-de-ana-paula-como-primeira-suplente-na-pre-candidatura-de-flavio-dino-ao-senado\/","og_site_name":"Daniel Matos","article_published_time":"2022-04-01T13:24:04+00:00","og_image":[{"url":"https:\/\/www.blogsoestado.com\/danielmatos\/files\/2022\/04\/Screenshot_20220401-1015222.png","type":"","width":"","height":""}],"twitter_card":"summary_large_image","twitter_misc":{"Est. tempo de leitura":"2 minutos"},"schema":{"@context":"https:\/\/schema.org","@graph":[{"@type":"WebPage","@id":"https:\/\/www.blogsoestado.com\/danielmatos\/othelino-acompanha-oficializacao-de-ana-paula-como-primeira-suplente-na-pre-candidatura-de-flavio-dino-ao-senado\/","url":"https:\/\/www.blogsoestado.com\/danielmatos\/othelino-acompanha-oficializacao-de-ana-paula-como-primeira-suplente-na-pre-candidatura-de-flavio-dino-ao-senado\/","name":"Othelino acompanha oficializa\u00e7\u00e3o de Ana Paula como primeira suplente na pr\u00e9-candidatura de Fl\u00e1vio Dino ao Senado - Daniel Matos","isPartOf":{"@id":"https:\/\/www.blogsoestado.com\/danielmatos\/#website"},"primaryImageOfPage":{"@id":"https:\/\/www.blogsoestado.com\/danielmatos\/othelino-acompanha-oficializacao-de-ana-paula-como-primeira-suplente-na-pre-candidatura-de-flavio-dino-ao-senado\/#primaryimage"},"image":{"@id":"https:\/\/www.blogsoestado.com\/danielmatos\/othelino-acompanha-oficializacao-de-ana-paula-como-primeira-suplente-na-pre-candidatura-de-flavio-dino-ao-senado\/#primaryimage"},"thumbnailUrl":"https:\/\/www.blogsoestado.com\/danielmatos\/files\/2022\/04\/Screenshot_20220401-1015222.png","datePublished":"2022-04-01T13:24:04+00:00","author":{"@id":""},"breadcrumb":{"@id":"https:\/\/www.blogsoestado.com\/danielmatos\/othelino-acompanha-oficializacao-de-ana-paula-como-primeira-suplente-na-pre-candidatura-de-flavio-dino-ao-senado\/#breadcrumb"},"inLanguage":"pt-BR","potentialAction":[{"@type":"ReadAction","target":["https:\/\/www.blogsoestado.com\/danielmatos\/othelino-acompanha-oficializacao-de-ana-paula-como-primeira-suplente-na-pre-candidatura-de-flavio-dino-ao-senado\/"]}]},{"@type":"ImageObject","inLanguage":"pt-BR","@id":"https:\/\/www.blogsoestado.com\/danielmatos\/othelino-acompanha-oficializacao-de-ana-paula-como-primeira-suplente-na-pre-candidatura-de-flavio-dino-ao-senado\/#primaryimage","url":"https:\/\/www.blogsoestado.com\/danielmatos\/files\/2022\/04\/Screenshot_20220401-1015222.png","contentUrl":"https:\/\/www.blogsoestado.com\/danielmatos\/files\/2022\/04\/Screenshot_20220401-1015222.png"},{"@type":"BreadcrumbList","@id":"https:\/\/www.blogsoestado.com\/danielmatos\/othelino-acompanha-oficializacao-de-ana-paula-como-primeira-suplente-na-pre-candidatura-de-flavio-dino-ao-senado\/#breadcrumb","itemListElement":[{"@type":"ListItem","position":1,"name":"In\u00edcio","item":"https:\/\/www.blogsoestado.com\/danielmatos\/"},{"@type":"ListItem","position":2,"name":"Othelino acompanha oficializa\u00e7\u00e3o de Ana Paula como primeira suplente na pr\u00e9-candidatura de Fl\u00e1vio Dino ao Senado"}]},{"@type":"WebSite","@id":"https:\/\/www.blogsoestado.com\/danielmatos\/#website","url":"https:\/\/www.blogsoestado.com\/danielmatos\/","name":"Daniel Matos","description":"","potentialAction":[{"@type":"SearchAction","target":{"@type":"EntryPoint","urlTemplate":"https:\/\/www.blogsoestado.com\/danielmatos\/?s={search_term_string}"},"query-input":{"@type":"PropertyValueSpecification","valueRequired":true,"valueName":"search_term_string"}}],"inLanguage":"pt-BR"}]}},"jetpack_featured_media_url":"","_links":{"self":[{"href":"https:\/\/www.blogsoestado.com\/danielmatos\/wp-json\/wp\/v2\/posts\/95739","targetHints":{"allow":["GET"]}}],"collection":[{"href":"https:\/\/www.blogsoestado.com\/danielmatos\/wp-json\/wp\/v2\/posts"}],"about":[{"href":"https:\/\/www.blogsoestado.com\/danielmatos\/wp-json\/wp\/v2\/types\/post"}],"replies":[{"embeddable":true,"href":"https:\/\/www.blogsoestado.com\/danielmatos\/wp-json\/wp\/v2\/comments?post=95739"}],"version-history":[{"count":0,"href":"https:\/\/www.blogsoestado.com\/danielmatos\/wp-json\/wp\/v2\/posts\/95739\/revisions"}],"wp:attachment":[{"href":"https:\/\/www.blogsoestado.com\/danielmatos\/wp-json\/wp\/v2\/media?parent=95739"}],"wp:term":[{"taxonomy":"category","embeddable":true,"href":"https:\/\/www.blogsoestado.com\/danielmatos\/wp-json\/wp\/v2\/categories?post=95739"},{"taxonomy":"post_tag","embeddable":true,"href":"https:\/\/www.blogsoestado.com\/danielmatos\/wp-json\/wp\/v2\/tags?post=95739"}],"curies":[{"name":"wp","href":"https:\/\/api.w.org\/{rel}","templated":true}]}}