{"id":95763,"date":"2022-04-01T21:35:49","date_gmt":"2022-04-02T00:35:49","guid":{"rendered":"https:\/\/www.blogsoestado.com\/danielmatos\/?p=95763"},"modified":"2022-04-01T21:35:49","modified_gmt":"2022-04-02T00:35:49","slug":"assembleia-realiza-neste-sabado-sessao-solene-de-posse-do-governador-carlos-brandao","status":"publish","type":"post","link":"https:\/\/www.blogsoestado.com\/danielmatos\/assembleia-realiza-neste-sabado-sessao-solene-de-posse-do-governador-carlos-brandao\/","title":{"rendered":"Assembleia realiza neste s\u00e1bado sess\u00e3o solene de posse do governador Carlos Brand\u00e3o"},"content":{"rendered":"\n<div class=\"wp-block-image\"><figure class=\"aligncenter size-large\"><a href=\"https:\/\/www.blogsoestado.com\/danielmatos\/files\/2022\/04\/Screenshot_20220401-2133252.png\"><img decoding=\"async\" src=\"https:\/\/www.blogsoestado.com\/danielmatos\/files\/2022\/04\/Screenshot_20220401-2133252.png\" alt=\"\" class=\"wp-image-95764\"\/><\/a><figcaption>A cerim\u00f4nia de posse do governador Carlos Brand\u00e3o ser\u00e1 realizada na Assembleia Legislativa do Maranh\u00e3o<\/figcaption><\/figure><\/div>\n\n\n\n<p>A Assembleia Legislativa do Maranh\u00e3o realizar\u00e1, na tarde deste s\u00e1bado (2), a sess\u00e3o solene de posse do vice Carlos Brand\u00e3o (PSB) como governador do Estado. O ato ser\u00e1 comandado pelo presidente da Casa, deputado Othelino Neto (PCdoB), no Plen\u00e1rio Nagib Haickel, com a presen\u00e7a de autoridades.<\/p>\n\n\n\n<p>A programa\u00e7\u00e3o da cerim\u00f4nia de posse ser\u00e1 iniciada com a realiza\u00e7\u00e3o de uma entrevista coletiva de Carlos Brand\u00e3o \u00e0 imprensa, as 16h, no hall de entrada do plen\u00e1rio. Em seguida, \u00e0s 16h30, ter\u00e1 in\u00edcio a sess\u00e3o solene com a composi\u00e7\u00e3o da Mesa dos Trabalhos pelas autoridades constitu\u00eddas dos Poderes do Estado do Maranh\u00e3o.<\/p>\n\n\n\n<p>A solenidade tem prosseguimento com a execu\u00e7\u00e3o do Hino do Maranh\u00e3o e a leitura da Carta Ren\u00fancia do governador Fl\u00e1vio Dino (PSB) pelo 1\u00ba secret\u00e1rio da Mesa Diretora, a deputada Andreia Martins Rezende (DEM).<\/p>\n\n\n\n<p><strong>Juramento e Posse<\/strong><\/p>\n\n\n\n<p>Ap\u00f3s esse ato, o presidente da Assembleia convida&nbsp;Carlos Brand\u00e3o para fazer o juramento, que ser\u00e1 seguido pela assinatura do Termo de Posse pelo novo governador, pelo primeiro secret\u00e1rio da Mesa, Andreia Rezende, e pelo segundo secret\u00e1rio, deputada Cleide Coutinho (PDT).<\/p>\n\n\n\n<p>Ap\u00f3s a posse, o governador Carlos Brand\u00e3o far\u00e1 um pronunciamento. O presidente da Assembleia, Othelino Neto, tamb\u00e9m discursar\u00e1 no ato, encerrando a sess\u00e3o solene.<\/p>\n\n\n\n<p><strong>Cerim\u00f4nia Militar<\/strong><\/p>\n\n\n\n<p>Caso n\u00e3o chova, a programa\u00e7\u00e3o ser\u00e1 finalizada com a realiza\u00e7\u00e3o de uma cerim\u00f4nia militar em homenagem ao governador Carlos Brand\u00e3o, que passar\u00e1 a tropa em revista.<\/p>\n\n\n\n<p><strong>Programa\u00e7\u00e3o:<\/strong><\/p>\n\n\n\n<p>16h &#8211; Entrevista coletiva de Carlos Brand\u00e3o, no hall de entrada do Plen\u00e1rio;<\/p>\n\n\n\n<p>16h30 &#8211; Sess\u00e3o solene de posse do governador Carlos Brand\u00e3o;<\/p>\n\n\n\n<p>&#8211; Execu\u00e7\u00e3o do Hino do Estado do Maranh\u00e3o;<\/p>\n\n\n\n<p>&#8211; Leitura da Carta Ren\u00fancia do governador Fl\u00e1vio Dino pela deputada Andreia Rezende, 1\u00aa secret\u00e1ria da Mesa Diretora;<\/p>\n\n\n\n<p>&#8211; Juramento do governador Carlos Brand\u00e3o;<\/p>\n\n\n\n<p>&#8211; Assinatura do Termo de Posse pelo presidente da Assembleia, deputado Othelino Neto; pelo governador Carlos Brand\u00e3o e pelas deputadas Andreia Rezende, 1\u00aa secret\u00e1ria da Mesa, e Cleide Coutinho, 2\u00aa secret\u00e1ria da Mesa;<\/p>\n\n\n\n<p>&#8211; Pronunciamento do governador Carlos Brand\u00e3o;<\/p>\n\n\n\n<p>&#8211; Encerramento da sess\u00e3o solene com o pronunciamento do presidente da Assembleia, deputado Othelino Neto;<\/p>\n\n\n\n<p>&#8211; Encerramento do evento, com a realiza\u00e7\u00e3o de cerim\u00f4nia militar na \u00e1rea externa.<\/p>\n","protected":false},"excerpt":{"rendered":"<p>A Assembleia Legislativa do Maranh\u00e3o realizar\u00e1, na tarde deste s\u00e1bado (2), a sess\u00e3o solene de posse do vice Carlos Brand\u00e3o [&hellip;]<\/p>\n","protected":false},"author":0,"featured_media":0,"comment_status":"open","ping_status":"open","sticky":false,"template":"","format":"standard","meta":{"site-sidebar-layout":"default","site-content-layout":"","ast-site-content-layout":"default","site-content-style":"default","site-sidebar-style":"default","ast-global-header-display":"","ast-banner-title-visibility":"","ast-main-header-display":"","ast-hfb-above-header-display":"","ast-hfb-below-header-display":"","ast-hfb-mobile-header-display":"","site-post-title":"","ast-breadcrumbs-content":"","ast-featured-img":"","footer-sml-layout":"","ast-disable-related-posts":"","theme-transparent-header-meta":"","adv-header-id-meta":"","stick-header-meta":"","header-above-stick-meta":"","header-main-stick-meta":"","header-below-stick-meta":"","astra-migrate-meta-layouts":"default","ast-page-background-enabled":"default","ast-page-background-meta":{"desktop":{"background-color":"var(--ast-global-color-5)","background-image":"","background-repeat":"repeat","background-position":"center center","background-size":"auto","background-attachment":"scroll","background-type":"","background-media":"","overlay-type":"","overlay-color":"","overlay-opacity":"","overlay-gradient":""},"tablet":{"background-color":"","background-image":"","background-repeat":"repeat","background-position":"center center","background-size":"auto","background-attachment":"scroll","background-type":"","background-media":"","overlay-type":"","overlay-color":"","overlay-opacity":"","overlay-gradient":""},"mobile":{"background-color":"","background-image":"","background-repeat":"repeat","background-position":"center center","background-size":"auto","background-attachment":"scroll","background-type":"","background-media":"","overlay-type":"","overlay-color":"","overlay-opacity":"","overlay-gradient":""}},"ast-content-background-meta":{"desktop":{"background-color":"var(--ast-global-color-4)","background-image":"","background-repeat":"repeat","background-position":"center center","background-size":"auto","background-attachment":"scroll","background-type":"","background-media":"","overlay-type":"","overlay-color":"","overlay-opacity":"","overlay-gradient":""},"tablet":{"background-color":"var(--ast-global-color-4)","background-image":"","background-repeat":"repeat","background-position":"center center","background-size":"auto","background-attachment":"scroll","background-type":"","background-media":"","overlay-type":"","overlay-color":"","overlay-opacity":"","overlay-gradient":""},"mobile":{"background-color":"var(--ast-global-color-4)","background-image":"","background-repeat":"repeat","background-position":"center center","background-size":"auto","background-attachment":"scroll","background-type":"","background-media":"","overlay-type":"","overlay-color":"","overlay-opacity":"","overlay-gradient":""}},"footnotes":""},"categories":[1],"tags":[],"class_list":["post-95763","post","type-post","status-publish","format-standard","hentry","category-sem-categoria"],"yoast_head":"<!-- This site is optimized with the Yoast SEO plugin v26.6 - https:\/\/yoast.com\/wordpress\/plugins\/seo\/ -->\n<title>Assembleia realiza neste s\u00e1bado sess\u00e3o solene de posse do governador Carlos Brand\u00e3o - Daniel Matos<\/title>\n<meta name=\"robots\" content=\"index, follow, max-snippet:-1, max-image-preview:large, max-video-preview:-1\" \/>\n<link rel=\"canonical\" href=\"https:\/\/www.blogsoestado.com\/danielmatos\/assembleia-realiza-neste-sabado-sessao-solene-de-posse-do-governador-carlos-brandao\/\" \/>\n<meta property=\"og:locale\" content=\"pt_BR\" \/>\n<meta property=\"og:type\" content=\"article\" \/>\n<meta property=\"og:title\" content=\"Assembleia realiza neste s\u00e1bado sess\u00e3o solene de posse do governador Carlos Brand\u00e3o - Daniel Matos\" \/>\n<meta property=\"og:description\" content=\"A Assembleia Legislativa do Maranh\u00e3o realizar\u00e1, na tarde deste s\u00e1bado (2), a sess\u00e3o solene de posse do vice Carlos Brand\u00e3o [&hellip;]\" \/>\n<meta property=\"og:url\" content=\"https:\/\/www.blogsoestado.com\/danielmatos\/assembleia-realiza-neste-sabado-sessao-solene-de-posse-do-governador-carlos-brandao\/\" \/>\n<meta property=\"og:site_name\" content=\"Daniel Matos\" \/>\n<meta property=\"article:published_time\" content=\"2022-04-02T00:35:49+00:00\" \/>\n<meta property=\"og:image\" content=\"https:\/\/www.blogsoestado.com\/danielmatos\/files\/2022\/04\/Screenshot_20220401-2133252.png\" \/>\n<meta name=\"twitter:card\" content=\"summary_large_image\" \/>\n<meta name=\"twitter:label1\" content=\"Est. tempo de leitura\" \/>\n\t<meta name=\"twitter:data1\" content=\"2 minutos\" \/>\n<script type=\"application\/ld+json\" class=\"yoast-schema-graph\">{\"@context\":\"https:\/\/schema.org\",\"@graph\":[{\"@type\":\"WebPage\",\"@id\":\"https:\/\/www.blogsoestado.com\/danielmatos\/assembleia-realiza-neste-sabado-sessao-solene-de-posse-do-governador-carlos-brandao\/\",\"url\":\"https:\/\/www.blogsoestado.com\/danielmatos\/assembleia-realiza-neste-sabado-sessao-solene-de-posse-do-governador-carlos-brandao\/\",\"name\":\"Assembleia realiza neste s\u00e1bado sess\u00e3o solene de posse do governador Carlos Brand\u00e3o - Daniel Matos\",\"isPartOf\":{\"@id\":\"https:\/\/www.blogsoestado.com\/danielmatos\/#website\"},\"primaryImageOfPage\":{\"@id\":\"https:\/\/www.blogsoestado.com\/danielmatos\/assembleia-realiza-neste-sabado-sessao-solene-de-posse-do-governador-carlos-brandao\/#primaryimage\"},\"image\":{\"@id\":\"https:\/\/www.blogsoestado.com\/danielmatos\/assembleia-realiza-neste-sabado-sessao-solene-de-posse-do-governador-carlos-brandao\/#primaryimage\"},\"thumbnailUrl\":\"https:\/\/www.blogsoestado.com\/danielmatos\/files\/2022\/04\/Screenshot_20220401-2133252.png\",\"datePublished\":\"2022-04-02T00:35:49+00:00\",\"author\":{\"@id\":\"\"},\"breadcrumb\":{\"@id\":\"https:\/\/www.blogsoestado.com\/danielmatos\/assembleia-realiza-neste-sabado-sessao-solene-de-posse-do-governador-carlos-brandao\/#breadcrumb\"},\"inLanguage\":\"pt-BR\",\"potentialAction\":[{\"@type\":\"ReadAction\",\"target\":[\"https:\/\/www.blogsoestado.com\/danielmatos\/assembleia-realiza-neste-sabado-sessao-solene-de-posse-do-governador-carlos-brandao\/\"]}]},{\"@type\":\"ImageObject\",\"inLanguage\":\"pt-BR\",\"@id\":\"https:\/\/www.blogsoestado.com\/danielmatos\/assembleia-realiza-neste-sabado-sessao-solene-de-posse-do-governador-carlos-brandao\/#primaryimage\",\"url\":\"https:\/\/www.blogsoestado.com\/danielmatos\/files\/2022\/04\/Screenshot_20220401-2133252.png\",\"contentUrl\":\"https:\/\/www.blogsoestado.com\/danielmatos\/files\/2022\/04\/Screenshot_20220401-2133252.png\"},{\"@type\":\"BreadcrumbList\",\"@id\":\"https:\/\/www.blogsoestado.com\/danielmatos\/assembleia-realiza-neste-sabado-sessao-solene-de-posse-do-governador-carlos-brandao\/#breadcrumb\",\"itemListElement\":[{\"@type\":\"ListItem\",\"position\":1,\"name\":\"In\u00edcio\",\"item\":\"https:\/\/www.blogsoestado.com\/danielmatos\/\"},{\"@type\":\"ListItem\",\"position\":2,\"name\":\"Assembleia realiza neste s\u00e1bado sess\u00e3o solene de posse do governador Carlos Brand\u00e3o\"}]},{\"@type\":\"WebSite\",\"@id\":\"https:\/\/www.blogsoestado.com\/danielmatos\/#website\",\"url\":\"https:\/\/www.blogsoestado.com\/danielmatos\/\",\"name\":\"Daniel Matos\",\"description\":\"\",\"potentialAction\":[{\"@type\":\"SearchAction\",\"target\":{\"@type\":\"EntryPoint\",\"urlTemplate\":\"https:\/\/www.blogsoestado.com\/danielmatos\/?s={search_term_string}\"},\"query-input\":{\"@type\":\"PropertyValueSpecification\",\"valueRequired\":true,\"valueName\":\"search_term_string\"}}],\"inLanguage\":\"pt-BR\"}]}<\/script>\n<!-- \/ Yoast SEO plugin. -->","yoast_head_json":{"title":"Assembleia realiza neste s\u00e1bado sess\u00e3o solene de posse do governador Carlos Brand\u00e3o - Daniel Matos","robots":{"index":"index","follow":"follow","max-snippet":"max-snippet:-1","max-image-preview":"max-image-preview:large","max-video-preview":"max-video-preview:-1"},"canonical":"https:\/\/www.blogsoestado.com\/danielmatos\/assembleia-realiza-neste-sabado-sessao-solene-de-posse-do-governador-carlos-brandao\/","og_locale":"pt_BR","og_type":"article","og_title":"Assembleia realiza neste s\u00e1bado sess\u00e3o solene de posse do governador Carlos Brand\u00e3o - Daniel Matos","og_description":"A Assembleia Legislativa do Maranh\u00e3o realizar\u00e1, na tarde deste s\u00e1bado (2), a sess\u00e3o solene de posse do vice Carlos Brand\u00e3o [&hellip;]","og_url":"https:\/\/www.blogsoestado.com\/danielmatos\/assembleia-realiza-neste-sabado-sessao-solene-de-posse-do-governador-carlos-brandao\/","og_site_name":"Daniel Matos","article_published_time":"2022-04-02T00:35:49+00:00","og_image":[{"url":"https:\/\/www.blogsoestado.com\/danielmatos\/files\/2022\/04\/Screenshot_20220401-2133252.png","type":"","width":"","height":""}],"twitter_card":"summary_large_image","twitter_misc":{"Est. tempo de leitura":"2 minutos"},"schema":{"@context":"https:\/\/schema.org","@graph":[{"@type":"WebPage","@id":"https:\/\/www.blogsoestado.com\/danielmatos\/assembleia-realiza-neste-sabado-sessao-solene-de-posse-do-governador-carlos-brandao\/","url":"https:\/\/www.blogsoestado.com\/danielmatos\/assembleia-realiza-neste-sabado-sessao-solene-de-posse-do-governador-carlos-brandao\/","name":"Assembleia realiza neste s\u00e1bado sess\u00e3o solene de posse do governador Carlos Brand\u00e3o - Daniel Matos","isPartOf":{"@id":"https:\/\/www.blogsoestado.com\/danielmatos\/#website"},"primaryImageOfPage":{"@id":"https:\/\/www.blogsoestado.com\/danielmatos\/assembleia-realiza-neste-sabado-sessao-solene-de-posse-do-governador-carlos-brandao\/#primaryimage"},"image":{"@id":"https:\/\/www.blogsoestado.com\/danielmatos\/assembleia-realiza-neste-sabado-sessao-solene-de-posse-do-governador-carlos-brandao\/#primaryimage"},"thumbnailUrl":"https:\/\/www.blogsoestado.com\/danielmatos\/files\/2022\/04\/Screenshot_20220401-2133252.png","datePublished":"2022-04-02T00:35:49+00:00","author":{"@id":""},"breadcrumb":{"@id":"https:\/\/www.blogsoestado.com\/danielmatos\/assembleia-realiza-neste-sabado-sessao-solene-de-posse-do-governador-carlos-brandao\/#breadcrumb"},"inLanguage":"pt-BR","potentialAction":[{"@type":"ReadAction","target":["https:\/\/www.blogsoestado.com\/danielmatos\/assembleia-realiza-neste-sabado-sessao-solene-de-posse-do-governador-carlos-brandao\/"]}]},{"@type":"ImageObject","inLanguage":"pt-BR","@id":"https:\/\/www.blogsoestado.com\/danielmatos\/assembleia-realiza-neste-sabado-sessao-solene-de-posse-do-governador-carlos-brandao\/#primaryimage","url":"https:\/\/www.blogsoestado.com\/danielmatos\/files\/2022\/04\/Screenshot_20220401-2133252.png","contentUrl":"https:\/\/www.blogsoestado.com\/danielmatos\/files\/2022\/04\/Screenshot_20220401-2133252.png"},{"@type":"BreadcrumbList","@id":"https:\/\/www.blogsoestado.com\/danielmatos\/assembleia-realiza-neste-sabado-sessao-solene-de-posse-do-governador-carlos-brandao\/#breadcrumb","itemListElement":[{"@type":"ListItem","position":1,"name":"In\u00edcio","item":"https:\/\/www.blogsoestado.com\/danielmatos\/"},{"@type":"ListItem","position":2,"name":"Assembleia realiza neste s\u00e1bado sess\u00e3o solene de posse do governador Carlos Brand\u00e3o"}]},{"@type":"WebSite","@id":"https:\/\/www.blogsoestado.com\/danielmatos\/#website","url":"https:\/\/www.blogsoestado.com\/danielmatos\/","name":"Daniel Matos","description":"","potentialAction":[{"@type":"SearchAction","target":{"@type":"EntryPoint","urlTemplate":"https:\/\/www.blogsoestado.com\/danielmatos\/?s={search_term_string}"},"query-input":{"@type":"PropertyValueSpecification","valueRequired":true,"valueName":"search_term_string"}}],"inLanguage":"pt-BR"}]}},"jetpack_featured_media_url":"","_links":{"self":[{"href":"https:\/\/www.blogsoestado.com\/danielmatos\/wp-json\/wp\/v2\/posts\/95763","targetHints":{"allow":["GET"]}}],"collection":[{"href":"https:\/\/www.blogsoestado.com\/danielmatos\/wp-json\/wp\/v2\/posts"}],"about":[{"href":"https:\/\/www.blogsoestado.com\/danielmatos\/wp-json\/wp\/v2\/types\/post"}],"replies":[{"embeddable":true,"href":"https:\/\/www.blogsoestado.com\/danielmatos\/wp-json\/wp\/v2\/comments?post=95763"}],"version-history":[{"count":0,"href":"https:\/\/www.blogsoestado.com\/danielmatos\/wp-json\/wp\/v2\/posts\/95763\/revisions"}],"wp:attachment":[{"href":"https:\/\/www.blogsoestado.com\/danielmatos\/wp-json\/wp\/v2\/media?parent=95763"}],"wp:term":[{"taxonomy":"category","embeddable":true,"href":"https:\/\/www.blogsoestado.com\/danielmatos\/wp-json\/wp\/v2\/categories?post=95763"},{"taxonomy":"post_tag","embeddable":true,"href":"https:\/\/www.blogsoestado.com\/danielmatos\/wp-json\/wp\/v2\/tags?post=95763"}],"curies":[{"name":"wp","href":"https:\/\/api.w.org\/{rel}","templated":true}]}}