{"id":95779,"date":"2022-04-02T14:55:36","date_gmt":"2022-04-02T17:55:36","guid":{"rendered":"https:\/\/www.blogsoestado.com\/danielmatos\/?p=95779"},"modified":"2022-04-02T14:55:36","modified_gmt":"2022-04-02T17:55:36","slug":"deputada-daniella-se-filia-ao-psb-e-amanda-gentil-ingressa-no-progressistas-para-disputar-eleicao","status":"publish","type":"post","link":"https:\/\/www.blogsoestado.com\/danielmatos\/deputada-daniella-se-filia-ao-psb-e-amanda-gentil-ingressa-no-progressistas-para-disputar-eleicao\/","title":{"rendered":"Deputada Daniella se filia ao PSB e Amanda Gentil ingressa no Progressistas para disputar elei\u00e7\u00e3o"},"content":{"rendered":"\n<div class=\"wp-block-image\"><figure class=\"aligncenter size-large\"><a href=\"https:\/\/www.blogsoestado.com\/danielmatos\/files\/2022\/04\/Screenshot_20220402-1450552.png\"><img decoding=\"async\" src=\"https:\/\/www.blogsoestado.com\/danielmatos\/files\/2022\/04\/Screenshot_20220402-1450552.png\" alt=\"\" class=\"wp-image-95780\"\/><\/a><figcaption>F\u00e1bio Gentil, Daniella e Amanda em palanque em gesto que reafirmou apoio \u00e0s duas pr\u00e9-candidatas<\/figcaption><\/figure><\/div>\n\n\n\n<p>A deputada estadual Daniela filiou-se ao Partido Socialista Brasileiro (PSB) e a secret\u00e1ria municipal de Governo de Caxias, Amanda Gentil, ingressou no Progressistas para concorrerem \u00e0s elei\u00e7\u00f5es deste ano.  &#8220;A deputada Daniella e Amanda Gentil est\u00e3o juntas pelo Maranh\u00e3o e mais pr\u00f3ximas do povo caxiense\u201d. Foi com esse prop\u00f3sito que as duas se uniram para o desenvolvimento da Princesa do Sert\u00e3o, uma parceria que s\u00f3 tem crescido, com a uni\u00e3o das duas pr\u00e9-candidatas.<\/p>\n\n\n\n<p>Daniela intensifica sua pr\u00e9-campanha \u00e0 reelei\u00e7\u00e3o para uma das 42 vagas na Assembleia Legislativa do Maranh\u00e3o, e assim conquistar o eleitorado de Caxias, reduto pol\u00edtico do prefeito F\u00e1bio Gentil, seu companheiro de vida e principal apoiador pol\u00edtico.<\/p>\n\n\n\n<p>Agora, Daniela, F\u00e1bio e a filha dele, Amanda Gentil, focam no projeto pol\u00edtico nesta elei\u00e7\u00e3o, com Daniella pr\u00e9-candidata a deputada estadual e Amanda pr\u00e9-candidata a deputada federal.<\/p>\n\n\n\n<p><strong>Ben\u00e7\u00e3o<\/strong><\/p>\n\n\n\n<div class=\"wp-block-image\"><figure class=\"aligncenter size-large\"><a href=\"https:\/\/www.blogsoestado.com\/danielmatos\/files\/2022\/04\/Screenshot_20220402-1452092.png\"><img decoding=\"async\" src=\"https:\/\/www.blogsoestado.com\/danielmatos\/files\/2022\/04\/Screenshot_20220402-1452092.png\" alt=\"\" class=\"wp-image-95781\"\/><\/a><figcaption>Amanda Gentil exibe ficha de filia\u00e7\u00e3o ao Progressistas devidamente assinada<\/figcaption><\/figure><\/div>\n\n\n\n<p>Em postagem nas redes sociais, Amanda Gentil descreveu, em resumo, sua trajet\u00f3ria, manifestou entusiasmo ao ingressar na vida p\u00fablica e agradeceu gratid\u00e3o ao saudoso deputado Z\u00e9 Gentil, seu av\u00f4, e ao pai, F\u00e1bio Gentil, por serem suas inspira\u00e7\u00f5es. Confira abaixo:<\/p>\n\n\n\n<p><em>Come\u00e7ando mais uma etapa da minha vida. Aos 23 anos, assinando a ficha do partido que d\u00e1 in\u00edcio a minha vida pol\u00edtica como pr\u00e9-candidata a Deputada Federal. Agora \u00e9 oficial!! Assino essa folha cheia de emo\u00e7\u00e3o, com as m\u00e3os tremendo e o cora\u00e7\u00e3o acelerado. Com o sorriso, de um sonho se tornando realidade, estampado no rosto, e esse sonho fica melhor ainda por estar tendo a chance de fazer hist\u00f3ria no meu munic\u00edpio e no Maranh\u00e3o. <\/em><\/p>\n\n\n\n<p><em>Agrade\u00e7o ao meu Deus, a qual pe\u00e7o ilumina\u00e7\u00e3o e sabedoria todos os dias; a todos que est\u00e3o fazendo parte da minha hist\u00f3ria e que caminham junto comigo; ao meu saudoso av\u00f4, Z\u00e9 Gentil; meu saudoso tio, Talmir Rosa; minha querida av\u00f3, Ros\u00e1rio Rosa; meus irm\u00e3os, toda a minha fam\u00edlia, e principalmente ao meu pai, F\u00e1bio Gentil, que tem tornado essa luta um pouco menos dif\u00edcil. Ele que \u00e9 um bom pai, um bom amigo, um bom gestor, que sempre foi minha inspira\u00e7\u00e3<\/em>o.<\/p>\n\n\n\n<p><em>Meu pai \u00e9 DEZ! Foi ele quem sempre me instruiu a procurar o caminho melhor, para que eu conseguisse dar mais um passo \u00e0 frente.<\/em><\/p>\n","protected":false},"excerpt":{"rendered":"<p>A deputada estadual Daniela filiou-se ao Partido Socialista Brasileiro (PSB) e a secret\u00e1ria municipal de Governo de Caxias, Amanda Gentil, [&hellip;]<\/p>\n","protected":false},"author":0,"featured_media":0,"comment_status":"open","ping_status":"open","sticky":false,"template":"","format":"standard","meta":{"site-sidebar-layout":"default","site-content-layout":"","ast-site-content-layout":"default","site-content-style":"default","site-sidebar-style":"default","ast-global-header-display":"","ast-banner-title-visibility":"","ast-main-header-display":"","ast-hfb-above-header-display":"","ast-hfb-below-header-display":"","ast-hfb-mobile-header-display":"","site-post-title":"","ast-breadcrumbs-content":"","ast-featured-img":"","footer-sml-layout":"","ast-disable-related-posts":"","theme-transparent-header-meta":"","adv-header-id-meta":"","stick-header-meta":"","header-above-stick-meta":"","header-main-stick-meta":"","header-below-stick-meta":"","astra-migrate-meta-layouts":"default","ast-page-background-enabled":"default","ast-page-background-meta":{"desktop":{"background-color":"var(--ast-global-color-5)","background-image":"","background-repeat":"repeat","background-position":"center center","background-size":"auto","background-attachment":"scroll","background-type":"","background-media":"","overlay-type":"","overlay-color":"","overlay-opacity":"","overlay-gradient":""},"tablet":{"background-color":"","background-image":"","background-repeat":"repeat","background-position":"center center","background-size":"auto","background-attachment":"scroll","background-type":"","background-media":"","overlay-type":"","overlay-color":"","overlay-opacity":"","overlay-gradient":""},"mobile":{"background-color":"","background-image":"","background-repeat":"repeat","background-position":"center center","background-size":"auto","background-attachment":"scroll","background-type":"","background-media":"","overlay-type":"","overlay-color":"","overlay-opacity":"","overlay-gradient":""}},"ast-content-background-meta":{"desktop":{"background-color":"var(--ast-global-color-4)","background-image":"","background-repeat":"repeat","background-position":"center center","background-size":"auto","background-attachment":"scroll","background-type":"","background-media":"","overlay-type":"","overlay-color":"","overlay-opacity":"","overlay-gradient":""},"tablet":{"background-color":"var(--ast-global-color-4)","background-image":"","background-repeat":"repeat","background-position":"center center","background-size":"auto","background-attachment":"scroll","background-type":"","background-media":"","overlay-type":"","overlay-color":"","overlay-opacity":"","overlay-gradient":""},"mobile":{"background-color":"var(--ast-global-color-4)","background-image":"","background-repeat":"repeat","background-position":"center center","background-size":"auto","background-attachment":"scroll","background-type":"","background-media":"","overlay-type":"","overlay-color":"","overlay-opacity":"","overlay-gradient":""}},"footnotes":""},"categories":[1],"tags":[],"class_list":["post-95779","post","type-post","status-publish","format-standard","hentry","category-sem-categoria"],"yoast_head":"<!-- This site is optimized with the Yoast SEO plugin v26.6 - https:\/\/yoast.com\/wordpress\/plugins\/seo\/ -->\n<title>Deputada Daniella se filia ao PSB e Amanda Gentil ingressa no Progressistas para disputar elei\u00e7\u00e3o - Daniel Matos<\/title>\n<meta name=\"robots\" content=\"index, follow, max-snippet:-1, max-image-preview:large, max-video-preview:-1\" \/>\n<link rel=\"canonical\" href=\"https:\/\/www.blogsoestado.com\/danielmatos\/deputada-daniella-se-filia-ao-psb-e-amanda-gentil-ingressa-no-progressistas-para-disputar-eleicao\/\" \/>\n<meta property=\"og:locale\" content=\"pt_BR\" \/>\n<meta property=\"og:type\" content=\"article\" \/>\n<meta property=\"og:title\" content=\"Deputada Daniella se filia ao PSB e Amanda Gentil ingressa no Progressistas para disputar elei\u00e7\u00e3o - Daniel Matos\" \/>\n<meta property=\"og:description\" content=\"A deputada estadual Daniela filiou-se ao Partido Socialista Brasileiro (PSB) e a secret\u00e1ria municipal de Governo de Caxias, Amanda Gentil, [&hellip;]\" \/>\n<meta property=\"og:url\" content=\"https:\/\/www.blogsoestado.com\/danielmatos\/deputada-daniella-se-filia-ao-psb-e-amanda-gentil-ingressa-no-progressistas-para-disputar-eleicao\/\" \/>\n<meta property=\"og:site_name\" content=\"Daniel Matos\" \/>\n<meta property=\"article:published_time\" content=\"2022-04-02T17:55:36+00:00\" \/>\n<meta property=\"og:image\" content=\"https:\/\/www.blogsoestado.com\/danielmatos\/files\/2022\/04\/Screenshot_20220402-1450552.png\" \/>\n<meta name=\"twitter:card\" content=\"summary_large_image\" \/>\n<meta name=\"twitter:label1\" content=\"Est. tempo de leitura\" \/>\n\t<meta name=\"twitter:data1\" content=\"3 minutos\" \/>\n<script type=\"application\/ld+json\" class=\"yoast-schema-graph\">{\"@context\":\"https:\/\/schema.org\",\"@graph\":[{\"@type\":\"WebPage\",\"@id\":\"https:\/\/www.blogsoestado.com\/danielmatos\/deputada-daniella-se-filia-ao-psb-e-amanda-gentil-ingressa-no-progressistas-para-disputar-eleicao\/\",\"url\":\"https:\/\/www.blogsoestado.com\/danielmatos\/deputada-daniella-se-filia-ao-psb-e-amanda-gentil-ingressa-no-progressistas-para-disputar-eleicao\/\",\"name\":\"Deputada Daniella se filia ao PSB e Amanda Gentil ingressa no Progressistas para disputar elei\u00e7\u00e3o - Daniel Matos\",\"isPartOf\":{\"@id\":\"https:\/\/www.blogsoestado.com\/danielmatos\/#website\"},\"primaryImageOfPage\":{\"@id\":\"https:\/\/www.blogsoestado.com\/danielmatos\/deputada-daniella-se-filia-ao-psb-e-amanda-gentil-ingressa-no-progressistas-para-disputar-eleicao\/#primaryimage\"},\"image\":{\"@id\":\"https:\/\/www.blogsoestado.com\/danielmatos\/deputada-daniella-se-filia-ao-psb-e-amanda-gentil-ingressa-no-progressistas-para-disputar-eleicao\/#primaryimage\"},\"thumbnailUrl\":\"https:\/\/www.blogsoestado.com\/danielmatos\/files\/2022\/04\/Screenshot_20220402-1450552.png\",\"datePublished\":\"2022-04-02T17:55:36+00:00\",\"author\":{\"@id\":\"\"},\"breadcrumb\":{\"@id\":\"https:\/\/www.blogsoestado.com\/danielmatos\/deputada-daniella-se-filia-ao-psb-e-amanda-gentil-ingressa-no-progressistas-para-disputar-eleicao\/#breadcrumb\"},\"inLanguage\":\"pt-BR\",\"potentialAction\":[{\"@type\":\"ReadAction\",\"target\":[\"https:\/\/www.blogsoestado.com\/danielmatos\/deputada-daniella-se-filia-ao-psb-e-amanda-gentil-ingressa-no-progressistas-para-disputar-eleicao\/\"]}]},{\"@type\":\"ImageObject\",\"inLanguage\":\"pt-BR\",\"@id\":\"https:\/\/www.blogsoestado.com\/danielmatos\/deputada-daniella-se-filia-ao-psb-e-amanda-gentil-ingressa-no-progressistas-para-disputar-eleicao\/#primaryimage\",\"url\":\"https:\/\/www.blogsoestado.com\/danielmatos\/files\/2022\/04\/Screenshot_20220402-1450552.png\",\"contentUrl\":\"https:\/\/www.blogsoestado.com\/danielmatos\/files\/2022\/04\/Screenshot_20220402-1450552.png\"},{\"@type\":\"BreadcrumbList\",\"@id\":\"https:\/\/www.blogsoestado.com\/danielmatos\/deputada-daniella-se-filia-ao-psb-e-amanda-gentil-ingressa-no-progressistas-para-disputar-eleicao\/#breadcrumb\",\"itemListElement\":[{\"@type\":\"ListItem\",\"position\":1,\"name\":\"In\u00edcio\",\"item\":\"https:\/\/www.blogsoestado.com\/danielmatos\/\"},{\"@type\":\"ListItem\",\"position\":2,\"name\":\"Deputada Daniella se filia ao PSB e Amanda Gentil ingressa no Progressistas para disputar elei\u00e7\u00e3o\"}]},{\"@type\":\"WebSite\",\"@id\":\"https:\/\/www.blogsoestado.com\/danielmatos\/#website\",\"url\":\"https:\/\/www.blogsoestado.com\/danielmatos\/\",\"name\":\"Daniel Matos\",\"description\":\"\",\"potentialAction\":[{\"@type\":\"SearchAction\",\"target\":{\"@type\":\"EntryPoint\",\"urlTemplate\":\"https:\/\/www.blogsoestado.com\/danielmatos\/?s={search_term_string}\"},\"query-input\":{\"@type\":\"PropertyValueSpecification\",\"valueRequired\":true,\"valueName\":\"search_term_string\"}}],\"inLanguage\":\"pt-BR\"}]}<\/script>\n<!-- \/ Yoast SEO plugin. -->","yoast_head_json":{"title":"Deputada Daniella se filia ao PSB e Amanda Gentil ingressa no Progressistas para disputar elei\u00e7\u00e3o - Daniel Matos","robots":{"index":"index","follow":"follow","max-snippet":"max-snippet:-1","max-image-preview":"max-image-preview:large","max-video-preview":"max-video-preview:-1"},"canonical":"https:\/\/www.blogsoestado.com\/danielmatos\/deputada-daniella-se-filia-ao-psb-e-amanda-gentil-ingressa-no-progressistas-para-disputar-eleicao\/","og_locale":"pt_BR","og_type":"article","og_title":"Deputada Daniella se filia ao PSB e Amanda Gentil ingressa no Progressistas para disputar elei\u00e7\u00e3o - Daniel Matos","og_description":"A deputada estadual Daniela filiou-se ao Partido Socialista Brasileiro (PSB) e a secret\u00e1ria municipal de Governo de Caxias, Amanda Gentil, [&hellip;]","og_url":"https:\/\/www.blogsoestado.com\/danielmatos\/deputada-daniella-se-filia-ao-psb-e-amanda-gentil-ingressa-no-progressistas-para-disputar-eleicao\/","og_site_name":"Daniel Matos","article_published_time":"2022-04-02T17:55:36+00:00","og_image":[{"url":"https:\/\/www.blogsoestado.com\/danielmatos\/files\/2022\/04\/Screenshot_20220402-1450552.png","type":"","width":"","height":""}],"twitter_card":"summary_large_image","twitter_misc":{"Est. tempo de leitura":"3 minutos"},"schema":{"@context":"https:\/\/schema.org","@graph":[{"@type":"WebPage","@id":"https:\/\/www.blogsoestado.com\/danielmatos\/deputada-daniella-se-filia-ao-psb-e-amanda-gentil-ingressa-no-progressistas-para-disputar-eleicao\/","url":"https:\/\/www.blogsoestado.com\/danielmatos\/deputada-daniella-se-filia-ao-psb-e-amanda-gentil-ingressa-no-progressistas-para-disputar-eleicao\/","name":"Deputada Daniella se filia ao PSB e Amanda Gentil ingressa no Progressistas para disputar elei\u00e7\u00e3o - Daniel Matos","isPartOf":{"@id":"https:\/\/www.blogsoestado.com\/danielmatos\/#website"},"primaryImageOfPage":{"@id":"https:\/\/www.blogsoestado.com\/danielmatos\/deputada-daniella-se-filia-ao-psb-e-amanda-gentil-ingressa-no-progressistas-para-disputar-eleicao\/#primaryimage"},"image":{"@id":"https:\/\/www.blogsoestado.com\/danielmatos\/deputada-daniella-se-filia-ao-psb-e-amanda-gentil-ingressa-no-progressistas-para-disputar-eleicao\/#primaryimage"},"thumbnailUrl":"https:\/\/www.blogsoestado.com\/danielmatos\/files\/2022\/04\/Screenshot_20220402-1450552.png","datePublished":"2022-04-02T17:55:36+00:00","author":{"@id":""},"breadcrumb":{"@id":"https:\/\/www.blogsoestado.com\/danielmatos\/deputada-daniella-se-filia-ao-psb-e-amanda-gentil-ingressa-no-progressistas-para-disputar-eleicao\/#breadcrumb"},"inLanguage":"pt-BR","potentialAction":[{"@type":"ReadAction","target":["https:\/\/www.blogsoestado.com\/danielmatos\/deputada-daniella-se-filia-ao-psb-e-amanda-gentil-ingressa-no-progressistas-para-disputar-eleicao\/"]}]},{"@type":"ImageObject","inLanguage":"pt-BR","@id":"https:\/\/www.blogsoestado.com\/danielmatos\/deputada-daniella-se-filia-ao-psb-e-amanda-gentil-ingressa-no-progressistas-para-disputar-eleicao\/#primaryimage","url":"https:\/\/www.blogsoestado.com\/danielmatos\/files\/2022\/04\/Screenshot_20220402-1450552.png","contentUrl":"https:\/\/www.blogsoestado.com\/danielmatos\/files\/2022\/04\/Screenshot_20220402-1450552.png"},{"@type":"BreadcrumbList","@id":"https:\/\/www.blogsoestado.com\/danielmatos\/deputada-daniella-se-filia-ao-psb-e-amanda-gentil-ingressa-no-progressistas-para-disputar-eleicao\/#breadcrumb","itemListElement":[{"@type":"ListItem","position":1,"name":"In\u00edcio","item":"https:\/\/www.blogsoestado.com\/danielmatos\/"},{"@type":"ListItem","position":2,"name":"Deputada Daniella se filia ao PSB e Amanda Gentil ingressa no Progressistas para disputar elei\u00e7\u00e3o"}]},{"@type":"WebSite","@id":"https:\/\/www.blogsoestado.com\/danielmatos\/#website","url":"https:\/\/www.blogsoestado.com\/danielmatos\/","name":"Daniel Matos","description":"","potentialAction":[{"@type":"SearchAction","target":{"@type":"EntryPoint","urlTemplate":"https:\/\/www.blogsoestado.com\/danielmatos\/?s={search_term_string}"},"query-input":{"@type":"PropertyValueSpecification","valueRequired":true,"valueName":"search_term_string"}}],"inLanguage":"pt-BR"}]}},"jetpack_featured_media_url":"","_links":{"self":[{"href":"https:\/\/www.blogsoestado.com\/danielmatos\/wp-json\/wp\/v2\/posts\/95779","targetHints":{"allow":["GET"]}}],"collection":[{"href":"https:\/\/www.blogsoestado.com\/danielmatos\/wp-json\/wp\/v2\/posts"}],"about":[{"href":"https:\/\/www.blogsoestado.com\/danielmatos\/wp-json\/wp\/v2\/types\/post"}],"replies":[{"embeddable":true,"href":"https:\/\/www.blogsoestado.com\/danielmatos\/wp-json\/wp\/v2\/comments?post=95779"}],"version-history":[{"count":0,"href":"https:\/\/www.blogsoestado.com\/danielmatos\/wp-json\/wp\/v2\/posts\/95779\/revisions"}],"wp:attachment":[{"href":"https:\/\/www.blogsoestado.com\/danielmatos\/wp-json\/wp\/v2\/media?parent=95779"}],"wp:term":[{"taxonomy":"category","embeddable":true,"href":"https:\/\/www.blogsoestado.com\/danielmatos\/wp-json\/wp\/v2\/categories?post=95779"},{"taxonomy":"post_tag","embeddable":true,"href":"https:\/\/www.blogsoestado.com\/danielmatos\/wp-json\/wp\/v2\/tags?post=95779"}],"curies":[{"name":"wp","href":"https:\/\/api.w.org\/{rel}","templated":true}]}}