{"id":95788,"date":"2022-04-02T17:21:24","date_gmt":"2022-04-02T20:21:24","guid":{"rendered":"https:\/\/www.blogsoestado.com\/danielmatos\/?p=95788"},"modified":"2022-04-02T17:21:24","modified_gmt":"2022-04-02T20:21:24","slug":"deputado-wellington-lamenta-legado-de-destruicao-deixado-por-flavio-dino-nos-ultimos-7-anos-e-3-meses","status":"publish","type":"post","link":"https:\/\/www.blogsoestado.com\/danielmatos\/deputado-wellington-lamenta-legado-de-destruicao-deixado-por-flavio-dino-nos-ultimos-7-anos-e-3-meses\/","title":{"rendered":"Deputado Wellington lamenta legado de destrui\u00e7\u00e3o deixado por Fl\u00e1vio Dino nos \u00faltimos 7 anos e 3 meses"},"content":{"rendered":"\n<div class=\"wp-block-image\"><figure class=\"aligncenter size-large\"><a href=\"https:\/\/www.blogsoestado.com\/danielmatos\/files\/2022\/04\/Screenshot_20220402-1714462.png\"><img decoding=\"async\" src=\"https:\/\/www.blogsoestado.com\/danielmatos\/files\/2022\/04\/Screenshot_20220402-1714462.png\" alt=\"\" class=\"wp-image-95789\"\/><\/a><figcaption>Wellington ressaltou que, diferente das promessas de campanha, em diversos aspectos, o Maranh\u00e3o piorou ou nada mudou, deixando um legado de mis\u00e9ria e decep\u00e7\u00e3o na popula\u00e7\u00e3o<\/figcaption><\/figure><\/div>\n\n\n\n<p>O deputado estadual Wellington do Curso utilizou a tribuna, na manh\u00e3 dessa quinta-feira (31), para destacar o legado deixado por Fl\u00e1vio Dino durante os \u00faltimos 7 anos e 3 meses em que esteve governando o Estado do Maranh\u00e3o. O pronunciamento do parlamentar, no \u00faltimo dia de gest\u00e3o de Fl\u00e1vio Dino, que deixar\u00e1 o governo para disputar uma vaga no Senado, foi marcado por uma retrospectiva sobre os baixos \u00edndices sociais do Maranh\u00e3o e promessas n\u00e3o cumpridas pelo governador ao logo de seu mandato.<\/p>\n\n\n\n<p>Ao mencionar o fim do governo Dino, Wellington ressaltou que, diferente das promessas de campanha, em diversos aspectos, o Maranh\u00e3o piorou ou nada mudou, deixando um legado de mis\u00e9ria e decep\u00e7\u00e3o na popula\u00e7\u00e3o maranhense.<\/p>\n\n\n\n<div class=\"wp-block-image\"><figure class=\"aligncenter size-large\"><a href=\"https:\/\/www.blogsoestado.com\/danielmatos\/files\/2022\/04\/Screenshot_20220402-1715052.png\"><img decoding=\"async\" src=\"https:\/\/www.blogsoestado.com\/danielmatos\/files\/2022\/04\/Screenshot_20220402-1715052.png\" alt=\"\" class=\"wp-image-95790\"\/><\/a><\/figure><\/div>\n\n\n\n<p>\u201c7 anos e 3 meses se passaram e, hoje, finalmente, se encerra o pior governo da hist\u00f3ria do Maranh\u00e3o! E, diferente das propagandas enganosas, Fl\u00e1vio Dino n\u00e3o mudou a realidade do nosso Estado, pelo contr\u00e1rio, est\u00e1 deixando um legado de mis\u00e9ria, de persegui\u00e7\u00e3o e mentiras. Fl\u00e1vio Dino, deixa o governo sem cumprir uma de suas principais promessas de campanha: 1,4 milh\u00e3o de maranhenses ainda est\u00e3o na extrema pobreza. Al\u00e9m disso, durante o seu governo, n\u00e3o houve valoriza\u00e7\u00e3o do servidor p\u00fablico, os \u00f3rg\u00e3os p\u00fablicos foram aparelhados, ocupados por apadrinhados pol\u00edticos e contratos ilegais, onde concursos p\u00fablicos se tornaram escassos. A popula\u00e7\u00e3o est\u00e1 tendo que conviver com a inseguran\u00e7a, n\u00e3o tem viaturas e n\u00f3s temos o menor efetivo de policiais militares e civis do Brasil. Houveram sucessivos aumentos de impostos e nada melhorou na qualidade de vida da popula\u00e7\u00e3o, pelo contr\u00e1rio: as estradas maranhenses est\u00e3o esburacadas e intrafeg\u00e1veis, as casas dos maranhenses n\u00e3o tem \u00e1gua nas torneiras, as praias est\u00e3o polu\u00eddas e n\u00e3o h\u00e1 saneamento b\u00e1sico em grande parte do Estado. Houve tamb\u00e9m in\u00fameras motos e carros de trabalhadores que foram apreendidos por falta de pagamento de imposto, fato ilegal. Tamb\u00e9m houve muita persegui\u00e7\u00e3o pol\u00edtica contra quem ousasse discordar do governador e o mais triste: temos as oito cidades mais pobres do pa\u00eds e a menor renda per capta onde 20% da popula\u00e7\u00e3o sobrevive com menos de R$ 145,00. Enquanto isso, nunca na hist\u00f3ria um governo gastou tanto com propagandas para vender um Maranh\u00e3o que n\u00e3o existe! Ent\u00e3o, hoje, finalmente o Maranh\u00e3o se liberta do pior governo da sua hist\u00f3ria que tanto prometeu, mas decepcionou todo o povo do Maranh\u00e3o\u201d, disse Wellington.<\/p>\n","protected":false},"excerpt":{"rendered":"<p>O deputado estadual Wellington do Curso utilizou a tribuna, na manh\u00e3 dessa quinta-feira (31), para destacar o legado deixado por [&hellip;]<\/p>\n","protected":false},"author":0,"featured_media":0,"comment_status":"open","ping_status":"open","sticky":false,"template":"","format":"standard","meta":{"site-sidebar-layout":"default","site-content-layout":"","ast-site-content-layout":"default","site-content-style":"default","site-sidebar-style":"default","ast-global-header-display":"","ast-banner-title-visibility":"","ast-main-header-display":"","ast-hfb-above-header-display":"","ast-hfb-below-header-display":"","ast-hfb-mobile-header-display":"","site-post-title":"","ast-breadcrumbs-content":"","ast-featured-img":"","footer-sml-layout":"","ast-disable-related-posts":"","theme-transparent-header-meta":"","adv-header-id-meta":"","stick-header-meta":"","header-above-stick-meta":"","header-main-stick-meta":"","header-below-stick-meta":"","astra-migrate-meta-layouts":"default","ast-page-background-enabled":"default","ast-page-background-meta":{"desktop":{"background-color":"var(--ast-global-color-5)","background-image":"","background-repeat":"repeat","background-position":"center center","background-size":"auto","background-attachment":"scroll","background-type":"","background-media":"","overlay-type":"","overlay-color":"","overlay-opacity":"","overlay-gradient":""},"tablet":{"background-color":"","background-image":"","background-repeat":"repeat","background-position":"center center","background-size":"auto","background-attachment":"scroll","background-type":"","background-media":"","overlay-type":"","overlay-color":"","overlay-opacity":"","overlay-gradient":""},"mobile":{"background-color":"","background-image":"","background-repeat":"repeat","background-position":"center center","background-size":"auto","background-attachment":"scroll","background-type":"","background-media":"","overlay-type":"","overlay-color":"","overlay-opacity":"","overlay-gradient":""}},"ast-content-background-meta":{"desktop":{"background-color":"var(--ast-global-color-4)","background-image":"","background-repeat":"repeat","background-position":"center center","background-size":"auto","background-attachment":"scroll","background-type":"","background-media":"","overlay-type":"","overlay-color":"","overlay-opacity":"","overlay-gradient":""},"tablet":{"background-color":"var(--ast-global-color-4)","background-image":"","background-repeat":"repeat","background-position":"center center","background-size":"auto","background-attachment":"scroll","background-type":"","background-media":"","overlay-type":"","overlay-color":"","overlay-opacity":"","overlay-gradient":""},"mobile":{"background-color":"var(--ast-global-color-4)","background-image":"","background-repeat":"repeat","background-position":"center center","background-size":"auto","background-attachment":"scroll","background-type":"","background-media":"","overlay-type":"","overlay-color":"","overlay-opacity":"","overlay-gradient":""}},"footnotes":""},"categories":[1],"tags":[],"class_list":["post-95788","post","type-post","status-publish","format-standard","hentry","category-sem-categoria"],"yoast_head":"<!-- This site is optimized with the Yoast SEO plugin v26.6 - https:\/\/yoast.com\/wordpress\/plugins\/seo\/ -->\n<title>Deputado Wellington lamenta legado de destrui\u00e7\u00e3o deixado por Fl\u00e1vio Dino nos \u00faltimos 7 anos e 3 meses - Daniel Matos<\/title>\n<meta name=\"robots\" content=\"index, follow, max-snippet:-1, max-image-preview:large, max-video-preview:-1\" \/>\n<link rel=\"canonical\" href=\"https:\/\/www.blogsoestado.com\/danielmatos\/deputado-wellington-lamenta-legado-de-destruicao-deixado-por-flavio-dino-nos-ultimos-7-anos-e-3-meses\/\" \/>\n<meta property=\"og:locale\" content=\"pt_BR\" \/>\n<meta property=\"og:type\" content=\"article\" \/>\n<meta property=\"og:title\" content=\"Deputado Wellington lamenta legado de destrui\u00e7\u00e3o deixado por Fl\u00e1vio Dino nos \u00faltimos 7 anos e 3 meses - Daniel Matos\" \/>\n<meta property=\"og:description\" content=\"O deputado estadual Wellington do Curso utilizou a tribuna, na manh\u00e3 dessa quinta-feira (31), para destacar o legado deixado por [&hellip;]\" \/>\n<meta property=\"og:url\" content=\"https:\/\/www.blogsoestado.com\/danielmatos\/deputado-wellington-lamenta-legado-de-destruicao-deixado-por-flavio-dino-nos-ultimos-7-anos-e-3-meses\/\" \/>\n<meta property=\"og:site_name\" content=\"Daniel Matos\" \/>\n<meta property=\"article:published_time\" content=\"2022-04-02T20:21:24+00:00\" \/>\n<meta property=\"og:image\" content=\"https:\/\/www.blogsoestado.com\/danielmatos\/files\/2022\/04\/Screenshot_20220402-1714462.png\" \/>\n<meta name=\"twitter:card\" content=\"summary_large_image\" \/>\n<meta name=\"twitter:label1\" content=\"Est. tempo de leitura\" \/>\n\t<meta name=\"twitter:data1\" content=\"3 minutos\" \/>\n<script type=\"application\/ld+json\" class=\"yoast-schema-graph\">{\"@context\":\"https:\/\/schema.org\",\"@graph\":[{\"@type\":\"WebPage\",\"@id\":\"https:\/\/www.blogsoestado.com\/danielmatos\/deputado-wellington-lamenta-legado-de-destruicao-deixado-por-flavio-dino-nos-ultimos-7-anos-e-3-meses\/\",\"url\":\"https:\/\/www.blogsoestado.com\/danielmatos\/deputado-wellington-lamenta-legado-de-destruicao-deixado-por-flavio-dino-nos-ultimos-7-anos-e-3-meses\/\",\"name\":\"Deputado Wellington lamenta legado de destrui\u00e7\u00e3o deixado por Fl\u00e1vio Dino nos \u00faltimos 7 anos e 3 meses - Daniel Matos\",\"isPartOf\":{\"@id\":\"https:\/\/www.blogsoestado.com\/danielmatos\/#website\"},\"primaryImageOfPage\":{\"@id\":\"https:\/\/www.blogsoestado.com\/danielmatos\/deputado-wellington-lamenta-legado-de-destruicao-deixado-por-flavio-dino-nos-ultimos-7-anos-e-3-meses\/#primaryimage\"},\"image\":{\"@id\":\"https:\/\/www.blogsoestado.com\/danielmatos\/deputado-wellington-lamenta-legado-de-destruicao-deixado-por-flavio-dino-nos-ultimos-7-anos-e-3-meses\/#primaryimage\"},\"thumbnailUrl\":\"https:\/\/www.blogsoestado.com\/danielmatos\/files\/2022\/04\/Screenshot_20220402-1714462.png\",\"datePublished\":\"2022-04-02T20:21:24+00:00\",\"author\":{\"@id\":\"\"},\"breadcrumb\":{\"@id\":\"https:\/\/www.blogsoestado.com\/danielmatos\/deputado-wellington-lamenta-legado-de-destruicao-deixado-por-flavio-dino-nos-ultimos-7-anos-e-3-meses\/#breadcrumb\"},\"inLanguage\":\"pt-BR\",\"potentialAction\":[{\"@type\":\"ReadAction\",\"target\":[\"https:\/\/www.blogsoestado.com\/danielmatos\/deputado-wellington-lamenta-legado-de-destruicao-deixado-por-flavio-dino-nos-ultimos-7-anos-e-3-meses\/\"]}]},{\"@type\":\"ImageObject\",\"inLanguage\":\"pt-BR\",\"@id\":\"https:\/\/www.blogsoestado.com\/danielmatos\/deputado-wellington-lamenta-legado-de-destruicao-deixado-por-flavio-dino-nos-ultimos-7-anos-e-3-meses\/#primaryimage\",\"url\":\"https:\/\/www.blogsoestado.com\/danielmatos\/files\/2022\/04\/Screenshot_20220402-1714462.png\",\"contentUrl\":\"https:\/\/www.blogsoestado.com\/danielmatos\/files\/2022\/04\/Screenshot_20220402-1714462.png\"},{\"@type\":\"BreadcrumbList\",\"@id\":\"https:\/\/www.blogsoestado.com\/danielmatos\/deputado-wellington-lamenta-legado-de-destruicao-deixado-por-flavio-dino-nos-ultimos-7-anos-e-3-meses\/#breadcrumb\",\"itemListElement\":[{\"@type\":\"ListItem\",\"position\":1,\"name\":\"In\u00edcio\",\"item\":\"https:\/\/www.blogsoestado.com\/danielmatos\/\"},{\"@type\":\"ListItem\",\"position\":2,\"name\":\"Deputado Wellington lamenta legado de destrui\u00e7\u00e3o deixado por Fl\u00e1vio Dino nos \u00faltimos 7 anos e 3 meses\"}]},{\"@type\":\"WebSite\",\"@id\":\"https:\/\/www.blogsoestado.com\/danielmatos\/#website\",\"url\":\"https:\/\/www.blogsoestado.com\/danielmatos\/\",\"name\":\"Daniel Matos\",\"description\":\"\",\"potentialAction\":[{\"@type\":\"SearchAction\",\"target\":{\"@type\":\"EntryPoint\",\"urlTemplate\":\"https:\/\/www.blogsoestado.com\/danielmatos\/?s={search_term_string}\"},\"query-input\":{\"@type\":\"PropertyValueSpecification\",\"valueRequired\":true,\"valueName\":\"search_term_string\"}}],\"inLanguage\":\"pt-BR\"}]}<\/script>\n<!-- \/ Yoast SEO plugin. -->","yoast_head_json":{"title":"Deputado Wellington lamenta legado de destrui\u00e7\u00e3o deixado por Fl\u00e1vio Dino nos \u00faltimos 7 anos e 3 meses - Daniel Matos","robots":{"index":"index","follow":"follow","max-snippet":"max-snippet:-1","max-image-preview":"max-image-preview:large","max-video-preview":"max-video-preview:-1"},"canonical":"https:\/\/www.blogsoestado.com\/danielmatos\/deputado-wellington-lamenta-legado-de-destruicao-deixado-por-flavio-dino-nos-ultimos-7-anos-e-3-meses\/","og_locale":"pt_BR","og_type":"article","og_title":"Deputado Wellington lamenta legado de destrui\u00e7\u00e3o deixado por Fl\u00e1vio Dino nos \u00faltimos 7 anos e 3 meses - Daniel Matos","og_description":"O deputado estadual Wellington do Curso utilizou a tribuna, na manh\u00e3 dessa quinta-feira (31), para destacar o legado deixado por [&hellip;]","og_url":"https:\/\/www.blogsoestado.com\/danielmatos\/deputado-wellington-lamenta-legado-de-destruicao-deixado-por-flavio-dino-nos-ultimos-7-anos-e-3-meses\/","og_site_name":"Daniel Matos","article_published_time":"2022-04-02T20:21:24+00:00","og_image":[{"url":"https:\/\/www.blogsoestado.com\/danielmatos\/files\/2022\/04\/Screenshot_20220402-1714462.png","type":"","width":"","height":""}],"twitter_card":"summary_large_image","twitter_misc":{"Est. tempo de leitura":"3 minutos"},"schema":{"@context":"https:\/\/schema.org","@graph":[{"@type":"WebPage","@id":"https:\/\/www.blogsoestado.com\/danielmatos\/deputado-wellington-lamenta-legado-de-destruicao-deixado-por-flavio-dino-nos-ultimos-7-anos-e-3-meses\/","url":"https:\/\/www.blogsoestado.com\/danielmatos\/deputado-wellington-lamenta-legado-de-destruicao-deixado-por-flavio-dino-nos-ultimos-7-anos-e-3-meses\/","name":"Deputado Wellington lamenta legado de destrui\u00e7\u00e3o deixado por Fl\u00e1vio Dino nos \u00faltimos 7 anos e 3 meses - Daniel Matos","isPartOf":{"@id":"https:\/\/www.blogsoestado.com\/danielmatos\/#website"},"primaryImageOfPage":{"@id":"https:\/\/www.blogsoestado.com\/danielmatos\/deputado-wellington-lamenta-legado-de-destruicao-deixado-por-flavio-dino-nos-ultimos-7-anos-e-3-meses\/#primaryimage"},"image":{"@id":"https:\/\/www.blogsoestado.com\/danielmatos\/deputado-wellington-lamenta-legado-de-destruicao-deixado-por-flavio-dino-nos-ultimos-7-anos-e-3-meses\/#primaryimage"},"thumbnailUrl":"https:\/\/www.blogsoestado.com\/danielmatos\/files\/2022\/04\/Screenshot_20220402-1714462.png","datePublished":"2022-04-02T20:21:24+00:00","author":{"@id":""},"breadcrumb":{"@id":"https:\/\/www.blogsoestado.com\/danielmatos\/deputado-wellington-lamenta-legado-de-destruicao-deixado-por-flavio-dino-nos-ultimos-7-anos-e-3-meses\/#breadcrumb"},"inLanguage":"pt-BR","potentialAction":[{"@type":"ReadAction","target":["https:\/\/www.blogsoestado.com\/danielmatos\/deputado-wellington-lamenta-legado-de-destruicao-deixado-por-flavio-dino-nos-ultimos-7-anos-e-3-meses\/"]}]},{"@type":"ImageObject","inLanguage":"pt-BR","@id":"https:\/\/www.blogsoestado.com\/danielmatos\/deputado-wellington-lamenta-legado-de-destruicao-deixado-por-flavio-dino-nos-ultimos-7-anos-e-3-meses\/#primaryimage","url":"https:\/\/www.blogsoestado.com\/danielmatos\/files\/2022\/04\/Screenshot_20220402-1714462.png","contentUrl":"https:\/\/www.blogsoestado.com\/danielmatos\/files\/2022\/04\/Screenshot_20220402-1714462.png"},{"@type":"BreadcrumbList","@id":"https:\/\/www.blogsoestado.com\/danielmatos\/deputado-wellington-lamenta-legado-de-destruicao-deixado-por-flavio-dino-nos-ultimos-7-anos-e-3-meses\/#breadcrumb","itemListElement":[{"@type":"ListItem","position":1,"name":"In\u00edcio","item":"https:\/\/www.blogsoestado.com\/danielmatos\/"},{"@type":"ListItem","position":2,"name":"Deputado Wellington lamenta legado de destrui\u00e7\u00e3o deixado por Fl\u00e1vio Dino nos \u00faltimos 7 anos e 3 meses"}]},{"@type":"WebSite","@id":"https:\/\/www.blogsoestado.com\/danielmatos\/#website","url":"https:\/\/www.blogsoestado.com\/danielmatos\/","name":"Daniel Matos","description":"","potentialAction":[{"@type":"SearchAction","target":{"@type":"EntryPoint","urlTemplate":"https:\/\/www.blogsoestado.com\/danielmatos\/?s={search_term_string}"},"query-input":{"@type":"PropertyValueSpecification","valueRequired":true,"valueName":"search_term_string"}}],"inLanguage":"pt-BR"}]}},"jetpack_featured_media_url":"","_links":{"self":[{"href":"https:\/\/www.blogsoestado.com\/danielmatos\/wp-json\/wp\/v2\/posts\/95788","targetHints":{"allow":["GET"]}}],"collection":[{"href":"https:\/\/www.blogsoestado.com\/danielmatos\/wp-json\/wp\/v2\/posts"}],"about":[{"href":"https:\/\/www.blogsoestado.com\/danielmatos\/wp-json\/wp\/v2\/types\/post"}],"replies":[{"embeddable":true,"href":"https:\/\/www.blogsoestado.com\/danielmatos\/wp-json\/wp\/v2\/comments?post=95788"}],"version-history":[{"count":0,"href":"https:\/\/www.blogsoestado.com\/danielmatos\/wp-json\/wp\/v2\/posts\/95788\/revisions"}],"wp:attachment":[{"href":"https:\/\/www.blogsoestado.com\/danielmatos\/wp-json\/wp\/v2\/media?parent=95788"}],"wp:term":[{"taxonomy":"category","embeddable":true,"href":"https:\/\/www.blogsoestado.com\/danielmatos\/wp-json\/wp\/v2\/categories?post=95788"},{"taxonomy":"post_tag","embeddable":true,"href":"https:\/\/www.blogsoestado.com\/danielmatos\/wp-json\/wp\/v2\/tags?post=95788"}],"curies":[{"name":"wp","href":"https:\/\/api.w.org\/{rel}","templated":true}]}}