{"id":95792,"date":"2022-04-02T19:02:37","date_gmt":"2022-04-02T22:02:37","guid":{"rendered":"https:\/\/www.blogsoestado.com\/danielmatos\/?p=95792"},"modified":"2022-04-02T19:02:37","modified_gmt":"2022-04-02T22:02:37","slug":"novo-clipe-do-maranhense-andson-mendonca-mais-de-2-milhoes-de-visualizacoes-no-youtube","status":"publish","type":"post","link":"https:\/\/www.blogsoestado.com\/danielmatos\/novo-clipe-do-maranhense-andson-mendonca-mais-de-2-milhoes-de-visualizacoes-no-youtube\/","title":{"rendered":"Novo clipe do maranhense Andson Mendon\u00e7a tem mais de 2 milh\u00f5es de visualiza\u00e7\u00f5es no YouTube"},"content":{"rendered":"\n<p><em><strong><span class=\"has-inline-color has-vivid-red-color\">Cantor segue firme em seu projeto musical e se prepara para a temporada junina&nbsp;em S\u00e3o Lu\u00eds<\/span><\/strong><\/em><\/p>\n\n\n\n<div class=\"wp-block-image\"><figure class=\"aligncenter size-large\"><a href=\"https:\/\/www.blogsoestado.com\/danielmatos\/files\/2022\/04\/Screenshot_20220402-1855372.png\"><img decoding=\"async\" src=\"https:\/\/www.blogsoestado.com\/danielmatos\/files\/2022\/04\/Screenshot_20220402-1855372-492x1024.png\" alt=\"\" class=\"wp-image-95793\"\/><\/a><figcaption>Andson Mendon\u00e7a lan\u00e7ar\u00e1 clipe ser\u00e1 oficialmente neste m\u00eas de abril, durante festa a ser realizada na Delicata Eventos, na Avenida dos Holandeses,<\/figcaption><\/figure><\/div>\n\n\n\n<p><strong>S\u00e3o Lu\u00eds&nbsp;<\/strong>\u2013&nbsp;O clipe da<strong>&nbsp;<\/strong>m\u00fasica \u201cPix do Tamanho da Tua Saudade\u201d,&nbsp;do maranhense Andson Mendon\u00e7a, ex-Furac\u00e3o do Forr\u00f3,&nbsp;j\u00e1 contabiliza mais de 2 milh\u00f5es e 329 mil visualiza\u00e7\u00f5es&nbsp;no YouTube.&nbsp;Ele&nbsp;est\u00e1 em uma \u00f3tima fase da carreira e segue firme e forte levantando a bandeira do forr\u00f3, um dos mais contagiantes g\u00eaneros musicais do Brasil e uma das marcas registradas da regi\u00e3o Nordeste.<\/p>\n\n\n\n<p>Apresentando-se constantemente nos palcos de S\u00e3o Lu\u00eds e de outras cidades brasileiras, o artista cativa com suas apresenta\u00e7\u00f5es consistentes, fruto de sua voz firme e jeito descontra\u00eddo de interagir com o p\u00fablico.<\/p>\n\n\n\n<p>Neste m\u00eas de abril, o clipe ser\u00e1 lan\u00e7ado, oficialmente, durante festa a ser realizada na Delicata Eventos, na Avenida dos Holandeses, oportunidade em que ele executar\u00e1, tamb\u00e9m, outras m\u00fasicas de seu vasto repert\u00f3rio autoral, incluindo \u201cNovinha do Tik Tok\u201d e \u201cN\u00edvel Hard\u201d.<\/p>\n\n\n\n<p>Andson tamb\u00e9m se prepara para soltar a voz na temporada junina, per\u00edodo em que o forr\u00f3 se sobressai entre os demais ritmos.<\/p>\n\n\n\n<p><strong>Trajet\u00f3ria de conquistas<\/strong><\/p>\n\n\n\n<p>Determinado, o maranhense tem uma trajet\u00f3ria marcada por muitas conquistas. Ele come\u00e7ou a cantar aos 19 anos, destacando-se na banda Prakatum. Foi o ponto de partida para as incurs\u00f5es por outros projetos, como pelos grupos Fogo da Paix\u00e3o, Paix\u00e3o de Menina, Pegada de Solteiro, Forr\u00f3 da Patricinha e Forroz\u00e3o Free Lance, bandas por meio das quais conquistou ainda mais visibilidade no mercado musical.<\/p>\n\n\n\n<p>\u201cDepois dessas experi\u00eancias, criamos a banda Filhinho de Papai, um divisor de \u00e1guas na minha carreira. Foi quando gravei meu primeiro CD, em Fortaleza (CE), \u00e1lbum que virou febre em S\u00e3o Lu\u00eds\u201d, recorda o \u201cPlayboyz\u00e3o\u201d, como ficou conhecido, chegando a gravar m\u00fasica com Wesley Safad\u00e3o (\u201cSintomas de Amor\u201d).<\/p>\n\n\n\n<p><strong>Momentos marcantes<\/strong><\/p>\n\n\n\n<p>Andson Mendon\u00e7a coleciona can\u00e7\u00f5es autorais e momentos marcantes em S\u00e3o Lu\u00eds e alhures. Na capital, um exemplo foi a grava\u00e7\u00e3o de um DVD na casa de eventos Patrim\u00f4nio Show, que rendeu bilheteria esgotada.<\/p>\n\n\n\n<p>O portf\u00f3lio do artista \u00e9 recheado de experi\u00eancias que foram fundamentais para que ele alcan\u00e7asse a maturidade art\u00edstica que lhe garante tr\u00e1fego livre para novas conquistas.<\/p>\n\n\n\n<p>\u201cCantar \u00e9 a minha paix\u00e3o e o fa\u00e7o com prazer e satisfa\u00e7\u00e3o, sempre pensando no p\u00fablico que acompanha o meu trabalho e segue comigo nesta caminhada\u201d, finaliza.<\/p>\n","protected":false},"excerpt":{"rendered":"<p>Cantor segue firme em seu projeto musical e se prepara para a temporada junina&nbsp;em S\u00e3o Lu\u00eds S\u00e3o Lu\u00eds&nbsp;\u2013&nbsp;O clipe da&nbsp;m\u00fasica [&hellip;]<\/p>\n","protected":false},"author":0,"featured_media":0,"comment_status":"open","ping_status":"open","sticky":false,"template":"","format":"standard","meta":{"site-sidebar-layout":"default","site-content-layout":"","ast-site-content-layout":"default","site-content-style":"default","site-sidebar-style":"default","ast-global-header-display":"","ast-banner-title-visibility":"","ast-main-header-display":"","ast-hfb-above-header-display":"","ast-hfb-below-header-display":"","ast-hfb-mobile-header-display":"","site-post-title":"","ast-breadcrumbs-content":"","ast-featured-img":"","footer-sml-layout":"","ast-disable-related-posts":"","theme-transparent-header-meta":"","adv-header-id-meta":"","stick-header-meta":"","header-above-stick-meta":"","header-main-stick-meta":"","header-below-stick-meta":"","astra-migrate-meta-layouts":"default","ast-page-background-enabled":"default","ast-page-background-meta":{"desktop":{"background-color":"var(--ast-global-color-5)","background-image":"","background-repeat":"repeat","background-position":"center center","background-size":"auto","background-attachment":"scroll","background-type":"","background-media":"","overlay-type":"","overlay-color":"","overlay-opacity":"","overlay-gradient":""},"tablet":{"background-color":"","background-image":"","background-repeat":"repeat","background-position":"center center","background-size":"auto","background-attachment":"scroll","background-type":"","background-media":"","overlay-type":"","overlay-color":"","overlay-opacity":"","overlay-gradient":""},"mobile":{"background-color":"","background-image":"","background-repeat":"repeat","background-position":"center center","background-size":"auto","background-attachment":"scroll","background-type":"","background-media":"","overlay-type":"","overlay-color":"","overlay-opacity":"","overlay-gradient":""}},"ast-content-background-meta":{"desktop":{"background-color":"var(--ast-global-color-4)","background-image":"","background-repeat":"repeat","background-position":"center center","background-size":"auto","background-attachment":"scroll","background-type":"","background-media":"","overlay-type":"","overlay-color":"","overlay-opacity":"","overlay-gradient":""},"tablet":{"background-color":"var(--ast-global-color-4)","background-image":"","background-repeat":"repeat","background-position":"center center","background-size":"auto","background-attachment":"scroll","background-type":"","background-media":"","overlay-type":"","overlay-color":"","overlay-opacity":"","overlay-gradient":""},"mobile":{"background-color":"var(--ast-global-color-4)","background-image":"","background-repeat":"repeat","background-position":"center center","background-size":"auto","background-attachment":"scroll","background-type":"","background-media":"","overlay-type":"","overlay-color":"","overlay-opacity":"","overlay-gradient":""}},"footnotes":""},"categories":[1],"tags":[],"class_list":["post-95792","post","type-post","status-publish","format-standard","hentry","category-sem-categoria"],"yoast_head":"<!-- This site is optimized with the Yoast SEO plugin v26.6 - https:\/\/yoast.com\/wordpress\/plugins\/seo\/ -->\n<title>Novo clipe do maranhense Andson Mendon\u00e7a tem mais de 2 milh\u00f5es de visualiza\u00e7\u00f5es no YouTube - Daniel Matos<\/title>\n<meta name=\"robots\" content=\"index, follow, max-snippet:-1, max-image-preview:large, max-video-preview:-1\" \/>\n<link rel=\"canonical\" href=\"https:\/\/www.blogsoestado.com\/danielmatos\/novo-clipe-do-maranhense-andson-mendonca-mais-de-2-milhoes-de-visualizacoes-no-youtube\/\" \/>\n<meta property=\"og:locale\" content=\"pt_BR\" \/>\n<meta property=\"og:type\" content=\"article\" \/>\n<meta property=\"og:title\" content=\"Novo clipe do maranhense Andson Mendon\u00e7a tem mais de 2 milh\u00f5es de visualiza\u00e7\u00f5es no YouTube - Daniel Matos\" \/>\n<meta property=\"og:description\" content=\"Cantor segue firme em seu projeto musical e se prepara para a temporada junina&nbsp;em S\u00e3o Lu\u00eds S\u00e3o Lu\u00eds&nbsp;\u2013&nbsp;O clipe da&nbsp;m\u00fasica [&hellip;]\" \/>\n<meta property=\"og:url\" content=\"https:\/\/www.blogsoestado.com\/danielmatos\/novo-clipe-do-maranhense-andson-mendonca-mais-de-2-milhoes-de-visualizacoes-no-youtube\/\" \/>\n<meta property=\"og:site_name\" content=\"Daniel Matos\" \/>\n<meta property=\"article:published_time\" content=\"2022-04-02T22:02:37+00:00\" \/>\n<meta property=\"og:image\" content=\"https:\/\/www.blogsoestado.com\/danielmatos\/files\/2022\/04\/Screenshot_20220402-1855372-492x1024.png\" \/>\n<meta name=\"twitter:card\" content=\"summary_large_image\" \/>\n<meta name=\"twitter:label1\" content=\"Est. tempo de leitura\" \/>\n\t<meta name=\"twitter:data1\" content=\"2 minutos\" \/>\n<script type=\"application\/ld+json\" class=\"yoast-schema-graph\">{\"@context\":\"https:\/\/schema.org\",\"@graph\":[{\"@type\":\"WebPage\",\"@id\":\"https:\/\/www.blogsoestado.com\/danielmatos\/novo-clipe-do-maranhense-andson-mendonca-mais-de-2-milhoes-de-visualizacoes-no-youtube\/\",\"url\":\"https:\/\/www.blogsoestado.com\/danielmatos\/novo-clipe-do-maranhense-andson-mendonca-mais-de-2-milhoes-de-visualizacoes-no-youtube\/\",\"name\":\"Novo clipe do maranhense Andson Mendon\u00e7a tem mais de 2 milh\u00f5es de visualiza\u00e7\u00f5es no YouTube - Daniel Matos\",\"isPartOf\":{\"@id\":\"https:\/\/www.blogsoestado.com\/danielmatos\/#website\"},\"primaryImageOfPage\":{\"@id\":\"https:\/\/www.blogsoestado.com\/danielmatos\/novo-clipe-do-maranhense-andson-mendonca-mais-de-2-milhoes-de-visualizacoes-no-youtube\/#primaryimage\"},\"image\":{\"@id\":\"https:\/\/www.blogsoestado.com\/danielmatos\/novo-clipe-do-maranhense-andson-mendonca-mais-de-2-milhoes-de-visualizacoes-no-youtube\/#primaryimage\"},\"thumbnailUrl\":\"https:\/\/www.blogsoestado.com\/danielmatos\/files\/2022\/04\/Screenshot_20220402-1855372-492x1024.png\",\"datePublished\":\"2022-04-02T22:02:37+00:00\",\"author\":{\"@id\":\"\"},\"breadcrumb\":{\"@id\":\"https:\/\/www.blogsoestado.com\/danielmatos\/novo-clipe-do-maranhense-andson-mendonca-mais-de-2-milhoes-de-visualizacoes-no-youtube\/#breadcrumb\"},\"inLanguage\":\"pt-BR\",\"potentialAction\":[{\"@type\":\"ReadAction\",\"target\":[\"https:\/\/www.blogsoestado.com\/danielmatos\/novo-clipe-do-maranhense-andson-mendonca-mais-de-2-milhoes-de-visualizacoes-no-youtube\/\"]}]},{\"@type\":\"ImageObject\",\"inLanguage\":\"pt-BR\",\"@id\":\"https:\/\/www.blogsoestado.com\/danielmatos\/novo-clipe-do-maranhense-andson-mendonca-mais-de-2-milhoes-de-visualizacoes-no-youtube\/#primaryimage\",\"url\":\"https:\/\/www.blogsoestado.com\/danielmatos\/files\/2022\/04\/Screenshot_20220402-1855372-492x1024.png\",\"contentUrl\":\"https:\/\/www.blogsoestado.com\/danielmatos\/files\/2022\/04\/Screenshot_20220402-1855372-492x1024.png\"},{\"@type\":\"BreadcrumbList\",\"@id\":\"https:\/\/www.blogsoestado.com\/danielmatos\/novo-clipe-do-maranhense-andson-mendonca-mais-de-2-milhoes-de-visualizacoes-no-youtube\/#breadcrumb\",\"itemListElement\":[{\"@type\":\"ListItem\",\"position\":1,\"name\":\"In\u00edcio\",\"item\":\"https:\/\/www.blogsoestado.com\/danielmatos\/\"},{\"@type\":\"ListItem\",\"position\":2,\"name\":\"Novo clipe do maranhense Andson Mendon\u00e7a tem mais de 2 milh\u00f5es de visualiza\u00e7\u00f5es no YouTube\"}]},{\"@type\":\"WebSite\",\"@id\":\"https:\/\/www.blogsoestado.com\/danielmatos\/#website\",\"url\":\"https:\/\/www.blogsoestado.com\/danielmatos\/\",\"name\":\"Daniel Matos\",\"description\":\"\",\"potentialAction\":[{\"@type\":\"SearchAction\",\"target\":{\"@type\":\"EntryPoint\",\"urlTemplate\":\"https:\/\/www.blogsoestado.com\/danielmatos\/?s={search_term_string}\"},\"query-input\":{\"@type\":\"PropertyValueSpecification\",\"valueRequired\":true,\"valueName\":\"search_term_string\"}}],\"inLanguage\":\"pt-BR\"}]}<\/script>\n<!-- \/ Yoast SEO plugin. -->","yoast_head_json":{"title":"Novo clipe do maranhense Andson Mendon\u00e7a tem mais de 2 milh\u00f5es de visualiza\u00e7\u00f5es no YouTube - Daniel Matos","robots":{"index":"index","follow":"follow","max-snippet":"max-snippet:-1","max-image-preview":"max-image-preview:large","max-video-preview":"max-video-preview:-1"},"canonical":"https:\/\/www.blogsoestado.com\/danielmatos\/novo-clipe-do-maranhense-andson-mendonca-mais-de-2-milhoes-de-visualizacoes-no-youtube\/","og_locale":"pt_BR","og_type":"article","og_title":"Novo clipe do maranhense Andson Mendon\u00e7a tem mais de 2 milh\u00f5es de visualiza\u00e7\u00f5es no YouTube - Daniel Matos","og_description":"Cantor segue firme em seu projeto musical e se prepara para a temporada junina&nbsp;em S\u00e3o Lu\u00eds S\u00e3o Lu\u00eds&nbsp;\u2013&nbsp;O clipe da&nbsp;m\u00fasica [&hellip;]","og_url":"https:\/\/www.blogsoestado.com\/danielmatos\/novo-clipe-do-maranhense-andson-mendonca-mais-de-2-milhoes-de-visualizacoes-no-youtube\/","og_site_name":"Daniel Matos","article_published_time":"2022-04-02T22:02:37+00:00","og_image":[{"url":"https:\/\/www.blogsoestado.com\/danielmatos\/files\/2022\/04\/Screenshot_20220402-1855372-492x1024.png","type":"","width":"","height":""}],"twitter_card":"summary_large_image","twitter_misc":{"Est. tempo de leitura":"2 minutos"},"schema":{"@context":"https:\/\/schema.org","@graph":[{"@type":"WebPage","@id":"https:\/\/www.blogsoestado.com\/danielmatos\/novo-clipe-do-maranhense-andson-mendonca-mais-de-2-milhoes-de-visualizacoes-no-youtube\/","url":"https:\/\/www.blogsoestado.com\/danielmatos\/novo-clipe-do-maranhense-andson-mendonca-mais-de-2-milhoes-de-visualizacoes-no-youtube\/","name":"Novo clipe do maranhense Andson Mendon\u00e7a tem mais de 2 milh\u00f5es de visualiza\u00e7\u00f5es no YouTube - Daniel Matos","isPartOf":{"@id":"https:\/\/www.blogsoestado.com\/danielmatos\/#website"},"primaryImageOfPage":{"@id":"https:\/\/www.blogsoestado.com\/danielmatos\/novo-clipe-do-maranhense-andson-mendonca-mais-de-2-milhoes-de-visualizacoes-no-youtube\/#primaryimage"},"image":{"@id":"https:\/\/www.blogsoestado.com\/danielmatos\/novo-clipe-do-maranhense-andson-mendonca-mais-de-2-milhoes-de-visualizacoes-no-youtube\/#primaryimage"},"thumbnailUrl":"https:\/\/www.blogsoestado.com\/danielmatos\/files\/2022\/04\/Screenshot_20220402-1855372-492x1024.png","datePublished":"2022-04-02T22:02:37+00:00","author":{"@id":""},"breadcrumb":{"@id":"https:\/\/www.blogsoestado.com\/danielmatos\/novo-clipe-do-maranhense-andson-mendonca-mais-de-2-milhoes-de-visualizacoes-no-youtube\/#breadcrumb"},"inLanguage":"pt-BR","potentialAction":[{"@type":"ReadAction","target":["https:\/\/www.blogsoestado.com\/danielmatos\/novo-clipe-do-maranhense-andson-mendonca-mais-de-2-milhoes-de-visualizacoes-no-youtube\/"]}]},{"@type":"ImageObject","inLanguage":"pt-BR","@id":"https:\/\/www.blogsoestado.com\/danielmatos\/novo-clipe-do-maranhense-andson-mendonca-mais-de-2-milhoes-de-visualizacoes-no-youtube\/#primaryimage","url":"https:\/\/www.blogsoestado.com\/danielmatos\/files\/2022\/04\/Screenshot_20220402-1855372-492x1024.png","contentUrl":"https:\/\/www.blogsoestado.com\/danielmatos\/files\/2022\/04\/Screenshot_20220402-1855372-492x1024.png"},{"@type":"BreadcrumbList","@id":"https:\/\/www.blogsoestado.com\/danielmatos\/novo-clipe-do-maranhense-andson-mendonca-mais-de-2-milhoes-de-visualizacoes-no-youtube\/#breadcrumb","itemListElement":[{"@type":"ListItem","position":1,"name":"In\u00edcio","item":"https:\/\/www.blogsoestado.com\/danielmatos\/"},{"@type":"ListItem","position":2,"name":"Novo clipe do maranhense Andson Mendon\u00e7a tem mais de 2 milh\u00f5es de visualiza\u00e7\u00f5es no YouTube"}]},{"@type":"WebSite","@id":"https:\/\/www.blogsoestado.com\/danielmatos\/#website","url":"https:\/\/www.blogsoestado.com\/danielmatos\/","name":"Daniel Matos","description":"","potentialAction":[{"@type":"SearchAction","target":{"@type":"EntryPoint","urlTemplate":"https:\/\/www.blogsoestado.com\/danielmatos\/?s={search_term_string}"},"query-input":{"@type":"PropertyValueSpecification","valueRequired":true,"valueName":"search_term_string"}}],"inLanguage":"pt-BR"}]}},"jetpack_featured_media_url":"","_links":{"self":[{"href":"https:\/\/www.blogsoestado.com\/danielmatos\/wp-json\/wp\/v2\/posts\/95792","targetHints":{"allow":["GET"]}}],"collection":[{"href":"https:\/\/www.blogsoestado.com\/danielmatos\/wp-json\/wp\/v2\/posts"}],"about":[{"href":"https:\/\/www.blogsoestado.com\/danielmatos\/wp-json\/wp\/v2\/types\/post"}],"replies":[{"embeddable":true,"href":"https:\/\/www.blogsoestado.com\/danielmatos\/wp-json\/wp\/v2\/comments?post=95792"}],"version-history":[{"count":0,"href":"https:\/\/www.blogsoestado.com\/danielmatos\/wp-json\/wp\/v2\/posts\/95792\/revisions"}],"wp:attachment":[{"href":"https:\/\/www.blogsoestado.com\/danielmatos\/wp-json\/wp\/v2\/media?parent=95792"}],"wp:term":[{"taxonomy":"category","embeddable":true,"href":"https:\/\/www.blogsoestado.com\/danielmatos\/wp-json\/wp\/v2\/categories?post=95792"},{"taxonomy":"post_tag","embeddable":true,"href":"https:\/\/www.blogsoestado.com\/danielmatos\/wp-json\/wp\/v2\/tags?post=95792"}],"curies":[{"name":"wp","href":"https:\/\/api.w.org\/{rel}","templated":true}]}}