{"id":95801,"date":"2022-04-02T21:33:46","date_gmt":"2022-04-03T00:33:46","guid":{"rendered":"https:\/\/www.blogsoestado.com\/danielmatos\/?p=95801"},"modified":"2022-04-02T21:33:46","modified_gmt":"2022-04-03T00:33:46","slug":"assembleia-legislativa-empossa-carlos-brandao-no-cargo-de-governador-do-maranhao","status":"publish","type":"post","link":"https:\/\/www.blogsoestado.com\/danielmatos\/assembleia-legislativa-empossa-carlos-brandao-no-cargo-de-governador-do-maranhao\/","title":{"rendered":"Assembleia Legislativa empossa Carlos Brand\u00e3o no cargo de governador do Maranh\u00e3o"},"content":{"rendered":"\n<div class=\"wp-block-image\"><figure class=\"aligncenter size-large\"><a href=\"https:\/\/www.blogsoestado.com\/danielmatos\/files\/2022\/04\/Screenshot_20220402-2120382.png\"><img decoding=\"async\" src=\"https:\/\/www.blogsoestado.com\/danielmatos\/files\/2022\/04\/Screenshot_20220402-2120382.png\" alt=\"\" class=\"wp-image-95802\"\/><\/a><figcaption>Cerim\u00f4nia de posse de Carlos Brand\u00e3o como novo governador do Maranh\u00e3o, realizada sob o comando do presidente da Assembleia, Othelino Neto<\/figcaption><\/figure><\/div>\n\n\n\n<p>A Assembleia Legislativa do Maranh\u00e3o empossou Carlos Orleans Brand\u00e3o J\u00fanior no cargo de governador do Estado.\u00a0A sess\u00e3o solene de posse foi realizada na tarde deste s\u00e1bado (2), no Plen\u00e1rio Nagib Haickel, sob o comando do presidente da Casa, deputado Othelino Neto (PCdoB).<\/p>\n\n\n\n<p>A solenidade\u00a0foi iniciada com a leitura da Carta Ren\u00fancia do governador Fl\u00e1vio Dino, lida pela 1\u00aa secret\u00e1ria da Mesa Diretora, deputada Andreia Rezende (PSB), seguida do juramento \u00e0 Constitui\u00e7\u00e3o pelo empossado. O termo de posse foi assinado pelo presidente Othelino Neto, pelas deputadas Andreia Rezende (1\u00aa secret\u00e1ria da Mesa) e Cleide Coutinho (PDT), 2\u00aa secret\u00e1ria,\u00a0e, tamb\u00e9m, pelo novo governador. Ap\u00f3s a lavratura do ato, o chefe do\u00a0Parlamento Estadual declarou empossado Carlos Brand\u00e3o no cargo de governador do Maranh\u00e3o.\u00a0<\/p>\n\n\n\n<div class=\"wp-block-image\"><figure class=\"aligncenter size-large\"><a href=\"https:\/\/www.blogsoestado.com\/danielmatos\/files\/2022\/04\/Screenshot_20220402-2122102.png\"><img decoding=\"async\" src=\"https:\/\/www.blogsoestado.com\/danielmatos\/files\/2022\/04\/Screenshot_20220402-2122102.png\" alt=\"\" class=\"wp-image-95803\"\/><\/a><figcaption>Carlos Brand\u00e3o comemora ap\u00f3s assinatura do termo de posse, ao lado do presidente da Assembleia, Othelino Neto<\/figcaption><\/figure><\/div>\n\n\n\n<p>Tamb\u00e9m compuseram a Mesa o presidente do Tribunal de Justi\u00e7a do Estado, desembargador Lourival Serejo;\u00a0o presidente do Tribunal de Contas do Estado,\u00a0Washington Oliveira; os deputados federais M\u00e1rcio Jerry, representando a bancada federal maranhense; o corregedor Paulo Velten, presidente eleito do TJMA\u00a0; o procurador-geral de Justi\u00e7a, Eduardo Nicolau, e\u00a0o presidente da Ordem dos Advogados do Brasil no Maranh\u00e3o, Kaio Saraiva. Participaram ainda da solenidade o ex-governador Jos\u00e9 Reinaldo Tavares,\u00a0 os deputados federais Rubens Pereira J\u00fanior, Bira do Pindar\u00e9, Z\u00e9 Carlos e Andr\u00e9 Fufuca, al\u00e9m de deputados estaduais e de um grande n\u00famero de prefeitos, vereadores e l\u00edderes pol\u00edticos de todas as regi\u00f5es do Estado.<\/p>\n\n\n\n<p><strong>Exemplo para o Brasil<\/strong><\/p>\n\n\n\n<p>Na sess\u00e3o solene, Othelino Neto destacou que a rela\u00e7\u00e3o de harmonia e independ\u00eancia entre os Poderes \u00e9 um exemplo para o Brasil. Ele frisou que o Maranh\u00e3o d\u00e1 uma demonstra\u00e7\u00e3o para o pa\u00eds de rever\u00eancia ao Estado Democr\u00e1tico de Direito, quando os poderes dialogam e estabelecem essa rela\u00e7\u00e3o harmoniosa, conforme determina a Constitui\u00e7\u00e3o Federal replicada pela Carta Magna estadual.<\/p>\n\n\n\n<div class=\"wp-block-image\"><figure class=\"aligncenter size-large\"><a href=\"https:\/\/www.blogsoestado.com\/danielmatos\/files\/2022\/04\/Screenshot_20220402-2125472.png\"><img decoding=\"async\" src=\"https:\/\/www.blogsoestado.com\/danielmatos\/files\/2022\/04\/Screenshot_20220402-2125472.png\" alt=\"\" class=\"wp-image-95804\"\/><\/a><figcaption>Carlos Brand\u00e3o comemora ap\u00f3s assinatura do termo de posse, ao lado do presidente da Assembleia, Othelino Neto<\/figcaption><\/figure><\/div>\n\n\n\n<p>\u201cNunca \u00e9 demais reiterar que a Assembleia est\u00e1 de portas abertas para discutirmos os temas em comum aos poderes e de interesse da sociedade maranhense, assim como para receber e apreciar projetos de lei que visem \u00e0 melhoria do funcionamento tanto do Judici\u00e1rio quanto do Executivo\u201d, afirmou\u00a0Othelino.<\/p>\n\n\n\n<p><strong>Exemplo para o Brasil<\/strong><\/p>\n\n\n\n<p>Na sess\u00e3o solene, Othelino Neto destacou que a rela\u00e7\u00e3o de harmonia e independ\u00eancia entre os Poderes \u00e9 um exemplo para o Brasil. Ele frisou que o Maranh\u00e3o d\u00e1 uma demonstra\u00e7\u00e3o para o pa\u00eds de rever\u00eancia ao Estado Democr\u00e1tico de Direito, quando os poderes dialogam e estabelecem essa rela\u00e7\u00e3o harmoniosa, conforme determina a Constitui\u00e7\u00e3o Federal replicada pela Carta Magna estadual.<\/p>\n\n\n\n<div class=\"wp-block-image\"><figure class=\"aligncenter size-large\"><a href=\"https:\/\/www.blogsoestado.com\/danielmatos\/files\/2022\/04\/Screenshot_20220402-2129292.png\"><img decoding=\"async\" src=\"https:\/\/www.blogsoestado.com\/danielmatos\/files\/2022\/04\/Screenshot_20220402-2129292.png\" alt=\"\" class=\"wp-image-95805\"\/><\/a><figcaption>Em cerim\u00f4nia militar, no p\u00e1tio externo do Pal\u00e1cio Manuel Beckman, Carlos Brand\u00e3o e Othelino passam em revista \u00e0 tropa<\/figcaption><\/figure><\/div>\n\n\n\n<p>\u201cNunca \u00e9 demais reiterar que a Assembleia est\u00e1 de portas abertas para discutirmos os temas em comum aos poderes e de interesse da sociedade maranhense, assim como para receber e apreciar projetos de lei que visem \u00e0 melhoria do funcionamento tanto do Judici\u00e1rio quanto do Executivo\u201d, afirmou\u00a0Othelino.<\/p>\n\n\n\n<p><strong>Miss\u00e3o<\/strong><\/p>\n\n\n\n<p>Ao ocupar a tribuna, Carlos Brand\u00e3o proferiu um discurso de improviso. \u201cAssumo a responsabilidade de estar \u00e0 frente dos destinos do Maranh\u00e3o. Sei que ser\u00e1 uma tarefa dif\u00edcil, ainda mais sucedendo a um governo t\u00e3o exitoso como o comandado por Fl\u00e1vio Dino. No entanto, tenho certeza de que ser\u00e1 uma miss\u00e3o realizadora. Afinal, me preparei para este momento\u201d, disse.<\/p>\n\n\n\n<p>Brand\u00e3o fez um balan\u00e7o das realiza\u00e7\u00f5es do governador Fl\u00e1vio Dino e prometeu que far\u00e1 um governo justo, solid\u00e1rio, de oportunidades para todos e com a perspectiva de continuidade do trabalho de seu antecessor.<\/p>\n\n\n\n<div class=\"wp-block-image\"><figure class=\"aligncenter size-large\"><a href=\"https:\/\/www.blogsoestado.com\/danielmatos\/files\/2022\/04\/Screenshot_20220402-2130502.png\"><img decoding=\"async\" src=\"https:\/\/www.blogsoestado.com\/danielmatos\/files\/2022\/04\/Screenshot_20220402-2130502.png\" alt=\"\" class=\"wp-image-95806\"\/><\/a><figcaption>Othelino com sua esposa, Ana Paula Lobato, o governador Carlos Brand\u00e3o e sua esposa. Larissa Brand\u00e3o<\/figcaption><\/figure><\/div>\n\n\n\n<p>\u201cSeguiremos o caminho que come\u00e7ou a ser tra\u00e7ado por Fl\u00e1vio Dino. Trabalharemos garantindo e ampliando as conquistas. Serei um gestor\u00a0pr\u00f3ximo de nossa gente e com um olhar voltado para o desenvolvimento e a gera\u00e7\u00e3o de emprego e renda em nosso estado, buscando mais oportunidades para todos\u201d, afirmou.<\/p>\n\n\n\n<p>O governador frisou que acredita muito no Maranh\u00e3o. \u201cSei que podemos crescer para al\u00e9m do que imaginamos. Estamos montando uma equipe comprometida com resultados e visando ao bem comum. Agrade\u00e7o ao amigo Fl\u00e1vio Dino pelo trabalho incr\u00edvel que iniciou e, principalmente, pela forma de governar que implantou\u201d, ressaltou Brand\u00e3o.<\/p>\n\n\n\n<p>A solenidade foi&nbsp;encerrada ap\u00f3s a cerim\u00f4nia militar na \u00e1rea externa do Pal\u00e1cio Manuel Beckman.<\/p>\n","protected":false},"excerpt":{"rendered":"<p>A Assembleia Legislativa do Maranh\u00e3o empossou Carlos Orleans Brand\u00e3o J\u00fanior no cargo de governador do Estado.\u00a0A sess\u00e3o solene de posse [&hellip;]<\/p>\n","protected":false},"author":0,"featured_media":0,"comment_status":"open","ping_status":"open","sticky":false,"template":"","format":"standard","meta":{"site-sidebar-layout":"default","site-content-layout":"","ast-site-content-layout":"default","site-content-style":"default","site-sidebar-style":"default","ast-global-header-display":"","ast-banner-title-visibility":"","ast-main-header-display":"","ast-hfb-above-header-display":"","ast-hfb-below-header-display":"","ast-hfb-mobile-header-display":"","site-post-title":"","ast-breadcrumbs-content":"","ast-featured-img":"","footer-sml-layout":"","ast-disable-related-posts":"","theme-transparent-header-meta":"","adv-header-id-meta":"","stick-header-meta":"","header-above-stick-meta":"","header-main-stick-meta":"","header-below-stick-meta":"","astra-migrate-meta-layouts":"default","ast-page-background-enabled":"default","ast-page-background-meta":{"desktop":{"background-color":"var(--ast-global-color-5)","background-image":"","background-repeat":"repeat","background-position":"center center","background-size":"auto","background-attachment":"scroll","background-type":"","background-media":"","overlay-type":"","overlay-color":"","overlay-opacity":"","overlay-gradient":""},"tablet":{"background-color":"","background-image":"","background-repeat":"repeat","background-position":"center center","background-size":"auto","background-attachment":"scroll","background-type":"","background-media":"","overlay-type":"","overlay-color":"","overlay-opacity":"","overlay-gradient":""},"mobile":{"background-color":"","background-image":"","background-repeat":"repeat","background-position":"center center","background-size":"auto","background-attachment":"scroll","background-type":"","background-media":"","overlay-type":"","overlay-color":"","overlay-opacity":"","overlay-gradient":""}},"ast-content-background-meta":{"desktop":{"background-color":"var(--ast-global-color-4)","background-image":"","background-repeat":"repeat","background-position":"center center","background-size":"auto","background-attachment":"scroll","background-type":"","background-media":"","overlay-type":"","overlay-color":"","overlay-opacity":"","overlay-gradient":""},"tablet":{"background-color":"var(--ast-global-color-4)","background-image":"","background-repeat":"repeat","background-position":"center center","background-size":"auto","background-attachment":"scroll","background-type":"","background-media":"","overlay-type":"","overlay-color":"","overlay-opacity":"","overlay-gradient":""},"mobile":{"background-color":"var(--ast-global-color-4)","background-image":"","background-repeat":"repeat","background-position":"center center","background-size":"auto","background-attachment":"scroll","background-type":"","background-media":"","overlay-type":"","overlay-color":"","overlay-opacity":"","overlay-gradient":""}},"footnotes":""},"categories":[1],"tags":[],"class_list":["post-95801","post","type-post","status-publish","format-standard","hentry","category-sem-categoria"],"yoast_head":"<!-- This site is optimized with the Yoast SEO plugin v26.6 - https:\/\/yoast.com\/wordpress\/plugins\/seo\/ -->\n<title>Assembleia Legislativa empossa Carlos Brand\u00e3o no cargo de governador do Maranh\u00e3o - Daniel Matos<\/title>\n<meta name=\"robots\" content=\"index, follow, max-snippet:-1, max-image-preview:large, max-video-preview:-1\" \/>\n<link rel=\"canonical\" href=\"https:\/\/www.blogsoestado.com\/danielmatos\/assembleia-legislativa-empossa-carlos-brandao-no-cargo-de-governador-do-maranhao\/\" \/>\n<meta property=\"og:locale\" content=\"pt_BR\" \/>\n<meta property=\"og:type\" content=\"article\" \/>\n<meta property=\"og:title\" content=\"Assembleia Legislativa empossa Carlos Brand\u00e3o no cargo de governador do Maranh\u00e3o - Daniel Matos\" \/>\n<meta property=\"og:description\" content=\"A Assembleia Legislativa do Maranh\u00e3o empossou Carlos Orleans Brand\u00e3o J\u00fanior no cargo de governador do Estado.\u00a0A sess\u00e3o solene de posse [&hellip;]\" \/>\n<meta property=\"og:url\" content=\"https:\/\/www.blogsoestado.com\/danielmatos\/assembleia-legislativa-empossa-carlos-brandao-no-cargo-de-governador-do-maranhao\/\" \/>\n<meta property=\"og:site_name\" content=\"Daniel Matos\" \/>\n<meta property=\"article:published_time\" content=\"2022-04-03T00:33:46+00:00\" \/>\n<meta property=\"og:image\" content=\"https:\/\/www.blogsoestado.com\/danielmatos\/files\/2022\/04\/Screenshot_20220402-2120382.png\" \/>\n<meta name=\"twitter:card\" content=\"summary_large_image\" \/>\n<meta name=\"twitter:label1\" content=\"Est. tempo de leitura\" \/>\n\t<meta name=\"twitter:data1\" content=\"5 minutos\" \/>\n<script type=\"application\/ld+json\" class=\"yoast-schema-graph\">{\"@context\":\"https:\/\/schema.org\",\"@graph\":[{\"@type\":\"WebPage\",\"@id\":\"https:\/\/www.blogsoestado.com\/danielmatos\/assembleia-legislativa-empossa-carlos-brandao-no-cargo-de-governador-do-maranhao\/\",\"url\":\"https:\/\/www.blogsoestado.com\/danielmatos\/assembleia-legislativa-empossa-carlos-brandao-no-cargo-de-governador-do-maranhao\/\",\"name\":\"Assembleia Legislativa empossa Carlos Brand\u00e3o no cargo de governador do Maranh\u00e3o - Daniel Matos\",\"isPartOf\":{\"@id\":\"https:\/\/www.blogsoestado.com\/danielmatos\/#website\"},\"primaryImageOfPage\":{\"@id\":\"https:\/\/www.blogsoestado.com\/danielmatos\/assembleia-legislativa-empossa-carlos-brandao-no-cargo-de-governador-do-maranhao\/#primaryimage\"},\"image\":{\"@id\":\"https:\/\/www.blogsoestado.com\/danielmatos\/assembleia-legislativa-empossa-carlos-brandao-no-cargo-de-governador-do-maranhao\/#primaryimage\"},\"thumbnailUrl\":\"https:\/\/www.blogsoestado.com\/danielmatos\/files\/2022\/04\/Screenshot_20220402-2120382.png\",\"datePublished\":\"2022-04-03T00:33:46+00:00\",\"author\":{\"@id\":\"\"},\"breadcrumb\":{\"@id\":\"https:\/\/www.blogsoestado.com\/danielmatos\/assembleia-legislativa-empossa-carlos-brandao-no-cargo-de-governador-do-maranhao\/#breadcrumb\"},\"inLanguage\":\"pt-BR\",\"potentialAction\":[{\"@type\":\"ReadAction\",\"target\":[\"https:\/\/www.blogsoestado.com\/danielmatos\/assembleia-legislativa-empossa-carlos-brandao-no-cargo-de-governador-do-maranhao\/\"]}]},{\"@type\":\"ImageObject\",\"inLanguage\":\"pt-BR\",\"@id\":\"https:\/\/www.blogsoestado.com\/danielmatos\/assembleia-legislativa-empossa-carlos-brandao-no-cargo-de-governador-do-maranhao\/#primaryimage\",\"url\":\"https:\/\/www.blogsoestado.com\/danielmatos\/files\/2022\/04\/Screenshot_20220402-2120382.png\",\"contentUrl\":\"https:\/\/www.blogsoestado.com\/danielmatos\/files\/2022\/04\/Screenshot_20220402-2120382.png\"},{\"@type\":\"BreadcrumbList\",\"@id\":\"https:\/\/www.blogsoestado.com\/danielmatos\/assembleia-legislativa-empossa-carlos-brandao-no-cargo-de-governador-do-maranhao\/#breadcrumb\",\"itemListElement\":[{\"@type\":\"ListItem\",\"position\":1,\"name\":\"In\u00edcio\",\"item\":\"https:\/\/www.blogsoestado.com\/danielmatos\/\"},{\"@type\":\"ListItem\",\"position\":2,\"name\":\"Assembleia Legislativa empossa Carlos Brand\u00e3o no cargo de governador do Maranh\u00e3o\"}]},{\"@type\":\"WebSite\",\"@id\":\"https:\/\/www.blogsoestado.com\/danielmatos\/#website\",\"url\":\"https:\/\/www.blogsoestado.com\/danielmatos\/\",\"name\":\"Daniel Matos\",\"description\":\"\",\"potentialAction\":[{\"@type\":\"SearchAction\",\"target\":{\"@type\":\"EntryPoint\",\"urlTemplate\":\"https:\/\/www.blogsoestado.com\/danielmatos\/?s={search_term_string}\"},\"query-input\":{\"@type\":\"PropertyValueSpecification\",\"valueRequired\":true,\"valueName\":\"search_term_string\"}}],\"inLanguage\":\"pt-BR\"}]}<\/script>\n<!-- \/ Yoast SEO plugin. -->","yoast_head_json":{"title":"Assembleia Legislativa empossa Carlos Brand\u00e3o no cargo de governador do Maranh\u00e3o - Daniel Matos","robots":{"index":"index","follow":"follow","max-snippet":"max-snippet:-1","max-image-preview":"max-image-preview:large","max-video-preview":"max-video-preview:-1"},"canonical":"https:\/\/www.blogsoestado.com\/danielmatos\/assembleia-legislativa-empossa-carlos-brandao-no-cargo-de-governador-do-maranhao\/","og_locale":"pt_BR","og_type":"article","og_title":"Assembleia Legislativa empossa Carlos Brand\u00e3o no cargo de governador do Maranh\u00e3o - Daniel Matos","og_description":"A Assembleia Legislativa do Maranh\u00e3o empossou Carlos Orleans Brand\u00e3o J\u00fanior no cargo de governador do Estado.\u00a0A sess\u00e3o solene de posse [&hellip;]","og_url":"https:\/\/www.blogsoestado.com\/danielmatos\/assembleia-legislativa-empossa-carlos-brandao-no-cargo-de-governador-do-maranhao\/","og_site_name":"Daniel Matos","article_published_time":"2022-04-03T00:33:46+00:00","og_image":[{"url":"https:\/\/www.blogsoestado.com\/danielmatos\/files\/2022\/04\/Screenshot_20220402-2120382.png","type":"","width":"","height":""}],"twitter_card":"summary_large_image","twitter_misc":{"Est. tempo de leitura":"5 minutos"},"schema":{"@context":"https:\/\/schema.org","@graph":[{"@type":"WebPage","@id":"https:\/\/www.blogsoestado.com\/danielmatos\/assembleia-legislativa-empossa-carlos-brandao-no-cargo-de-governador-do-maranhao\/","url":"https:\/\/www.blogsoestado.com\/danielmatos\/assembleia-legislativa-empossa-carlos-brandao-no-cargo-de-governador-do-maranhao\/","name":"Assembleia Legislativa empossa Carlos Brand\u00e3o no cargo de governador do Maranh\u00e3o - Daniel Matos","isPartOf":{"@id":"https:\/\/www.blogsoestado.com\/danielmatos\/#website"},"primaryImageOfPage":{"@id":"https:\/\/www.blogsoestado.com\/danielmatos\/assembleia-legislativa-empossa-carlos-brandao-no-cargo-de-governador-do-maranhao\/#primaryimage"},"image":{"@id":"https:\/\/www.blogsoestado.com\/danielmatos\/assembleia-legislativa-empossa-carlos-brandao-no-cargo-de-governador-do-maranhao\/#primaryimage"},"thumbnailUrl":"https:\/\/www.blogsoestado.com\/danielmatos\/files\/2022\/04\/Screenshot_20220402-2120382.png","datePublished":"2022-04-03T00:33:46+00:00","author":{"@id":""},"breadcrumb":{"@id":"https:\/\/www.blogsoestado.com\/danielmatos\/assembleia-legislativa-empossa-carlos-brandao-no-cargo-de-governador-do-maranhao\/#breadcrumb"},"inLanguage":"pt-BR","potentialAction":[{"@type":"ReadAction","target":["https:\/\/www.blogsoestado.com\/danielmatos\/assembleia-legislativa-empossa-carlos-brandao-no-cargo-de-governador-do-maranhao\/"]}]},{"@type":"ImageObject","inLanguage":"pt-BR","@id":"https:\/\/www.blogsoestado.com\/danielmatos\/assembleia-legislativa-empossa-carlos-brandao-no-cargo-de-governador-do-maranhao\/#primaryimage","url":"https:\/\/www.blogsoestado.com\/danielmatos\/files\/2022\/04\/Screenshot_20220402-2120382.png","contentUrl":"https:\/\/www.blogsoestado.com\/danielmatos\/files\/2022\/04\/Screenshot_20220402-2120382.png"},{"@type":"BreadcrumbList","@id":"https:\/\/www.blogsoestado.com\/danielmatos\/assembleia-legislativa-empossa-carlos-brandao-no-cargo-de-governador-do-maranhao\/#breadcrumb","itemListElement":[{"@type":"ListItem","position":1,"name":"In\u00edcio","item":"https:\/\/www.blogsoestado.com\/danielmatos\/"},{"@type":"ListItem","position":2,"name":"Assembleia Legislativa empossa Carlos Brand\u00e3o no cargo de governador do Maranh\u00e3o"}]},{"@type":"WebSite","@id":"https:\/\/www.blogsoestado.com\/danielmatos\/#website","url":"https:\/\/www.blogsoestado.com\/danielmatos\/","name":"Daniel Matos","description":"","potentialAction":[{"@type":"SearchAction","target":{"@type":"EntryPoint","urlTemplate":"https:\/\/www.blogsoestado.com\/danielmatos\/?s={search_term_string}"},"query-input":{"@type":"PropertyValueSpecification","valueRequired":true,"valueName":"search_term_string"}}],"inLanguage":"pt-BR"}]}},"jetpack_featured_media_url":"","_links":{"self":[{"href":"https:\/\/www.blogsoestado.com\/danielmatos\/wp-json\/wp\/v2\/posts\/95801","targetHints":{"allow":["GET"]}}],"collection":[{"href":"https:\/\/www.blogsoestado.com\/danielmatos\/wp-json\/wp\/v2\/posts"}],"about":[{"href":"https:\/\/www.blogsoestado.com\/danielmatos\/wp-json\/wp\/v2\/types\/post"}],"replies":[{"embeddable":true,"href":"https:\/\/www.blogsoestado.com\/danielmatos\/wp-json\/wp\/v2\/comments?post=95801"}],"version-history":[{"count":0,"href":"https:\/\/www.blogsoestado.com\/danielmatos\/wp-json\/wp\/v2\/posts\/95801\/revisions"}],"wp:attachment":[{"href":"https:\/\/www.blogsoestado.com\/danielmatos\/wp-json\/wp\/v2\/media?parent=95801"}],"wp:term":[{"taxonomy":"category","embeddable":true,"href":"https:\/\/www.blogsoestado.com\/danielmatos\/wp-json\/wp\/v2\/categories?post=95801"},{"taxonomy":"post_tag","embeddable":true,"href":"https:\/\/www.blogsoestado.com\/danielmatos\/wp-json\/wp\/v2\/tags?post=95801"}],"curies":[{"name":"wp","href":"https:\/\/api.w.org\/{rel}","templated":true}]}}