{"id":95830,"date":"2022-04-05T09:50:31","date_gmt":"2022-04-05T12:50:31","guid":{"rendered":"https:\/\/www.blogsoestado.com\/danielmatos\/?p=95830"},"modified":"2022-04-05T09:50:31","modified_gmt":"2022-04-05T12:50:31","slug":"depois-de-um-grande-trabalho-junior-vieira-se-afasta-da-semsa-para-disputar-cargo-eletivo","status":"publish","type":"post","link":"https:\/\/www.blogsoestado.com\/danielmatos\/depois-de-um-grande-trabalho-junior-vieira-se-afasta-da-semsa-para-disputar-cargo-eletivo\/","title":{"rendered":"Depois de um grande trabalho, J\u00fanior Vieira se afasta da SEMSA para disputar cargo eletivo"},"content":{"rendered":"\n<div class=\"wp-block-image\"><figure class=\"aligncenter size-large\"><a href=\"https:\/\/www.blogsoestado.com\/danielmatos\/files\/2022\/04\/Screenshot_20220405-0945372.png\"><img decoding=\"async\" src=\"https:\/\/www.blogsoestado.com\/danielmatos\/files\/2022\/04\/Screenshot_20220405-0945372.png\" alt=\"\" class=\"wp-image-95831\"\/><\/a><figcaption>A agora ex-secret\u00e1rio municipal de Seguran\u00e7a Alimentar e pr\u00e9-candidato a deputado estadual, J\u00fanior Vieira, com o prefeito Eduardo Braide<\/figcaption><\/figure><\/div>\n\n\n\n<p>Ap\u00f3s uma gest\u00e3o eficiente&nbsp; no comando da secretaria municipal de Seguran\u00e7a Alimentar, o ex-secret\u00e1rio J\u00fanior Vieira se afasta da Semsa para disputar o cargo de deputado estadual pelo PSC, nas elei\u00e7\u00f5es 2022. O jovem promissor se destacou por ser um dos melhores secret\u00e1rios da Gest\u00e3o Braide,&nbsp; na Prefeitura de S\u00e3o Lu\u00eds.<\/p>\n\n\n\n<p>No comando da Semsa, J\u00fanior Vieira implantou o maior programa de distribui\u00e7\u00e3o de alimentos da hist\u00f3ria de S\u00e3o Lu\u00eds (veja dados abaixo).<\/p>\n\n\n\n<p>Em suas m\u00eddias sociais, ele agradeceu o prefeito Eduardo Braide pela confian\u00e7a e oportunidade de gerir a secretaria.<\/p>\n\n\n\n<p>&#8220;A gratid\u00e3o \u00e9 a m\u00e3e de todas as virtudes. Agrade\u00e7o imensamente todo o apoio e confian\u00e7a do prefeito Eduardo Braide. Comandar a Semsa foi uma experi\u00eancia enriquecedora, que marcou a minha vida. Foi uma honra fazer parte da gest\u00e3o Braide! Uma administra\u00e7\u00e3o que luta diariamente por uma S\u00e3o Lu\u00eds mais humana&#8221;, agradeceu.<\/p>\n\n\n\n<p>J\u00fanior Vieira explicou que o convite para disputar o cargo eletivo foi feito por um grupo de amigos pol\u00edticos, liderado pelo deputado federal Alu\u00edsio Mendes.<\/p>\n\n\n\n<p>O grupo encontrou no ex &#8211; secret\u00e1rio de destaque da Gest\u00e3o Braide, um grande potencial para disputar as elei\u00e7\u00f5es de 2022.<\/p>\n\n\n\n<p>&#8220;Me sinto muito feliz e honrado com esse convite. Estou preparado para lutar mais pelo nosso Maranh\u00e3o. E meu desejo \u00e9 levar esse trabalho mais humano de cuidar das pessoas para todo o nosso Estado. Quero construir um projeto ao lado da nossa popula\u00e7\u00e3o, com di\u00e1logo, seriedade e muita dedica\u00e7\u00e3o. Fa\u00e7o esse compromisso com todos voc\u00eas. Coloco o meu nome \u00e0 disposi\u00e7\u00e3o para defender os interesses de todo o povo maranhense.<br>Com a prote\u00e7\u00e3o do nosso bom Deus, vamos em frente&#8221;, disse J\u00fanior Vieira.<\/p>\n\n\n\n<p>O prefeito Eduardo Braide anunciou que Nirvana Anchieta \u00e9 a nova titular da Semsa.<\/p>\n\n\n\n<ul class=\"wp-block-list\"><li>S\u00e3o Lu\u00eds \u00e9 destaque nacional no combate \u00e0 fome<\/li><\/ul>\n\n\n\n<p>J\u00fanior Vieira assumiu a Semsa logo ap\u00f3s a posse do prefeito Eduardo Braide em 2020.<\/p>\n\n\n\n<p>Durante um ano e quatro meses de trabalho, ele deu uma nova roupagem para a Semsa, tornando a secretaria uma ferramenta estrat\u00e9gica da Gest\u00e3o Braide no combate \u00e0 fome em S\u00e3o Lu\u00eds.<\/p>\n\n\n\n<p>Sob a lideran\u00e7a do secret\u00e1rio J\u00fanior Vieira,&nbsp; a Semsa beneficou<br>33 mil fam\u00edlias somente com os alimentos comprados da agricultura familiar.<\/p>\n\n\n\n<p>Da parceria com o Minist\u00e9rio da Cidadania,&nbsp; a Semsa ampliou o Programa Alimenta Brasil, antigo PAA &#8211;&nbsp; Programa de Aquisi\u00e7\u00e3o de Alimentos. Saiu de 93 agricultores para alcan\u00e7ar a marca de 400 agricultores,&nbsp;&nbsp; beneficiados com a compra de seus produtos pela Prefeitura. Algo in\u00e9dito na cidade.<\/p>\n\n\n\n<p>Em outra frente de combate \u00e0 fome, distribuiu mais de 5.000 mil cestas de alimentos \u00e0s fam\u00edlias em situa\u00e7\u00e3o de risco em diversos bairros da capital.<\/p>\n\n\n\n<p>E para aproximar a Semsa da popula\u00e7\u00e3o,&nbsp; J\u00fanior Vieira tamb\u00e9m foi o respons\u00e1vel pela inaugura\u00e7\u00e3o da nova sede da secretaria. O pr\u00e9dio est\u00e1 localizado na Avenida Jo\u00e3o Pessoa, n\u00ba 280, bairro Cutim-Anil.<\/p>\n","protected":false},"excerpt":{"rendered":"<p>Ap\u00f3s uma gest\u00e3o eficiente&nbsp; no comando da secretaria municipal de Seguran\u00e7a Alimentar, o ex-secret\u00e1rio J\u00fanior Vieira se afasta da Semsa [&hellip;]<\/p>\n","protected":false},"author":0,"featured_media":0,"comment_status":"open","ping_status":"open","sticky":false,"template":"","format":"standard","meta":{"site-sidebar-layout":"default","site-content-layout":"","ast-site-content-layout":"default","site-content-style":"default","site-sidebar-style":"default","ast-global-header-display":"","ast-banner-title-visibility":"","ast-main-header-display":"","ast-hfb-above-header-display":"","ast-hfb-below-header-display":"","ast-hfb-mobile-header-display":"","site-post-title":"","ast-breadcrumbs-content":"","ast-featured-img":"","footer-sml-layout":"","ast-disable-related-posts":"","theme-transparent-header-meta":"","adv-header-id-meta":"","stick-header-meta":"","header-above-stick-meta":"","header-main-stick-meta":"","header-below-stick-meta":"","astra-migrate-meta-layouts":"default","ast-page-background-enabled":"default","ast-page-background-meta":{"desktop":{"background-color":"var(--ast-global-color-5)","background-image":"","background-repeat":"repeat","background-position":"center center","background-size":"auto","background-attachment":"scroll","background-type":"","background-media":"","overlay-type":"","overlay-color":"","overlay-opacity":"","overlay-gradient":""},"tablet":{"background-color":"","background-image":"","background-repeat":"repeat","background-position":"center center","background-size":"auto","background-attachment":"scroll","background-type":"","background-media":"","overlay-type":"","overlay-color":"","overlay-opacity":"","overlay-gradient":""},"mobile":{"background-color":"","background-image":"","background-repeat":"repeat","background-position":"center center","background-size":"auto","background-attachment":"scroll","background-type":"","background-media":"","overlay-type":"","overlay-color":"","overlay-opacity":"","overlay-gradient":""}},"ast-content-background-meta":{"desktop":{"background-color":"var(--ast-global-color-4)","background-image":"","background-repeat":"repeat","background-position":"center center","background-size":"auto","background-attachment":"scroll","background-type":"","background-media":"","overlay-type":"","overlay-color":"","overlay-opacity":"","overlay-gradient":""},"tablet":{"background-color":"var(--ast-global-color-4)","background-image":"","background-repeat":"repeat","background-position":"center center","background-size":"auto","background-attachment":"scroll","background-type":"","background-media":"","overlay-type":"","overlay-color":"","overlay-opacity":"","overlay-gradient":""},"mobile":{"background-color":"var(--ast-global-color-4)","background-image":"","background-repeat":"repeat","background-position":"center center","background-size":"auto","background-attachment":"scroll","background-type":"","background-media":"","overlay-type":"","overlay-color":"","overlay-opacity":"","overlay-gradient":""}},"footnotes":""},"categories":[1],"tags":[],"class_list":["post-95830","post","type-post","status-publish","format-standard","hentry","category-sem-categoria"],"yoast_head":"<!-- This site is optimized with the Yoast SEO plugin v26.6 - https:\/\/yoast.com\/wordpress\/plugins\/seo\/ -->\n<title>Depois de um grande trabalho, J\u00fanior Vieira se afasta da SEMSA para disputar cargo eletivo - Daniel Matos<\/title>\n<meta name=\"robots\" content=\"index, follow, max-snippet:-1, max-image-preview:large, max-video-preview:-1\" \/>\n<link rel=\"canonical\" href=\"https:\/\/www.blogsoestado.com\/danielmatos\/depois-de-um-grande-trabalho-junior-vieira-se-afasta-da-semsa-para-disputar-cargo-eletivo\/\" \/>\n<meta property=\"og:locale\" content=\"pt_BR\" \/>\n<meta property=\"og:type\" content=\"article\" \/>\n<meta property=\"og:title\" content=\"Depois de um grande trabalho, J\u00fanior Vieira se afasta da SEMSA para disputar cargo eletivo - Daniel Matos\" \/>\n<meta property=\"og:description\" content=\"Ap\u00f3s uma gest\u00e3o eficiente&nbsp; no comando da secretaria municipal de Seguran\u00e7a Alimentar, o ex-secret\u00e1rio J\u00fanior Vieira se afasta da Semsa [&hellip;]\" \/>\n<meta property=\"og:url\" content=\"https:\/\/www.blogsoestado.com\/danielmatos\/depois-de-um-grande-trabalho-junior-vieira-se-afasta-da-semsa-para-disputar-cargo-eletivo\/\" \/>\n<meta property=\"og:site_name\" content=\"Daniel Matos\" \/>\n<meta property=\"article:published_time\" content=\"2022-04-05T12:50:31+00:00\" \/>\n<meta property=\"og:image\" content=\"https:\/\/www.blogsoestado.com\/danielmatos\/files\/2022\/04\/Screenshot_20220405-0945372.png\" \/>\n<meta name=\"twitter:card\" content=\"summary_large_image\" \/>\n<meta name=\"twitter:label1\" content=\"Est. tempo de leitura\" \/>\n\t<meta name=\"twitter:data1\" content=\"3 minutos\" \/>\n<script type=\"application\/ld+json\" class=\"yoast-schema-graph\">{\"@context\":\"https:\/\/schema.org\",\"@graph\":[{\"@type\":\"WebPage\",\"@id\":\"https:\/\/www.blogsoestado.com\/danielmatos\/depois-de-um-grande-trabalho-junior-vieira-se-afasta-da-semsa-para-disputar-cargo-eletivo\/\",\"url\":\"https:\/\/www.blogsoestado.com\/danielmatos\/depois-de-um-grande-trabalho-junior-vieira-se-afasta-da-semsa-para-disputar-cargo-eletivo\/\",\"name\":\"Depois de um grande trabalho, J\u00fanior Vieira se afasta da SEMSA para disputar cargo eletivo - Daniel Matos\",\"isPartOf\":{\"@id\":\"https:\/\/www.blogsoestado.com\/danielmatos\/#website\"},\"primaryImageOfPage\":{\"@id\":\"https:\/\/www.blogsoestado.com\/danielmatos\/depois-de-um-grande-trabalho-junior-vieira-se-afasta-da-semsa-para-disputar-cargo-eletivo\/#primaryimage\"},\"image\":{\"@id\":\"https:\/\/www.blogsoestado.com\/danielmatos\/depois-de-um-grande-trabalho-junior-vieira-se-afasta-da-semsa-para-disputar-cargo-eletivo\/#primaryimage\"},\"thumbnailUrl\":\"https:\/\/www.blogsoestado.com\/danielmatos\/files\/2022\/04\/Screenshot_20220405-0945372.png\",\"datePublished\":\"2022-04-05T12:50:31+00:00\",\"author\":{\"@id\":\"\"},\"breadcrumb\":{\"@id\":\"https:\/\/www.blogsoestado.com\/danielmatos\/depois-de-um-grande-trabalho-junior-vieira-se-afasta-da-semsa-para-disputar-cargo-eletivo\/#breadcrumb\"},\"inLanguage\":\"pt-BR\",\"potentialAction\":[{\"@type\":\"ReadAction\",\"target\":[\"https:\/\/www.blogsoestado.com\/danielmatos\/depois-de-um-grande-trabalho-junior-vieira-se-afasta-da-semsa-para-disputar-cargo-eletivo\/\"]}]},{\"@type\":\"ImageObject\",\"inLanguage\":\"pt-BR\",\"@id\":\"https:\/\/www.blogsoestado.com\/danielmatos\/depois-de-um-grande-trabalho-junior-vieira-se-afasta-da-semsa-para-disputar-cargo-eletivo\/#primaryimage\",\"url\":\"https:\/\/www.blogsoestado.com\/danielmatos\/files\/2022\/04\/Screenshot_20220405-0945372.png\",\"contentUrl\":\"https:\/\/www.blogsoestado.com\/danielmatos\/files\/2022\/04\/Screenshot_20220405-0945372.png\"},{\"@type\":\"BreadcrumbList\",\"@id\":\"https:\/\/www.blogsoestado.com\/danielmatos\/depois-de-um-grande-trabalho-junior-vieira-se-afasta-da-semsa-para-disputar-cargo-eletivo\/#breadcrumb\",\"itemListElement\":[{\"@type\":\"ListItem\",\"position\":1,\"name\":\"In\u00edcio\",\"item\":\"https:\/\/www.blogsoestado.com\/danielmatos\/\"},{\"@type\":\"ListItem\",\"position\":2,\"name\":\"Depois de um grande trabalho, J\u00fanior Vieira se afasta da SEMSA para disputar cargo eletivo\"}]},{\"@type\":\"WebSite\",\"@id\":\"https:\/\/www.blogsoestado.com\/danielmatos\/#website\",\"url\":\"https:\/\/www.blogsoestado.com\/danielmatos\/\",\"name\":\"Daniel Matos\",\"description\":\"\",\"potentialAction\":[{\"@type\":\"SearchAction\",\"target\":{\"@type\":\"EntryPoint\",\"urlTemplate\":\"https:\/\/www.blogsoestado.com\/danielmatos\/?s={search_term_string}\"},\"query-input\":{\"@type\":\"PropertyValueSpecification\",\"valueRequired\":true,\"valueName\":\"search_term_string\"}}],\"inLanguage\":\"pt-BR\"}]}<\/script>\n<!-- \/ Yoast SEO plugin. -->","yoast_head_json":{"title":"Depois de um grande trabalho, J\u00fanior Vieira se afasta da SEMSA para disputar cargo eletivo - Daniel Matos","robots":{"index":"index","follow":"follow","max-snippet":"max-snippet:-1","max-image-preview":"max-image-preview:large","max-video-preview":"max-video-preview:-1"},"canonical":"https:\/\/www.blogsoestado.com\/danielmatos\/depois-de-um-grande-trabalho-junior-vieira-se-afasta-da-semsa-para-disputar-cargo-eletivo\/","og_locale":"pt_BR","og_type":"article","og_title":"Depois de um grande trabalho, J\u00fanior Vieira se afasta da SEMSA para disputar cargo eletivo - Daniel Matos","og_description":"Ap\u00f3s uma gest\u00e3o eficiente&nbsp; no comando da secretaria municipal de Seguran\u00e7a Alimentar, o ex-secret\u00e1rio J\u00fanior Vieira se afasta da Semsa [&hellip;]","og_url":"https:\/\/www.blogsoestado.com\/danielmatos\/depois-de-um-grande-trabalho-junior-vieira-se-afasta-da-semsa-para-disputar-cargo-eletivo\/","og_site_name":"Daniel Matos","article_published_time":"2022-04-05T12:50:31+00:00","og_image":[{"url":"https:\/\/www.blogsoestado.com\/danielmatos\/files\/2022\/04\/Screenshot_20220405-0945372.png","type":"","width":"","height":""}],"twitter_card":"summary_large_image","twitter_misc":{"Est. tempo de leitura":"3 minutos"},"schema":{"@context":"https:\/\/schema.org","@graph":[{"@type":"WebPage","@id":"https:\/\/www.blogsoestado.com\/danielmatos\/depois-de-um-grande-trabalho-junior-vieira-se-afasta-da-semsa-para-disputar-cargo-eletivo\/","url":"https:\/\/www.blogsoestado.com\/danielmatos\/depois-de-um-grande-trabalho-junior-vieira-se-afasta-da-semsa-para-disputar-cargo-eletivo\/","name":"Depois de um grande trabalho, J\u00fanior Vieira se afasta da SEMSA para disputar cargo eletivo - Daniel Matos","isPartOf":{"@id":"https:\/\/www.blogsoestado.com\/danielmatos\/#website"},"primaryImageOfPage":{"@id":"https:\/\/www.blogsoestado.com\/danielmatos\/depois-de-um-grande-trabalho-junior-vieira-se-afasta-da-semsa-para-disputar-cargo-eletivo\/#primaryimage"},"image":{"@id":"https:\/\/www.blogsoestado.com\/danielmatos\/depois-de-um-grande-trabalho-junior-vieira-se-afasta-da-semsa-para-disputar-cargo-eletivo\/#primaryimage"},"thumbnailUrl":"https:\/\/www.blogsoestado.com\/danielmatos\/files\/2022\/04\/Screenshot_20220405-0945372.png","datePublished":"2022-04-05T12:50:31+00:00","author":{"@id":""},"breadcrumb":{"@id":"https:\/\/www.blogsoestado.com\/danielmatos\/depois-de-um-grande-trabalho-junior-vieira-se-afasta-da-semsa-para-disputar-cargo-eletivo\/#breadcrumb"},"inLanguage":"pt-BR","potentialAction":[{"@type":"ReadAction","target":["https:\/\/www.blogsoestado.com\/danielmatos\/depois-de-um-grande-trabalho-junior-vieira-se-afasta-da-semsa-para-disputar-cargo-eletivo\/"]}]},{"@type":"ImageObject","inLanguage":"pt-BR","@id":"https:\/\/www.blogsoestado.com\/danielmatos\/depois-de-um-grande-trabalho-junior-vieira-se-afasta-da-semsa-para-disputar-cargo-eletivo\/#primaryimage","url":"https:\/\/www.blogsoestado.com\/danielmatos\/files\/2022\/04\/Screenshot_20220405-0945372.png","contentUrl":"https:\/\/www.blogsoestado.com\/danielmatos\/files\/2022\/04\/Screenshot_20220405-0945372.png"},{"@type":"BreadcrumbList","@id":"https:\/\/www.blogsoestado.com\/danielmatos\/depois-de-um-grande-trabalho-junior-vieira-se-afasta-da-semsa-para-disputar-cargo-eletivo\/#breadcrumb","itemListElement":[{"@type":"ListItem","position":1,"name":"In\u00edcio","item":"https:\/\/www.blogsoestado.com\/danielmatos\/"},{"@type":"ListItem","position":2,"name":"Depois de um grande trabalho, J\u00fanior Vieira se afasta da SEMSA para disputar cargo eletivo"}]},{"@type":"WebSite","@id":"https:\/\/www.blogsoestado.com\/danielmatos\/#website","url":"https:\/\/www.blogsoestado.com\/danielmatos\/","name":"Daniel Matos","description":"","potentialAction":[{"@type":"SearchAction","target":{"@type":"EntryPoint","urlTemplate":"https:\/\/www.blogsoestado.com\/danielmatos\/?s={search_term_string}"},"query-input":{"@type":"PropertyValueSpecification","valueRequired":true,"valueName":"search_term_string"}}],"inLanguage":"pt-BR"}]}},"jetpack_featured_media_url":"","_links":{"self":[{"href":"https:\/\/www.blogsoestado.com\/danielmatos\/wp-json\/wp\/v2\/posts\/95830","targetHints":{"allow":["GET"]}}],"collection":[{"href":"https:\/\/www.blogsoestado.com\/danielmatos\/wp-json\/wp\/v2\/posts"}],"about":[{"href":"https:\/\/www.blogsoestado.com\/danielmatos\/wp-json\/wp\/v2\/types\/post"}],"replies":[{"embeddable":true,"href":"https:\/\/www.blogsoestado.com\/danielmatos\/wp-json\/wp\/v2\/comments?post=95830"}],"version-history":[{"count":0,"href":"https:\/\/www.blogsoestado.com\/danielmatos\/wp-json\/wp\/v2\/posts\/95830\/revisions"}],"wp:attachment":[{"href":"https:\/\/www.blogsoestado.com\/danielmatos\/wp-json\/wp\/v2\/media?parent=95830"}],"wp:term":[{"taxonomy":"category","embeddable":true,"href":"https:\/\/www.blogsoestado.com\/danielmatos\/wp-json\/wp\/v2\/categories?post=95830"},{"taxonomy":"post_tag","embeddable":true,"href":"https:\/\/www.blogsoestado.com\/danielmatos\/wp-json\/wp\/v2\/tags?post=95830"}],"curies":[{"name":"wp","href":"https:\/\/api.w.org\/{rel}","templated":true}]}}