{"id":95839,"date":"2022-04-05T11:31:45","date_gmt":"2022-04-05T14:31:45","guid":{"rendered":"https:\/\/www.blogsoestado.com\/danielmatos\/?p=95839"},"modified":"2022-04-05T11:31:45","modified_gmt":"2022-04-05T14:31:45","slug":"maranhense-se-destaca-no-governo-do-distrito-federal-e-coordena-programa-inedito-no-brasil","status":"publish","type":"post","link":"https:\/\/www.blogsoestado.com\/danielmatos\/maranhense-se-destaca-no-governo-do-distrito-federal-e-coordena-programa-inedito-no-brasil\/","title":{"rendered":"Maranhense se destaca no Governo do Distrito Federal e coordena programa in\u00e9dito no Brasil"},"content":{"rendered":"\n<div class=\"wp-block-image\"><figure class=\"aligncenter size-large\"><a href=\"https:\/\/www.blogsoestado.com\/danielmatos\/files\/2022\/04\/Screenshot_20220405-1124062.png\"><img decoding=\"async\" src=\"https:\/\/www.blogsoestado.com\/danielmatos\/files\/2022\/04\/Screenshot_20220405-1124062.png\" alt=\"\" class=\"wp-image-95840\"\/><\/a><figcaption>O secret\u00e1rio Francisco Soares com o governador do Distrito Federal, Ibaneis Rocha, no lan\u00e7amento do programa<\/figcaption><\/figure><\/div>\n\n\n\n<p>O Governo do Distrito Federal lan\u00e7ou, na manh\u00e3 desta ter\u00e7a-feira (5), no Sal\u00e3o Branco do Pal\u00e1cio do Buriti, um servi\u00e7o in\u00e9dito no Brasil para melhorar atendimento aos cidad\u00e3os brasilienses. O Sistema permite solicita\u00e7\u00e3o de servi\u00e7os junto \u00e0s Administra\u00e7\u00f5es Regionais em qualquer hor\u00e1rio, de segunda-feira a domingo<\/p>\n\n\n\n<p>A partir da publica\u00e7\u00e3o do decreto, os moradores de todas as cidades do Distrito Federal passam a contar com o \u201cAdministra\u00e7\u00e3o Regional Digital 24 Horas\u201d, nome do programa lan\u00e7ado para facilitar a vida do cidad\u00e3o que deseja solicitar um servi\u00e7o \u00e0 administra\u00e7\u00e3o regional. O servi\u00e7o est\u00e1 dispon\u00edvel no portal do GDF &#8211; <a href=\"http:\/\/www.servi\u00e7os.df.gov.br\">www.servi\u00e7os.df.gov.br<\/a> , onde ser\u00e1 poss\u00edvel solicitar mais de 40 servi\u00e7os entre eles, pintura de faixa de pedestre, implanta\u00e7\u00e3o de equipamentos p\u00fablicos como parada de \u00f4nibus ou ponto de encontro comunit\u00e1rio, retirada de ve\u00edculos abandonados, a\u00e7\u00f5es para combate \u00e0 dengue, manuten\u00e7\u00e3o de estradas e rodovias rurais, instala\u00e7\u00e3o de sem\u00e1foro, constru\u00e7\u00e3o de quadra poliesportiva, reforma de parquinho, entre outras demandas relacionadas \u00e0 zeladoria da cidade e de seus espa\u00e7os p\u00fablicos.<\/p>\n\n\n\n<p>Com o decorrer do tempo, o menu de servi\u00e7os ser\u00e1 ampliado e outras op\u00e7\u00f5es estar\u00e3o dispon\u00edveis, tais como pedido de licenciamento para quiosques e trailers, autoriza\u00e7\u00e3o para ambulantes, solicita\u00e7\u00e3o de c\u00f3pia de plantas de edifica\u00e7\u00f5es existentes, desarquivamento de processos, e outros. O objetivo \u00e9 que todos os servi\u00e7os de interesse da popula\u00e7\u00e3o e que sejam prestados pelas administra\u00e7\u00f5es possam ser solicitados e atendidos dentro do portal.<\/p>\n\n\n\n<div class=\"wp-block-image\"><figure class=\"aligncenter size-large\"><a href=\"https:\/\/www.blogsoestado.com\/danielmatos\/files\/2022\/04\/Screenshot_20220405-1124242.png\"><img decoding=\"async\" src=\"https:\/\/www.blogsoestado.com\/danielmatos\/files\/2022\/04\/Screenshot_20220405-1124242.png\" alt=\"\" class=\"wp-image-95841\"\/><\/a><figcaption>O maranhense Francisco Soares coordenar\u00e1 o programa in\u00e9dito no Brasil implementado pelo Governo do DF<\/figcaption><\/figure><\/div>\n\n\n\n<p>O servi\u00e7o \u00e9 dispon\u00edvel 24 horas, todos os dias da semana. Por ser on-line, n\u00e3o \u00e9 necess\u00e1rio sair de casa e pode ser feito em qualquer hor\u00e1rio. Al\u00e9m desta comodidade, o Administra\u00e7\u00e3o Regional 24 Horas traz outro benef\u00edcio &#8211; as solicita\u00e7\u00f5es ser\u00e3o recebidas e tratadas pelo sistema de ouvidoria do GDF e, assim, ter\u00e3o que ser respondidas dentro dos prazos legais previstos em legisla\u00e7\u00e3o espec\u00edfica das Ouvidorias; s\u00e3o 10 dias a contar da data do registro da demanda para que a administra\u00e7\u00e3o informe as primeiras provid\u00eancias adotadas e no m\u00e1ximo mais 10 dias para apurar e informar o resultado ao cidad\u00e3o.<\/p>\n\n\n\n<p>O servi\u00e7o administra\u00e7\u00e3o Regional Digital 24 h ser\u00e1 coordenado pela subsecretaria de Programas e projetos &#8211; SUPRO \/SECID\/SEGOV, comandada pelo maranhense Francisco Peres Soares, engenheiro que j\u00e1 trabalha no GDF desde 2019 e tem se destacado bastante na administra\u00e7\u00e3o distrital do governo Ibaneis Rocha<\/p>\n","protected":false},"excerpt":{"rendered":"<p>O Governo do Distrito Federal lan\u00e7ou, na manh\u00e3 desta ter\u00e7a-feira (5), no Sal\u00e3o Branco do Pal\u00e1cio do Buriti, um servi\u00e7o [&hellip;]<\/p>\n","protected":false},"author":0,"featured_media":0,"comment_status":"open","ping_status":"open","sticky":false,"template":"","format":"standard","meta":{"site-sidebar-layout":"default","site-content-layout":"","ast-site-content-layout":"default","site-content-style":"default","site-sidebar-style":"default","ast-global-header-display":"","ast-banner-title-visibility":"","ast-main-header-display":"","ast-hfb-above-header-display":"","ast-hfb-below-header-display":"","ast-hfb-mobile-header-display":"","site-post-title":"","ast-breadcrumbs-content":"","ast-featured-img":"","footer-sml-layout":"","ast-disable-related-posts":"","theme-transparent-header-meta":"","adv-header-id-meta":"","stick-header-meta":"","header-above-stick-meta":"","header-main-stick-meta":"","header-below-stick-meta":"","astra-migrate-meta-layouts":"default","ast-page-background-enabled":"default","ast-page-background-meta":{"desktop":{"background-color":"var(--ast-global-color-5)","background-image":"","background-repeat":"repeat","background-position":"center center","background-size":"auto","background-attachment":"scroll","background-type":"","background-media":"","overlay-type":"","overlay-color":"","overlay-opacity":"","overlay-gradient":""},"tablet":{"background-color":"","background-image":"","background-repeat":"repeat","background-position":"center center","background-size":"auto","background-attachment":"scroll","background-type":"","background-media":"","overlay-type":"","overlay-color":"","overlay-opacity":"","overlay-gradient":""},"mobile":{"background-color":"","background-image":"","background-repeat":"repeat","background-position":"center center","background-size":"auto","background-attachment":"scroll","background-type":"","background-media":"","overlay-type":"","overlay-color":"","overlay-opacity":"","overlay-gradient":""}},"ast-content-background-meta":{"desktop":{"background-color":"var(--ast-global-color-4)","background-image":"","background-repeat":"repeat","background-position":"center center","background-size":"auto","background-attachment":"scroll","background-type":"","background-media":"","overlay-type":"","overlay-color":"","overlay-opacity":"","overlay-gradient":""},"tablet":{"background-color":"var(--ast-global-color-4)","background-image":"","background-repeat":"repeat","background-position":"center center","background-size":"auto","background-attachment":"scroll","background-type":"","background-media":"","overlay-type":"","overlay-color":"","overlay-opacity":"","overlay-gradient":""},"mobile":{"background-color":"var(--ast-global-color-4)","background-image":"","background-repeat":"repeat","background-position":"center center","background-size":"auto","background-attachment":"scroll","background-type":"","background-media":"","overlay-type":"","overlay-color":"","overlay-opacity":"","overlay-gradient":""}},"footnotes":""},"categories":[1],"tags":[],"class_list":["post-95839","post","type-post","status-publish","format-standard","hentry","category-sem-categoria"],"yoast_head":"<!-- This site is optimized with the Yoast SEO plugin v26.6 - https:\/\/yoast.com\/wordpress\/plugins\/seo\/ -->\n<title>Maranhense se destaca no Governo do Distrito Federal e coordena programa in\u00e9dito no Brasil - Daniel Matos<\/title>\n<meta name=\"robots\" content=\"index, follow, max-snippet:-1, max-image-preview:large, max-video-preview:-1\" \/>\n<link rel=\"canonical\" href=\"https:\/\/www.blogsoestado.com\/danielmatos\/maranhense-se-destaca-no-governo-do-distrito-federal-e-coordena-programa-inedito-no-brasil\/\" \/>\n<meta property=\"og:locale\" content=\"pt_BR\" \/>\n<meta property=\"og:type\" content=\"article\" \/>\n<meta property=\"og:title\" content=\"Maranhense se destaca no Governo do Distrito Federal e coordena programa in\u00e9dito no Brasil - Daniel Matos\" \/>\n<meta property=\"og:description\" content=\"O Governo do Distrito Federal lan\u00e7ou, na manh\u00e3 desta ter\u00e7a-feira (5), no Sal\u00e3o Branco do Pal\u00e1cio do Buriti, um servi\u00e7o [&hellip;]\" \/>\n<meta property=\"og:url\" content=\"https:\/\/www.blogsoestado.com\/danielmatos\/maranhense-se-destaca-no-governo-do-distrito-federal-e-coordena-programa-inedito-no-brasil\/\" \/>\n<meta property=\"og:site_name\" content=\"Daniel Matos\" \/>\n<meta property=\"article:published_time\" content=\"2022-04-05T14:31:45+00:00\" \/>\n<meta property=\"og:image\" content=\"https:\/\/www.blogsoestado.com\/danielmatos\/files\/2022\/04\/Screenshot_20220405-1124062.png\" \/>\n<meta name=\"twitter:card\" content=\"summary_large_image\" \/>\n<meta name=\"twitter:label1\" content=\"Est. tempo de leitura\" \/>\n\t<meta name=\"twitter:data1\" content=\"3 minutos\" \/>\n<script type=\"application\/ld+json\" class=\"yoast-schema-graph\">{\"@context\":\"https:\/\/schema.org\",\"@graph\":[{\"@type\":\"WebPage\",\"@id\":\"https:\/\/www.blogsoestado.com\/danielmatos\/maranhense-se-destaca-no-governo-do-distrito-federal-e-coordena-programa-inedito-no-brasil\/\",\"url\":\"https:\/\/www.blogsoestado.com\/danielmatos\/maranhense-se-destaca-no-governo-do-distrito-federal-e-coordena-programa-inedito-no-brasil\/\",\"name\":\"Maranhense se destaca no Governo do Distrito Federal e coordena programa in\u00e9dito no Brasil - Daniel Matos\",\"isPartOf\":{\"@id\":\"https:\/\/www.blogsoestado.com\/danielmatos\/#website\"},\"primaryImageOfPage\":{\"@id\":\"https:\/\/www.blogsoestado.com\/danielmatos\/maranhense-se-destaca-no-governo-do-distrito-federal-e-coordena-programa-inedito-no-brasil\/#primaryimage\"},\"image\":{\"@id\":\"https:\/\/www.blogsoestado.com\/danielmatos\/maranhense-se-destaca-no-governo-do-distrito-federal-e-coordena-programa-inedito-no-brasil\/#primaryimage\"},\"thumbnailUrl\":\"https:\/\/www.blogsoestado.com\/danielmatos\/files\/2022\/04\/Screenshot_20220405-1124062.png\",\"datePublished\":\"2022-04-05T14:31:45+00:00\",\"author\":{\"@id\":\"\"},\"breadcrumb\":{\"@id\":\"https:\/\/www.blogsoestado.com\/danielmatos\/maranhense-se-destaca-no-governo-do-distrito-federal-e-coordena-programa-inedito-no-brasil\/#breadcrumb\"},\"inLanguage\":\"pt-BR\",\"potentialAction\":[{\"@type\":\"ReadAction\",\"target\":[\"https:\/\/www.blogsoestado.com\/danielmatos\/maranhense-se-destaca-no-governo-do-distrito-federal-e-coordena-programa-inedito-no-brasil\/\"]}]},{\"@type\":\"ImageObject\",\"inLanguage\":\"pt-BR\",\"@id\":\"https:\/\/www.blogsoestado.com\/danielmatos\/maranhense-se-destaca-no-governo-do-distrito-federal-e-coordena-programa-inedito-no-brasil\/#primaryimage\",\"url\":\"https:\/\/www.blogsoestado.com\/danielmatos\/files\/2022\/04\/Screenshot_20220405-1124062.png\",\"contentUrl\":\"https:\/\/www.blogsoestado.com\/danielmatos\/files\/2022\/04\/Screenshot_20220405-1124062.png\"},{\"@type\":\"BreadcrumbList\",\"@id\":\"https:\/\/www.blogsoestado.com\/danielmatos\/maranhense-se-destaca-no-governo-do-distrito-federal-e-coordena-programa-inedito-no-brasil\/#breadcrumb\",\"itemListElement\":[{\"@type\":\"ListItem\",\"position\":1,\"name\":\"In\u00edcio\",\"item\":\"https:\/\/www.blogsoestado.com\/danielmatos\/\"},{\"@type\":\"ListItem\",\"position\":2,\"name\":\"Maranhense se destaca no Governo do Distrito Federal e coordena programa in\u00e9dito no Brasil\"}]},{\"@type\":\"WebSite\",\"@id\":\"https:\/\/www.blogsoestado.com\/danielmatos\/#website\",\"url\":\"https:\/\/www.blogsoestado.com\/danielmatos\/\",\"name\":\"Daniel Matos\",\"description\":\"\",\"potentialAction\":[{\"@type\":\"SearchAction\",\"target\":{\"@type\":\"EntryPoint\",\"urlTemplate\":\"https:\/\/www.blogsoestado.com\/danielmatos\/?s={search_term_string}\"},\"query-input\":{\"@type\":\"PropertyValueSpecification\",\"valueRequired\":true,\"valueName\":\"search_term_string\"}}],\"inLanguage\":\"pt-BR\"}]}<\/script>\n<!-- \/ Yoast SEO plugin. -->","yoast_head_json":{"title":"Maranhense se destaca no Governo do Distrito Federal e coordena programa in\u00e9dito no Brasil - Daniel Matos","robots":{"index":"index","follow":"follow","max-snippet":"max-snippet:-1","max-image-preview":"max-image-preview:large","max-video-preview":"max-video-preview:-1"},"canonical":"https:\/\/www.blogsoestado.com\/danielmatos\/maranhense-se-destaca-no-governo-do-distrito-federal-e-coordena-programa-inedito-no-brasil\/","og_locale":"pt_BR","og_type":"article","og_title":"Maranhense se destaca no Governo do Distrito Federal e coordena programa in\u00e9dito no Brasil - Daniel Matos","og_description":"O Governo do Distrito Federal lan\u00e7ou, na manh\u00e3 desta ter\u00e7a-feira (5), no Sal\u00e3o Branco do Pal\u00e1cio do Buriti, um servi\u00e7o [&hellip;]","og_url":"https:\/\/www.blogsoestado.com\/danielmatos\/maranhense-se-destaca-no-governo-do-distrito-federal-e-coordena-programa-inedito-no-brasil\/","og_site_name":"Daniel Matos","article_published_time":"2022-04-05T14:31:45+00:00","og_image":[{"url":"https:\/\/www.blogsoestado.com\/danielmatos\/files\/2022\/04\/Screenshot_20220405-1124062.png","type":"","width":"","height":""}],"twitter_card":"summary_large_image","twitter_misc":{"Est. tempo de leitura":"3 minutos"},"schema":{"@context":"https:\/\/schema.org","@graph":[{"@type":"WebPage","@id":"https:\/\/www.blogsoestado.com\/danielmatos\/maranhense-se-destaca-no-governo-do-distrito-federal-e-coordena-programa-inedito-no-brasil\/","url":"https:\/\/www.blogsoestado.com\/danielmatos\/maranhense-se-destaca-no-governo-do-distrito-federal-e-coordena-programa-inedito-no-brasil\/","name":"Maranhense se destaca no Governo do Distrito Federal e coordena programa in\u00e9dito no Brasil - Daniel Matos","isPartOf":{"@id":"https:\/\/www.blogsoestado.com\/danielmatos\/#website"},"primaryImageOfPage":{"@id":"https:\/\/www.blogsoestado.com\/danielmatos\/maranhense-se-destaca-no-governo-do-distrito-federal-e-coordena-programa-inedito-no-brasil\/#primaryimage"},"image":{"@id":"https:\/\/www.blogsoestado.com\/danielmatos\/maranhense-se-destaca-no-governo-do-distrito-federal-e-coordena-programa-inedito-no-brasil\/#primaryimage"},"thumbnailUrl":"https:\/\/www.blogsoestado.com\/danielmatos\/files\/2022\/04\/Screenshot_20220405-1124062.png","datePublished":"2022-04-05T14:31:45+00:00","author":{"@id":""},"breadcrumb":{"@id":"https:\/\/www.blogsoestado.com\/danielmatos\/maranhense-se-destaca-no-governo-do-distrito-federal-e-coordena-programa-inedito-no-brasil\/#breadcrumb"},"inLanguage":"pt-BR","potentialAction":[{"@type":"ReadAction","target":["https:\/\/www.blogsoestado.com\/danielmatos\/maranhense-se-destaca-no-governo-do-distrito-federal-e-coordena-programa-inedito-no-brasil\/"]}]},{"@type":"ImageObject","inLanguage":"pt-BR","@id":"https:\/\/www.blogsoestado.com\/danielmatos\/maranhense-se-destaca-no-governo-do-distrito-federal-e-coordena-programa-inedito-no-brasil\/#primaryimage","url":"https:\/\/www.blogsoestado.com\/danielmatos\/files\/2022\/04\/Screenshot_20220405-1124062.png","contentUrl":"https:\/\/www.blogsoestado.com\/danielmatos\/files\/2022\/04\/Screenshot_20220405-1124062.png"},{"@type":"BreadcrumbList","@id":"https:\/\/www.blogsoestado.com\/danielmatos\/maranhense-se-destaca-no-governo-do-distrito-federal-e-coordena-programa-inedito-no-brasil\/#breadcrumb","itemListElement":[{"@type":"ListItem","position":1,"name":"In\u00edcio","item":"https:\/\/www.blogsoestado.com\/danielmatos\/"},{"@type":"ListItem","position":2,"name":"Maranhense se destaca no Governo do Distrito Federal e coordena programa in\u00e9dito no Brasil"}]},{"@type":"WebSite","@id":"https:\/\/www.blogsoestado.com\/danielmatos\/#website","url":"https:\/\/www.blogsoestado.com\/danielmatos\/","name":"Daniel Matos","description":"","potentialAction":[{"@type":"SearchAction","target":{"@type":"EntryPoint","urlTemplate":"https:\/\/www.blogsoestado.com\/danielmatos\/?s={search_term_string}"},"query-input":{"@type":"PropertyValueSpecification","valueRequired":true,"valueName":"search_term_string"}}],"inLanguage":"pt-BR"}]}},"jetpack_featured_media_url":"","_links":{"self":[{"href":"https:\/\/www.blogsoestado.com\/danielmatos\/wp-json\/wp\/v2\/posts\/95839","targetHints":{"allow":["GET"]}}],"collection":[{"href":"https:\/\/www.blogsoestado.com\/danielmatos\/wp-json\/wp\/v2\/posts"}],"about":[{"href":"https:\/\/www.blogsoestado.com\/danielmatos\/wp-json\/wp\/v2\/types\/post"}],"replies":[{"embeddable":true,"href":"https:\/\/www.blogsoestado.com\/danielmatos\/wp-json\/wp\/v2\/comments?post=95839"}],"version-history":[{"count":0,"href":"https:\/\/www.blogsoestado.com\/danielmatos\/wp-json\/wp\/v2\/posts\/95839\/revisions"}],"wp:attachment":[{"href":"https:\/\/www.blogsoestado.com\/danielmatos\/wp-json\/wp\/v2\/media?parent=95839"}],"wp:term":[{"taxonomy":"category","embeddable":true,"href":"https:\/\/www.blogsoestado.com\/danielmatos\/wp-json\/wp\/v2\/categories?post=95839"},{"taxonomy":"post_tag","embeddable":true,"href":"https:\/\/www.blogsoestado.com\/danielmatos\/wp-json\/wp\/v2\/tags?post=95839"}],"curies":[{"name":"wp","href":"https:\/\/api.w.org\/{rel}","templated":true}]}}