{"id":95843,"date":"2022-04-05T14:47:05","date_gmt":"2022-04-05T17:47:05","guid":{"rendered":"https:\/\/www.blogsoestado.com\/danielmatos\/?p=95843"},"modified":"2022-04-05T14:47:05","modified_gmt":"2022-04-05T17:47:05","slug":"temos-que-ganhar-o-2o-turno-para-nos-concentrarmos-na-serie-b-diz-presidente-do-sampaio-apos-dois-empates","status":"publish","type":"post","link":"https:\/\/www.blogsoestado.com\/danielmatos\/temos-que-ganhar-o-2o-turno-para-nos-concentrarmos-na-serie-b-diz-presidente-do-sampaio-apos-dois-empates\/","title":{"rendered":"&#8220;Temos que ganhar o 2\u00ba turno para nos concentrarmos na S\u00e9rie B&#8221;, diz presidente do Sampaio com receio de calend\u00e1rio apertado"},"content":{"rendered":"\n<div class=\"wp-block-image\"><figure class=\"aligncenter size-large\"><a href=\"https:\/\/www.blogsoestado.com\/danielmatos\/files\/2022\/04\/Screenshot_20220403-0200122.png\"><img decoding=\"async\" src=\"https:\/\/www.blogsoestado.com\/danielmatos\/files\/2022\/04\/Screenshot_20220403-0200122.png\" alt=\"\" class=\"wp-image-95844\"\/><\/a><figcaption>Lances do jogo contra o S\u00e3o Jos\u00e9, no Castel\u00e3o: Sampaio vive dilema de ter que liquidar logo o Campeonato Maranhense para n\u00e3o ter pela frente uma sequ\u00eancia apertada de jogos<\/figcaption><\/figure><\/div>\n\n\n\n<p>O presidente do Sampaio foi novamente \u00e0s redes sociais reclamar do desempenho do time em campo, dessa vez contra o S\u00e3o Jos\u00e9, com o qual o Tricolor empatou em 0 a 0, no \u00faltimo s\u00e1bado (2), no Castel\u00e3o. Pressionado ap\u00f3s uma sequ\u00eancia de dois empates &#8211; o primeiro contra o Tuntum, do dia 30 de mar\u00e7o, em jogo atrasado da segunda rodada do 2\u00ba turno -, o campe\u00e3o do 1\u00ba turno precisa vencer seus pr\u00f3ximos compromissos, se quiser liquidar a parada logo.<\/p>\n\n\n\n<p>\u00c9 justamente o que defende S\u00e9rgio Frota, que deseja dedica\u00e7\u00e3o exclusiva da equipe ao Campeonato Brasileiro da S\u00e9rie B. O Sampaio estrear\u00e1 na competi\u00e7\u00e3o nacional no pr\u00f3ximo s\u00e1bado, dia 9, contra o Sport Club do Recife, na Ilha do Retiro, \u00e0s 18h30. &#8220;Temos que ganhar esse turno para encerrar o Campeonato Maranhense e nos concentrarmos na S\u00e9rie B&#8221;, manifestou-se Frota.<\/p>\n\n\n\n<p>Quanto ao rendimento do Sampaio no gramado, o presidente considerou bem abaixo do que o time pode entregar, principalmente no segundo tempo. Ou seja, o dilema tricolor pode n\u00e3o se limitar unicamente ao calend\u00e1rio de jogos apertado.<\/p>\n\n\n\n<p>Em tempo: o Sampaio Corr\u00eaa enfrenta o Cordino, nesta ter\u00e7a-feira (5), \u00e0s 15h30, em Barra do Corda, pela semifinal do 2\u00ba turno, disputada em partida \u00fanica. Os dois times j\u00e1 empataram em 2 x 2, no Castel\u00e3o, ainda na fase de classifica\u00e7\u00e3o do 2\u00ba turno do Campeonato Maranhense.<\/p>\n","protected":false},"excerpt":{"rendered":"<p>O presidente do Sampaio foi novamente \u00e0s redes sociais reclamar do desempenho do time em campo, dessa vez contra o [&hellip;]<\/p>\n","protected":false},"author":0,"featured_media":0,"comment_status":"open","ping_status":"open","sticky":false,"template":"","format":"standard","meta":{"site-sidebar-layout":"default","site-content-layout":"","ast-site-content-layout":"default","site-content-style":"default","site-sidebar-style":"default","ast-global-header-display":"","ast-banner-title-visibility":"","ast-main-header-display":"","ast-hfb-above-header-display":"","ast-hfb-below-header-display":"","ast-hfb-mobile-header-display":"","site-post-title":"","ast-breadcrumbs-content":"","ast-featured-img":"","footer-sml-layout":"","ast-disable-related-posts":"","theme-transparent-header-meta":"","adv-header-id-meta":"","stick-header-meta":"","header-above-stick-meta":"","header-main-stick-meta":"","header-below-stick-meta":"","astra-migrate-meta-layouts":"default","ast-page-background-enabled":"default","ast-page-background-meta":{"desktop":{"background-color":"var(--ast-global-color-5)","background-image":"","background-repeat":"repeat","background-position":"center center","background-size":"auto","background-attachment":"scroll","background-type":"","background-media":"","overlay-type":"","overlay-color":"","overlay-opacity":"","overlay-gradient":""},"tablet":{"background-color":"","background-image":"","background-repeat":"repeat","background-position":"center center","background-size":"auto","background-attachment":"scroll","background-type":"","background-media":"","overlay-type":"","overlay-color":"","overlay-opacity":"","overlay-gradient":""},"mobile":{"background-color":"","background-image":"","background-repeat":"repeat","background-position":"center center","background-size":"auto","background-attachment":"scroll","background-type":"","background-media":"","overlay-type":"","overlay-color":"","overlay-opacity":"","overlay-gradient":""}},"ast-content-background-meta":{"desktop":{"background-color":"var(--ast-global-color-4)","background-image":"","background-repeat":"repeat","background-position":"center center","background-size":"auto","background-attachment":"scroll","background-type":"","background-media":"","overlay-type":"","overlay-color":"","overlay-opacity":"","overlay-gradient":""},"tablet":{"background-color":"var(--ast-global-color-4)","background-image":"","background-repeat":"repeat","background-position":"center center","background-size":"auto","background-attachment":"scroll","background-type":"","background-media":"","overlay-type":"","overlay-color":"","overlay-opacity":"","overlay-gradient":""},"mobile":{"background-color":"var(--ast-global-color-4)","background-image":"","background-repeat":"repeat","background-position":"center center","background-size":"auto","background-attachment":"scroll","background-type":"","background-media":"","overlay-type":"","overlay-color":"","overlay-opacity":"","overlay-gradient":""}},"footnotes":""},"categories":[1],"tags":[],"class_list":["post-95843","post","type-post","status-publish","format-standard","hentry","category-sem-categoria"],"yoast_head":"<!-- This site is optimized with the Yoast SEO plugin v26.6 - https:\/\/yoast.com\/wordpress\/plugins\/seo\/ -->\n<title>&quot;Temos que ganhar o 2\u00ba turno para nos concentrarmos na S\u00e9rie B&quot;, diz presidente do Sampaio com receio de calend\u00e1rio apertado - Daniel Matos<\/title>\n<meta name=\"robots\" content=\"index, follow, max-snippet:-1, max-image-preview:large, max-video-preview:-1\" \/>\n<link rel=\"canonical\" href=\"https:\/\/www.blogsoestado.com\/danielmatos\/temos-que-ganhar-o-2o-turno-para-nos-concentrarmos-na-serie-b-diz-presidente-do-sampaio-apos-dois-empates\/\" \/>\n<meta property=\"og:locale\" content=\"pt_BR\" \/>\n<meta property=\"og:type\" content=\"article\" \/>\n<meta property=\"og:title\" content=\"&quot;Temos que ganhar o 2\u00ba turno para nos concentrarmos na S\u00e9rie B&quot;, diz presidente do Sampaio com receio de calend\u00e1rio apertado - Daniel Matos\" \/>\n<meta property=\"og:description\" content=\"O presidente do Sampaio foi novamente \u00e0s redes sociais reclamar do desempenho do time em campo, dessa vez contra o [&hellip;]\" \/>\n<meta property=\"og:url\" content=\"https:\/\/www.blogsoestado.com\/danielmatos\/temos-que-ganhar-o-2o-turno-para-nos-concentrarmos-na-serie-b-diz-presidente-do-sampaio-apos-dois-empates\/\" \/>\n<meta property=\"og:site_name\" content=\"Daniel Matos\" \/>\n<meta property=\"article:published_time\" content=\"2022-04-05T17:47:05+00:00\" \/>\n<meta property=\"og:image\" content=\"https:\/\/www.blogsoestado.com\/danielmatos\/files\/2022\/04\/Screenshot_20220403-0200122.png\" \/>\n<meta name=\"twitter:card\" content=\"summary_large_image\" \/>\n<meta name=\"twitter:label1\" content=\"Est. tempo de leitura\" \/>\n\t<meta name=\"twitter:data1\" content=\"2 minutos\" \/>\n<script type=\"application\/ld+json\" class=\"yoast-schema-graph\">{\"@context\":\"https:\/\/schema.org\",\"@graph\":[{\"@type\":\"WebPage\",\"@id\":\"https:\/\/www.blogsoestado.com\/danielmatos\/temos-que-ganhar-o-2o-turno-para-nos-concentrarmos-na-serie-b-diz-presidente-do-sampaio-apos-dois-empates\/\",\"url\":\"https:\/\/www.blogsoestado.com\/danielmatos\/temos-que-ganhar-o-2o-turno-para-nos-concentrarmos-na-serie-b-diz-presidente-do-sampaio-apos-dois-empates\/\",\"name\":\"\\\"Temos que ganhar o 2\u00ba turno para nos concentrarmos na S\u00e9rie B\\\", diz presidente do Sampaio com receio de calend\u00e1rio apertado - Daniel Matos\",\"isPartOf\":{\"@id\":\"https:\/\/www.blogsoestado.com\/danielmatos\/#website\"},\"primaryImageOfPage\":{\"@id\":\"https:\/\/www.blogsoestado.com\/danielmatos\/temos-que-ganhar-o-2o-turno-para-nos-concentrarmos-na-serie-b-diz-presidente-do-sampaio-apos-dois-empates\/#primaryimage\"},\"image\":{\"@id\":\"https:\/\/www.blogsoestado.com\/danielmatos\/temos-que-ganhar-o-2o-turno-para-nos-concentrarmos-na-serie-b-diz-presidente-do-sampaio-apos-dois-empates\/#primaryimage\"},\"thumbnailUrl\":\"https:\/\/www.blogsoestado.com\/danielmatos\/files\/2022\/04\/Screenshot_20220403-0200122.png\",\"datePublished\":\"2022-04-05T17:47:05+00:00\",\"author\":{\"@id\":\"\"},\"breadcrumb\":{\"@id\":\"https:\/\/www.blogsoestado.com\/danielmatos\/temos-que-ganhar-o-2o-turno-para-nos-concentrarmos-na-serie-b-diz-presidente-do-sampaio-apos-dois-empates\/#breadcrumb\"},\"inLanguage\":\"pt-BR\",\"potentialAction\":[{\"@type\":\"ReadAction\",\"target\":[\"https:\/\/www.blogsoestado.com\/danielmatos\/temos-que-ganhar-o-2o-turno-para-nos-concentrarmos-na-serie-b-diz-presidente-do-sampaio-apos-dois-empates\/\"]}]},{\"@type\":\"ImageObject\",\"inLanguage\":\"pt-BR\",\"@id\":\"https:\/\/www.blogsoestado.com\/danielmatos\/temos-que-ganhar-o-2o-turno-para-nos-concentrarmos-na-serie-b-diz-presidente-do-sampaio-apos-dois-empates\/#primaryimage\",\"url\":\"https:\/\/www.blogsoestado.com\/danielmatos\/files\/2022\/04\/Screenshot_20220403-0200122.png\",\"contentUrl\":\"https:\/\/www.blogsoestado.com\/danielmatos\/files\/2022\/04\/Screenshot_20220403-0200122.png\"},{\"@type\":\"BreadcrumbList\",\"@id\":\"https:\/\/www.blogsoestado.com\/danielmatos\/temos-que-ganhar-o-2o-turno-para-nos-concentrarmos-na-serie-b-diz-presidente-do-sampaio-apos-dois-empates\/#breadcrumb\",\"itemListElement\":[{\"@type\":\"ListItem\",\"position\":1,\"name\":\"In\u00edcio\",\"item\":\"https:\/\/www.blogsoestado.com\/danielmatos\/\"},{\"@type\":\"ListItem\",\"position\":2,\"name\":\"&#8220;Temos que ganhar o 2\u00ba turno para nos concentrarmos na S\u00e9rie B&#8221;, diz presidente do Sampaio com receio de calend\u00e1rio apertado\"}]},{\"@type\":\"WebSite\",\"@id\":\"https:\/\/www.blogsoestado.com\/danielmatos\/#website\",\"url\":\"https:\/\/www.blogsoestado.com\/danielmatos\/\",\"name\":\"Daniel Matos\",\"description\":\"\",\"potentialAction\":[{\"@type\":\"SearchAction\",\"target\":{\"@type\":\"EntryPoint\",\"urlTemplate\":\"https:\/\/www.blogsoestado.com\/danielmatos\/?s={search_term_string}\"},\"query-input\":{\"@type\":\"PropertyValueSpecification\",\"valueRequired\":true,\"valueName\":\"search_term_string\"}}],\"inLanguage\":\"pt-BR\"}]}<\/script>\n<!-- \/ Yoast SEO plugin. -->","yoast_head_json":{"title":"\"Temos que ganhar o 2\u00ba turno para nos concentrarmos na S\u00e9rie B\", diz presidente do Sampaio com receio de calend\u00e1rio apertado - Daniel Matos","robots":{"index":"index","follow":"follow","max-snippet":"max-snippet:-1","max-image-preview":"max-image-preview:large","max-video-preview":"max-video-preview:-1"},"canonical":"https:\/\/www.blogsoestado.com\/danielmatos\/temos-que-ganhar-o-2o-turno-para-nos-concentrarmos-na-serie-b-diz-presidente-do-sampaio-apos-dois-empates\/","og_locale":"pt_BR","og_type":"article","og_title":"\"Temos que ganhar o 2\u00ba turno para nos concentrarmos na S\u00e9rie B\", diz presidente do Sampaio com receio de calend\u00e1rio apertado - Daniel Matos","og_description":"O presidente do Sampaio foi novamente \u00e0s redes sociais reclamar do desempenho do time em campo, dessa vez contra o [&hellip;]","og_url":"https:\/\/www.blogsoestado.com\/danielmatos\/temos-que-ganhar-o-2o-turno-para-nos-concentrarmos-na-serie-b-diz-presidente-do-sampaio-apos-dois-empates\/","og_site_name":"Daniel Matos","article_published_time":"2022-04-05T17:47:05+00:00","og_image":[{"url":"https:\/\/www.blogsoestado.com\/danielmatos\/files\/2022\/04\/Screenshot_20220403-0200122.png","type":"","width":"","height":""}],"twitter_card":"summary_large_image","twitter_misc":{"Est. tempo de leitura":"2 minutos"},"schema":{"@context":"https:\/\/schema.org","@graph":[{"@type":"WebPage","@id":"https:\/\/www.blogsoestado.com\/danielmatos\/temos-que-ganhar-o-2o-turno-para-nos-concentrarmos-na-serie-b-diz-presidente-do-sampaio-apos-dois-empates\/","url":"https:\/\/www.blogsoestado.com\/danielmatos\/temos-que-ganhar-o-2o-turno-para-nos-concentrarmos-na-serie-b-diz-presidente-do-sampaio-apos-dois-empates\/","name":"\"Temos que ganhar o 2\u00ba turno para nos concentrarmos na S\u00e9rie B\", diz presidente do Sampaio com receio de calend\u00e1rio apertado - Daniel Matos","isPartOf":{"@id":"https:\/\/www.blogsoestado.com\/danielmatos\/#website"},"primaryImageOfPage":{"@id":"https:\/\/www.blogsoestado.com\/danielmatos\/temos-que-ganhar-o-2o-turno-para-nos-concentrarmos-na-serie-b-diz-presidente-do-sampaio-apos-dois-empates\/#primaryimage"},"image":{"@id":"https:\/\/www.blogsoestado.com\/danielmatos\/temos-que-ganhar-o-2o-turno-para-nos-concentrarmos-na-serie-b-diz-presidente-do-sampaio-apos-dois-empates\/#primaryimage"},"thumbnailUrl":"https:\/\/www.blogsoestado.com\/danielmatos\/files\/2022\/04\/Screenshot_20220403-0200122.png","datePublished":"2022-04-05T17:47:05+00:00","author":{"@id":""},"breadcrumb":{"@id":"https:\/\/www.blogsoestado.com\/danielmatos\/temos-que-ganhar-o-2o-turno-para-nos-concentrarmos-na-serie-b-diz-presidente-do-sampaio-apos-dois-empates\/#breadcrumb"},"inLanguage":"pt-BR","potentialAction":[{"@type":"ReadAction","target":["https:\/\/www.blogsoestado.com\/danielmatos\/temos-que-ganhar-o-2o-turno-para-nos-concentrarmos-na-serie-b-diz-presidente-do-sampaio-apos-dois-empates\/"]}]},{"@type":"ImageObject","inLanguage":"pt-BR","@id":"https:\/\/www.blogsoestado.com\/danielmatos\/temos-que-ganhar-o-2o-turno-para-nos-concentrarmos-na-serie-b-diz-presidente-do-sampaio-apos-dois-empates\/#primaryimage","url":"https:\/\/www.blogsoestado.com\/danielmatos\/files\/2022\/04\/Screenshot_20220403-0200122.png","contentUrl":"https:\/\/www.blogsoestado.com\/danielmatos\/files\/2022\/04\/Screenshot_20220403-0200122.png"},{"@type":"BreadcrumbList","@id":"https:\/\/www.blogsoestado.com\/danielmatos\/temos-que-ganhar-o-2o-turno-para-nos-concentrarmos-na-serie-b-diz-presidente-do-sampaio-apos-dois-empates\/#breadcrumb","itemListElement":[{"@type":"ListItem","position":1,"name":"In\u00edcio","item":"https:\/\/www.blogsoestado.com\/danielmatos\/"},{"@type":"ListItem","position":2,"name":"&#8220;Temos que ganhar o 2\u00ba turno para nos concentrarmos na S\u00e9rie B&#8221;, diz presidente do Sampaio com receio de calend\u00e1rio apertado"}]},{"@type":"WebSite","@id":"https:\/\/www.blogsoestado.com\/danielmatos\/#website","url":"https:\/\/www.blogsoestado.com\/danielmatos\/","name":"Daniel Matos","description":"","potentialAction":[{"@type":"SearchAction","target":{"@type":"EntryPoint","urlTemplate":"https:\/\/www.blogsoestado.com\/danielmatos\/?s={search_term_string}"},"query-input":{"@type":"PropertyValueSpecification","valueRequired":true,"valueName":"search_term_string"}}],"inLanguage":"pt-BR"}]}},"jetpack_featured_media_url":"","_links":{"self":[{"href":"https:\/\/www.blogsoestado.com\/danielmatos\/wp-json\/wp\/v2\/posts\/95843","targetHints":{"allow":["GET"]}}],"collection":[{"href":"https:\/\/www.blogsoestado.com\/danielmatos\/wp-json\/wp\/v2\/posts"}],"about":[{"href":"https:\/\/www.blogsoestado.com\/danielmatos\/wp-json\/wp\/v2\/types\/post"}],"replies":[{"embeddable":true,"href":"https:\/\/www.blogsoestado.com\/danielmatos\/wp-json\/wp\/v2\/comments?post=95843"}],"version-history":[{"count":0,"href":"https:\/\/www.blogsoestado.com\/danielmatos\/wp-json\/wp\/v2\/posts\/95843\/revisions"}],"wp:attachment":[{"href":"https:\/\/www.blogsoestado.com\/danielmatos\/wp-json\/wp\/v2\/media?parent=95843"}],"wp:term":[{"taxonomy":"category","embeddable":true,"href":"https:\/\/www.blogsoestado.com\/danielmatos\/wp-json\/wp\/v2\/categories?post=95843"},{"taxonomy":"post_tag","embeddable":true,"href":"https:\/\/www.blogsoestado.com\/danielmatos\/wp-json\/wp\/v2\/tags?post=95843"}],"curies":[{"name":"wp","href":"https:\/\/api.w.org\/{rel}","templated":true}]}}