{"id":95852,"date":"2022-04-05T17:12:57","date_gmt":"2022-04-05T20:12:57","guid":{"rendered":"https:\/\/www.blogsoestado.com\/danielmatos\/?p=95852"},"modified":"2022-04-05T17:12:57","modified_gmt":"2022-04-05T20:12:57","slug":"comissao-da-prefeitura-e-empresariado-luminenses-discutem-iniciativas-para-impulsionar-economia-local","status":"publish","type":"post","link":"https:\/\/www.blogsoestado.com\/danielmatos\/comissao-da-prefeitura-e-empresariado-luminenses-discutem-iniciativas-para-impulsionar-economia-local\/","title":{"rendered":"Comiss\u00e3o da Prefeitura e empresariado luminenses discutem iniciativas para impulsionar economia local"},"content":{"rendered":"\n<div class=\"wp-block-image\"><figure class=\"aligncenter size-large\"><a href=\"https:\/\/www.blogsoestado.com\/danielmatos\/files\/2022\/04\/Screenshot_20220405-1705162.png\"><img decoding=\"async\" src=\"https:\/\/www.blogsoestado.com\/danielmatos\/files\/2022\/04\/Screenshot_20220405-1705162.png\" alt=\"\" class=\"wp-image-95853\"\/><\/a><figcaption>A prefeita Paula Azevedo conduziu o di\u00e1logo entre a equipe da administra\u00e7\u00e3o municipal representantes da classe empresarial de Imperatriz<\/figcaption><\/figure><\/div>\n\n\n\n<p>Ao longo dos \u00faltimos anos, a economia de Pa\u00e7o do Lumiar tem se destacado devido aos grandes avan\u00e7os da cidade. Uma das raz\u00f5es desse avan\u00e7o \u00e9 o trabalho realizado em conjunto pelas Secretarias de Planejamento, Fazenda e de Ind\u00fastria, Com\u00e9rcio e Turismo que trabalham diariamente para que empres\u00e1rios, comerciantes e popula\u00e7\u00e3o possam usufruir do desenvolvimento econ\u00f4mico do munic\u00edpio. Dentre as a\u00e7\u00f5es realizadas pela Prefeitura de Pa\u00e7o do Lumiar est\u00e1 a disposi\u00e7\u00e3o da plataforma Prefeitura Moderna onde empreendedores podem ter acesso a solicita\u00e7\u00e3o, declara\u00e7\u00f5es e demais documentos com v\u00ednculo com a gest\u00e3o municipal.<\/p>\n\n\n\n<p>Nesta ter\u00e7a-feira representantes da Secretaria de Fazenda, da Secretaria de Planejamento, da Procuradoria Geral do Municipio e da Secretaria de Ind\u00fastria,Com\u00e9rcio e Turismo se reuniram mais uma vez para esclarecer d\u00favidas sobre expedi\u00e7\u00e3o e taxas de alvar\u00e1s, al\u00e9m de compreender melhor o funcionamento do programa Cidade Empreendedora que vem proporcionando maior aproxima\u00e7\u00e3o do empres\u00e1rio e o poder p\u00fablico atrav\u00e9s do balc\u00e3o do empreendedor.<\/p>\n\n\n\n<div class=\"wp-block-image\"><figure class=\"aligncenter size-large\"><a href=\"https:\/\/www.blogsoestado.com\/danielmatos\/files\/2022\/04\/Screenshot_20220405-1704482.png\"><img decoding=\"async\" src=\"https:\/\/www.blogsoestado.com\/danielmatos\/files\/2022\/04\/Screenshot_20220405-1704482.png\" alt=\"\" class=\"wp-image-95854\"\/><\/a><figcaption>Durante a reuni\u00e3o, foi definida a cria\u00e7\u00e3o de um comiss\u00e3o formada pela SEMFAZ para elaborar o novo c\u00f3digo tribut\u00e1rio de Pa\u00e7o do Lumiar, que ser\u00e1 enviado para aprecia\u00e7\u00e3o da C\u00e2mara Municipal <\/figcaption><\/figure><\/div>\n\n\n\n<p>E as boas not\u00edcias n\u00e3o param! Foi criada uma comiss\u00e3o formada pela SEMFAZpara trabalhar o novo c\u00f3digo tribut\u00e1rio de Pa\u00e7o do Lumiar que deve ser enviado para an\u00e1lise e san\u00e7\u00e3o na C\u00e2mara Municipal de Vereadores de Pa\u00e7o do Lumiar at\u00e9 junho.<\/p>\n","protected":false},"excerpt":{"rendered":"<p>Ao longo dos \u00faltimos anos, a economia de Pa\u00e7o do Lumiar tem se destacado devido aos grandes avan\u00e7os da cidade. [&hellip;]<\/p>\n","protected":false},"author":0,"featured_media":0,"comment_status":"open","ping_status":"open","sticky":false,"template":"","format":"standard","meta":{"site-sidebar-layout":"default","site-content-layout":"","ast-site-content-layout":"default","site-content-style":"default","site-sidebar-style":"default","ast-global-header-display":"","ast-banner-title-visibility":"","ast-main-header-display":"","ast-hfb-above-header-display":"","ast-hfb-below-header-display":"","ast-hfb-mobile-header-display":"","site-post-title":"","ast-breadcrumbs-content":"","ast-featured-img":"","footer-sml-layout":"","ast-disable-related-posts":"","theme-transparent-header-meta":"","adv-header-id-meta":"","stick-header-meta":"","header-above-stick-meta":"","header-main-stick-meta":"","header-below-stick-meta":"","astra-migrate-meta-layouts":"default","ast-page-background-enabled":"default","ast-page-background-meta":{"desktop":{"background-color":"var(--ast-global-color-5)","background-image":"","background-repeat":"repeat","background-position":"center center","background-size":"auto","background-attachment":"scroll","background-type":"","background-media":"","overlay-type":"","overlay-color":"","overlay-opacity":"","overlay-gradient":""},"tablet":{"background-color":"","background-image":"","background-repeat":"repeat","background-position":"center center","background-size":"auto","background-attachment":"scroll","background-type":"","background-media":"","overlay-type":"","overlay-color":"","overlay-opacity":"","overlay-gradient":""},"mobile":{"background-color":"","background-image":"","background-repeat":"repeat","background-position":"center center","background-size":"auto","background-attachment":"scroll","background-type":"","background-media":"","overlay-type":"","overlay-color":"","overlay-opacity":"","overlay-gradient":""}},"ast-content-background-meta":{"desktop":{"background-color":"var(--ast-global-color-4)","background-image":"","background-repeat":"repeat","background-position":"center center","background-size":"auto","background-attachment":"scroll","background-type":"","background-media":"","overlay-type":"","overlay-color":"","overlay-opacity":"","overlay-gradient":""},"tablet":{"background-color":"var(--ast-global-color-4)","background-image":"","background-repeat":"repeat","background-position":"center center","background-size":"auto","background-attachment":"scroll","background-type":"","background-media":"","overlay-type":"","overlay-color":"","overlay-opacity":"","overlay-gradient":""},"mobile":{"background-color":"var(--ast-global-color-4)","background-image":"","background-repeat":"repeat","background-position":"center center","background-size":"auto","background-attachment":"scroll","background-type":"","background-media":"","overlay-type":"","overlay-color":"","overlay-opacity":"","overlay-gradient":""}},"footnotes":""},"categories":[1],"tags":[],"class_list":["post-95852","post","type-post","status-publish","format-standard","hentry","category-sem-categoria"],"yoast_head":"<!-- This site is optimized with the Yoast SEO plugin v26.6 - https:\/\/yoast.com\/wordpress\/plugins\/seo\/ -->\n<title>Comiss\u00e3o da Prefeitura e empresariado luminenses discutem iniciativas para impulsionar economia local - Daniel Matos<\/title>\n<meta name=\"robots\" content=\"index, follow, max-snippet:-1, max-image-preview:large, max-video-preview:-1\" \/>\n<link rel=\"canonical\" href=\"https:\/\/www.blogsoestado.com\/danielmatos\/comissao-da-prefeitura-e-empresariado-luminenses-discutem-iniciativas-para-impulsionar-economia-local\/\" \/>\n<meta property=\"og:locale\" content=\"pt_BR\" \/>\n<meta property=\"og:type\" content=\"article\" \/>\n<meta property=\"og:title\" content=\"Comiss\u00e3o da Prefeitura e empresariado luminenses discutem iniciativas para impulsionar economia local - Daniel Matos\" \/>\n<meta property=\"og:description\" content=\"Ao longo dos \u00faltimos anos, a economia de Pa\u00e7o do Lumiar tem se destacado devido aos grandes avan\u00e7os da cidade. [&hellip;]\" \/>\n<meta property=\"og:url\" content=\"https:\/\/www.blogsoestado.com\/danielmatos\/comissao-da-prefeitura-e-empresariado-luminenses-discutem-iniciativas-para-impulsionar-economia-local\/\" \/>\n<meta property=\"og:site_name\" content=\"Daniel Matos\" \/>\n<meta property=\"article:published_time\" content=\"2022-04-05T20:12:57+00:00\" \/>\n<meta property=\"og:image\" content=\"https:\/\/www.blogsoestado.com\/danielmatos\/files\/2022\/04\/Screenshot_20220405-1705162.png\" \/>\n<meta name=\"twitter:card\" content=\"summary_large_image\" \/>\n<meta name=\"twitter:label1\" content=\"Est. tempo de leitura\" \/>\n\t<meta name=\"twitter:data1\" content=\"2 minutos\" \/>\n<script type=\"application\/ld+json\" class=\"yoast-schema-graph\">{\"@context\":\"https:\/\/schema.org\",\"@graph\":[{\"@type\":\"WebPage\",\"@id\":\"https:\/\/www.blogsoestado.com\/danielmatos\/comissao-da-prefeitura-e-empresariado-luminenses-discutem-iniciativas-para-impulsionar-economia-local\/\",\"url\":\"https:\/\/www.blogsoestado.com\/danielmatos\/comissao-da-prefeitura-e-empresariado-luminenses-discutem-iniciativas-para-impulsionar-economia-local\/\",\"name\":\"Comiss\u00e3o da Prefeitura e empresariado luminenses discutem iniciativas para impulsionar economia local - Daniel Matos\",\"isPartOf\":{\"@id\":\"https:\/\/www.blogsoestado.com\/danielmatos\/#website\"},\"primaryImageOfPage\":{\"@id\":\"https:\/\/www.blogsoestado.com\/danielmatos\/comissao-da-prefeitura-e-empresariado-luminenses-discutem-iniciativas-para-impulsionar-economia-local\/#primaryimage\"},\"image\":{\"@id\":\"https:\/\/www.blogsoestado.com\/danielmatos\/comissao-da-prefeitura-e-empresariado-luminenses-discutem-iniciativas-para-impulsionar-economia-local\/#primaryimage\"},\"thumbnailUrl\":\"https:\/\/www.blogsoestado.com\/danielmatos\/files\/2022\/04\/Screenshot_20220405-1705162.png\",\"datePublished\":\"2022-04-05T20:12:57+00:00\",\"author\":{\"@id\":\"\"},\"breadcrumb\":{\"@id\":\"https:\/\/www.blogsoestado.com\/danielmatos\/comissao-da-prefeitura-e-empresariado-luminenses-discutem-iniciativas-para-impulsionar-economia-local\/#breadcrumb\"},\"inLanguage\":\"pt-BR\",\"potentialAction\":[{\"@type\":\"ReadAction\",\"target\":[\"https:\/\/www.blogsoestado.com\/danielmatos\/comissao-da-prefeitura-e-empresariado-luminenses-discutem-iniciativas-para-impulsionar-economia-local\/\"]}]},{\"@type\":\"ImageObject\",\"inLanguage\":\"pt-BR\",\"@id\":\"https:\/\/www.blogsoestado.com\/danielmatos\/comissao-da-prefeitura-e-empresariado-luminenses-discutem-iniciativas-para-impulsionar-economia-local\/#primaryimage\",\"url\":\"https:\/\/www.blogsoestado.com\/danielmatos\/files\/2022\/04\/Screenshot_20220405-1705162.png\",\"contentUrl\":\"https:\/\/www.blogsoestado.com\/danielmatos\/files\/2022\/04\/Screenshot_20220405-1705162.png\"},{\"@type\":\"BreadcrumbList\",\"@id\":\"https:\/\/www.blogsoestado.com\/danielmatos\/comissao-da-prefeitura-e-empresariado-luminenses-discutem-iniciativas-para-impulsionar-economia-local\/#breadcrumb\",\"itemListElement\":[{\"@type\":\"ListItem\",\"position\":1,\"name\":\"In\u00edcio\",\"item\":\"https:\/\/www.blogsoestado.com\/danielmatos\/\"},{\"@type\":\"ListItem\",\"position\":2,\"name\":\"Comiss\u00e3o da Prefeitura e empresariado luminenses discutem iniciativas para impulsionar economia local\"}]},{\"@type\":\"WebSite\",\"@id\":\"https:\/\/www.blogsoestado.com\/danielmatos\/#website\",\"url\":\"https:\/\/www.blogsoestado.com\/danielmatos\/\",\"name\":\"Daniel Matos\",\"description\":\"\",\"potentialAction\":[{\"@type\":\"SearchAction\",\"target\":{\"@type\":\"EntryPoint\",\"urlTemplate\":\"https:\/\/www.blogsoestado.com\/danielmatos\/?s={search_term_string}\"},\"query-input\":{\"@type\":\"PropertyValueSpecification\",\"valueRequired\":true,\"valueName\":\"search_term_string\"}}],\"inLanguage\":\"pt-BR\"}]}<\/script>\n<!-- \/ Yoast SEO plugin. -->","yoast_head_json":{"title":"Comiss\u00e3o da Prefeitura e empresariado luminenses discutem iniciativas para impulsionar economia local - Daniel Matos","robots":{"index":"index","follow":"follow","max-snippet":"max-snippet:-1","max-image-preview":"max-image-preview:large","max-video-preview":"max-video-preview:-1"},"canonical":"https:\/\/www.blogsoestado.com\/danielmatos\/comissao-da-prefeitura-e-empresariado-luminenses-discutem-iniciativas-para-impulsionar-economia-local\/","og_locale":"pt_BR","og_type":"article","og_title":"Comiss\u00e3o da Prefeitura e empresariado luminenses discutem iniciativas para impulsionar economia local - Daniel Matos","og_description":"Ao longo dos \u00faltimos anos, a economia de Pa\u00e7o do Lumiar tem se destacado devido aos grandes avan\u00e7os da cidade. [&hellip;]","og_url":"https:\/\/www.blogsoestado.com\/danielmatos\/comissao-da-prefeitura-e-empresariado-luminenses-discutem-iniciativas-para-impulsionar-economia-local\/","og_site_name":"Daniel Matos","article_published_time":"2022-04-05T20:12:57+00:00","og_image":[{"url":"https:\/\/www.blogsoestado.com\/danielmatos\/files\/2022\/04\/Screenshot_20220405-1705162.png","type":"","width":"","height":""}],"twitter_card":"summary_large_image","twitter_misc":{"Est. tempo de leitura":"2 minutos"},"schema":{"@context":"https:\/\/schema.org","@graph":[{"@type":"WebPage","@id":"https:\/\/www.blogsoestado.com\/danielmatos\/comissao-da-prefeitura-e-empresariado-luminenses-discutem-iniciativas-para-impulsionar-economia-local\/","url":"https:\/\/www.blogsoestado.com\/danielmatos\/comissao-da-prefeitura-e-empresariado-luminenses-discutem-iniciativas-para-impulsionar-economia-local\/","name":"Comiss\u00e3o da Prefeitura e empresariado luminenses discutem iniciativas para impulsionar economia local - Daniel Matos","isPartOf":{"@id":"https:\/\/www.blogsoestado.com\/danielmatos\/#website"},"primaryImageOfPage":{"@id":"https:\/\/www.blogsoestado.com\/danielmatos\/comissao-da-prefeitura-e-empresariado-luminenses-discutem-iniciativas-para-impulsionar-economia-local\/#primaryimage"},"image":{"@id":"https:\/\/www.blogsoestado.com\/danielmatos\/comissao-da-prefeitura-e-empresariado-luminenses-discutem-iniciativas-para-impulsionar-economia-local\/#primaryimage"},"thumbnailUrl":"https:\/\/www.blogsoestado.com\/danielmatos\/files\/2022\/04\/Screenshot_20220405-1705162.png","datePublished":"2022-04-05T20:12:57+00:00","author":{"@id":""},"breadcrumb":{"@id":"https:\/\/www.blogsoestado.com\/danielmatos\/comissao-da-prefeitura-e-empresariado-luminenses-discutem-iniciativas-para-impulsionar-economia-local\/#breadcrumb"},"inLanguage":"pt-BR","potentialAction":[{"@type":"ReadAction","target":["https:\/\/www.blogsoestado.com\/danielmatos\/comissao-da-prefeitura-e-empresariado-luminenses-discutem-iniciativas-para-impulsionar-economia-local\/"]}]},{"@type":"ImageObject","inLanguage":"pt-BR","@id":"https:\/\/www.blogsoestado.com\/danielmatos\/comissao-da-prefeitura-e-empresariado-luminenses-discutem-iniciativas-para-impulsionar-economia-local\/#primaryimage","url":"https:\/\/www.blogsoestado.com\/danielmatos\/files\/2022\/04\/Screenshot_20220405-1705162.png","contentUrl":"https:\/\/www.blogsoestado.com\/danielmatos\/files\/2022\/04\/Screenshot_20220405-1705162.png"},{"@type":"BreadcrumbList","@id":"https:\/\/www.blogsoestado.com\/danielmatos\/comissao-da-prefeitura-e-empresariado-luminenses-discutem-iniciativas-para-impulsionar-economia-local\/#breadcrumb","itemListElement":[{"@type":"ListItem","position":1,"name":"In\u00edcio","item":"https:\/\/www.blogsoestado.com\/danielmatos\/"},{"@type":"ListItem","position":2,"name":"Comiss\u00e3o da Prefeitura e empresariado luminenses discutem iniciativas para impulsionar economia local"}]},{"@type":"WebSite","@id":"https:\/\/www.blogsoestado.com\/danielmatos\/#website","url":"https:\/\/www.blogsoestado.com\/danielmatos\/","name":"Daniel Matos","description":"","potentialAction":[{"@type":"SearchAction","target":{"@type":"EntryPoint","urlTemplate":"https:\/\/www.blogsoestado.com\/danielmatos\/?s={search_term_string}"},"query-input":{"@type":"PropertyValueSpecification","valueRequired":true,"valueName":"search_term_string"}}],"inLanguage":"pt-BR"}]}},"jetpack_featured_media_url":"","_links":{"self":[{"href":"https:\/\/www.blogsoestado.com\/danielmatos\/wp-json\/wp\/v2\/posts\/95852","targetHints":{"allow":["GET"]}}],"collection":[{"href":"https:\/\/www.blogsoestado.com\/danielmatos\/wp-json\/wp\/v2\/posts"}],"about":[{"href":"https:\/\/www.blogsoestado.com\/danielmatos\/wp-json\/wp\/v2\/types\/post"}],"replies":[{"embeddable":true,"href":"https:\/\/www.blogsoestado.com\/danielmatos\/wp-json\/wp\/v2\/comments?post=95852"}],"version-history":[{"count":0,"href":"https:\/\/www.blogsoestado.com\/danielmatos\/wp-json\/wp\/v2\/posts\/95852\/revisions"}],"wp:attachment":[{"href":"https:\/\/www.blogsoestado.com\/danielmatos\/wp-json\/wp\/v2\/media?parent=95852"}],"wp:term":[{"taxonomy":"category","embeddable":true,"href":"https:\/\/www.blogsoestado.com\/danielmatos\/wp-json\/wp\/v2\/categories?post=95852"},{"taxonomy":"post_tag","embeddable":true,"href":"https:\/\/www.blogsoestado.com\/danielmatos\/wp-json\/wp\/v2\/tags?post=95852"}],"curies":[{"name":"wp","href":"https:\/\/api.w.org\/{rel}","templated":true}]}}