{"id":95856,"date":"2022-04-06T06:00:00","date_gmt":"2022-04-06T09:00:00","guid":{"rendered":"https:\/\/www.blogsoestado.com\/danielmatos\/?p=95856"},"modified":"2022-04-06T06:00:00","modified_gmt":"2022-04-06T09:00:00","slug":"ligga-projeto-porto-sao-luis-realizou-formatura-de-cursos-profissionalizantes-no-cajueiro","status":"publish","type":"post","link":"https:\/\/www.blogsoestado.com\/danielmatos\/ligga-projeto-porto-sao-luis-realizou-formatura-de-cursos-profissionalizantes-no-cajueiro\/","title":{"rendered":"LIGGA: Projeto Porto S\u00e3o Lu\u00eds realizou formatura de cursos profissionalizantes no Cajueiro"},"content":{"rendered":"\n<p><strong><span class=\"has-inline-color has-vivid-red-color\">Foram entregues ao mercado de trabalho 20 pedreiros(as) e carpinteiros(as)<\/span><\/strong><\/p>\n\n\n\n<div class=\"wp-block-image\"><figure class=\"aligncenter size-large\"><a href=\"https:\/\/www.blogsoestado.com\/danielmatos\/files\/2022\/04\/Screenshot_20220405-1922102.png\"><img decoding=\"async\" src=\"https:\/\/www.blogsoestado.com\/danielmatos\/files\/2022\/04\/Screenshot_20220405-1922102.png\" alt=\"\" class=\"wp-image-95857\"\/><\/a><figcaption>Representantes da LIGGA \u2013 Projeto Porto S\u00e3o Lu\u00eds e SENAI-MA com os formandos das turmas de carpinteiro(a) de obras e pedreiro(a) de alvenaria.<br>\u00a0<\/figcaption><\/figure><\/div>\n\n\n\n<p>Nem mesmo a chuva torrencial que caiu em S\u00e3o Lu\u00eds na \u00faltima ter\u00e7a \u2013 feira (29.03) impediu que 20\u00a0formandos\u00a0e seus familiares chegassem \u00e0 sede da Ligga \u2013 Projeto Porto S\u00e3o Lu\u00eds na\u00a0comunidade do Cajueiro. Felizes e ansiosos, eles comemoravam uma grande conquista e n\u00e3o escondiam o orgulho de estarem ali.<\/p>\n\n\n\n<p>O evento mais que especial era a formatura dos alunos da primeira turma de cursos profissionalizantes promovidos pela Ligga \u2013&nbsp;Projeto&nbsp;Porto S\u00e3o Lu\u00eds em parceria com o SENAI-MA. E&nbsp;supera\u00e7\u00e3o \u00e9 a palavra que melhor define essa turma. Com carga hor\u00e1ria de 160h, as aulas na sede do Porto come\u00e7aram em 2020, mas precisaram ser interrompidas devido a pandemia. Foram retomadas somente em janeiro de 2022 e driblando as mais diversas dificuldades pessoais, homens e mulheres que sonham com um futuro melhor, apostaram na capacita\u00e7\u00e3o como o passaporte para realizar seus sonhos. Eles tiveram aulas te\u00f3ricas e pr\u00e1ticas nos cursos de Pedreiro(a) de Alvenaria e Carpinteiro(a) de Obras. E agora, sonham&nbsp;entrar para o mercado de trabalho formal ou empreender com essas novas habilidades.<strong><\/strong><\/p>\n\n\n\n<p>Os cursos foram oferecidos gratuitamente pelo empreendimento e voltados para pessoas das comunidades vizinhas, que s\u00e3o os moradores do Cajueiro e M\u00e3e Chica (Vila Maranh\u00e3o), Fumac\u00ea, Anjo da Guarda, Vila Embratel e Mauro Fecury I e II.<\/p>\n\n\n\n<p>A formatura contou com as presen\u00e7as do Gerente de Obras da Ligga &#8211;\u00a0Projeto\u00a0Porto S\u00e3o Lu\u00eds,\u00a0Thomaz Baker e da equipe social; al\u00e9m dos representantes do SENAI -MA Marcos Souza, Sup. T\u00e9cnico de EP \u2013 representando a Gerente Sherazade Bastos; Tamiris Silva, analista de mercado e Marcony Dias, professor das duas turmas formandas.<\/p>\n\n\n\n<p><strong>Vi\u00e9s social<\/strong><\/p>\n\n\n\n<p>O CEO da Ligga \u2013 Projeto Porto S\u00e3o Lu\u00eds, Gerson Petterle, fez quest\u00e3o de agradecer \u00e0 parceria do SENAI, e mandou uma mensagem em v\u00eddeo, parabenizando os formandos. Ele tamb\u00e9m reafirmou a atua\u00e7\u00e3o social do empreendimento, que prioriza a\u00e7\u00f5es da agenda ESG (Meio Ambiente, Social e Governan\u00e7a), para ser um indutor de desenvolvimento no Maranh\u00e3o e no Brasil:<\/p>\n\n\n\n<p>\u201cParab\u00e9ns aos formandos, e muito obrigado por acreditarem em nossas a\u00e7\u00f5es sociais. Sem desmerecer os homens, ficamos muito felizes em ver as mulheres nesses cursos, e tomando as r\u00e9deas do destino de suas vidas. Isso \u00e9 muito importante para o nosso pa\u00eds. Desejo boa sorte a todos e todas, e espero rev\u00ea-los em novas a\u00e7\u00f5es sociais do Porto, mas principalmente, nas nossas obras quando forem iniciadas\u201d declarou o CEO.<\/p>\n\n\n\n<p>Futuramente, como prioridade social do empreendimento, est\u00e1 o aproveitamento da m\u00e3o de obra local nas obras de constru\u00e7\u00e3o e na opera\u00e7\u00e3o da Ligga &#8211;&nbsp;Projeto Porto S\u00e3o Lu\u00eds.&nbsp;E para que possa ser aproveitado o maior n\u00famero de pessoas da comunidade, esses cursos est\u00e3o sendo promovidos ao longo desse ano.&nbsp;Uma segunda turma j\u00e1 come\u00e7ou, nas mesmas disciplinas.<\/p>\n\n\n\n<p>O novo pedreiro Francisco das Chagas Moreira, morador do Cajueiro, revelou que a capacita\u00e7\u00e3o da comunidade \u00e9 um desejo coletivo:<\/p>\n\n\n\n<p>\u201cA gente tem um excelente relacionamento com o Porto, e sempre pedimos para eles capacitarem a nossa comunidade para estarmos prontos para as futuras vagas de emprego. Foi gratificante sermos atendidos e ter essas turmas aqui\u201d, disse ele.<\/p>\n\n\n\n<p>Nessa formatura, foram entregues ao mercado de trabalho 20 novos profissionais formados com a excel\u00eancia t\u00e9cnica do SENAI; sendo 8 pedreiros e 12 carpinteiros. Um detalhe que mereceu destaque foi o forte protagonismo feminino. Nessa primeira turma formada, 40% eram mulheres<strong>&nbsp;e&nbsp;<\/strong>foram inclusive elas, as oradoras das turmas.<\/p>\n\n\n\n<p>Leidaiane de Ara\u00fajo Silva, 32 anos, moradora do Cajueiro, \u00e9 m\u00e3e solo de tr\u00eas filhos e trabalha como bombeira civil. Mas est\u00e1 sempre em busca de novas oportunidades para dar uma vida melhor para a fam\u00edlia. Oradora da turma&nbsp;de Pedreiro(a) de Alvenaria, ela aposta na nova capacita\u00e7\u00e3o&nbsp;para fazer consertos em casa e economizar; e no futuro at\u00e9 viver dessa profiss\u00e3o.<\/p>\n\n\n\n<p>\u201cPrecisamos estar prontos para as oportunidades do mercado de trabalho. Sou muito grata ao Porto por essa chance e quem sabe futuramente posso conquistar um emprego melhor nessa nova profiss\u00e3o\u201d, disse ela que, ao discursar para a turma, lembrou que \u201cas mulheres s\u00e3o capazes para atuar em obras, e lugar de mulher \u00e9 onde ela quiser\u201d.<\/p>\n\n\n\n<p>A feirante de 55 anos Elisa Gomes Pinto \u00e9 outra que acredita na for\u00e7a do trabalho e da mulher. Ela e a filha, a vendedora aut\u00f4noma Elaine Barbosa de 26 anos, fizeram juntas o curso de Carpinteiro(a) de Obras. \u201cQuero ser exemplo de trabalho para meus 4 filhos. N\u00e3o perco nenhuma oportunidade que aparece e sou grata ao Porto por essa grande chance. No come\u00e7o, a parte de c\u00e1lculos foi bem dif\u00edcil, mas contei com muito apoio do professor e consegui formar\u201d disse ela emocionada.<\/p>\n\n\n\n<p>A oradora da turma de Carpinteiro(a) de Obras foi Marlucia Pinto, moradora do Andirobal. Cabelereira e manicure aut\u00f4noma, ela sempre participa das a\u00e7\u00f5es sociais da Ligga &#8211; Projeto Porto S\u00e3o Lu\u00eds, a exemplo do curso \u201cMulheres Empreendedoras\u201d promovido em 2021. Agora com mais um diploma, ela comemora junto com os colegas a maior empregabilidade conquistada:<\/p>\n\n\n\n<p>\u201cEsse novo curso que conclu\u00ed j\u00e1 est\u00e1 me ajudando em casa em reparos dom\u00e9sticos, e quem sabe no futuro, posso conquistar um bom emprego. Sou muito grata ao Porto por estar tendo esse cuidado em ajudar a desenvolver a nossa comunidade\u201d, disse Marl\u00facia.<\/p>\n","protected":false},"excerpt":{"rendered":"<p>Foram entregues ao mercado de trabalho 20 pedreiros(as) e carpinteiros(as) Nem mesmo a chuva torrencial que caiu em S\u00e3o Lu\u00eds [&hellip;]<\/p>\n","protected":false},"author":0,"featured_media":0,"comment_status":"open","ping_status":"open","sticky":false,"template":"","format":"standard","meta":{"site-sidebar-layout":"default","site-content-layout":"","ast-site-content-layout":"default","site-content-style":"default","site-sidebar-style":"default","ast-global-header-display":"","ast-banner-title-visibility":"","ast-main-header-display":"","ast-hfb-above-header-display":"","ast-hfb-below-header-display":"","ast-hfb-mobile-header-display":"","site-post-title":"","ast-breadcrumbs-content":"","ast-featured-img":"","footer-sml-layout":"","ast-disable-related-posts":"","theme-transparent-header-meta":"","adv-header-id-meta":"","stick-header-meta":"","header-above-stick-meta":"","header-main-stick-meta":"","header-below-stick-meta":"","astra-migrate-meta-layouts":"default","ast-page-background-enabled":"default","ast-page-background-meta":{"desktop":{"background-color":"var(--ast-global-color-5)","background-image":"","background-repeat":"repeat","background-position":"center center","background-size":"auto","background-attachment":"scroll","background-type":"","background-media":"","overlay-type":"","overlay-color":"","overlay-opacity":"","overlay-gradient":""},"tablet":{"background-color":"","background-image":"","background-repeat":"repeat","background-position":"center center","background-size":"auto","background-attachment":"scroll","background-type":"","background-media":"","overlay-type":"","overlay-color":"","overlay-opacity":"","overlay-gradient":""},"mobile":{"background-color":"","background-image":"","background-repeat":"repeat","background-position":"center center","background-size":"auto","background-attachment":"scroll","background-type":"","background-media":"","overlay-type":"","overlay-color":"","overlay-opacity":"","overlay-gradient":""}},"ast-content-background-meta":{"desktop":{"background-color":"var(--ast-global-color-4)","background-image":"","background-repeat":"repeat","background-position":"center center","background-size":"auto","background-attachment":"scroll","background-type":"","background-media":"","overlay-type":"","overlay-color":"","overlay-opacity":"","overlay-gradient":""},"tablet":{"background-color":"var(--ast-global-color-4)","background-image":"","background-repeat":"repeat","background-position":"center center","background-size":"auto","background-attachment":"scroll","background-type":"","background-media":"","overlay-type":"","overlay-color":"","overlay-opacity":"","overlay-gradient":""},"mobile":{"background-color":"var(--ast-global-color-4)","background-image":"","background-repeat":"repeat","background-position":"center center","background-size":"auto","background-attachment":"scroll","background-type":"","background-media":"","overlay-type":"","overlay-color":"","overlay-opacity":"","overlay-gradient":""}},"footnotes":""},"categories":[1],"tags":[],"class_list":["post-95856","post","type-post","status-publish","format-standard","hentry","category-sem-categoria"],"yoast_head":"<!-- This site is optimized with the Yoast SEO plugin v26.6 - https:\/\/yoast.com\/wordpress\/plugins\/seo\/ -->\n<title>LIGGA: Projeto Porto S\u00e3o Lu\u00eds realizou formatura de cursos profissionalizantes no Cajueiro - Daniel Matos<\/title>\n<meta name=\"robots\" content=\"index, follow, max-snippet:-1, max-image-preview:large, max-video-preview:-1\" \/>\n<link rel=\"canonical\" href=\"https:\/\/www.blogsoestado.com\/danielmatos\/ligga-projeto-porto-sao-luis-realizou-formatura-de-cursos-profissionalizantes-no-cajueiro\/\" \/>\n<meta property=\"og:locale\" content=\"pt_BR\" \/>\n<meta property=\"og:type\" content=\"article\" \/>\n<meta property=\"og:title\" content=\"LIGGA: Projeto Porto S\u00e3o Lu\u00eds realizou formatura de cursos profissionalizantes no Cajueiro - Daniel Matos\" \/>\n<meta property=\"og:description\" content=\"Foram entregues ao mercado de trabalho 20 pedreiros(as) e carpinteiros(as) Nem mesmo a chuva torrencial que caiu em S\u00e3o Lu\u00eds [&hellip;]\" \/>\n<meta property=\"og:url\" content=\"https:\/\/www.blogsoestado.com\/danielmatos\/ligga-projeto-porto-sao-luis-realizou-formatura-de-cursos-profissionalizantes-no-cajueiro\/\" \/>\n<meta property=\"og:site_name\" content=\"Daniel Matos\" \/>\n<meta property=\"article:published_time\" content=\"2022-04-06T09:00:00+00:00\" \/>\n<meta property=\"og:image\" content=\"https:\/\/www.blogsoestado.com\/danielmatos\/files\/2022\/04\/Screenshot_20220405-1922102.png\" \/>\n<meta name=\"twitter:card\" content=\"summary_large_image\" \/>\n<meta name=\"twitter:label1\" content=\"Est. tempo de leitura\" \/>\n\t<meta name=\"twitter:data1\" content=\"5 minutos\" \/>\n<script type=\"application\/ld+json\" class=\"yoast-schema-graph\">{\"@context\":\"https:\/\/schema.org\",\"@graph\":[{\"@type\":\"WebPage\",\"@id\":\"https:\/\/www.blogsoestado.com\/danielmatos\/ligga-projeto-porto-sao-luis-realizou-formatura-de-cursos-profissionalizantes-no-cajueiro\/\",\"url\":\"https:\/\/www.blogsoestado.com\/danielmatos\/ligga-projeto-porto-sao-luis-realizou-formatura-de-cursos-profissionalizantes-no-cajueiro\/\",\"name\":\"LIGGA: Projeto Porto S\u00e3o Lu\u00eds realizou formatura de cursos profissionalizantes no Cajueiro - Daniel Matos\",\"isPartOf\":{\"@id\":\"https:\/\/www.blogsoestado.com\/danielmatos\/#website\"},\"primaryImageOfPage\":{\"@id\":\"https:\/\/www.blogsoestado.com\/danielmatos\/ligga-projeto-porto-sao-luis-realizou-formatura-de-cursos-profissionalizantes-no-cajueiro\/#primaryimage\"},\"image\":{\"@id\":\"https:\/\/www.blogsoestado.com\/danielmatos\/ligga-projeto-porto-sao-luis-realizou-formatura-de-cursos-profissionalizantes-no-cajueiro\/#primaryimage\"},\"thumbnailUrl\":\"https:\/\/www.blogsoestado.com\/danielmatos\/files\/2022\/04\/Screenshot_20220405-1922102.png\",\"datePublished\":\"2022-04-06T09:00:00+00:00\",\"author\":{\"@id\":\"\"},\"breadcrumb\":{\"@id\":\"https:\/\/www.blogsoestado.com\/danielmatos\/ligga-projeto-porto-sao-luis-realizou-formatura-de-cursos-profissionalizantes-no-cajueiro\/#breadcrumb\"},\"inLanguage\":\"pt-BR\",\"potentialAction\":[{\"@type\":\"ReadAction\",\"target\":[\"https:\/\/www.blogsoestado.com\/danielmatos\/ligga-projeto-porto-sao-luis-realizou-formatura-de-cursos-profissionalizantes-no-cajueiro\/\"]}]},{\"@type\":\"ImageObject\",\"inLanguage\":\"pt-BR\",\"@id\":\"https:\/\/www.blogsoestado.com\/danielmatos\/ligga-projeto-porto-sao-luis-realizou-formatura-de-cursos-profissionalizantes-no-cajueiro\/#primaryimage\",\"url\":\"https:\/\/www.blogsoestado.com\/danielmatos\/files\/2022\/04\/Screenshot_20220405-1922102.png\",\"contentUrl\":\"https:\/\/www.blogsoestado.com\/danielmatos\/files\/2022\/04\/Screenshot_20220405-1922102.png\"},{\"@type\":\"BreadcrumbList\",\"@id\":\"https:\/\/www.blogsoestado.com\/danielmatos\/ligga-projeto-porto-sao-luis-realizou-formatura-de-cursos-profissionalizantes-no-cajueiro\/#breadcrumb\",\"itemListElement\":[{\"@type\":\"ListItem\",\"position\":1,\"name\":\"In\u00edcio\",\"item\":\"https:\/\/www.blogsoestado.com\/danielmatos\/\"},{\"@type\":\"ListItem\",\"position\":2,\"name\":\"LIGGA: Projeto Porto S\u00e3o Lu\u00eds realizou formatura de cursos profissionalizantes no Cajueiro\"}]},{\"@type\":\"WebSite\",\"@id\":\"https:\/\/www.blogsoestado.com\/danielmatos\/#website\",\"url\":\"https:\/\/www.blogsoestado.com\/danielmatos\/\",\"name\":\"Daniel Matos\",\"description\":\"\",\"potentialAction\":[{\"@type\":\"SearchAction\",\"target\":{\"@type\":\"EntryPoint\",\"urlTemplate\":\"https:\/\/www.blogsoestado.com\/danielmatos\/?s={search_term_string}\"},\"query-input\":{\"@type\":\"PropertyValueSpecification\",\"valueRequired\":true,\"valueName\":\"search_term_string\"}}],\"inLanguage\":\"pt-BR\"}]}<\/script>\n<!-- \/ Yoast SEO plugin. -->","yoast_head_json":{"title":"LIGGA: Projeto Porto S\u00e3o Lu\u00eds realizou formatura de cursos profissionalizantes no Cajueiro - Daniel Matos","robots":{"index":"index","follow":"follow","max-snippet":"max-snippet:-1","max-image-preview":"max-image-preview:large","max-video-preview":"max-video-preview:-1"},"canonical":"https:\/\/www.blogsoestado.com\/danielmatos\/ligga-projeto-porto-sao-luis-realizou-formatura-de-cursos-profissionalizantes-no-cajueiro\/","og_locale":"pt_BR","og_type":"article","og_title":"LIGGA: Projeto Porto S\u00e3o Lu\u00eds realizou formatura de cursos profissionalizantes no Cajueiro - Daniel Matos","og_description":"Foram entregues ao mercado de trabalho 20 pedreiros(as) e carpinteiros(as) Nem mesmo a chuva torrencial que caiu em S\u00e3o Lu\u00eds [&hellip;]","og_url":"https:\/\/www.blogsoestado.com\/danielmatos\/ligga-projeto-porto-sao-luis-realizou-formatura-de-cursos-profissionalizantes-no-cajueiro\/","og_site_name":"Daniel Matos","article_published_time":"2022-04-06T09:00:00+00:00","og_image":[{"url":"https:\/\/www.blogsoestado.com\/danielmatos\/files\/2022\/04\/Screenshot_20220405-1922102.png","type":"","width":"","height":""}],"twitter_card":"summary_large_image","twitter_misc":{"Est. tempo de leitura":"5 minutos"},"schema":{"@context":"https:\/\/schema.org","@graph":[{"@type":"WebPage","@id":"https:\/\/www.blogsoestado.com\/danielmatos\/ligga-projeto-porto-sao-luis-realizou-formatura-de-cursos-profissionalizantes-no-cajueiro\/","url":"https:\/\/www.blogsoestado.com\/danielmatos\/ligga-projeto-porto-sao-luis-realizou-formatura-de-cursos-profissionalizantes-no-cajueiro\/","name":"LIGGA: Projeto Porto S\u00e3o Lu\u00eds realizou formatura de cursos profissionalizantes no Cajueiro - Daniel Matos","isPartOf":{"@id":"https:\/\/www.blogsoestado.com\/danielmatos\/#website"},"primaryImageOfPage":{"@id":"https:\/\/www.blogsoestado.com\/danielmatos\/ligga-projeto-porto-sao-luis-realizou-formatura-de-cursos-profissionalizantes-no-cajueiro\/#primaryimage"},"image":{"@id":"https:\/\/www.blogsoestado.com\/danielmatos\/ligga-projeto-porto-sao-luis-realizou-formatura-de-cursos-profissionalizantes-no-cajueiro\/#primaryimage"},"thumbnailUrl":"https:\/\/www.blogsoestado.com\/danielmatos\/files\/2022\/04\/Screenshot_20220405-1922102.png","datePublished":"2022-04-06T09:00:00+00:00","author":{"@id":""},"breadcrumb":{"@id":"https:\/\/www.blogsoestado.com\/danielmatos\/ligga-projeto-porto-sao-luis-realizou-formatura-de-cursos-profissionalizantes-no-cajueiro\/#breadcrumb"},"inLanguage":"pt-BR","potentialAction":[{"@type":"ReadAction","target":["https:\/\/www.blogsoestado.com\/danielmatos\/ligga-projeto-porto-sao-luis-realizou-formatura-de-cursos-profissionalizantes-no-cajueiro\/"]}]},{"@type":"ImageObject","inLanguage":"pt-BR","@id":"https:\/\/www.blogsoestado.com\/danielmatos\/ligga-projeto-porto-sao-luis-realizou-formatura-de-cursos-profissionalizantes-no-cajueiro\/#primaryimage","url":"https:\/\/www.blogsoestado.com\/danielmatos\/files\/2022\/04\/Screenshot_20220405-1922102.png","contentUrl":"https:\/\/www.blogsoestado.com\/danielmatos\/files\/2022\/04\/Screenshot_20220405-1922102.png"},{"@type":"BreadcrumbList","@id":"https:\/\/www.blogsoestado.com\/danielmatos\/ligga-projeto-porto-sao-luis-realizou-formatura-de-cursos-profissionalizantes-no-cajueiro\/#breadcrumb","itemListElement":[{"@type":"ListItem","position":1,"name":"In\u00edcio","item":"https:\/\/www.blogsoestado.com\/danielmatos\/"},{"@type":"ListItem","position":2,"name":"LIGGA: Projeto Porto S\u00e3o Lu\u00eds realizou formatura de cursos profissionalizantes no Cajueiro"}]},{"@type":"WebSite","@id":"https:\/\/www.blogsoestado.com\/danielmatos\/#website","url":"https:\/\/www.blogsoestado.com\/danielmatos\/","name":"Daniel Matos","description":"","potentialAction":[{"@type":"SearchAction","target":{"@type":"EntryPoint","urlTemplate":"https:\/\/www.blogsoestado.com\/danielmatos\/?s={search_term_string}"},"query-input":{"@type":"PropertyValueSpecification","valueRequired":true,"valueName":"search_term_string"}}],"inLanguage":"pt-BR"}]}},"jetpack_featured_media_url":"","_links":{"self":[{"href":"https:\/\/www.blogsoestado.com\/danielmatos\/wp-json\/wp\/v2\/posts\/95856","targetHints":{"allow":["GET"]}}],"collection":[{"href":"https:\/\/www.blogsoestado.com\/danielmatos\/wp-json\/wp\/v2\/posts"}],"about":[{"href":"https:\/\/www.blogsoestado.com\/danielmatos\/wp-json\/wp\/v2\/types\/post"}],"replies":[{"embeddable":true,"href":"https:\/\/www.blogsoestado.com\/danielmatos\/wp-json\/wp\/v2\/comments?post=95856"}],"version-history":[{"count":0,"href":"https:\/\/www.blogsoestado.com\/danielmatos\/wp-json\/wp\/v2\/posts\/95856\/revisions"}],"wp:attachment":[{"href":"https:\/\/www.blogsoestado.com\/danielmatos\/wp-json\/wp\/v2\/media?parent=95856"}],"wp:term":[{"taxonomy":"category","embeddable":true,"href":"https:\/\/www.blogsoestado.com\/danielmatos\/wp-json\/wp\/v2\/categories?post=95856"},{"taxonomy":"post_tag","embeddable":true,"href":"https:\/\/www.blogsoestado.com\/danielmatos\/wp-json\/wp\/v2\/tags?post=95856"}],"curies":[{"name":"wp","href":"https:\/\/api.w.org\/{rel}","templated":true}]}}