{"id":95881,"date":"2022-04-06T16:04:31","date_gmt":"2022-04-06T19:04:31","guid":{"rendered":"https:\/\/www.blogsoestado.com\/danielmatos\/?p=95881"},"modified":"2022-04-06T16:04:31","modified_gmt":"2022-04-06T19:04:31","slug":"othelino-prestigia-aniversario-de-timbiras-e-comemora-acoes-realizadas-com-seu-apoio","status":"publish","type":"post","link":"https:\/\/www.blogsoestado.com\/danielmatos\/othelino-prestigia-aniversario-de-timbiras-e-comemora-acoes-realizadas-com-seu-apoio\/","title":{"rendered":"Othelino prestigia anivers\u00e1rio de Timbiras e comemora a\u00e7\u00f5es realizadas com seu apoio"},"content":{"rendered":"\n<div class=\"wp-block-image\"><figure class=\"aligncenter size-large\"><a href=\"https:\/\/www.blogsoestado.com\/danielmatos\/files\/2022\/04\/Screenshot_20220406-1444212.png\"><img decoding=\"async\" src=\"https:\/\/www.blogsoestado.com\/danielmatos\/files\/2022\/04\/Screenshot_20220406-1444212.png\" alt=\"\" class=\"wp-image-95882\"\/><\/a><figcaption>O presidente da Assembleia Legislativa e demais autoridades no palanque na comemora\u00e7\u00e3o do anivers\u00e1rio de 102 anos de emancipa\u00e7\u00e3o pol\u00edtica de Timbiras<\/figcaption><\/figure><\/div>\n\n\n\n<p>Em celebra\u00e7\u00e3o aos 102 anos de emancipa\u00e7\u00e3o pol\u00edtica do munic\u00edpio de Timbiras, o presidente da Assembleia Legislativa do Maranh\u00e3o, deputado Othelino Neto (PCdoB), ao lado de sua esposa, Ana Paula Lobato, participou, na noite de ter\u00e7a-feira (5), de um grande ato festivo promovido na cidade para marcar a data. A convite do prefeito Ant\u00f4nio Borba, o parlamentar afirmou que os timbirenses merecem comemorar os muitos feitos realizados pela atual gest\u00e3o e reiterou a parceria com o munic\u00edpio, que tem resultado em muitos benef\u00edcios em prol do desenvolvimento local.<\/p>\n\n\n\n<p>Uma multid\u00e3o se concentrou na pra\u00e7a principal da cidade&nbsp; para celebrar a data e saudar os convidados ao som de bandas conhecidas do cen\u00e1rio musical.&nbsp;<\/p>\n\n\n\n<p>\u201cGrande alegria voltar a Timbiras, agora nesse momento especial de celebra\u00e7\u00e3o. Eu n\u00e3o poderia deixar de estar presente nessa cidade que me acolhe com tanto carinho, o que retribuo viabilizando obras e servi\u00e7os para garantir melhorias \u00e0 infraestrutura do munic\u00edpio e bem-estar \u00e0 sua popula\u00e7\u00e3o\u201d, disse Othelino.<\/p>\n\n\n\n<div class=\"wp-block-image\"><figure class=\"aligncenter size-large\"><a href=\"https:\/\/www.blogsoestado.com\/danielmatos\/files\/2022\/04\/Screenshot_20220406-1444572.png\"><img decoding=\"async\" src=\"https:\/\/www.blogsoestado.com\/danielmatos\/files\/2022\/04\/Screenshot_20220406-1444572.png\" alt=\"\" class=\"wp-image-95883\"\/><\/a><figcaption>Acompanhado da vice-prefeita de Pinheiro, Ana Paula Lobato, Othelino cumprimentou cidad\u00e3os timbirenses<\/figcaption><\/figure><\/div>\n\n\n\n<p>O parlamentar, que j\u00e1 mant\u00e9m s\u00f3lida parceria com o munic\u00edpio, garantiu para Timbiras uma das obras estruturantes mais esperadas pela popula\u00e7\u00e3o: a ponte sobre o riacho Santar\u00e9m, viabilizada com sua indica\u00e7\u00e3o e executada pelo Governo do Estado. A ponte liga o Centro da sede ao bairro Horta, onde vivem quase tr\u00eas mil moradores. A nova estrutura solucionou definitivamente o problema de travessia no local, principalmente durante o per\u00edodo chuvoso.<\/p>\n\n\n\n<p>Al\u00e9m disso, Othelino tamb\u00e9m solicitou ao governo estadual a implanta\u00e7\u00e3o do Restaurante Popular, inaugurado recentemente na cidade, e servi\u00e7os de pavimenta\u00e7\u00e3o asf\u00e1ltica de ruas, melhorando a trafegabilidade de vias importantes como a avenida Jocker Ribeiro.<\/p>\n\n\n\n<p><em><strong>Realiza\u00e7\u00f5es<\/strong><\/em><\/p>\n\n\n\n<p>O prefeito de Timbiras, Ant\u00f4nio Borba, enalteceu a disponibilidade do presidente da Assembleia em sempre prestigiar o munic\u00edpio com sua presen\u00e7a e elencou, tamb\u00e9m, as realiza\u00e7\u00f5es conquistadas com seu apoio.<\/p>\n\n\n\n<div class=\"wp-block-image\"><figure class=\"aligncenter size-large\"><a href=\"https:\/\/www.blogsoestado.com\/danielmatos\/files\/2022\/04\/Screenshot_20220406-1445182.png\"><img decoding=\"async\" src=\"https:\/\/www.blogsoestado.com\/danielmatos\/files\/2022\/04\/Screenshot_20220406-1445182.png\" alt=\"\" class=\"wp-image-95884\"\/><\/a><figcaption>Ao lado do prefeito de Timbiras, Ant\u00f4nio Borba, Othelino Neto reafirmou seu empenho em interceder pelo atendimento das demandas do munic\u00edpio<\/figcaption><\/figure><\/div>\n\n\n\n<p>&#8220;O deputado Othelino tem sido um grande aliado na busca por melhorias para Timbiras e uma presen\u00e7a constante em nossa cidade. Sua aten\u00e7\u00e3o para conosco tem sido grandiosa e o povo timbirense s\u00f3 tem a agradecer por todos os benef\u00edcios que conquistamos com o seu apoio&#8221;, disse Ant\u00f4nio Borba.<\/p>\n\n\n\n<p>Tamb\u00e9m participaram das festividades o vice-prefeito, Neguinho das Flores, o deputado federal Marreca Filho, entre outras autoridades.<\/p>\n","protected":false},"excerpt":{"rendered":"<p>Em celebra\u00e7\u00e3o aos 102 anos de emancipa\u00e7\u00e3o pol\u00edtica do munic\u00edpio de Timbiras, o presidente da Assembleia Legislativa do Maranh\u00e3o, deputado [&hellip;]<\/p>\n","protected":false},"author":0,"featured_media":0,"comment_status":"open","ping_status":"open","sticky":false,"template":"","format":"standard","meta":{"site-sidebar-layout":"default","site-content-layout":"","ast-site-content-layout":"default","site-content-style":"default","site-sidebar-style":"default","ast-global-header-display":"","ast-banner-title-visibility":"","ast-main-header-display":"","ast-hfb-above-header-display":"","ast-hfb-below-header-display":"","ast-hfb-mobile-header-display":"","site-post-title":"","ast-breadcrumbs-content":"","ast-featured-img":"","footer-sml-layout":"","ast-disable-related-posts":"","theme-transparent-header-meta":"","adv-header-id-meta":"","stick-header-meta":"","header-above-stick-meta":"","header-main-stick-meta":"","header-below-stick-meta":"","astra-migrate-meta-layouts":"default","ast-page-background-enabled":"default","ast-page-background-meta":{"desktop":{"background-color":"var(--ast-global-color-5)","background-image":"","background-repeat":"repeat","background-position":"center center","background-size":"auto","background-attachment":"scroll","background-type":"","background-media":"","overlay-type":"","overlay-color":"","overlay-opacity":"","overlay-gradient":""},"tablet":{"background-color":"","background-image":"","background-repeat":"repeat","background-position":"center center","background-size":"auto","background-attachment":"scroll","background-type":"","background-media":"","overlay-type":"","overlay-color":"","overlay-opacity":"","overlay-gradient":""},"mobile":{"background-color":"","background-image":"","background-repeat":"repeat","background-position":"center center","background-size":"auto","background-attachment":"scroll","background-type":"","background-media":"","overlay-type":"","overlay-color":"","overlay-opacity":"","overlay-gradient":""}},"ast-content-background-meta":{"desktop":{"background-color":"var(--ast-global-color-4)","background-image":"","background-repeat":"repeat","background-position":"center center","background-size":"auto","background-attachment":"scroll","background-type":"","background-media":"","overlay-type":"","overlay-color":"","overlay-opacity":"","overlay-gradient":""},"tablet":{"background-color":"var(--ast-global-color-4)","background-image":"","background-repeat":"repeat","background-position":"center center","background-size":"auto","background-attachment":"scroll","background-type":"","background-media":"","overlay-type":"","overlay-color":"","overlay-opacity":"","overlay-gradient":""},"mobile":{"background-color":"var(--ast-global-color-4)","background-image":"","background-repeat":"repeat","background-position":"center center","background-size":"auto","background-attachment":"scroll","background-type":"","background-media":"","overlay-type":"","overlay-color":"","overlay-opacity":"","overlay-gradient":""}},"footnotes":""},"categories":[1],"tags":[],"class_list":["post-95881","post","type-post","status-publish","format-standard","hentry","category-sem-categoria"],"yoast_head":"<!-- This site is optimized with the Yoast SEO plugin v26.6 - https:\/\/yoast.com\/wordpress\/plugins\/seo\/ -->\n<title>Othelino prestigia anivers\u00e1rio de Timbiras e comemora a\u00e7\u00f5es realizadas com seu apoio - Daniel Matos<\/title>\n<meta name=\"robots\" content=\"index, follow, max-snippet:-1, max-image-preview:large, max-video-preview:-1\" \/>\n<link rel=\"canonical\" href=\"https:\/\/www.blogsoestado.com\/danielmatos\/othelino-prestigia-aniversario-de-timbiras-e-comemora-acoes-realizadas-com-seu-apoio\/\" \/>\n<meta property=\"og:locale\" content=\"pt_BR\" \/>\n<meta property=\"og:type\" content=\"article\" \/>\n<meta property=\"og:title\" content=\"Othelino prestigia anivers\u00e1rio de Timbiras e comemora a\u00e7\u00f5es realizadas com seu apoio - Daniel Matos\" \/>\n<meta property=\"og:description\" content=\"Em celebra\u00e7\u00e3o aos 102 anos de emancipa\u00e7\u00e3o pol\u00edtica do munic\u00edpio de Timbiras, o presidente da Assembleia Legislativa do Maranh\u00e3o, deputado [&hellip;]\" \/>\n<meta property=\"og:url\" content=\"https:\/\/www.blogsoestado.com\/danielmatos\/othelino-prestigia-aniversario-de-timbiras-e-comemora-acoes-realizadas-com-seu-apoio\/\" \/>\n<meta property=\"og:site_name\" content=\"Daniel Matos\" \/>\n<meta property=\"article:published_time\" content=\"2022-04-06T19:04:31+00:00\" \/>\n<meta property=\"og:image\" content=\"https:\/\/www.blogsoestado.com\/danielmatos\/files\/2022\/04\/Screenshot_20220406-1444212.png\" \/>\n<meta name=\"twitter:card\" content=\"summary_large_image\" \/>\n<meta name=\"twitter:label1\" content=\"Est. tempo de leitura\" \/>\n\t<meta name=\"twitter:data1\" content=\"3 minutos\" \/>\n<script type=\"application\/ld+json\" class=\"yoast-schema-graph\">{\"@context\":\"https:\/\/schema.org\",\"@graph\":[{\"@type\":\"WebPage\",\"@id\":\"https:\/\/www.blogsoestado.com\/danielmatos\/othelino-prestigia-aniversario-de-timbiras-e-comemora-acoes-realizadas-com-seu-apoio\/\",\"url\":\"https:\/\/www.blogsoestado.com\/danielmatos\/othelino-prestigia-aniversario-de-timbiras-e-comemora-acoes-realizadas-com-seu-apoio\/\",\"name\":\"Othelino prestigia anivers\u00e1rio de Timbiras e comemora a\u00e7\u00f5es realizadas com seu apoio - Daniel Matos\",\"isPartOf\":{\"@id\":\"https:\/\/www.blogsoestado.com\/danielmatos\/#website\"},\"primaryImageOfPage\":{\"@id\":\"https:\/\/www.blogsoestado.com\/danielmatos\/othelino-prestigia-aniversario-de-timbiras-e-comemora-acoes-realizadas-com-seu-apoio\/#primaryimage\"},\"image\":{\"@id\":\"https:\/\/www.blogsoestado.com\/danielmatos\/othelino-prestigia-aniversario-de-timbiras-e-comemora-acoes-realizadas-com-seu-apoio\/#primaryimage\"},\"thumbnailUrl\":\"https:\/\/www.blogsoestado.com\/danielmatos\/files\/2022\/04\/Screenshot_20220406-1444212.png\",\"datePublished\":\"2022-04-06T19:04:31+00:00\",\"author\":{\"@id\":\"\"},\"breadcrumb\":{\"@id\":\"https:\/\/www.blogsoestado.com\/danielmatos\/othelino-prestigia-aniversario-de-timbiras-e-comemora-acoes-realizadas-com-seu-apoio\/#breadcrumb\"},\"inLanguage\":\"pt-BR\",\"potentialAction\":[{\"@type\":\"ReadAction\",\"target\":[\"https:\/\/www.blogsoestado.com\/danielmatos\/othelino-prestigia-aniversario-de-timbiras-e-comemora-acoes-realizadas-com-seu-apoio\/\"]}]},{\"@type\":\"ImageObject\",\"inLanguage\":\"pt-BR\",\"@id\":\"https:\/\/www.blogsoestado.com\/danielmatos\/othelino-prestigia-aniversario-de-timbiras-e-comemora-acoes-realizadas-com-seu-apoio\/#primaryimage\",\"url\":\"https:\/\/www.blogsoestado.com\/danielmatos\/files\/2022\/04\/Screenshot_20220406-1444212.png\",\"contentUrl\":\"https:\/\/www.blogsoestado.com\/danielmatos\/files\/2022\/04\/Screenshot_20220406-1444212.png\"},{\"@type\":\"BreadcrumbList\",\"@id\":\"https:\/\/www.blogsoestado.com\/danielmatos\/othelino-prestigia-aniversario-de-timbiras-e-comemora-acoes-realizadas-com-seu-apoio\/#breadcrumb\",\"itemListElement\":[{\"@type\":\"ListItem\",\"position\":1,\"name\":\"In\u00edcio\",\"item\":\"https:\/\/www.blogsoestado.com\/danielmatos\/\"},{\"@type\":\"ListItem\",\"position\":2,\"name\":\"Othelino prestigia anivers\u00e1rio de Timbiras e comemora a\u00e7\u00f5es realizadas com seu apoio\"}]},{\"@type\":\"WebSite\",\"@id\":\"https:\/\/www.blogsoestado.com\/danielmatos\/#website\",\"url\":\"https:\/\/www.blogsoestado.com\/danielmatos\/\",\"name\":\"Daniel Matos\",\"description\":\"\",\"potentialAction\":[{\"@type\":\"SearchAction\",\"target\":{\"@type\":\"EntryPoint\",\"urlTemplate\":\"https:\/\/www.blogsoestado.com\/danielmatos\/?s={search_term_string}\"},\"query-input\":{\"@type\":\"PropertyValueSpecification\",\"valueRequired\":true,\"valueName\":\"search_term_string\"}}],\"inLanguage\":\"pt-BR\"}]}<\/script>\n<!-- \/ Yoast SEO plugin. -->","yoast_head_json":{"title":"Othelino prestigia anivers\u00e1rio de Timbiras e comemora a\u00e7\u00f5es realizadas com seu apoio - Daniel Matos","robots":{"index":"index","follow":"follow","max-snippet":"max-snippet:-1","max-image-preview":"max-image-preview:large","max-video-preview":"max-video-preview:-1"},"canonical":"https:\/\/www.blogsoestado.com\/danielmatos\/othelino-prestigia-aniversario-de-timbiras-e-comemora-acoes-realizadas-com-seu-apoio\/","og_locale":"pt_BR","og_type":"article","og_title":"Othelino prestigia anivers\u00e1rio de Timbiras e comemora a\u00e7\u00f5es realizadas com seu apoio - Daniel Matos","og_description":"Em celebra\u00e7\u00e3o aos 102 anos de emancipa\u00e7\u00e3o pol\u00edtica do munic\u00edpio de Timbiras, o presidente da Assembleia Legislativa do Maranh\u00e3o, deputado [&hellip;]","og_url":"https:\/\/www.blogsoestado.com\/danielmatos\/othelino-prestigia-aniversario-de-timbiras-e-comemora-acoes-realizadas-com-seu-apoio\/","og_site_name":"Daniel Matos","article_published_time":"2022-04-06T19:04:31+00:00","og_image":[{"url":"https:\/\/www.blogsoestado.com\/danielmatos\/files\/2022\/04\/Screenshot_20220406-1444212.png","type":"","width":"","height":""}],"twitter_card":"summary_large_image","twitter_misc":{"Est. tempo de leitura":"3 minutos"},"schema":{"@context":"https:\/\/schema.org","@graph":[{"@type":"WebPage","@id":"https:\/\/www.blogsoestado.com\/danielmatos\/othelino-prestigia-aniversario-de-timbiras-e-comemora-acoes-realizadas-com-seu-apoio\/","url":"https:\/\/www.blogsoestado.com\/danielmatos\/othelino-prestigia-aniversario-de-timbiras-e-comemora-acoes-realizadas-com-seu-apoio\/","name":"Othelino prestigia anivers\u00e1rio de Timbiras e comemora a\u00e7\u00f5es realizadas com seu apoio - Daniel Matos","isPartOf":{"@id":"https:\/\/www.blogsoestado.com\/danielmatos\/#website"},"primaryImageOfPage":{"@id":"https:\/\/www.blogsoestado.com\/danielmatos\/othelino-prestigia-aniversario-de-timbiras-e-comemora-acoes-realizadas-com-seu-apoio\/#primaryimage"},"image":{"@id":"https:\/\/www.blogsoestado.com\/danielmatos\/othelino-prestigia-aniversario-de-timbiras-e-comemora-acoes-realizadas-com-seu-apoio\/#primaryimage"},"thumbnailUrl":"https:\/\/www.blogsoestado.com\/danielmatos\/files\/2022\/04\/Screenshot_20220406-1444212.png","datePublished":"2022-04-06T19:04:31+00:00","author":{"@id":""},"breadcrumb":{"@id":"https:\/\/www.blogsoestado.com\/danielmatos\/othelino-prestigia-aniversario-de-timbiras-e-comemora-acoes-realizadas-com-seu-apoio\/#breadcrumb"},"inLanguage":"pt-BR","potentialAction":[{"@type":"ReadAction","target":["https:\/\/www.blogsoestado.com\/danielmatos\/othelino-prestigia-aniversario-de-timbiras-e-comemora-acoes-realizadas-com-seu-apoio\/"]}]},{"@type":"ImageObject","inLanguage":"pt-BR","@id":"https:\/\/www.blogsoestado.com\/danielmatos\/othelino-prestigia-aniversario-de-timbiras-e-comemora-acoes-realizadas-com-seu-apoio\/#primaryimage","url":"https:\/\/www.blogsoestado.com\/danielmatos\/files\/2022\/04\/Screenshot_20220406-1444212.png","contentUrl":"https:\/\/www.blogsoestado.com\/danielmatos\/files\/2022\/04\/Screenshot_20220406-1444212.png"},{"@type":"BreadcrumbList","@id":"https:\/\/www.blogsoestado.com\/danielmatos\/othelino-prestigia-aniversario-de-timbiras-e-comemora-acoes-realizadas-com-seu-apoio\/#breadcrumb","itemListElement":[{"@type":"ListItem","position":1,"name":"In\u00edcio","item":"https:\/\/www.blogsoestado.com\/danielmatos\/"},{"@type":"ListItem","position":2,"name":"Othelino prestigia anivers\u00e1rio de Timbiras e comemora a\u00e7\u00f5es realizadas com seu apoio"}]},{"@type":"WebSite","@id":"https:\/\/www.blogsoestado.com\/danielmatos\/#website","url":"https:\/\/www.blogsoestado.com\/danielmatos\/","name":"Daniel Matos","description":"","potentialAction":[{"@type":"SearchAction","target":{"@type":"EntryPoint","urlTemplate":"https:\/\/www.blogsoestado.com\/danielmatos\/?s={search_term_string}"},"query-input":{"@type":"PropertyValueSpecification","valueRequired":true,"valueName":"search_term_string"}}],"inLanguage":"pt-BR"}]}},"jetpack_featured_media_url":"","_links":{"self":[{"href":"https:\/\/www.blogsoestado.com\/danielmatos\/wp-json\/wp\/v2\/posts\/95881","targetHints":{"allow":["GET"]}}],"collection":[{"href":"https:\/\/www.blogsoestado.com\/danielmatos\/wp-json\/wp\/v2\/posts"}],"about":[{"href":"https:\/\/www.blogsoestado.com\/danielmatos\/wp-json\/wp\/v2\/types\/post"}],"replies":[{"embeddable":true,"href":"https:\/\/www.blogsoestado.com\/danielmatos\/wp-json\/wp\/v2\/comments?post=95881"}],"version-history":[{"count":0,"href":"https:\/\/www.blogsoestado.com\/danielmatos\/wp-json\/wp\/v2\/posts\/95881\/revisions"}],"wp:attachment":[{"href":"https:\/\/www.blogsoestado.com\/danielmatos\/wp-json\/wp\/v2\/media?parent=95881"}],"wp:term":[{"taxonomy":"category","embeddable":true,"href":"https:\/\/www.blogsoestado.com\/danielmatos\/wp-json\/wp\/v2\/categories?post=95881"},{"taxonomy":"post_tag","embeddable":true,"href":"https:\/\/www.blogsoestado.com\/danielmatos\/wp-json\/wp\/v2\/tags?post=95881"}],"curies":[{"name":"wp","href":"https:\/\/api.w.org\/{rel}","templated":true}]}}