{"id":95897,"date":"2022-04-06T19:17:30","date_gmt":"2022-04-06T22:17:30","guid":{"rendered":"https:\/\/www.blogsoestado.com\/danielmatos\/?p=95897"},"modified":"2022-04-06T19:17:30","modified_gmt":"2022-04-06T22:17:30","slug":"advogado-caue-aragao-assume-presidencia-da-aged-por-indicacao-do-prefeito-de-caxias-fabio-gentil","status":"publish","type":"post","link":"https:\/\/www.blogsoestado.com\/danielmatos\/advogado-caue-aragao-assume-presidencia-da-aged-por-indicacao-do-prefeito-de-caxias-fabio-gentil\/","title":{"rendered":"Advogado Cau\u00ea Arag\u00e3o assume presid\u00eancia da Aged por indica\u00e7\u00e3o do prefeito de Caxias, F\u00e1bio Gentil"},"content":{"rendered":"\n<div class=\"wp-block-image\"><figure class=\"aligncenter size-large\"><a href=\"https:\/\/www.blogsoestado.com\/danielmatos\/files\/2022\/04\/Screenshot_20220406-1913252.png\"><img decoding=\"async\" src=\"https:\/\/www.blogsoestado.com\/danielmatos\/files\/2022\/04\/Screenshot_20220406-1913252.png\" alt=\"\" class=\"wp-image-95900\"\/><\/a><figcaption>O governador Carlos Brand\u00e3o assina o ato de posse de Cau\u00ea Arag\u00e3o para presidir a Aged<\/figcaption><\/figure><\/div>\n\n\n\n<p>O governador Carlos Brand\u00e3o empossou, no final da tarde desta quarta-feira (6), em solenidade no Pal\u00e1cio Henrique de La Rocque, o novo presidente da Ag\u00eancia Estadual de Defesa Agropecu\u00e1ria (Aged), o advogado Cau\u00ea Arag\u00e3o. O nome de Cau\u00ea foi uma indica\u00e7\u00e3o do prefeito de Caxias, F\u00e1bio Gentil, aliado de primeira hora de Brand\u00e3o e colaborador dedicado do governo.<\/p>\n\n\n\n<div class=\"wp-block-image\"><figure class=\"aligncenter size-large\"><a href=\"https:\/\/www.blogsoestado.com\/danielmatos\/files\/2022\/04\/Screenshot_20220406-1912242.png\"><img decoding=\"async\" src=\"https:\/\/www.blogsoestado.com\/danielmatos\/files\/2022\/04\/Screenshot_20220406-1912242.png\" alt=\"\" class=\"wp-image-95901\"\/><\/a><figcaption>Cau\u00ea Arag\u00e3o com o prefeito de Caxias, F\u00e1bio Gentil; o secret\u00e1rio de Estado de Planejamento e Or\u00e7amento, Luis Fernando Silva; e a deputada estadual Daniella, que prestigiaram a posse<\/figcaption><\/figure><\/div>\n\n\n\n<p>A solenidade de posse de Cau\u00ea Arag\u00e3o foi bastante prestigiada. Al\u00e9m do pai, o radialista e bacharel em Direito, St\u00eanio Kavasaki, demais familiares e amigos, compareceram ao ato o prefeito de Caxias, Fabio Gentil; a deputada estadual Daniella; o secret\u00e1rio de Estado de Planejamento e Or\u00e7amento, Luis Fernando Silva, o empres\u00e1rio caixense Sin\u00e9sio Aquino, dentre outras personalidades e pessoas que mant\u00eam rela\u00e7\u00e3o pr\u00f3xima com o empossado.<\/p>\n\n\n\n<p>Ao tomar posse no cargo, Cau\u00ea Arag\u00e3o prometeu aplicar seus conhecimentos com empenho total para que a Aged cumpra o seu papel de defender a agropecu\u00e1ria maranhense, de modo a elevar o setor a um patamar superior ao que se encontra hoje. O objetivo \u00e9 intensificar a atua\u00e7\u00e3o para que a ag\u00eancia atinja todas as metas estabelecidas pelo novo governo.<\/p>\n\n\n\n<div class=\"wp-block-image\"><figure class=\"aligncenter size-large\"><a href=\"https:\/\/www.blogsoestado.com\/danielmatos\/files\/2022\/04\/Screenshot_20220406-1912512.png\"><img decoding=\"async\" src=\"https:\/\/www.blogsoestado.com\/danielmatos\/files\/2022\/04\/Screenshot_20220406-1912512-607x1024.png\" alt=\"\" class=\"wp-image-95902\"\/><\/a><figcaption>Kau\u00ea Arag\u00e3o e sua esposa,. Michelle, com o empres\u00e1rio caxiense Sin\u00e9sio Aquino<\/figcaption><\/figure><\/div>\n\n\n\n<p><strong>Sobre a Aged<\/strong><\/p>\n\n\n\n<p>A Ag\u00eancia Estadual de Defesa Agropecu\u00e1ria do Maranh\u00e3o (Aged-MA) \u00e9 uma autarquia vinculada \u00e0 Secretaria de Estado da Agricultura, Pecu\u00e1ria e Pesca (Sagrima), constitu\u00edda nos termos da Lei n\u00ba 7.734 de 19 de abril de 2002 e regulamentada pelo Decreto n\u00ba 18.596 de 25 de abril de 2002.<\/p>\n\n\n\n<p>A ag\u00eancia desenvolve suas a\u00e7\u00f5es por meio de 18 Unidades Regionais sediadas nos munic\u00edpios de A\u00e7ail\u00e2ndia, Bacabal, Balsas, Barra do Corda, Caxias, Chapadinha, Cod\u00f3, Itapecuru Mirim, Imperatriz, Pedreiras, Pinheiro, Presidente Dutra, Santa In\u00eas, S\u00e3o Jo\u00e3o dos Patos, S\u00e3o Lu\u00eds, Viana e Z\u00e9 Doca, bem como a sede, em S\u00e3o Lu\u00eds.<\/p>\n\n\n\n<div class=\"wp-block-image\"><figure class=\"aligncenter size-large\"><a href=\"https:\/\/www.blogsoestado.com\/danielmatos\/files\/2022\/04\/Screenshot_20220406-1914032.png\"><img decoding=\"async\" src=\"https:\/\/www.blogsoestado.com\/danielmatos\/files\/2022\/04\/Screenshot_20220406-1914032.png\" alt=\"\" class=\"wp-image-95903\"\/><\/a><figcaption>O novo presidente da Aged, Cau\u00ea Arag\u00e3o, com.o prefeito de Caxias, F\u00e1bio Gentil, e o pai, St\u00eanio Kavasaki<\/figcaption><\/figure><\/div>\n\n\n\n<p><strong>Miss\u00e3o<\/strong><\/p>\n\n\n\n<p>A miss\u00e3o do \u00f3rg\u00e3o \u00e9 assegurar a oferta de produtos de origem animal e vegetal com qualidade \u00e0 popula\u00e7\u00e3o, por meio da Defesa e Inspe\u00e7\u00e3o Agropecu\u00e1ria, atuando na promo\u00e7\u00e3o da sa\u00fade p\u00fablica e do meio ambiente.<\/p>\n","protected":false},"excerpt":{"rendered":"<p>O governador Carlos Brand\u00e3o empossou, no final da tarde desta quarta-feira (6), em solenidade no Pal\u00e1cio Henrique de La Rocque, [&hellip;]<\/p>\n","protected":false},"author":0,"featured_media":0,"comment_status":"open","ping_status":"open","sticky":false,"template":"","format":"standard","meta":{"site-sidebar-layout":"default","site-content-layout":"","ast-site-content-layout":"default","site-content-style":"default","site-sidebar-style":"default","ast-global-header-display":"","ast-banner-title-visibility":"","ast-main-header-display":"","ast-hfb-above-header-display":"","ast-hfb-below-header-display":"","ast-hfb-mobile-header-display":"","site-post-title":"","ast-breadcrumbs-content":"","ast-featured-img":"","footer-sml-layout":"","ast-disable-related-posts":"","theme-transparent-header-meta":"","adv-header-id-meta":"","stick-header-meta":"","header-above-stick-meta":"","header-main-stick-meta":"","header-below-stick-meta":"","astra-migrate-meta-layouts":"default","ast-page-background-enabled":"default","ast-page-background-meta":{"desktop":{"background-color":"var(--ast-global-color-5)","background-image":"","background-repeat":"repeat","background-position":"center center","background-size":"auto","background-attachment":"scroll","background-type":"","background-media":"","overlay-type":"","overlay-color":"","overlay-opacity":"","overlay-gradient":""},"tablet":{"background-color":"","background-image":"","background-repeat":"repeat","background-position":"center center","background-size":"auto","background-attachment":"scroll","background-type":"","background-media":"","overlay-type":"","overlay-color":"","overlay-opacity":"","overlay-gradient":""},"mobile":{"background-color":"","background-image":"","background-repeat":"repeat","background-position":"center center","background-size":"auto","background-attachment":"scroll","background-type":"","background-media":"","overlay-type":"","overlay-color":"","overlay-opacity":"","overlay-gradient":""}},"ast-content-background-meta":{"desktop":{"background-color":"var(--ast-global-color-4)","background-image":"","background-repeat":"repeat","background-position":"center center","background-size":"auto","background-attachment":"scroll","background-type":"","background-media":"","overlay-type":"","overlay-color":"","overlay-opacity":"","overlay-gradient":""},"tablet":{"background-color":"var(--ast-global-color-4)","background-image":"","background-repeat":"repeat","background-position":"center center","background-size":"auto","background-attachment":"scroll","background-type":"","background-media":"","overlay-type":"","overlay-color":"","overlay-opacity":"","overlay-gradient":""},"mobile":{"background-color":"var(--ast-global-color-4)","background-image":"","background-repeat":"repeat","background-position":"center center","background-size":"auto","background-attachment":"scroll","background-type":"","background-media":"","overlay-type":"","overlay-color":"","overlay-opacity":"","overlay-gradient":""}},"footnotes":""},"categories":[1],"tags":[],"class_list":["post-95897","post","type-post","status-publish","format-standard","hentry","category-sem-categoria"],"yoast_head":"<!-- This site is optimized with the Yoast SEO plugin v26.6 - https:\/\/yoast.com\/wordpress\/plugins\/seo\/ -->\n<title>Advogado Cau\u00ea Arag\u00e3o assume presid\u00eancia da Aged por indica\u00e7\u00e3o do prefeito de Caxias, F\u00e1bio Gentil - Daniel Matos<\/title>\n<meta name=\"robots\" content=\"index, follow, max-snippet:-1, max-image-preview:large, max-video-preview:-1\" \/>\n<link rel=\"canonical\" href=\"https:\/\/www.blogsoestado.com\/danielmatos\/advogado-caue-aragao-assume-presidencia-da-aged-por-indicacao-do-prefeito-de-caxias-fabio-gentil\/\" \/>\n<meta property=\"og:locale\" content=\"pt_BR\" \/>\n<meta property=\"og:type\" content=\"article\" \/>\n<meta property=\"og:title\" content=\"Advogado Cau\u00ea Arag\u00e3o assume presid\u00eancia da Aged por indica\u00e7\u00e3o do prefeito de Caxias, F\u00e1bio Gentil - Daniel Matos\" \/>\n<meta property=\"og:description\" content=\"O governador Carlos Brand\u00e3o empossou, no final da tarde desta quarta-feira (6), em solenidade no Pal\u00e1cio Henrique de La Rocque, [&hellip;]\" \/>\n<meta property=\"og:url\" content=\"https:\/\/www.blogsoestado.com\/danielmatos\/advogado-caue-aragao-assume-presidencia-da-aged-por-indicacao-do-prefeito-de-caxias-fabio-gentil\/\" \/>\n<meta property=\"og:site_name\" content=\"Daniel Matos\" \/>\n<meta property=\"article:published_time\" content=\"2022-04-06T22:17:30+00:00\" \/>\n<meta property=\"og:image\" content=\"https:\/\/www.blogsoestado.com\/danielmatos\/files\/2022\/04\/Screenshot_20220406-1913252.png\" \/>\n<meta name=\"twitter:card\" content=\"summary_large_image\" \/>\n<meta name=\"twitter:label1\" content=\"Est. tempo de leitura\" \/>\n\t<meta name=\"twitter:data1\" content=\"3 minutos\" \/>\n<script type=\"application\/ld+json\" class=\"yoast-schema-graph\">{\"@context\":\"https:\/\/schema.org\",\"@graph\":[{\"@type\":\"WebPage\",\"@id\":\"https:\/\/www.blogsoestado.com\/danielmatos\/advogado-caue-aragao-assume-presidencia-da-aged-por-indicacao-do-prefeito-de-caxias-fabio-gentil\/\",\"url\":\"https:\/\/www.blogsoestado.com\/danielmatos\/advogado-caue-aragao-assume-presidencia-da-aged-por-indicacao-do-prefeito-de-caxias-fabio-gentil\/\",\"name\":\"Advogado Cau\u00ea Arag\u00e3o assume presid\u00eancia da Aged por indica\u00e7\u00e3o do prefeito de Caxias, F\u00e1bio Gentil - Daniel Matos\",\"isPartOf\":{\"@id\":\"https:\/\/www.blogsoestado.com\/danielmatos\/#website\"},\"primaryImageOfPage\":{\"@id\":\"https:\/\/www.blogsoestado.com\/danielmatos\/advogado-caue-aragao-assume-presidencia-da-aged-por-indicacao-do-prefeito-de-caxias-fabio-gentil\/#primaryimage\"},\"image\":{\"@id\":\"https:\/\/www.blogsoestado.com\/danielmatos\/advogado-caue-aragao-assume-presidencia-da-aged-por-indicacao-do-prefeito-de-caxias-fabio-gentil\/#primaryimage\"},\"thumbnailUrl\":\"https:\/\/www.blogsoestado.com\/danielmatos\/files\/2022\/04\/Screenshot_20220406-1913252.png\",\"datePublished\":\"2022-04-06T22:17:30+00:00\",\"author\":{\"@id\":\"\"},\"breadcrumb\":{\"@id\":\"https:\/\/www.blogsoestado.com\/danielmatos\/advogado-caue-aragao-assume-presidencia-da-aged-por-indicacao-do-prefeito-de-caxias-fabio-gentil\/#breadcrumb\"},\"inLanguage\":\"pt-BR\",\"potentialAction\":[{\"@type\":\"ReadAction\",\"target\":[\"https:\/\/www.blogsoestado.com\/danielmatos\/advogado-caue-aragao-assume-presidencia-da-aged-por-indicacao-do-prefeito-de-caxias-fabio-gentil\/\"]}]},{\"@type\":\"ImageObject\",\"inLanguage\":\"pt-BR\",\"@id\":\"https:\/\/www.blogsoestado.com\/danielmatos\/advogado-caue-aragao-assume-presidencia-da-aged-por-indicacao-do-prefeito-de-caxias-fabio-gentil\/#primaryimage\",\"url\":\"https:\/\/www.blogsoestado.com\/danielmatos\/files\/2022\/04\/Screenshot_20220406-1913252.png\",\"contentUrl\":\"https:\/\/www.blogsoestado.com\/danielmatos\/files\/2022\/04\/Screenshot_20220406-1913252.png\"},{\"@type\":\"BreadcrumbList\",\"@id\":\"https:\/\/www.blogsoestado.com\/danielmatos\/advogado-caue-aragao-assume-presidencia-da-aged-por-indicacao-do-prefeito-de-caxias-fabio-gentil\/#breadcrumb\",\"itemListElement\":[{\"@type\":\"ListItem\",\"position\":1,\"name\":\"In\u00edcio\",\"item\":\"https:\/\/www.blogsoestado.com\/danielmatos\/\"},{\"@type\":\"ListItem\",\"position\":2,\"name\":\"Advogado Cau\u00ea Arag\u00e3o assume presid\u00eancia da Aged por indica\u00e7\u00e3o do prefeito de Caxias, F\u00e1bio Gentil\"}]},{\"@type\":\"WebSite\",\"@id\":\"https:\/\/www.blogsoestado.com\/danielmatos\/#website\",\"url\":\"https:\/\/www.blogsoestado.com\/danielmatos\/\",\"name\":\"Daniel Matos\",\"description\":\"\",\"potentialAction\":[{\"@type\":\"SearchAction\",\"target\":{\"@type\":\"EntryPoint\",\"urlTemplate\":\"https:\/\/www.blogsoestado.com\/danielmatos\/?s={search_term_string}\"},\"query-input\":{\"@type\":\"PropertyValueSpecification\",\"valueRequired\":true,\"valueName\":\"search_term_string\"}}],\"inLanguage\":\"pt-BR\"}]}<\/script>\n<!-- \/ Yoast SEO plugin. -->","yoast_head_json":{"title":"Advogado Cau\u00ea Arag\u00e3o assume presid\u00eancia da Aged por indica\u00e7\u00e3o do prefeito de Caxias, F\u00e1bio Gentil - Daniel Matos","robots":{"index":"index","follow":"follow","max-snippet":"max-snippet:-1","max-image-preview":"max-image-preview:large","max-video-preview":"max-video-preview:-1"},"canonical":"https:\/\/www.blogsoestado.com\/danielmatos\/advogado-caue-aragao-assume-presidencia-da-aged-por-indicacao-do-prefeito-de-caxias-fabio-gentil\/","og_locale":"pt_BR","og_type":"article","og_title":"Advogado Cau\u00ea Arag\u00e3o assume presid\u00eancia da Aged por indica\u00e7\u00e3o do prefeito de Caxias, F\u00e1bio Gentil - Daniel Matos","og_description":"O governador Carlos Brand\u00e3o empossou, no final da tarde desta quarta-feira (6), em solenidade no Pal\u00e1cio Henrique de La Rocque, [&hellip;]","og_url":"https:\/\/www.blogsoestado.com\/danielmatos\/advogado-caue-aragao-assume-presidencia-da-aged-por-indicacao-do-prefeito-de-caxias-fabio-gentil\/","og_site_name":"Daniel Matos","article_published_time":"2022-04-06T22:17:30+00:00","og_image":[{"url":"https:\/\/www.blogsoestado.com\/danielmatos\/files\/2022\/04\/Screenshot_20220406-1913252.png","type":"","width":"","height":""}],"twitter_card":"summary_large_image","twitter_misc":{"Est. tempo de leitura":"3 minutos"},"schema":{"@context":"https:\/\/schema.org","@graph":[{"@type":"WebPage","@id":"https:\/\/www.blogsoestado.com\/danielmatos\/advogado-caue-aragao-assume-presidencia-da-aged-por-indicacao-do-prefeito-de-caxias-fabio-gentil\/","url":"https:\/\/www.blogsoestado.com\/danielmatos\/advogado-caue-aragao-assume-presidencia-da-aged-por-indicacao-do-prefeito-de-caxias-fabio-gentil\/","name":"Advogado Cau\u00ea Arag\u00e3o assume presid\u00eancia da Aged por indica\u00e7\u00e3o do prefeito de Caxias, F\u00e1bio Gentil - Daniel Matos","isPartOf":{"@id":"https:\/\/www.blogsoestado.com\/danielmatos\/#website"},"primaryImageOfPage":{"@id":"https:\/\/www.blogsoestado.com\/danielmatos\/advogado-caue-aragao-assume-presidencia-da-aged-por-indicacao-do-prefeito-de-caxias-fabio-gentil\/#primaryimage"},"image":{"@id":"https:\/\/www.blogsoestado.com\/danielmatos\/advogado-caue-aragao-assume-presidencia-da-aged-por-indicacao-do-prefeito-de-caxias-fabio-gentil\/#primaryimage"},"thumbnailUrl":"https:\/\/www.blogsoestado.com\/danielmatos\/files\/2022\/04\/Screenshot_20220406-1913252.png","datePublished":"2022-04-06T22:17:30+00:00","author":{"@id":""},"breadcrumb":{"@id":"https:\/\/www.blogsoestado.com\/danielmatos\/advogado-caue-aragao-assume-presidencia-da-aged-por-indicacao-do-prefeito-de-caxias-fabio-gentil\/#breadcrumb"},"inLanguage":"pt-BR","potentialAction":[{"@type":"ReadAction","target":["https:\/\/www.blogsoestado.com\/danielmatos\/advogado-caue-aragao-assume-presidencia-da-aged-por-indicacao-do-prefeito-de-caxias-fabio-gentil\/"]}]},{"@type":"ImageObject","inLanguage":"pt-BR","@id":"https:\/\/www.blogsoestado.com\/danielmatos\/advogado-caue-aragao-assume-presidencia-da-aged-por-indicacao-do-prefeito-de-caxias-fabio-gentil\/#primaryimage","url":"https:\/\/www.blogsoestado.com\/danielmatos\/files\/2022\/04\/Screenshot_20220406-1913252.png","contentUrl":"https:\/\/www.blogsoestado.com\/danielmatos\/files\/2022\/04\/Screenshot_20220406-1913252.png"},{"@type":"BreadcrumbList","@id":"https:\/\/www.blogsoestado.com\/danielmatos\/advogado-caue-aragao-assume-presidencia-da-aged-por-indicacao-do-prefeito-de-caxias-fabio-gentil\/#breadcrumb","itemListElement":[{"@type":"ListItem","position":1,"name":"In\u00edcio","item":"https:\/\/www.blogsoestado.com\/danielmatos\/"},{"@type":"ListItem","position":2,"name":"Advogado Cau\u00ea Arag\u00e3o assume presid\u00eancia da Aged por indica\u00e7\u00e3o do prefeito de Caxias, F\u00e1bio Gentil"}]},{"@type":"WebSite","@id":"https:\/\/www.blogsoestado.com\/danielmatos\/#website","url":"https:\/\/www.blogsoestado.com\/danielmatos\/","name":"Daniel Matos","description":"","potentialAction":[{"@type":"SearchAction","target":{"@type":"EntryPoint","urlTemplate":"https:\/\/www.blogsoestado.com\/danielmatos\/?s={search_term_string}"},"query-input":{"@type":"PropertyValueSpecification","valueRequired":true,"valueName":"search_term_string"}}],"inLanguage":"pt-BR"}]}},"jetpack_featured_media_url":"","_links":{"self":[{"href":"https:\/\/www.blogsoestado.com\/danielmatos\/wp-json\/wp\/v2\/posts\/95897","targetHints":{"allow":["GET"]}}],"collection":[{"href":"https:\/\/www.blogsoestado.com\/danielmatos\/wp-json\/wp\/v2\/posts"}],"about":[{"href":"https:\/\/www.blogsoestado.com\/danielmatos\/wp-json\/wp\/v2\/types\/post"}],"replies":[{"embeddable":true,"href":"https:\/\/www.blogsoestado.com\/danielmatos\/wp-json\/wp\/v2\/comments?post=95897"}],"version-history":[{"count":0,"href":"https:\/\/www.blogsoestado.com\/danielmatos\/wp-json\/wp\/v2\/posts\/95897\/revisions"}],"wp:attachment":[{"href":"https:\/\/www.blogsoestado.com\/danielmatos\/wp-json\/wp\/v2\/media?parent=95897"}],"wp:term":[{"taxonomy":"category","embeddable":true,"href":"https:\/\/www.blogsoestado.com\/danielmatos\/wp-json\/wp\/v2\/categories?post=95897"},{"taxonomy":"post_tag","embeddable":true,"href":"https:\/\/www.blogsoestado.com\/danielmatos\/wp-json\/wp\/v2\/tags?post=95897"}],"curies":[{"name":"wp","href":"https:\/\/api.w.org\/{rel}","templated":true}]}}