{"id":95911,"date":"2022-04-07T09:17:28","date_gmt":"2022-04-07T12:17:28","guid":{"rendered":"https:\/\/www.blogsoestado.com\/danielmatos\/?p=95911"},"modified":"2022-04-07T09:17:28","modified_gmt":"2022-04-07T12:17:28","slug":"o-dinheiro-dos-precatorios-do-fundef-tem-dono-diz-deputado-wellington-em-reuniao-com-professores-de-barra-do-corda","status":"publish","type":"post","link":"https:\/\/www.blogsoestado.com\/danielmatos\/o-dinheiro-dos-precatorios-do-fundef-tem-dono-diz-deputado-wellington-em-reuniao-com-professores-de-barra-do-corda\/","title":{"rendered":"&#8220;O dinheiro dos precat\u00f3rios do FUNDEF tem dono\u201d, diz deputado Wellington em reuni\u00e3o com professores de Barra do Corda"},"content":{"rendered":"\n<div class=\"wp-block-image\"><figure class=\"aligncenter size-large\"><a href=\"https:\/\/www.blogsoestado.com\/danielmatos\/files\/2022\/04\/Screenshot_20220407-0913142.png\"><img decoding=\"async\" src=\"https:\/\/www.blogsoestado.com\/danielmatos\/files\/2022\/04\/Screenshot_20220407-0913142.png\" alt=\"\" class=\"wp-image-95912\"\/><\/a><figcaption>Wellington levou of\u00edcio para ser protocolado na prefeitura, em que solicita, com base na Lei de Acesso \u00e0 Informa\u00e7\u00e3o, a c\u00f3pia da folha de pagamentdos professores do ano de 2021, a fim de avaliar o pagamento do FUNDEB<\/figcaption><\/figure><\/div>\n\n\n\n<p>Em visita ao munic\u00edpio de Barra do Corda, o deputado estadual Wellington do Curso se reuniu com os professores da rede municipal de educa\u00e7\u00e3o para tratar sobre o reajuste de 33,24% retroativo a janeiro de 2022, al\u00e9m do rateio das sobras dos recursos do FUNDEB para os profissionais da educa\u00e7\u00e3o b\u00e1sica, bem como o pagamento dos precat\u00f3rios do FUNDEF. De acordo com o parlamentar, os recursos pertencem aos professores e devem ser pagos.<\/p>\n\n\n\n<p>Na oportunidade, Wellington levou of\u00edcio para ser protocolado na prefeitura, em que solicita, com base na Lei de Acesso \u00e0 Informa\u00e7\u00e3o, a c\u00f3pia da folha de pagamentdos professores do ano de 2021, a fim de avaliar o pagamento do FUNDEB.<\/p>\n\n\n\n<p>\u201cEstivemos reunidos com os professores da rede municipal de ensino de Barra do Corda para tratar sobre o reajuste do piso salarial retroativo a janeiro e tamb\u00e9m o rateio de 70% dos recursos do FUNDEB para os profissionais da educa\u00e7\u00e3o b\u00e1sica. Na oportunidade, solicitamos \u00e0 prefeitura, por meio de of\u00edcio, que disponibilize a c\u00f3pia da folha de pagamento do ano de 2021 para que possamos avaliar o pagamento do rateio do FUNDEB. Como deputado estadual, seguirei na luta em defesa dos direitos dos professores maranhenses e iremos fiscalizar e cobrar um posicionamento da prefeitura de Barra do Corda para saber o destino dos recursos do FUNDEB, se houve sobras e os motivos pelos quais n\u00e3o houve o rateio, afinal, o dinheiro \u00e9 dos professores. Tamb\u00e9m iremos fiscalizar o pagamento dos precat\u00f3rios do FUNDEF para os educadores de Barra do Corda, afinal, estamos falando de direitos garantidos por lei e a prefeitura deve pagar os direitos dos professores\u201d, disse o professor e deputado estadual Wellington do Curso.<\/p>\n","protected":false},"excerpt":{"rendered":"<p>Em visita ao munic\u00edpio de Barra do Corda, o deputado estadual Wellington do Curso se reuniu com os professores da [&hellip;]<\/p>\n","protected":false},"author":0,"featured_media":0,"comment_status":"open","ping_status":"open","sticky":false,"template":"","format":"standard","meta":{"site-sidebar-layout":"default","site-content-layout":"","ast-site-content-layout":"default","site-content-style":"default","site-sidebar-style":"default","ast-global-header-display":"","ast-banner-title-visibility":"","ast-main-header-display":"","ast-hfb-above-header-display":"","ast-hfb-below-header-display":"","ast-hfb-mobile-header-display":"","site-post-title":"","ast-breadcrumbs-content":"","ast-featured-img":"","footer-sml-layout":"","ast-disable-related-posts":"","theme-transparent-header-meta":"","adv-header-id-meta":"","stick-header-meta":"","header-above-stick-meta":"","header-main-stick-meta":"","header-below-stick-meta":"","astra-migrate-meta-layouts":"default","ast-page-background-enabled":"default","ast-page-background-meta":{"desktop":{"background-color":"var(--ast-global-color-5)","background-image":"","background-repeat":"repeat","background-position":"center center","background-size":"auto","background-attachment":"scroll","background-type":"","background-media":"","overlay-type":"","overlay-color":"","overlay-opacity":"","overlay-gradient":""},"tablet":{"background-color":"","background-image":"","background-repeat":"repeat","background-position":"center center","background-size":"auto","background-attachment":"scroll","background-type":"","background-media":"","overlay-type":"","overlay-color":"","overlay-opacity":"","overlay-gradient":""},"mobile":{"background-color":"","background-image":"","background-repeat":"repeat","background-position":"center center","background-size":"auto","background-attachment":"scroll","background-type":"","background-media":"","overlay-type":"","overlay-color":"","overlay-opacity":"","overlay-gradient":""}},"ast-content-background-meta":{"desktop":{"background-color":"var(--ast-global-color-4)","background-image":"","background-repeat":"repeat","background-position":"center center","background-size":"auto","background-attachment":"scroll","background-type":"","background-media":"","overlay-type":"","overlay-color":"","overlay-opacity":"","overlay-gradient":""},"tablet":{"background-color":"var(--ast-global-color-4)","background-image":"","background-repeat":"repeat","background-position":"center center","background-size":"auto","background-attachment":"scroll","background-type":"","background-media":"","overlay-type":"","overlay-color":"","overlay-opacity":"","overlay-gradient":""},"mobile":{"background-color":"var(--ast-global-color-4)","background-image":"","background-repeat":"repeat","background-position":"center center","background-size":"auto","background-attachment":"scroll","background-type":"","background-media":"","overlay-type":"","overlay-color":"","overlay-opacity":"","overlay-gradient":""}},"footnotes":""},"categories":[1],"tags":[],"class_list":["post-95911","post","type-post","status-publish","format-standard","hentry","category-sem-categoria"],"yoast_head":"<!-- This site is optimized with the Yoast SEO plugin v26.6 - https:\/\/yoast.com\/wordpress\/plugins\/seo\/ -->\n<title>&quot;O dinheiro dos precat\u00f3rios do FUNDEF tem dono\u201d, diz deputado Wellington em reuni\u00e3o com professores de Barra do Corda - Daniel Matos<\/title>\n<meta name=\"robots\" content=\"index, follow, max-snippet:-1, max-image-preview:large, max-video-preview:-1\" \/>\n<link rel=\"canonical\" href=\"https:\/\/www.blogsoestado.com\/danielmatos\/o-dinheiro-dos-precatorios-do-fundef-tem-dono-diz-deputado-wellington-em-reuniao-com-professores-de-barra-do-corda\/\" \/>\n<meta property=\"og:locale\" content=\"pt_BR\" \/>\n<meta property=\"og:type\" content=\"article\" \/>\n<meta property=\"og:title\" content=\"&quot;O dinheiro dos precat\u00f3rios do FUNDEF tem dono\u201d, diz deputado Wellington em reuni\u00e3o com professores de Barra do Corda - Daniel Matos\" \/>\n<meta property=\"og:description\" content=\"Em visita ao munic\u00edpio de Barra do Corda, o deputado estadual Wellington do Curso se reuniu com os professores da [&hellip;]\" \/>\n<meta property=\"og:url\" content=\"https:\/\/www.blogsoestado.com\/danielmatos\/o-dinheiro-dos-precatorios-do-fundef-tem-dono-diz-deputado-wellington-em-reuniao-com-professores-de-barra-do-corda\/\" \/>\n<meta property=\"og:site_name\" content=\"Daniel Matos\" \/>\n<meta property=\"article:published_time\" content=\"2022-04-07T12:17:28+00:00\" \/>\n<meta property=\"og:image\" content=\"https:\/\/www.blogsoestado.com\/danielmatos\/files\/2022\/04\/Screenshot_20220407-0913142.png\" \/>\n<meta name=\"twitter:card\" content=\"summary_large_image\" \/>\n<meta name=\"twitter:label1\" content=\"Est. tempo de leitura\" \/>\n\t<meta name=\"twitter:data1\" content=\"2 minutos\" \/>\n<script type=\"application\/ld+json\" class=\"yoast-schema-graph\">{\"@context\":\"https:\/\/schema.org\",\"@graph\":[{\"@type\":\"WebPage\",\"@id\":\"https:\/\/www.blogsoestado.com\/danielmatos\/o-dinheiro-dos-precatorios-do-fundef-tem-dono-diz-deputado-wellington-em-reuniao-com-professores-de-barra-do-corda\/\",\"url\":\"https:\/\/www.blogsoestado.com\/danielmatos\/o-dinheiro-dos-precatorios-do-fundef-tem-dono-diz-deputado-wellington-em-reuniao-com-professores-de-barra-do-corda\/\",\"name\":\"\\\"O dinheiro dos precat\u00f3rios do FUNDEF tem dono\u201d, diz deputado Wellington em reuni\u00e3o com professores de Barra do Corda - Daniel Matos\",\"isPartOf\":{\"@id\":\"https:\/\/www.blogsoestado.com\/danielmatos\/#website\"},\"primaryImageOfPage\":{\"@id\":\"https:\/\/www.blogsoestado.com\/danielmatos\/o-dinheiro-dos-precatorios-do-fundef-tem-dono-diz-deputado-wellington-em-reuniao-com-professores-de-barra-do-corda\/#primaryimage\"},\"image\":{\"@id\":\"https:\/\/www.blogsoestado.com\/danielmatos\/o-dinheiro-dos-precatorios-do-fundef-tem-dono-diz-deputado-wellington-em-reuniao-com-professores-de-barra-do-corda\/#primaryimage\"},\"thumbnailUrl\":\"https:\/\/www.blogsoestado.com\/danielmatos\/files\/2022\/04\/Screenshot_20220407-0913142.png\",\"datePublished\":\"2022-04-07T12:17:28+00:00\",\"author\":{\"@id\":\"\"},\"breadcrumb\":{\"@id\":\"https:\/\/www.blogsoestado.com\/danielmatos\/o-dinheiro-dos-precatorios-do-fundef-tem-dono-diz-deputado-wellington-em-reuniao-com-professores-de-barra-do-corda\/#breadcrumb\"},\"inLanguage\":\"pt-BR\",\"potentialAction\":[{\"@type\":\"ReadAction\",\"target\":[\"https:\/\/www.blogsoestado.com\/danielmatos\/o-dinheiro-dos-precatorios-do-fundef-tem-dono-diz-deputado-wellington-em-reuniao-com-professores-de-barra-do-corda\/\"]}]},{\"@type\":\"ImageObject\",\"inLanguage\":\"pt-BR\",\"@id\":\"https:\/\/www.blogsoestado.com\/danielmatos\/o-dinheiro-dos-precatorios-do-fundef-tem-dono-diz-deputado-wellington-em-reuniao-com-professores-de-barra-do-corda\/#primaryimage\",\"url\":\"https:\/\/www.blogsoestado.com\/danielmatos\/files\/2022\/04\/Screenshot_20220407-0913142.png\",\"contentUrl\":\"https:\/\/www.blogsoestado.com\/danielmatos\/files\/2022\/04\/Screenshot_20220407-0913142.png\"},{\"@type\":\"BreadcrumbList\",\"@id\":\"https:\/\/www.blogsoestado.com\/danielmatos\/o-dinheiro-dos-precatorios-do-fundef-tem-dono-diz-deputado-wellington-em-reuniao-com-professores-de-barra-do-corda\/#breadcrumb\",\"itemListElement\":[{\"@type\":\"ListItem\",\"position\":1,\"name\":\"In\u00edcio\",\"item\":\"https:\/\/www.blogsoestado.com\/danielmatos\/\"},{\"@type\":\"ListItem\",\"position\":2,\"name\":\"&#8220;O dinheiro dos precat\u00f3rios do FUNDEF tem dono\u201d, diz deputado Wellington em reuni\u00e3o com professores de Barra do Corda\"}]},{\"@type\":\"WebSite\",\"@id\":\"https:\/\/www.blogsoestado.com\/danielmatos\/#website\",\"url\":\"https:\/\/www.blogsoestado.com\/danielmatos\/\",\"name\":\"Daniel Matos\",\"description\":\"\",\"potentialAction\":[{\"@type\":\"SearchAction\",\"target\":{\"@type\":\"EntryPoint\",\"urlTemplate\":\"https:\/\/www.blogsoestado.com\/danielmatos\/?s={search_term_string}\"},\"query-input\":{\"@type\":\"PropertyValueSpecification\",\"valueRequired\":true,\"valueName\":\"search_term_string\"}}],\"inLanguage\":\"pt-BR\"}]}<\/script>\n<!-- \/ Yoast SEO plugin. -->","yoast_head_json":{"title":"\"O dinheiro dos precat\u00f3rios do FUNDEF tem dono\u201d, diz deputado Wellington em reuni\u00e3o com professores de Barra do Corda - Daniel Matos","robots":{"index":"index","follow":"follow","max-snippet":"max-snippet:-1","max-image-preview":"max-image-preview:large","max-video-preview":"max-video-preview:-1"},"canonical":"https:\/\/www.blogsoestado.com\/danielmatos\/o-dinheiro-dos-precatorios-do-fundef-tem-dono-diz-deputado-wellington-em-reuniao-com-professores-de-barra-do-corda\/","og_locale":"pt_BR","og_type":"article","og_title":"\"O dinheiro dos precat\u00f3rios do FUNDEF tem dono\u201d, diz deputado Wellington em reuni\u00e3o com professores de Barra do Corda - Daniel Matos","og_description":"Em visita ao munic\u00edpio de Barra do Corda, o deputado estadual Wellington do Curso se reuniu com os professores da [&hellip;]","og_url":"https:\/\/www.blogsoestado.com\/danielmatos\/o-dinheiro-dos-precatorios-do-fundef-tem-dono-diz-deputado-wellington-em-reuniao-com-professores-de-barra-do-corda\/","og_site_name":"Daniel Matos","article_published_time":"2022-04-07T12:17:28+00:00","og_image":[{"url":"https:\/\/www.blogsoestado.com\/danielmatos\/files\/2022\/04\/Screenshot_20220407-0913142.png","type":"","width":"","height":""}],"twitter_card":"summary_large_image","twitter_misc":{"Est. tempo de leitura":"2 minutos"},"schema":{"@context":"https:\/\/schema.org","@graph":[{"@type":"WebPage","@id":"https:\/\/www.blogsoestado.com\/danielmatos\/o-dinheiro-dos-precatorios-do-fundef-tem-dono-diz-deputado-wellington-em-reuniao-com-professores-de-barra-do-corda\/","url":"https:\/\/www.blogsoestado.com\/danielmatos\/o-dinheiro-dos-precatorios-do-fundef-tem-dono-diz-deputado-wellington-em-reuniao-com-professores-de-barra-do-corda\/","name":"\"O dinheiro dos precat\u00f3rios do FUNDEF tem dono\u201d, diz deputado Wellington em reuni\u00e3o com professores de Barra do Corda - Daniel Matos","isPartOf":{"@id":"https:\/\/www.blogsoestado.com\/danielmatos\/#website"},"primaryImageOfPage":{"@id":"https:\/\/www.blogsoestado.com\/danielmatos\/o-dinheiro-dos-precatorios-do-fundef-tem-dono-diz-deputado-wellington-em-reuniao-com-professores-de-barra-do-corda\/#primaryimage"},"image":{"@id":"https:\/\/www.blogsoestado.com\/danielmatos\/o-dinheiro-dos-precatorios-do-fundef-tem-dono-diz-deputado-wellington-em-reuniao-com-professores-de-barra-do-corda\/#primaryimage"},"thumbnailUrl":"https:\/\/www.blogsoestado.com\/danielmatos\/files\/2022\/04\/Screenshot_20220407-0913142.png","datePublished":"2022-04-07T12:17:28+00:00","author":{"@id":""},"breadcrumb":{"@id":"https:\/\/www.blogsoestado.com\/danielmatos\/o-dinheiro-dos-precatorios-do-fundef-tem-dono-diz-deputado-wellington-em-reuniao-com-professores-de-barra-do-corda\/#breadcrumb"},"inLanguage":"pt-BR","potentialAction":[{"@type":"ReadAction","target":["https:\/\/www.blogsoestado.com\/danielmatos\/o-dinheiro-dos-precatorios-do-fundef-tem-dono-diz-deputado-wellington-em-reuniao-com-professores-de-barra-do-corda\/"]}]},{"@type":"ImageObject","inLanguage":"pt-BR","@id":"https:\/\/www.blogsoestado.com\/danielmatos\/o-dinheiro-dos-precatorios-do-fundef-tem-dono-diz-deputado-wellington-em-reuniao-com-professores-de-barra-do-corda\/#primaryimage","url":"https:\/\/www.blogsoestado.com\/danielmatos\/files\/2022\/04\/Screenshot_20220407-0913142.png","contentUrl":"https:\/\/www.blogsoestado.com\/danielmatos\/files\/2022\/04\/Screenshot_20220407-0913142.png"},{"@type":"BreadcrumbList","@id":"https:\/\/www.blogsoestado.com\/danielmatos\/o-dinheiro-dos-precatorios-do-fundef-tem-dono-diz-deputado-wellington-em-reuniao-com-professores-de-barra-do-corda\/#breadcrumb","itemListElement":[{"@type":"ListItem","position":1,"name":"In\u00edcio","item":"https:\/\/www.blogsoestado.com\/danielmatos\/"},{"@type":"ListItem","position":2,"name":"&#8220;O dinheiro dos precat\u00f3rios do FUNDEF tem dono\u201d, diz deputado Wellington em reuni\u00e3o com professores de Barra do Corda"}]},{"@type":"WebSite","@id":"https:\/\/www.blogsoestado.com\/danielmatos\/#website","url":"https:\/\/www.blogsoestado.com\/danielmatos\/","name":"Daniel Matos","description":"","potentialAction":[{"@type":"SearchAction","target":{"@type":"EntryPoint","urlTemplate":"https:\/\/www.blogsoestado.com\/danielmatos\/?s={search_term_string}"},"query-input":{"@type":"PropertyValueSpecification","valueRequired":true,"valueName":"search_term_string"}}],"inLanguage":"pt-BR"}]}},"jetpack_featured_media_url":"","_links":{"self":[{"href":"https:\/\/www.blogsoestado.com\/danielmatos\/wp-json\/wp\/v2\/posts\/95911","targetHints":{"allow":["GET"]}}],"collection":[{"href":"https:\/\/www.blogsoestado.com\/danielmatos\/wp-json\/wp\/v2\/posts"}],"about":[{"href":"https:\/\/www.blogsoestado.com\/danielmatos\/wp-json\/wp\/v2\/types\/post"}],"replies":[{"embeddable":true,"href":"https:\/\/www.blogsoestado.com\/danielmatos\/wp-json\/wp\/v2\/comments?post=95911"}],"version-history":[{"count":0,"href":"https:\/\/www.blogsoestado.com\/danielmatos\/wp-json\/wp\/v2\/posts\/95911\/revisions"}],"wp:attachment":[{"href":"https:\/\/www.blogsoestado.com\/danielmatos\/wp-json\/wp\/v2\/media?parent=95911"}],"wp:term":[{"taxonomy":"category","embeddable":true,"href":"https:\/\/www.blogsoestado.com\/danielmatos\/wp-json\/wp\/v2\/categories?post=95911"},{"taxonomy":"post_tag","embeddable":true,"href":"https:\/\/www.blogsoestado.com\/danielmatos\/wp-json\/wp\/v2\/tags?post=95911"}],"curies":[{"name":"wp","href":"https:\/\/api.w.org\/{rel}","templated":true}]}}