{"id":95917,"date":"2022-04-07T14:59:48","date_gmt":"2022-04-07T17:59:48","guid":{"rendered":"https:\/\/www.blogsoestado.com\/danielmatos\/?p=95917"},"modified":"2022-04-07T14:59:48","modified_gmt":"2022-04-07T17:59:48","slug":"deputado-ze-inacio-toma-posse-como-secretario-da-mesa-diretora-do-parlamento-amazonico","status":"publish","type":"post","link":"https:\/\/www.blogsoestado.com\/danielmatos\/deputado-ze-inacio-toma-posse-como-secretario-da-mesa-diretora-do-parlamento-amazonico\/","title":{"rendered":"Deputado Z\u00e9 In\u00e1cio toma posse como secret\u00e1rio da Mesa Diretora do Parlamento Amaz\u00f4nico"},"content":{"rendered":"\n<div class=\"wp-block-image\"><figure class=\"aligncenter size-large\"><a href=\"https:\/\/www.blogsoestado.com\/danielmatos\/files\/2022\/04\/Screenshot_20220407-1443302.png\"><img decoding=\"async\" src=\"https:\/\/www.blogsoestado.com\/danielmatos\/files\/2022\/04\/Screenshot_20220407-1443302.png\" alt=\"\" class=\"wp-image-95918\"\/><\/a><figcaption>Deputado estadual Z\u00e9 In\u00e1cio assina o ato de posse como secret\u00e1rio da Mesa Diretora do Parlamento Amaz\u00f4nico<\/figcaption><\/figure><\/div>\n\n\n\n<p>O deputado estadual Z\u00e9 In\u00e1cio (PT) tomou posse, nesta quinta-feira (7), como secret\u00e1rio da Mesa Diretora do Parlamento Amaz\u00f4nico. A entidade congrega os deputados estaduais que representam os nove estados da Amaz\u00f4nia Legal.<\/p>\n\n\n\n<p>As principais bandeiras do Parlamento Amaz\u00f4nico s\u00e3o desenvolvimento sustent\u00e1vel e prote\u00e7\u00e3o da floresta. Engajado \u00e0 causa, Z\u00e9 In\u00e1cio afirmou que a luta cont\u00ednua e \u00e9 permanente.<\/p>\n\n\n\n<p>A solenidade de posse dos novos membros da entidade aconteceu na Assembleia Legislativa do Amap\u00e1.<\/p>\n","protected":false},"excerpt":{"rendered":"<p>O deputado estadual Z\u00e9 In\u00e1cio (PT) tomou posse, nesta quinta-feira (7), como secret\u00e1rio da Mesa Diretora do Parlamento Amaz\u00f4nico. A [&hellip;]<\/p>\n","protected":false},"author":0,"featured_media":0,"comment_status":"open","ping_status":"open","sticky":false,"template":"","format":"standard","meta":{"site-sidebar-layout":"default","site-content-layout":"","ast-site-content-layout":"default","site-content-style":"default","site-sidebar-style":"default","ast-global-header-display":"","ast-banner-title-visibility":"","ast-main-header-display":"","ast-hfb-above-header-display":"","ast-hfb-below-header-display":"","ast-hfb-mobile-header-display":"","site-post-title":"","ast-breadcrumbs-content":"","ast-featured-img":"","footer-sml-layout":"","ast-disable-related-posts":"","theme-transparent-header-meta":"","adv-header-id-meta":"","stick-header-meta":"","header-above-stick-meta":"","header-main-stick-meta":"","header-below-stick-meta":"","astra-migrate-meta-layouts":"default","ast-page-background-enabled":"default","ast-page-background-meta":{"desktop":{"background-color":"var(--ast-global-color-5)","background-image":"","background-repeat":"repeat","background-position":"center center","background-size":"auto","background-attachment":"scroll","background-type":"","background-media":"","overlay-type":"","overlay-color":"","overlay-opacity":"","overlay-gradient":""},"tablet":{"background-color":"","background-image":"","background-repeat":"repeat","background-position":"center center","background-size":"auto","background-attachment":"scroll","background-type":"","background-media":"","overlay-type":"","overlay-color":"","overlay-opacity":"","overlay-gradient":""},"mobile":{"background-color":"","background-image":"","background-repeat":"repeat","background-position":"center center","background-size":"auto","background-attachment":"scroll","background-type":"","background-media":"","overlay-type":"","overlay-color":"","overlay-opacity":"","overlay-gradient":""}},"ast-content-background-meta":{"desktop":{"background-color":"var(--ast-global-color-4)","background-image":"","background-repeat":"repeat","background-position":"center center","background-size":"auto","background-attachment":"scroll","background-type":"","background-media":"","overlay-type":"","overlay-color":"","overlay-opacity":"","overlay-gradient":""},"tablet":{"background-color":"var(--ast-global-color-4)","background-image":"","background-repeat":"repeat","background-position":"center center","background-size":"auto","background-attachment":"scroll","background-type":"","background-media":"","overlay-type":"","overlay-color":"","overlay-opacity":"","overlay-gradient":""},"mobile":{"background-color":"var(--ast-global-color-4)","background-image":"","background-repeat":"repeat","background-position":"center center","background-size":"auto","background-attachment":"scroll","background-type":"","background-media":"","overlay-type":"","overlay-color":"","overlay-opacity":"","overlay-gradient":""}},"footnotes":""},"categories":[1],"tags":[],"class_list":["post-95917","post","type-post","status-publish","format-standard","hentry","category-sem-categoria"],"yoast_head":"<!-- This site is optimized with the Yoast SEO plugin v26.6 - https:\/\/yoast.com\/wordpress\/plugins\/seo\/ -->\n<title>Deputado Z\u00e9 In\u00e1cio toma posse como secret\u00e1rio da Mesa Diretora do Parlamento Amaz\u00f4nico - Daniel Matos<\/title>\n<meta name=\"robots\" content=\"index, follow, max-snippet:-1, max-image-preview:large, max-video-preview:-1\" \/>\n<link rel=\"canonical\" href=\"https:\/\/www.blogsoestado.com\/danielmatos\/deputado-ze-inacio-toma-posse-como-secretario-da-mesa-diretora-do-parlamento-amazonico\/\" \/>\n<meta property=\"og:locale\" content=\"pt_BR\" \/>\n<meta property=\"og:type\" content=\"article\" \/>\n<meta property=\"og:title\" content=\"Deputado Z\u00e9 In\u00e1cio toma posse como secret\u00e1rio da Mesa Diretora do Parlamento Amaz\u00f4nico - Daniel Matos\" \/>\n<meta property=\"og:description\" content=\"O deputado estadual Z\u00e9 In\u00e1cio (PT) tomou posse, nesta quinta-feira (7), como secret\u00e1rio da Mesa Diretora do Parlamento Amaz\u00f4nico. A [&hellip;]\" \/>\n<meta property=\"og:url\" content=\"https:\/\/www.blogsoestado.com\/danielmatos\/deputado-ze-inacio-toma-posse-como-secretario-da-mesa-diretora-do-parlamento-amazonico\/\" \/>\n<meta property=\"og:site_name\" content=\"Daniel Matos\" \/>\n<meta property=\"article:published_time\" content=\"2022-04-07T17:59:48+00:00\" \/>\n<meta property=\"og:image\" content=\"https:\/\/www.blogsoestado.com\/danielmatos\/files\/2022\/04\/Screenshot_20220407-1443302.png\" \/>\n<meta name=\"twitter:card\" content=\"summary_large_image\" \/>\n<meta name=\"twitter:label1\" content=\"Est. tempo de leitura\" \/>\n\t<meta name=\"twitter:data1\" content=\"1 minuto\" \/>\n<script type=\"application\/ld+json\" class=\"yoast-schema-graph\">{\"@context\":\"https:\/\/schema.org\",\"@graph\":[{\"@type\":\"WebPage\",\"@id\":\"https:\/\/www.blogsoestado.com\/danielmatos\/deputado-ze-inacio-toma-posse-como-secretario-da-mesa-diretora-do-parlamento-amazonico\/\",\"url\":\"https:\/\/www.blogsoestado.com\/danielmatos\/deputado-ze-inacio-toma-posse-como-secretario-da-mesa-diretora-do-parlamento-amazonico\/\",\"name\":\"Deputado Z\u00e9 In\u00e1cio toma posse como secret\u00e1rio da Mesa Diretora do Parlamento Amaz\u00f4nico - Daniel Matos\",\"isPartOf\":{\"@id\":\"https:\/\/www.blogsoestado.com\/danielmatos\/#website\"},\"primaryImageOfPage\":{\"@id\":\"https:\/\/www.blogsoestado.com\/danielmatos\/deputado-ze-inacio-toma-posse-como-secretario-da-mesa-diretora-do-parlamento-amazonico\/#primaryimage\"},\"image\":{\"@id\":\"https:\/\/www.blogsoestado.com\/danielmatos\/deputado-ze-inacio-toma-posse-como-secretario-da-mesa-diretora-do-parlamento-amazonico\/#primaryimage\"},\"thumbnailUrl\":\"https:\/\/www.blogsoestado.com\/danielmatos\/files\/2022\/04\/Screenshot_20220407-1443302.png\",\"datePublished\":\"2022-04-07T17:59:48+00:00\",\"author\":{\"@id\":\"\"},\"breadcrumb\":{\"@id\":\"https:\/\/www.blogsoestado.com\/danielmatos\/deputado-ze-inacio-toma-posse-como-secretario-da-mesa-diretora-do-parlamento-amazonico\/#breadcrumb\"},\"inLanguage\":\"pt-BR\",\"potentialAction\":[{\"@type\":\"ReadAction\",\"target\":[\"https:\/\/www.blogsoestado.com\/danielmatos\/deputado-ze-inacio-toma-posse-como-secretario-da-mesa-diretora-do-parlamento-amazonico\/\"]}]},{\"@type\":\"ImageObject\",\"inLanguage\":\"pt-BR\",\"@id\":\"https:\/\/www.blogsoestado.com\/danielmatos\/deputado-ze-inacio-toma-posse-como-secretario-da-mesa-diretora-do-parlamento-amazonico\/#primaryimage\",\"url\":\"https:\/\/www.blogsoestado.com\/danielmatos\/files\/2022\/04\/Screenshot_20220407-1443302.png\",\"contentUrl\":\"https:\/\/www.blogsoestado.com\/danielmatos\/files\/2022\/04\/Screenshot_20220407-1443302.png\"},{\"@type\":\"BreadcrumbList\",\"@id\":\"https:\/\/www.blogsoestado.com\/danielmatos\/deputado-ze-inacio-toma-posse-como-secretario-da-mesa-diretora-do-parlamento-amazonico\/#breadcrumb\",\"itemListElement\":[{\"@type\":\"ListItem\",\"position\":1,\"name\":\"In\u00edcio\",\"item\":\"https:\/\/www.blogsoestado.com\/danielmatos\/\"},{\"@type\":\"ListItem\",\"position\":2,\"name\":\"Deputado Z\u00e9 In\u00e1cio toma posse como secret\u00e1rio da Mesa Diretora do Parlamento Amaz\u00f4nico\"}]},{\"@type\":\"WebSite\",\"@id\":\"https:\/\/www.blogsoestado.com\/danielmatos\/#website\",\"url\":\"https:\/\/www.blogsoestado.com\/danielmatos\/\",\"name\":\"Daniel Matos\",\"description\":\"\",\"potentialAction\":[{\"@type\":\"SearchAction\",\"target\":{\"@type\":\"EntryPoint\",\"urlTemplate\":\"https:\/\/www.blogsoestado.com\/danielmatos\/?s={search_term_string}\"},\"query-input\":{\"@type\":\"PropertyValueSpecification\",\"valueRequired\":true,\"valueName\":\"search_term_string\"}}],\"inLanguage\":\"pt-BR\"}]}<\/script>\n<!-- \/ Yoast SEO plugin. -->","yoast_head_json":{"title":"Deputado Z\u00e9 In\u00e1cio toma posse como secret\u00e1rio da Mesa Diretora do Parlamento Amaz\u00f4nico - Daniel Matos","robots":{"index":"index","follow":"follow","max-snippet":"max-snippet:-1","max-image-preview":"max-image-preview:large","max-video-preview":"max-video-preview:-1"},"canonical":"https:\/\/www.blogsoestado.com\/danielmatos\/deputado-ze-inacio-toma-posse-como-secretario-da-mesa-diretora-do-parlamento-amazonico\/","og_locale":"pt_BR","og_type":"article","og_title":"Deputado Z\u00e9 In\u00e1cio toma posse como secret\u00e1rio da Mesa Diretora do Parlamento Amaz\u00f4nico - Daniel Matos","og_description":"O deputado estadual Z\u00e9 In\u00e1cio (PT) tomou posse, nesta quinta-feira (7), como secret\u00e1rio da Mesa Diretora do Parlamento Amaz\u00f4nico. A [&hellip;]","og_url":"https:\/\/www.blogsoestado.com\/danielmatos\/deputado-ze-inacio-toma-posse-como-secretario-da-mesa-diretora-do-parlamento-amazonico\/","og_site_name":"Daniel Matos","article_published_time":"2022-04-07T17:59:48+00:00","og_image":[{"url":"https:\/\/www.blogsoestado.com\/danielmatos\/files\/2022\/04\/Screenshot_20220407-1443302.png","type":"","width":"","height":""}],"twitter_card":"summary_large_image","twitter_misc":{"Est. tempo de leitura":"1 minuto"},"schema":{"@context":"https:\/\/schema.org","@graph":[{"@type":"WebPage","@id":"https:\/\/www.blogsoestado.com\/danielmatos\/deputado-ze-inacio-toma-posse-como-secretario-da-mesa-diretora-do-parlamento-amazonico\/","url":"https:\/\/www.blogsoestado.com\/danielmatos\/deputado-ze-inacio-toma-posse-como-secretario-da-mesa-diretora-do-parlamento-amazonico\/","name":"Deputado Z\u00e9 In\u00e1cio toma posse como secret\u00e1rio da Mesa Diretora do Parlamento Amaz\u00f4nico - Daniel Matos","isPartOf":{"@id":"https:\/\/www.blogsoestado.com\/danielmatos\/#website"},"primaryImageOfPage":{"@id":"https:\/\/www.blogsoestado.com\/danielmatos\/deputado-ze-inacio-toma-posse-como-secretario-da-mesa-diretora-do-parlamento-amazonico\/#primaryimage"},"image":{"@id":"https:\/\/www.blogsoestado.com\/danielmatos\/deputado-ze-inacio-toma-posse-como-secretario-da-mesa-diretora-do-parlamento-amazonico\/#primaryimage"},"thumbnailUrl":"https:\/\/www.blogsoestado.com\/danielmatos\/files\/2022\/04\/Screenshot_20220407-1443302.png","datePublished":"2022-04-07T17:59:48+00:00","author":{"@id":""},"breadcrumb":{"@id":"https:\/\/www.blogsoestado.com\/danielmatos\/deputado-ze-inacio-toma-posse-como-secretario-da-mesa-diretora-do-parlamento-amazonico\/#breadcrumb"},"inLanguage":"pt-BR","potentialAction":[{"@type":"ReadAction","target":["https:\/\/www.blogsoestado.com\/danielmatos\/deputado-ze-inacio-toma-posse-como-secretario-da-mesa-diretora-do-parlamento-amazonico\/"]}]},{"@type":"ImageObject","inLanguage":"pt-BR","@id":"https:\/\/www.blogsoestado.com\/danielmatos\/deputado-ze-inacio-toma-posse-como-secretario-da-mesa-diretora-do-parlamento-amazonico\/#primaryimage","url":"https:\/\/www.blogsoestado.com\/danielmatos\/files\/2022\/04\/Screenshot_20220407-1443302.png","contentUrl":"https:\/\/www.blogsoestado.com\/danielmatos\/files\/2022\/04\/Screenshot_20220407-1443302.png"},{"@type":"BreadcrumbList","@id":"https:\/\/www.blogsoestado.com\/danielmatos\/deputado-ze-inacio-toma-posse-como-secretario-da-mesa-diretora-do-parlamento-amazonico\/#breadcrumb","itemListElement":[{"@type":"ListItem","position":1,"name":"In\u00edcio","item":"https:\/\/www.blogsoestado.com\/danielmatos\/"},{"@type":"ListItem","position":2,"name":"Deputado Z\u00e9 In\u00e1cio toma posse como secret\u00e1rio da Mesa Diretora do Parlamento Amaz\u00f4nico"}]},{"@type":"WebSite","@id":"https:\/\/www.blogsoestado.com\/danielmatos\/#website","url":"https:\/\/www.blogsoestado.com\/danielmatos\/","name":"Daniel Matos","description":"","potentialAction":[{"@type":"SearchAction","target":{"@type":"EntryPoint","urlTemplate":"https:\/\/www.blogsoestado.com\/danielmatos\/?s={search_term_string}"},"query-input":{"@type":"PropertyValueSpecification","valueRequired":true,"valueName":"search_term_string"}}],"inLanguage":"pt-BR"}]}},"jetpack_featured_media_url":"","_links":{"self":[{"href":"https:\/\/www.blogsoestado.com\/danielmatos\/wp-json\/wp\/v2\/posts\/95917","targetHints":{"allow":["GET"]}}],"collection":[{"href":"https:\/\/www.blogsoestado.com\/danielmatos\/wp-json\/wp\/v2\/posts"}],"about":[{"href":"https:\/\/www.blogsoestado.com\/danielmatos\/wp-json\/wp\/v2\/types\/post"}],"replies":[{"embeddable":true,"href":"https:\/\/www.blogsoestado.com\/danielmatos\/wp-json\/wp\/v2\/comments?post=95917"}],"version-history":[{"count":0,"href":"https:\/\/www.blogsoestado.com\/danielmatos\/wp-json\/wp\/v2\/posts\/95917\/revisions"}],"wp:attachment":[{"href":"https:\/\/www.blogsoestado.com\/danielmatos\/wp-json\/wp\/v2\/media?parent=95917"}],"wp:term":[{"taxonomy":"category","embeddable":true,"href":"https:\/\/www.blogsoestado.com\/danielmatos\/wp-json\/wp\/v2\/categories?post=95917"},{"taxonomy":"post_tag","embeddable":true,"href":"https:\/\/www.blogsoestado.com\/danielmatos\/wp-json\/wp\/v2\/tags?post=95917"}],"curies":[{"name":"wp","href":"https:\/\/api.w.org\/{rel}","templated":true}]}}