{"id":95935,"date":"2022-04-09T15:20:00","date_gmt":"2022-04-09T18:20:00","guid":{"rendered":"https:\/\/www.blogsoestado.com\/danielmatos\/?p=95935"},"modified":"2022-04-09T15:20:00","modified_gmt":"2022-04-09T18:20:00","slug":"porto-da-vale-registra-queda-de-875-na-movimentacao-no-primeiro-bimestre","status":"publish","type":"post","link":"https:\/\/www.blogsoestado.com\/danielmatos\/porto-da-vale-registra-queda-de-875-na-movimentacao-no-primeiro-bimestre\/","title":{"rendered":"Porto de Ponta da Madeira registra queda de 8,75% na movimenta\u00e7\u00e3o no primeiro bimestre"},"content":{"rendered":"\n<p><strong><span class=\"has-inline-color has-vivid-red-color\">Terminal operado pela Vale no Maranh\u00e3o se mostrou na contram\u00e3o da alta de 1,8% verificada no setor portu\u00e1rio brasileiro em janeiro e fevereiro deste ano em rela\u00e7\u00e3o ao mesmo per\u00edodo de 2021<\/span><\/strong><\/p>\n\n\n\n<div class=\"wp-block-image\"><figure class=\"aligncenter size-large\"><a href=\"https:\/\/www.blogsoestado.com\/danielmatos\/files\/2022\/04\/Screenshot_20220409-1513082.png\"><img decoding=\"async\" src=\"https:\/\/www.blogsoestado.com\/danielmatos\/files\/2022\/04\/Screenshot_20220409-1513082.png\" alt=\"\" class=\"wp-image-96000\"\/><\/a><figcaption>Porto de Ponta da Madeira, operado pela Vale no Maranh\u00e3o, registrou queda expressiva da movimenta\u00e7\u00e3o de cargas no primeiro bimestre deste ano em rela\u00e7\u00e3o ao mesmo per\u00edodo de 2021<\/figcaption><\/figure><\/div>\n\n\n\n<p>O setor portu\u00e1rio nacional (portos p\u00fablicos e terminais autorizados) movimentou 179,8 milh\u00f5es no primeiro bimestre deste ano. O n\u00famero representa crescimento de 1,8% em rela\u00e7\u00e3o ao mesmo per\u00edodo do ano passado. Na contram\u00e3o do crescimento verificado em n\u00edvel de Brasil, o Porto de Ponta da Madeira, operado pela Vale no Maranh\u00e3o, registrou queda de 8,75% na movimenta\u00e7\u00e3o no per\u00edodo. Os dados s\u00e3o da ANTAQ e foram divulgados nesta quinta-feira (7).<\/p>\n\n\n\n<p>O levantamento da ANTAQ aponta que o Terminal de Ponta da Madeira foi a instala\u00e7\u00e3o que mais movimentou cargas nos primeiros dois meses do ano: 26 milh\u00f5es de toneladas. Mesmo no topo do ranking, o Porto privado registrou recuo de 8,75% em rela\u00e7\u00e3o ao mesmo per\u00edodo de 2021. <\/p>\n\n\n\n<p>Em segundo lugar, apareceu o Porto de Santos (SP), que movimentou 17,9 milh\u00f5es de toneladas, crescimento de 14,2%. Na terceira posi\u00e7\u00e3o, ficou o Terminal Aquavi\u00e1rio de Angra dos Reis (RJ), com 11 milh\u00f5es de toneladas movimentadas (- 0,1%).<\/p>\n\n\n\n<p>De acordo com as estat\u00edsticas, os terminais privados movimentaram 120,1 milh\u00f5es de toneladas em janeiro e fevereiro, queda de 1% em rela\u00e7\u00e3o ao mesmo per\u00edodo do ano passado. Os portos p\u00fablicos movimentaram 59,6 milh\u00f5es de toneladas, aumento de 8%.<\/p>\n\n\n\n<p>Um dos destaques foi o Porta de Vila do Conde (PA), que movimentou 27% a mais neste primeiro bimestre do que no anterior. Em 2022, a instala\u00e7\u00e3o paraense movimentou tr\u00eas milh\u00f5es de toneladas. O Terminal Aquavi\u00e1rio de Madre de Deus (BA) movimentou 3,2 milh\u00f5es de toneladas, aumento de 16%.<\/p>\n\n\n\n<p>Em rela\u00e7\u00e3o aos perfis de carga, as instala\u00e7\u00f5es portu\u00e1rias movimentaram 99 milh\u00f5es de toneladas de granel s\u00f3lido nos primeiros dois meses, crescimento de 3,9% em rela\u00e7\u00e3o ao primeiro bimestre de 2021. A movimenta\u00e7\u00e3o de granel l\u00edquido caiu 3,2%. Neste ano, foram movimentados 49,8 milh\u00f5es de toneladas. A carga geral solta cresceu 19,8%, chegando a 11,3 milh\u00f5es de toneladas. A carga conteinerizada registrou queda de 3,9% em rela\u00e7\u00e3o ao primeiro bimestre de 2021. Em janeiro e fevereiro acumulados, foram movimentados 19,7 milh\u00f5es de toneladas (1,8 milh\u00e3o de TEUs).<\/p>\n\n\n\n<p><strong>Cargas<\/strong><\/p>\n\n\n\n<p>O min\u00e9rio de ferro foi a carga mais movimentada nesse in\u00edcio de ano. Em janeiro e fevereiro, movimentaram-se 49,4 milh\u00f5es de toneladas: recuo de 8%. Soja, trigo e adubos (fertilizantes) cresceram 55,8%, 29,1% e 27,8%, respectivamente.<\/p>\n\n\n\n<p><strong>Navega\u00e7\u00f5es<\/strong><\/p>\n\n\n\n<p>A navega\u00e7\u00e3o de longo curso movimentou 122 milh\u00f5es de toneladas no primeiro bimestre de 2022, crescimento de 3,2% em compara\u00e7\u00e3o com igual per\u00edodo de 2021. A cabotagem movimentou 46,3 milh\u00f5es de toneladas, recuo de 3,4%. J\u00e1 a navega\u00e7\u00e3o interior cresceu 10,2%, com 11 milh\u00f5es de toneladas em janeiro e fevereiro acumulados.&nbsp;<\/p>\n\n\n\n<p><strong>Novo Indicador<\/strong><\/p>\n\n\n\n<p>A partir deste m\u00eas, o Painel Estat\u00edstico da ANTAQ traz um novo indicador: a Taxa M\u00e9dia de Ocupa\u00e7\u00e3o (TMO), que informa o quanto uma instala\u00e7\u00e3o portu\u00e1ria est\u00e1 dispon\u00edvel para receber navios. O novo par\u00e2metro serve para indicar gargalos, eventuais necessidades de amplia\u00e7\u00f5es e investimentos, al\u00e9m de auxiliar na mensura\u00e7\u00e3o de produtividades.<\/p>\n\n\n\n<p>A TMO alcan\u00e7a o porto organizado como um todo (ber\u00e7os p\u00fablicos e ber\u00e7os arrendados), terminais arrendados e terminais autorizados. Tamb\u00e9m pode apresentar o valor individualmente para um ber\u00e7o espec\u00edfico de qualquer instala\u00e7\u00e3o portu\u00e1ria brasileira.<\/p>\n\n\n\n<p>Por exemplo, o Porto de Itagua\u00ed (RJ) registrou uma TMO de 78% em 2021, tendo em seu terminal arrendado Tecar a maior taxa anual desse porto organizado (85,3% de ocupa\u00e7\u00e3o de ber\u00e7o). Outro exemplo: um dos terminais privados com maior taxa de ocupa\u00e7\u00e3o no mesmo ano foi o Terminal Aquavi\u00e1rio de Angra dos Reis (RJ), com uma TMO de 83%.<\/p>\n\n\n\n<p>Para conferir todos os dados portu\u00e1rios, acesse:&nbsp;<strong><a href=\"http:\/\/anuario.antaq.gov.br\/\" target=\"_blank\" rel=\"noreferrer noopener\">anuario.antaq.gov.br<\/a><\/strong>. Para saber sobre a TMO, clique na aba \u201cIndicadores\u201d.&nbsp;<\/p>\n","protected":false},"excerpt":{"rendered":"<p>Terminal operado pela Vale no Maranh\u00e3o se mostrou na contram\u00e3o da alta de 1,8% verificada no setor portu\u00e1rio brasileiro em [&hellip;]<\/p>\n","protected":false},"author":0,"featured_media":0,"comment_status":"open","ping_status":"open","sticky":false,"template":"","format":"standard","meta":{"site-sidebar-layout":"default","site-content-layout":"","ast-site-content-layout":"default","site-content-style":"default","site-sidebar-style":"default","ast-global-header-display":"","ast-banner-title-visibility":"","ast-main-header-display":"","ast-hfb-above-header-display":"","ast-hfb-below-header-display":"","ast-hfb-mobile-header-display":"","site-post-title":"","ast-breadcrumbs-content":"","ast-featured-img":"","footer-sml-layout":"","ast-disable-related-posts":"","theme-transparent-header-meta":"","adv-header-id-meta":"","stick-header-meta":"","header-above-stick-meta":"","header-main-stick-meta":"","header-below-stick-meta":"","astra-migrate-meta-layouts":"default","ast-page-background-enabled":"default","ast-page-background-meta":{"desktop":{"background-color":"var(--ast-global-color-5)","background-image":"","background-repeat":"repeat","background-position":"center center","background-size":"auto","background-attachment":"scroll","background-type":"","background-media":"","overlay-type":"","overlay-color":"","overlay-opacity":"","overlay-gradient":""},"tablet":{"background-color":"","background-image":"","background-repeat":"repeat","background-position":"center center","background-size":"auto","background-attachment":"scroll","background-type":"","background-media":"","overlay-type":"","overlay-color":"","overlay-opacity":"","overlay-gradient":""},"mobile":{"background-color":"","background-image":"","background-repeat":"repeat","background-position":"center center","background-size":"auto","background-attachment":"scroll","background-type":"","background-media":"","overlay-type":"","overlay-color":"","overlay-opacity":"","overlay-gradient":""}},"ast-content-background-meta":{"desktop":{"background-color":"var(--ast-global-color-4)","background-image":"","background-repeat":"repeat","background-position":"center center","background-size":"auto","background-attachment":"scroll","background-type":"","background-media":"","overlay-type":"","overlay-color":"","overlay-opacity":"","overlay-gradient":""},"tablet":{"background-color":"var(--ast-global-color-4)","background-image":"","background-repeat":"repeat","background-position":"center center","background-size":"auto","background-attachment":"scroll","background-type":"","background-media":"","overlay-type":"","overlay-color":"","overlay-opacity":"","overlay-gradient":""},"mobile":{"background-color":"var(--ast-global-color-4)","background-image":"","background-repeat":"repeat","background-position":"center center","background-size":"auto","background-attachment":"scroll","background-type":"","background-media":"","overlay-type":"","overlay-color":"","overlay-opacity":"","overlay-gradient":""}},"footnotes":""},"categories":[1],"tags":[],"class_list":["post-95935","post","type-post","status-publish","format-standard","hentry","category-sem-categoria"],"yoast_head":"<!-- This site is optimized with the Yoast SEO plugin v26.6 - https:\/\/yoast.com\/wordpress\/plugins\/seo\/ -->\n<title>Porto de Ponta da Madeira registra queda de 8,75% na movimenta\u00e7\u00e3o no primeiro bimestre - Daniel Matos<\/title>\n<meta name=\"robots\" content=\"index, follow, max-snippet:-1, max-image-preview:large, max-video-preview:-1\" \/>\n<link rel=\"canonical\" href=\"https:\/\/www.blogsoestado.com\/danielmatos\/porto-da-vale-registra-queda-de-875-na-movimentacao-no-primeiro-bimestre\/\" \/>\n<meta property=\"og:locale\" content=\"pt_BR\" \/>\n<meta property=\"og:type\" content=\"article\" \/>\n<meta property=\"og:title\" content=\"Porto de Ponta da Madeira registra queda de 8,75% na movimenta\u00e7\u00e3o no primeiro bimestre - Daniel Matos\" \/>\n<meta property=\"og:description\" content=\"Terminal operado pela Vale no Maranh\u00e3o se mostrou na contram\u00e3o da alta de 1,8% verificada no setor portu\u00e1rio brasileiro em [&hellip;]\" \/>\n<meta property=\"og:url\" content=\"https:\/\/www.blogsoestado.com\/danielmatos\/porto-da-vale-registra-queda-de-875-na-movimentacao-no-primeiro-bimestre\/\" \/>\n<meta property=\"og:site_name\" content=\"Daniel Matos\" \/>\n<meta property=\"article:published_time\" content=\"2022-04-09T18:20:00+00:00\" \/>\n<meta property=\"og:image\" content=\"https:\/\/www.blogsoestado.com\/danielmatos\/files\/2022\/04\/Screenshot_20220409-1513082.png\" \/>\n<meta name=\"twitter:card\" content=\"summary_large_image\" \/>\n<meta name=\"twitter:label1\" content=\"Est. tempo de leitura\" \/>\n\t<meta name=\"twitter:data1\" content=\"4 minutos\" \/>\n<script type=\"application\/ld+json\" class=\"yoast-schema-graph\">{\"@context\":\"https:\/\/schema.org\",\"@graph\":[{\"@type\":\"WebPage\",\"@id\":\"https:\/\/www.blogsoestado.com\/danielmatos\/porto-da-vale-registra-queda-de-875-na-movimentacao-no-primeiro-bimestre\/\",\"url\":\"https:\/\/www.blogsoestado.com\/danielmatos\/porto-da-vale-registra-queda-de-875-na-movimentacao-no-primeiro-bimestre\/\",\"name\":\"Porto de Ponta da Madeira registra queda de 8,75% na movimenta\u00e7\u00e3o no primeiro bimestre - Daniel Matos\",\"isPartOf\":{\"@id\":\"https:\/\/www.blogsoestado.com\/danielmatos\/#website\"},\"primaryImageOfPage\":{\"@id\":\"https:\/\/www.blogsoestado.com\/danielmatos\/porto-da-vale-registra-queda-de-875-na-movimentacao-no-primeiro-bimestre\/#primaryimage\"},\"image\":{\"@id\":\"https:\/\/www.blogsoestado.com\/danielmatos\/porto-da-vale-registra-queda-de-875-na-movimentacao-no-primeiro-bimestre\/#primaryimage\"},\"thumbnailUrl\":\"https:\/\/www.blogsoestado.com\/danielmatos\/files\/2022\/04\/Screenshot_20220409-1513082.png\",\"datePublished\":\"2022-04-09T18:20:00+00:00\",\"author\":{\"@id\":\"\"},\"breadcrumb\":{\"@id\":\"https:\/\/www.blogsoestado.com\/danielmatos\/porto-da-vale-registra-queda-de-875-na-movimentacao-no-primeiro-bimestre\/#breadcrumb\"},\"inLanguage\":\"pt-BR\",\"potentialAction\":[{\"@type\":\"ReadAction\",\"target\":[\"https:\/\/www.blogsoestado.com\/danielmatos\/porto-da-vale-registra-queda-de-875-na-movimentacao-no-primeiro-bimestre\/\"]}]},{\"@type\":\"ImageObject\",\"inLanguage\":\"pt-BR\",\"@id\":\"https:\/\/www.blogsoestado.com\/danielmatos\/porto-da-vale-registra-queda-de-875-na-movimentacao-no-primeiro-bimestre\/#primaryimage\",\"url\":\"https:\/\/www.blogsoestado.com\/danielmatos\/files\/2022\/04\/Screenshot_20220409-1513082.png\",\"contentUrl\":\"https:\/\/www.blogsoestado.com\/danielmatos\/files\/2022\/04\/Screenshot_20220409-1513082.png\"},{\"@type\":\"BreadcrumbList\",\"@id\":\"https:\/\/www.blogsoestado.com\/danielmatos\/porto-da-vale-registra-queda-de-875-na-movimentacao-no-primeiro-bimestre\/#breadcrumb\",\"itemListElement\":[{\"@type\":\"ListItem\",\"position\":1,\"name\":\"In\u00edcio\",\"item\":\"https:\/\/www.blogsoestado.com\/danielmatos\/\"},{\"@type\":\"ListItem\",\"position\":2,\"name\":\"Porto de Ponta da Madeira registra queda de 8,75% na movimenta\u00e7\u00e3o no primeiro bimestre\"}]},{\"@type\":\"WebSite\",\"@id\":\"https:\/\/www.blogsoestado.com\/danielmatos\/#website\",\"url\":\"https:\/\/www.blogsoestado.com\/danielmatos\/\",\"name\":\"Daniel Matos\",\"description\":\"\",\"potentialAction\":[{\"@type\":\"SearchAction\",\"target\":{\"@type\":\"EntryPoint\",\"urlTemplate\":\"https:\/\/www.blogsoestado.com\/danielmatos\/?s={search_term_string}\"},\"query-input\":{\"@type\":\"PropertyValueSpecification\",\"valueRequired\":true,\"valueName\":\"search_term_string\"}}],\"inLanguage\":\"pt-BR\"}]}<\/script>\n<!-- \/ Yoast SEO plugin. -->","yoast_head_json":{"title":"Porto de Ponta da Madeira registra queda de 8,75% na movimenta\u00e7\u00e3o no primeiro bimestre - Daniel Matos","robots":{"index":"index","follow":"follow","max-snippet":"max-snippet:-1","max-image-preview":"max-image-preview:large","max-video-preview":"max-video-preview:-1"},"canonical":"https:\/\/www.blogsoestado.com\/danielmatos\/porto-da-vale-registra-queda-de-875-na-movimentacao-no-primeiro-bimestre\/","og_locale":"pt_BR","og_type":"article","og_title":"Porto de Ponta da Madeira registra queda de 8,75% na movimenta\u00e7\u00e3o no primeiro bimestre - Daniel Matos","og_description":"Terminal operado pela Vale no Maranh\u00e3o se mostrou na contram\u00e3o da alta de 1,8% verificada no setor portu\u00e1rio brasileiro em [&hellip;]","og_url":"https:\/\/www.blogsoestado.com\/danielmatos\/porto-da-vale-registra-queda-de-875-na-movimentacao-no-primeiro-bimestre\/","og_site_name":"Daniel Matos","article_published_time":"2022-04-09T18:20:00+00:00","og_image":[{"url":"https:\/\/www.blogsoestado.com\/danielmatos\/files\/2022\/04\/Screenshot_20220409-1513082.png","type":"","width":"","height":""}],"twitter_card":"summary_large_image","twitter_misc":{"Est. tempo de leitura":"4 minutos"},"schema":{"@context":"https:\/\/schema.org","@graph":[{"@type":"WebPage","@id":"https:\/\/www.blogsoestado.com\/danielmatos\/porto-da-vale-registra-queda-de-875-na-movimentacao-no-primeiro-bimestre\/","url":"https:\/\/www.blogsoestado.com\/danielmatos\/porto-da-vale-registra-queda-de-875-na-movimentacao-no-primeiro-bimestre\/","name":"Porto de Ponta da Madeira registra queda de 8,75% na movimenta\u00e7\u00e3o no primeiro bimestre - Daniel Matos","isPartOf":{"@id":"https:\/\/www.blogsoestado.com\/danielmatos\/#website"},"primaryImageOfPage":{"@id":"https:\/\/www.blogsoestado.com\/danielmatos\/porto-da-vale-registra-queda-de-875-na-movimentacao-no-primeiro-bimestre\/#primaryimage"},"image":{"@id":"https:\/\/www.blogsoestado.com\/danielmatos\/porto-da-vale-registra-queda-de-875-na-movimentacao-no-primeiro-bimestre\/#primaryimage"},"thumbnailUrl":"https:\/\/www.blogsoestado.com\/danielmatos\/files\/2022\/04\/Screenshot_20220409-1513082.png","datePublished":"2022-04-09T18:20:00+00:00","author":{"@id":""},"breadcrumb":{"@id":"https:\/\/www.blogsoestado.com\/danielmatos\/porto-da-vale-registra-queda-de-875-na-movimentacao-no-primeiro-bimestre\/#breadcrumb"},"inLanguage":"pt-BR","potentialAction":[{"@type":"ReadAction","target":["https:\/\/www.blogsoestado.com\/danielmatos\/porto-da-vale-registra-queda-de-875-na-movimentacao-no-primeiro-bimestre\/"]}]},{"@type":"ImageObject","inLanguage":"pt-BR","@id":"https:\/\/www.blogsoestado.com\/danielmatos\/porto-da-vale-registra-queda-de-875-na-movimentacao-no-primeiro-bimestre\/#primaryimage","url":"https:\/\/www.blogsoestado.com\/danielmatos\/files\/2022\/04\/Screenshot_20220409-1513082.png","contentUrl":"https:\/\/www.blogsoestado.com\/danielmatos\/files\/2022\/04\/Screenshot_20220409-1513082.png"},{"@type":"BreadcrumbList","@id":"https:\/\/www.blogsoestado.com\/danielmatos\/porto-da-vale-registra-queda-de-875-na-movimentacao-no-primeiro-bimestre\/#breadcrumb","itemListElement":[{"@type":"ListItem","position":1,"name":"In\u00edcio","item":"https:\/\/www.blogsoestado.com\/danielmatos\/"},{"@type":"ListItem","position":2,"name":"Porto de Ponta da Madeira registra queda de 8,75% na movimenta\u00e7\u00e3o no primeiro bimestre"}]},{"@type":"WebSite","@id":"https:\/\/www.blogsoestado.com\/danielmatos\/#website","url":"https:\/\/www.blogsoestado.com\/danielmatos\/","name":"Daniel Matos","description":"","potentialAction":[{"@type":"SearchAction","target":{"@type":"EntryPoint","urlTemplate":"https:\/\/www.blogsoestado.com\/danielmatos\/?s={search_term_string}"},"query-input":{"@type":"PropertyValueSpecification","valueRequired":true,"valueName":"search_term_string"}}],"inLanguage":"pt-BR"}]}},"jetpack_featured_media_url":"","_links":{"self":[{"href":"https:\/\/www.blogsoestado.com\/danielmatos\/wp-json\/wp\/v2\/posts\/95935","targetHints":{"allow":["GET"]}}],"collection":[{"href":"https:\/\/www.blogsoestado.com\/danielmatos\/wp-json\/wp\/v2\/posts"}],"about":[{"href":"https:\/\/www.blogsoestado.com\/danielmatos\/wp-json\/wp\/v2\/types\/post"}],"replies":[{"embeddable":true,"href":"https:\/\/www.blogsoestado.com\/danielmatos\/wp-json\/wp\/v2\/comments?post=95935"}],"version-history":[{"count":0,"href":"https:\/\/www.blogsoestado.com\/danielmatos\/wp-json\/wp\/v2\/posts\/95935\/revisions"}],"wp:attachment":[{"href":"https:\/\/www.blogsoestado.com\/danielmatos\/wp-json\/wp\/v2\/media?parent=95935"}],"wp:term":[{"taxonomy":"category","embeddable":true,"href":"https:\/\/www.blogsoestado.com\/danielmatos\/wp-json\/wp\/v2\/categories?post=95935"},{"taxonomy":"post_tag","embeddable":true,"href":"https:\/\/www.blogsoestado.com\/danielmatos\/wp-json\/wp\/v2\/tags?post=95935"}],"curies":[{"name":"wp","href":"https:\/\/api.w.org\/{rel}","templated":true}]}}