{"id":95937,"date":"2022-04-08T06:30:00","date_gmt":"2022-04-08T09:30:00","guid":{"rendered":"https:\/\/www.blogsoestado.com\/danielmatos\/?p=95937"},"modified":"2022-04-08T06:30:00","modified_gmt":"2022-04-08T09:30:00","slug":"professor-acusado-de-abusar-sexualmente-da-propria-afilhada-desde-os-5-anos-tem-prisao-decretada-em-barra-do-corda","status":"publish","type":"post","link":"https:\/\/www.blogsoestado.com\/danielmatos\/professor-acusado-de-abusar-sexualmente-da-propria-afilhada-desde-os-5-anos-tem-prisao-decretada-em-barra-do-corda\/","title":{"rendered":"Professor acusado de abusar sexualmente da pr\u00f3pria afilhada desde os 5 anos tem pris\u00e3o decretada em Barra do Corda"},"content":{"rendered":"\n<div class=\"wp-block-image\"><figure class=\"aligncenter size-large\"><a href=\"https:\/\/www.blogsoestado.com\/danielmatos\/files\/2022\/04\/Screenshot_20220407-2306282.png\"><img decoding=\"async\" src=\"https:\/\/www.blogsoestado.com\/danielmatos\/files\/2022\/04\/Screenshot_20220407-2306282.png\" alt=\"\" class=\"wp-image-95938\"\/><\/a><figcaption>Juiz acatou representa\u00e7\u00e3o policial pela pris\u00e3o, com parecer favor\u00e1vel do Minist\u00e9rio P\u00fablico<\/figcaption><\/figure><\/div>\n\n\n\n<p>O juiz\u00a0Ant\u00f4nio Queiroga Filho, da 1\u00aa Vara da Comarca de Barra do Corda, decretou a pris\u00e3o preventiva de\u00a0professor indicado pela pol\u00edcia civil pela\u00a0pr\u00e1tica de abusos sexuais contra sua afilhada, iniciados quando a v\u00edtima teria apenas cinco anos de idade.<\/p>\n\n\n\n<p>Segundo informa\u00e7\u00f5es do processo, os abusos ocorriam na casa do padrinho, que se aproveitava da liberdade e controle sobre a v\u00edtima em decorr\u00eancia da confian\u00e7a que tinha da fam\u00edlia e usava desculpa de dar aulas particulares e ajudar nas tarefas escolares&nbsp;por ser professor.&nbsp;Os abusos&nbsp;chegaram ao fim porque a v\u00edtima fez a den\u00fancia, retratada em&nbsp;relat\u00f3rio de escuta especializada&nbsp;do Centro de Refer\u00eancia Especializado de Assist\u00eancia Social (CREAS), onde foram constatados \u201ctraumas psicol\u00f3gicos e ansiedade patol\u00f3gica\u201d, com recomenda\u00e7\u00e3o de acompanhamento psicossocial.<\/p>\n\n\n\n<p>O inqu\u00e9rito policial foi instaurado na pol\u00edcia civil&nbsp;ap\u00f3s o recebimento da den\u00fancia dos abusos praticados ao longo de sete anos.&nbsp; Os abusos sexuais se referem a&nbsp;atos diferentes da conjun\u00e7\u00e3o carnal. Ap\u00f3s a conclus\u00e3o da investiga\u00e7\u00e3o policial, o professor foi indiciado pela pr\u00e1tica do crime de estupro de vulner\u00e1vel, tipificado no artigo 217 do C\u00f3digo de Processo Penal.<\/p>\n\n\n\n<p><strong>Pris\u00e3o<\/strong> <strong>preventiva<\/strong> <\/p>\n\n\n\n<p>Na decis\u00e3o, o juiz afirma a&nbsp;impossibilidade de se aplicarem medidas cautelares diversas da pris\u00e3o, por conta da gravidade do caso e da conduta do indiciado em insistir em procurar a v\u00edtima e sua fam\u00edlia, n\u00e3o lhes dando o devido sossego. Segundo o magistrado, esses motivos levaram \u00e0 decreta\u00e7\u00e3o da pris\u00e3o preventiva, \u201cdada a conveni\u00eancia da instru\u00e7\u00e3o criminal e para assegurar a aplica\u00e7\u00e3o da lei penal\u201d.<\/p>\n\n\n\n<p>O juiz justificou que a pris\u00e3o do acusado atende aos requisitos do artigo 312, do C\u00f3digo de Processo Penal, para garantir a ordem p\u00fablica, a aplica\u00e7\u00e3o da lei penal e \u00e9 conveniente \u00e0 instru\u00e7\u00e3o processual penal e recebeu parecer favor\u00e1vel do Minist\u00e9rio P\u00fablico.&nbsp;<\/p>\n\n\n\n<p>\u201cSeu comportamento evidencia grave preju\u00edzo \u00e0 aplica\u00e7\u00e3o da lei penal, como tamb\u00e9m a pr\u00f3pria conveni\u00eancia da instru\u00e7\u00e3o criminal, posto que sua presen\u00e7a reiterada na casa e na presen\u00e7a da v\u00edtima maculam, indubitavelmente a colheita das futuras provas, sem preju\u00edzo de causar mais traumas na v\u00edtima\u201d, declara\u00a0o magistrado na decis\u00e3o.<\/p>\n","protected":false},"excerpt":{"rendered":"<p>O juiz\u00a0Ant\u00f4nio Queiroga Filho, da 1\u00aa Vara da Comarca de Barra do Corda, decretou a pris\u00e3o preventiva de\u00a0professor indicado pela [&hellip;]<\/p>\n","protected":false},"author":0,"featured_media":0,"comment_status":"open","ping_status":"open","sticky":false,"template":"","format":"standard","meta":{"site-sidebar-layout":"default","site-content-layout":"","ast-site-content-layout":"default","site-content-style":"default","site-sidebar-style":"default","ast-global-header-display":"","ast-banner-title-visibility":"","ast-main-header-display":"","ast-hfb-above-header-display":"","ast-hfb-below-header-display":"","ast-hfb-mobile-header-display":"","site-post-title":"","ast-breadcrumbs-content":"","ast-featured-img":"","footer-sml-layout":"","ast-disable-related-posts":"","theme-transparent-header-meta":"","adv-header-id-meta":"","stick-header-meta":"","header-above-stick-meta":"","header-main-stick-meta":"","header-below-stick-meta":"","astra-migrate-meta-layouts":"default","ast-page-background-enabled":"default","ast-page-background-meta":{"desktop":{"background-color":"var(--ast-global-color-5)","background-image":"","background-repeat":"repeat","background-position":"center center","background-size":"auto","background-attachment":"scroll","background-type":"","background-media":"","overlay-type":"","overlay-color":"","overlay-opacity":"","overlay-gradient":""},"tablet":{"background-color":"","background-image":"","background-repeat":"repeat","background-position":"center center","background-size":"auto","background-attachment":"scroll","background-type":"","background-media":"","overlay-type":"","overlay-color":"","overlay-opacity":"","overlay-gradient":""},"mobile":{"background-color":"","background-image":"","background-repeat":"repeat","background-position":"center center","background-size":"auto","background-attachment":"scroll","background-type":"","background-media":"","overlay-type":"","overlay-color":"","overlay-opacity":"","overlay-gradient":""}},"ast-content-background-meta":{"desktop":{"background-color":"var(--ast-global-color-4)","background-image":"","background-repeat":"repeat","background-position":"center center","background-size":"auto","background-attachment":"scroll","background-type":"","background-media":"","overlay-type":"","overlay-color":"","overlay-opacity":"","overlay-gradient":""},"tablet":{"background-color":"var(--ast-global-color-4)","background-image":"","background-repeat":"repeat","background-position":"center center","background-size":"auto","background-attachment":"scroll","background-type":"","background-media":"","overlay-type":"","overlay-color":"","overlay-opacity":"","overlay-gradient":""},"mobile":{"background-color":"var(--ast-global-color-4)","background-image":"","background-repeat":"repeat","background-position":"center center","background-size":"auto","background-attachment":"scroll","background-type":"","background-media":"","overlay-type":"","overlay-color":"","overlay-opacity":"","overlay-gradient":""}},"footnotes":""},"categories":[1],"tags":[],"class_list":["post-95937","post","type-post","status-publish","format-standard","hentry","category-sem-categoria"],"yoast_head":"<!-- This site is optimized with the Yoast SEO plugin v26.6 - https:\/\/yoast.com\/wordpress\/plugins\/seo\/ -->\n<title>Professor acusado de abusar sexualmente da pr\u00f3pria afilhada desde os 5 anos tem pris\u00e3o decretada em Barra do Corda - Daniel Matos<\/title>\n<meta name=\"robots\" content=\"index, follow, max-snippet:-1, max-image-preview:large, max-video-preview:-1\" \/>\n<link rel=\"canonical\" href=\"https:\/\/www.blogsoestado.com\/danielmatos\/professor-acusado-de-abusar-sexualmente-da-propria-afilhada-desde-os-5-anos-tem-prisao-decretada-em-barra-do-corda\/\" \/>\n<meta property=\"og:locale\" content=\"pt_BR\" \/>\n<meta property=\"og:type\" content=\"article\" \/>\n<meta property=\"og:title\" content=\"Professor acusado de abusar sexualmente da pr\u00f3pria afilhada desde os 5 anos tem pris\u00e3o decretada em Barra do Corda - Daniel Matos\" \/>\n<meta property=\"og:description\" content=\"O juiz\u00a0Ant\u00f4nio Queiroga Filho, da 1\u00aa Vara da Comarca de Barra do Corda, decretou a pris\u00e3o preventiva de\u00a0professor indicado pela [&hellip;]\" \/>\n<meta property=\"og:url\" content=\"https:\/\/www.blogsoestado.com\/danielmatos\/professor-acusado-de-abusar-sexualmente-da-propria-afilhada-desde-os-5-anos-tem-prisao-decretada-em-barra-do-corda\/\" \/>\n<meta property=\"og:site_name\" content=\"Daniel Matos\" \/>\n<meta property=\"article:published_time\" content=\"2022-04-08T09:30:00+00:00\" \/>\n<meta property=\"og:image\" content=\"https:\/\/www.blogsoestado.com\/danielmatos\/files\/2022\/04\/Screenshot_20220407-2306282.png\" \/>\n<meta name=\"twitter:card\" content=\"summary_large_image\" \/>\n<meta name=\"twitter:label1\" content=\"Est. tempo de leitura\" \/>\n\t<meta name=\"twitter:data1\" content=\"2 minutos\" \/>\n<script type=\"application\/ld+json\" class=\"yoast-schema-graph\">{\"@context\":\"https:\/\/schema.org\",\"@graph\":[{\"@type\":\"WebPage\",\"@id\":\"https:\/\/www.blogsoestado.com\/danielmatos\/professor-acusado-de-abusar-sexualmente-da-propria-afilhada-desde-os-5-anos-tem-prisao-decretada-em-barra-do-corda\/\",\"url\":\"https:\/\/www.blogsoestado.com\/danielmatos\/professor-acusado-de-abusar-sexualmente-da-propria-afilhada-desde-os-5-anos-tem-prisao-decretada-em-barra-do-corda\/\",\"name\":\"Professor acusado de abusar sexualmente da pr\u00f3pria afilhada desde os 5 anos tem pris\u00e3o decretada em Barra do Corda - Daniel Matos\",\"isPartOf\":{\"@id\":\"https:\/\/www.blogsoestado.com\/danielmatos\/#website\"},\"primaryImageOfPage\":{\"@id\":\"https:\/\/www.blogsoestado.com\/danielmatos\/professor-acusado-de-abusar-sexualmente-da-propria-afilhada-desde-os-5-anos-tem-prisao-decretada-em-barra-do-corda\/#primaryimage\"},\"image\":{\"@id\":\"https:\/\/www.blogsoestado.com\/danielmatos\/professor-acusado-de-abusar-sexualmente-da-propria-afilhada-desde-os-5-anos-tem-prisao-decretada-em-barra-do-corda\/#primaryimage\"},\"thumbnailUrl\":\"https:\/\/www.blogsoestado.com\/danielmatos\/files\/2022\/04\/Screenshot_20220407-2306282.png\",\"datePublished\":\"2022-04-08T09:30:00+00:00\",\"author\":{\"@id\":\"\"},\"breadcrumb\":{\"@id\":\"https:\/\/www.blogsoestado.com\/danielmatos\/professor-acusado-de-abusar-sexualmente-da-propria-afilhada-desde-os-5-anos-tem-prisao-decretada-em-barra-do-corda\/#breadcrumb\"},\"inLanguage\":\"pt-BR\",\"potentialAction\":[{\"@type\":\"ReadAction\",\"target\":[\"https:\/\/www.blogsoestado.com\/danielmatos\/professor-acusado-de-abusar-sexualmente-da-propria-afilhada-desde-os-5-anos-tem-prisao-decretada-em-barra-do-corda\/\"]}]},{\"@type\":\"ImageObject\",\"inLanguage\":\"pt-BR\",\"@id\":\"https:\/\/www.blogsoestado.com\/danielmatos\/professor-acusado-de-abusar-sexualmente-da-propria-afilhada-desde-os-5-anos-tem-prisao-decretada-em-barra-do-corda\/#primaryimage\",\"url\":\"https:\/\/www.blogsoestado.com\/danielmatos\/files\/2022\/04\/Screenshot_20220407-2306282.png\",\"contentUrl\":\"https:\/\/www.blogsoestado.com\/danielmatos\/files\/2022\/04\/Screenshot_20220407-2306282.png\"},{\"@type\":\"BreadcrumbList\",\"@id\":\"https:\/\/www.blogsoestado.com\/danielmatos\/professor-acusado-de-abusar-sexualmente-da-propria-afilhada-desde-os-5-anos-tem-prisao-decretada-em-barra-do-corda\/#breadcrumb\",\"itemListElement\":[{\"@type\":\"ListItem\",\"position\":1,\"name\":\"In\u00edcio\",\"item\":\"https:\/\/www.blogsoestado.com\/danielmatos\/\"},{\"@type\":\"ListItem\",\"position\":2,\"name\":\"Professor acusado de abusar sexualmente da pr\u00f3pria afilhada desde os 5 anos tem pris\u00e3o decretada em Barra do Corda\"}]},{\"@type\":\"WebSite\",\"@id\":\"https:\/\/www.blogsoestado.com\/danielmatos\/#website\",\"url\":\"https:\/\/www.blogsoestado.com\/danielmatos\/\",\"name\":\"Daniel Matos\",\"description\":\"\",\"potentialAction\":[{\"@type\":\"SearchAction\",\"target\":{\"@type\":\"EntryPoint\",\"urlTemplate\":\"https:\/\/www.blogsoestado.com\/danielmatos\/?s={search_term_string}\"},\"query-input\":{\"@type\":\"PropertyValueSpecification\",\"valueRequired\":true,\"valueName\":\"search_term_string\"}}],\"inLanguage\":\"pt-BR\"}]}<\/script>\n<!-- \/ Yoast SEO plugin. -->","yoast_head_json":{"title":"Professor acusado de abusar sexualmente da pr\u00f3pria afilhada desde os 5 anos tem pris\u00e3o decretada em Barra do Corda - Daniel Matos","robots":{"index":"index","follow":"follow","max-snippet":"max-snippet:-1","max-image-preview":"max-image-preview:large","max-video-preview":"max-video-preview:-1"},"canonical":"https:\/\/www.blogsoestado.com\/danielmatos\/professor-acusado-de-abusar-sexualmente-da-propria-afilhada-desde-os-5-anos-tem-prisao-decretada-em-barra-do-corda\/","og_locale":"pt_BR","og_type":"article","og_title":"Professor acusado de abusar sexualmente da pr\u00f3pria afilhada desde os 5 anos tem pris\u00e3o decretada em Barra do Corda - Daniel Matos","og_description":"O juiz\u00a0Ant\u00f4nio Queiroga Filho, da 1\u00aa Vara da Comarca de Barra do Corda, decretou a pris\u00e3o preventiva de\u00a0professor indicado pela [&hellip;]","og_url":"https:\/\/www.blogsoestado.com\/danielmatos\/professor-acusado-de-abusar-sexualmente-da-propria-afilhada-desde-os-5-anos-tem-prisao-decretada-em-barra-do-corda\/","og_site_name":"Daniel Matos","article_published_time":"2022-04-08T09:30:00+00:00","og_image":[{"url":"https:\/\/www.blogsoestado.com\/danielmatos\/files\/2022\/04\/Screenshot_20220407-2306282.png","type":"","width":"","height":""}],"twitter_card":"summary_large_image","twitter_misc":{"Est. tempo de leitura":"2 minutos"},"schema":{"@context":"https:\/\/schema.org","@graph":[{"@type":"WebPage","@id":"https:\/\/www.blogsoestado.com\/danielmatos\/professor-acusado-de-abusar-sexualmente-da-propria-afilhada-desde-os-5-anos-tem-prisao-decretada-em-barra-do-corda\/","url":"https:\/\/www.blogsoestado.com\/danielmatos\/professor-acusado-de-abusar-sexualmente-da-propria-afilhada-desde-os-5-anos-tem-prisao-decretada-em-barra-do-corda\/","name":"Professor acusado de abusar sexualmente da pr\u00f3pria afilhada desde os 5 anos tem pris\u00e3o decretada em Barra do Corda - Daniel Matos","isPartOf":{"@id":"https:\/\/www.blogsoestado.com\/danielmatos\/#website"},"primaryImageOfPage":{"@id":"https:\/\/www.blogsoestado.com\/danielmatos\/professor-acusado-de-abusar-sexualmente-da-propria-afilhada-desde-os-5-anos-tem-prisao-decretada-em-barra-do-corda\/#primaryimage"},"image":{"@id":"https:\/\/www.blogsoestado.com\/danielmatos\/professor-acusado-de-abusar-sexualmente-da-propria-afilhada-desde-os-5-anos-tem-prisao-decretada-em-barra-do-corda\/#primaryimage"},"thumbnailUrl":"https:\/\/www.blogsoestado.com\/danielmatos\/files\/2022\/04\/Screenshot_20220407-2306282.png","datePublished":"2022-04-08T09:30:00+00:00","author":{"@id":""},"breadcrumb":{"@id":"https:\/\/www.blogsoestado.com\/danielmatos\/professor-acusado-de-abusar-sexualmente-da-propria-afilhada-desde-os-5-anos-tem-prisao-decretada-em-barra-do-corda\/#breadcrumb"},"inLanguage":"pt-BR","potentialAction":[{"@type":"ReadAction","target":["https:\/\/www.blogsoestado.com\/danielmatos\/professor-acusado-de-abusar-sexualmente-da-propria-afilhada-desde-os-5-anos-tem-prisao-decretada-em-barra-do-corda\/"]}]},{"@type":"ImageObject","inLanguage":"pt-BR","@id":"https:\/\/www.blogsoestado.com\/danielmatos\/professor-acusado-de-abusar-sexualmente-da-propria-afilhada-desde-os-5-anos-tem-prisao-decretada-em-barra-do-corda\/#primaryimage","url":"https:\/\/www.blogsoestado.com\/danielmatos\/files\/2022\/04\/Screenshot_20220407-2306282.png","contentUrl":"https:\/\/www.blogsoestado.com\/danielmatos\/files\/2022\/04\/Screenshot_20220407-2306282.png"},{"@type":"BreadcrumbList","@id":"https:\/\/www.blogsoestado.com\/danielmatos\/professor-acusado-de-abusar-sexualmente-da-propria-afilhada-desde-os-5-anos-tem-prisao-decretada-em-barra-do-corda\/#breadcrumb","itemListElement":[{"@type":"ListItem","position":1,"name":"In\u00edcio","item":"https:\/\/www.blogsoestado.com\/danielmatos\/"},{"@type":"ListItem","position":2,"name":"Professor acusado de abusar sexualmente da pr\u00f3pria afilhada desde os 5 anos tem pris\u00e3o decretada em Barra do Corda"}]},{"@type":"WebSite","@id":"https:\/\/www.blogsoestado.com\/danielmatos\/#website","url":"https:\/\/www.blogsoestado.com\/danielmatos\/","name":"Daniel Matos","description":"","potentialAction":[{"@type":"SearchAction","target":{"@type":"EntryPoint","urlTemplate":"https:\/\/www.blogsoestado.com\/danielmatos\/?s={search_term_string}"},"query-input":{"@type":"PropertyValueSpecification","valueRequired":true,"valueName":"search_term_string"}}],"inLanguage":"pt-BR"}]}},"jetpack_featured_media_url":"","_links":{"self":[{"href":"https:\/\/www.blogsoestado.com\/danielmatos\/wp-json\/wp\/v2\/posts\/95937","targetHints":{"allow":["GET"]}}],"collection":[{"href":"https:\/\/www.blogsoestado.com\/danielmatos\/wp-json\/wp\/v2\/posts"}],"about":[{"href":"https:\/\/www.blogsoestado.com\/danielmatos\/wp-json\/wp\/v2\/types\/post"}],"replies":[{"embeddable":true,"href":"https:\/\/www.blogsoestado.com\/danielmatos\/wp-json\/wp\/v2\/comments?post=95937"}],"version-history":[{"count":0,"href":"https:\/\/www.blogsoestado.com\/danielmatos\/wp-json\/wp\/v2\/posts\/95937\/revisions"}],"wp:attachment":[{"href":"https:\/\/www.blogsoestado.com\/danielmatos\/wp-json\/wp\/v2\/media?parent=95937"}],"wp:term":[{"taxonomy":"category","embeddable":true,"href":"https:\/\/www.blogsoestado.com\/danielmatos\/wp-json\/wp\/v2\/categories?post=95937"},{"taxonomy":"post_tag","embeddable":true,"href":"https:\/\/www.blogsoestado.com\/danielmatos\/wp-json\/wp\/v2\/tags?post=95937"}],"curies":[{"name":"wp","href":"https:\/\/api.w.org\/{rel}","templated":true}]}}