{"id":95942,"date":"2022-04-08T08:05:22","date_gmt":"2022-04-08T11:05:22","guid":{"rendered":"https:\/\/www.blogsoestado.com\/danielmatos\/?p=95942"},"modified":"2022-04-08T08:05:22","modified_gmt":"2022-04-08T11:05:22","slug":"antes-de-deixar-o-governo-flavio-dino-aditivou-em-r-11-milhoes-contrato-para-viagens-de-taxi-aereo","status":"publish","type":"post","link":"https:\/\/www.blogsoestado.com\/danielmatos\/antes-de-deixar-o-governo-flavio-dino-aditivou-em-r-11-milhoes-contrato-para-viagens-de-taxi-aereo\/","title":{"rendered":"Aditivo: antes de deixar o governo, Fl\u00e1vio Dino reajustou para R$ 11 milh\u00f5es contrato para aluguel de jatinhos"},"content":{"rendered":"\n<div class=\"wp-block-image\"><figure class=\"aligncenter size-large\"><a href=\"https:\/\/www.blogsoestado.com\/danielmatos\/files\/2022\/04\/Screenshot_20220408-0751182.png\"><img decoding=\"async\" src=\"https:\/\/www.blogsoestado.com\/danielmatos\/files\/2022\/04\/Screenshot_20220408-0751182.png\" alt=\"\" class=\"wp-image-95945\"\/><\/a><figcaption>Fl\u00e1vio Dino viajou de t\u00e1xi a\u00e9reo, com valores aditiva dos, do in\u00edcio ao fim do governo e ainda deixou mais uma despesa milion\u00e1ria para os maranhenses<\/figcaption><\/figure><\/div>\n\n\n\n<p>Faltando menos de dois meses para deixar o governo do Maranh\u00e3o, o agora pr\u00e9-candidato a senador Fl\u00e1vio Dino (PSB) autorizou mais um aditivo ao contrato firmado com a empresa Solar T\u00e1xi A\u00e9reo LTDA. para fretamento de aeronaves. O valor da despesa por mais um ano de vig\u00eancia contratual &#8211; definido em 10 de fevereiro, exatos 49 dias antes de Dino renunciar ao cargo &#8211; foi de R$ 10.999.260,00 (dez milh\u00f5es, novecentos e noventa e nove mil e duzentos e sessenta reais), um \u00e1gio de 15%, aproximadamente, em rela\u00e7\u00e3o ao pre\u00e7o anterior.<\/p>\n\n\n\n<p>Coube \u00e0 Secretaria de Estado de Governo (Segov) formalizar a prorroga\u00e7\u00e3o do contrato, cujas especifica\u00e7\u00f5es resumidas s\u00e3o as seguintes: presta\u00e7\u00e3o de servi\u00e7os continuados de fretamento de aeronaves tipo jato executivo e turbo-h\u00e9lice, pelo crit\u00e9rio de quil\u00f4metro voado e hora-voo, respectivamente. O ato foi assinado em 8 de fevereiro de 2022 pela titular da pasta, Marcela Galv\u00e3o Mendes Frota, conforme consta da edi\u00e7\u00e3o do Di\u00e1rio Oficial do Estado do dia 14 daquele m\u00eas, aba Terceiros.<\/p>\n\n\n\n<p>Contemplada pelo governo estadual com sucessivos aditivos ao valor original do contrato, a Solar T\u00e1xi A\u00e9reo viu, em menos de dois anos, seus ganhos quase dobrarem pelo servi\u00e7o prestado ao Pal\u00e1cio dos Le\u00f5es. Em novembro de 2020, a Segov, que ainda tinha como secret\u00e1rio Diego Galdino, posteriormente remanejado para a Casa Civil, aplicou um reajuste de 25% aos ganhos da empresa. O percentual correspondeu a aumento de R$ 1.922.400,00 (um milh\u00e3o, novecentos e vinte e dois mil e quatrocentos reais). Assim, a empresa passou a receber anualmente, dos cofres do Estado, R$ 6.462.000,00 (seis milh\u00f5es, quatrocentos e sessenta e dois mil reais).<\/p>\n\n\n\n<p><strong>Novo aditivo tr\u00eas meses depois<\/strong><\/p>\n\n\n\n<p>Estranhamente, tr\u00eas meses depois, em fevereiro de 2021, conforme publicado no Di\u00e1rio Oficial do dia 11 daquele m\u00eas, o governo Fl\u00e1vio Dino autorizou novo aditivo de 12 meses ao contr\u00e1rio com a Solar T\u00e1xi A\u00e9reo. O valor fixado pela presta\u00e7\u00e3o do servi\u00e7o no per\u00edodo de 09\/02\/2021 a 08\/01\/2022 foi de R$ 9.612.000,00 (nove milh\u00f5es, seiscentos e doze mil reais). Apesar do aumento de mais de R$ 3 milh\u00f5es em rela\u00e7\u00e3o ao acertado tr\u00eas meses antes, a Segov registrou oficialmente que o pre\u00e7o permaneceu inalterado, o que requer esclarecimento, uma vez que o blog n\u00e3o encontrou nenhum dado t\u00e9cnico elucidativo nesse sentido.<\/p>\n\n\n\n<p>Agora, com o novo aditivo, os maranhenses est\u00e3o pagando quase R$ 11 milh\u00f5es &#8211; mais de R$ 1,3 milh\u00e3o acima da cifra anterior &#8211; para a c\u00fapula do governo estadual cruzar os c\u00e9us, dentro e fora do Maranh\u00e3o, <\/p>\n\n\n\n<p>Confira:<\/p>\n\n\n\n<div class=\"wp-block-image\"><figure class=\"aligncenter size-large\"><a href=\"https:\/\/www.blogsoestado.com\/danielmatos\/files\/2022\/04\/Screenshot_20220408-0116372.png\"><img decoding=\"async\" src=\"https:\/\/www.blogsoestado.com\/danielmatos\/files\/2022\/04\/Screenshot_20220408-0116372.png\" alt=\"\" class=\"wp-image-95943\"\/><\/a><\/figure><\/div>\n\n\n\n<div class=\"wp-block-image\"><figure class=\"aligncenter size-large\"><a href=\"https:\/\/www.blogsoestado.com\/danielmatos\/files\/2022\/04\/Screenshot_20220408-0115522.png\"><img decoding=\"async\" src=\"https:\/\/www.blogsoestado.com\/danielmatos\/files\/2022\/04\/Screenshot_20220408-0115522.png\" alt=\"\" class=\"wp-image-95944\"\/><\/a><\/figure><\/div>\n","protected":false},"excerpt":{"rendered":"<p>Faltando menos de dois meses para deixar o governo do Maranh\u00e3o, o agora pr\u00e9-candidato a senador Fl\u00e1vio Dino (PSB) autorizou [&hellip;]<\/p>\n","protected":false},"author":0,"featured_media":0,"comment_status":"open","ping_status":"open","sticky":false,"template":"","format":"standard","meta":{"site-sidebar-layout":"default","site-content-layout":"","ast-site-content-layout":"default","site-content-style":"default","site-sidebar-style":"default","ast-global-header-display":"","ast-banner-title-visibility":"","ast-main-header-display":"","ast-hfb-above-header-display":"","ast-hfb-below-header-display":"","ast-hfb-mobile-header-display":"","site-post-title":"","ast-breadcrumbs-content":"","ast-featured-img":"","footer-sml-layout":"","ast-disable-related-posts":"","theme-transparent-header-meta":"","adv-header-id-meta":"","stick-header-meta":"","header-above-stick-meta":"","header-main-stick-meta":"","header-below-stick-meta":"","astra-migrate-meta-layouts":"default","ast-page-background-enabled":"default","ast-page-background-meta":{"desktop":{"background-color":"var(--ast-global-color-5)","background-image":"","background-repeat":"repeat","background-position":"center center","background-size":"auto","background-attachment":"scroll","background-type":"","background-media":"","overlay-type":"","overlay-color":"","overlay-opacity":"","overlay-gradient":""},"tablet":{"background-color":"","background-image":"","background-repeat":"repeat","background-position":"center center","background-size":"auto","background-attachment":"scroll","background-type":"","background-media":"","overlay-type":"","overlay-color":"","overlay-opacity":"","overlay-gradient":""},"mobile":{"background-color":"","background-image":"","background-repeat":"repeat","background-position":"center center","background-size":"auto","background-attachment":"scroll","background-type":"","background-media":"","overlay-type":"","overlay-color":"","overlay-opacity":"","overlay-gradient":""}},"ast-content-background-meta":{"desktop":{"background-color":"var(--ast-global-color-4)","background-image":"","background-repeat":"repeat","background-position":"center center","background-size":"auto","background-attachment":"scroll","background-type":"","background-media":"","overlay-type":"","overlay-color":"","overlay-opacity":"","overlay-gradient":""},"tablet":{"background-color":"var(--ast-global-color-4)","background-image":"","background-repeat":"repeat","background-position":"center center","background-size":"auto","background-attachment":"scroll","background-type":"","background-media":"","overlay-type":"","overlay-color":"","overlay-opacity":"","overlay-gradient":""},"mobile":{"background-color":"var(--ast-global-color-4)","background-image":"","background-repeat":"repeat","background-position":"center center","background-size":"auto","background-attachment":"scroll","background-type":"","background-media":"","overlay-type":"","overlay-color":"","overlay-opacity":"","overlay-gradient":""}},"footnotes":""},"categories":[1],"tags":[],"class_list":["post-95942","post","type-post","status-publish","format-standard","hentry","category-sem-categoria"],"yoast_head":"<!-- This site is optimized with the Yoast SEO plugin v26.6 - https:\/\/yoast.com\/wordpress\/plugins\/seo\/ -->\n<title>Aditivo: antes de deixar o governo, Fl\u00e1vio Dino reajustou para R$ 11 milh\u00f5es contrato para aluguel de jatinhos - Daniel Matos<\/title>\n<meta name=\"robots\" content=\"index, follow, max-snippet:-1, max-image-preview:large, max-video-preview:-1\" \/>\n<link rel=\"canonical\" href=\"https:\/\/www.blogsoestado.com\/danielmatos\/antes-de-deixar-o-governo-flavio-dino-aditivou-em-r-11-milhoes-contrato-para-viagens-de-taxi-aereo\/\" \/>\n<meta property=\"og:locale\" content=\"pt_BR\" \/>\n<meta property=\"og:type\" content=\"article\" \/>\n<meta property=\"og:title\" content=\"Aditivo: antes de deixar o governo, Fl\u00e1vio Dino reajustou para R$ 11 milh\u00f5es contrato para aluguel de jatinhos - Daniel Matos\" \/>\n<meta property=\"og:description\" content=\"Faltando menos de dois meses para deixar o governo do Maranh\u00e3o, o agora pr\u00e9-candidato a senador Fl\u00e1vio Dino (PSB) autorizou [&hellip;]\" \/>\n<meta property=\"og:url\" content=\"https:\/\/www.blogsoestado.com\/danielmatos\/antes-de-deixar-o-governo-flavio-dino-aditivou-em-r-11-milhoes-contrato-para-viagens-de-taxi-aereo\/\" \/>\n<meta property=\"og:site_name\" content=\"Daniel Matos\" \/>\n<meta property=\"article:published_time\" content=\"2022-04-08T11:05:22+00:00\" \/>\n<meta property=\"og:image\" content=\"https:\/\/www.blogsoestado.com\/danielmatos\/files\/2022\/04\/Screenshot_20220408-0751182.png\" \/>\n<meta name=\"twitter:card\" content=\"summary_large_image\" \/>\n<meta name=\"twitter:label1\" content=\"Est. tempo de leitura\" \/>\n\t<meta name=\"twitter:data1\" content=\"3 minutos\" \/>\n<script type=\"application\/ld+json\" class=\"yoast-schema-graph\">{\"@context\":\"https:\/\/schema.org\",\"@graph\":[{\"@type\":\"WebPage\",\"@id\":\"https:\/\/www.blogsoestado.com\/danielmatos\/antes-de-deixar-o-governo-flavio-dino-aditivou-em-r-11-milhoes-contrato-para-viagens-de-taxi-aereo\/\",\"url\":\"https:\/\/www.blogsoestado.com\/danielmatos\/antes-de-deixar-o-governo-flavio-dino-aditivou-em-r-11-milhoes-contrato-para-viagens-de-taxi-aereo\/\",\"name\":\"Aditivo: antes de deixar o governo, Fl\u00e1vio Dino reajustou para R$ 11 milh\u00f5es contrato para aluguel de jatinhos - Daniel Matos\",\"isPartOf\":{\"@id\":\"https:\/\/www.blogsoestado.com\/danielmatos\/#website\"},\"primaryImageOfPage\":{\"@id\":\"https:\/\/www.blogsoestado.com\/danielmatos\/antes-de-deixar-o-governo-flavio-dino-aditivou-em-r-11-milhoes-contrato-para-viagens-de-taxi-aereo\/#primaryimage\"},\"image\":{\"@id\":\"https:\/\/www.blogsoestado.com\/danielmatos\/antes-de-deixar-o-governo-flavio-dino-aditivou-em-r-11-milhoes-contrato-para-viagens-de-taxi-aereo\/#primaryimage\"},\"thumbnailUrl\":\"https:\/\/www.blogsoestado.com\/danielmatos\/files\/2022\/04\/Screenshot_20220408-0751182.png\",\"datePublished\":\"2022-04-08T11:05:22+00:00\",\"author\":{\"@id\":\"\"},\"breadcrumb\":{\"@id\":\"https:\/\/www.blogsoestado.com\/danielmatos\/antes-de-deixar-o-governo-flavio-dino-aditivou-em-r-11-milhoes-contrato-para-viagens-de-taxi-aereo\/#breadcrumb\"},\"inLanguage\":\"pt-BR\",\"potentialAction\":[{\"@type\":\"ReadAction\",\"target\":[\"https:\/\/www.blogsoestado.com\/danielmatos\/antes-de-deixar-o-governo-flavio-dino-aditivou-em-r-11-milhoes-contrato-para-viagens-de-taxi-aereo\/\"]}]},{\"@type\":\"ImageObject\",\"inLanguage\":\"pt-BR\",\"@id\":\"https:\/\/www.blogsoestado.com\/danielmatos\/antes-de-deixar-o-governo-flavio-dino-aditivou-em-r-11-milhoes-contrato-para-viagens-de-taxi-aereo\/#primaryimage\",\"url\":\"https:\/\/www.blogsoestado.com\/danielmatos\/files\/2022\/04\/Screenshot_20220408-0751182.png\",\"contentUrl\":\"https:\/\/www.blogsoestado.com\/danielmatos\/files\/2022\/04\/Screenshot_20220408-0751182.png\"},{\"@type\":\"BreadcrumbList\",\"@id\":\"https:\/\/www.blogsoestado.com\/danielmatos\/antes-de-deixar-o-governo-flavio-dino-aditivou-em-r-11-milhoes-contrato-para-viagens-de-taxi-aereo\/#breadcrumb\",\"itemListElement\":[{\"@type\":\"ListItem\",\"position\":1,\"name\":\"In\u00edcio\",\"item\":\"https:\/\/www.blogsoestado.com\/danielmatos\/\"},{\"@type\":\"ListItem\",\"position\":2,\"name\":\"Aditivo: antes de deixar o governo, Fl\u00e1vio Dino reajustou para R$ 11 milh\u00f5es contrato para aluguel de jatinhos\"}]},{\"@type\":\"WebSite\",\"@id\":\"https:\/\/www.blogsoestado.com\/danielmatos\/#website\",\"url\":\"https:\/\/www.blogsoestado.com\/danielmatos\/\",\"name\":\"Daniel Matos\",\"description\":\"\",\"potentialAction\":[{\"@type\":\"SearchAction\",\"target\":{\"@type\":\"EntryPoint\",\"urlTemplate\":\"https:\/\/www.blogsoestado.com\/danielmatos\/?s={search_term_string}\"},\"query-input\":{\"@type\":\"PropertyValueSpecification\",\"valueRequired\":true,\"valueName\":\"search_term_string\"}}],\"inLanguage\":\"pt-BR\"}]}<\/script>\n<!-- \/ Yoast SEO plugin. -->","yoast_head_json":{"title":"Aditivo: antes de deixar o governo, Fl\u00e1vio Dino reajustou para R$ 11 milh\u00f5es contrato para aluguel de jatinhos - Daniel Matos","robots":{"index":"index","follow":"follow","max-snippet":"max-snippet:-1","max-image-preview":"max-image-preview:large","max-video-preview":"max-video-preview:-1"},"canonical":"https:\/\/www.blogsoestado.com\/danielmatos\/antes-de-deixar-o-governo-flavio-dino-aditivou-em-r-11-milhoes-contrato-para-viagens-de-taxi-aereo\/","og_locale":"pt_BR","og_type":"article","og_title":"Aditivo: antes de deixar o governo, Fl\u00e1vio Dino reajustou para R$ 11 milh\u00f5es contrato para aluguel de jatinhos - Daniel Matos","og_description":"Faltando menos de dois meses para deixar o governo do Maranh\u00e3o, o agora pr\u00e9-candidato a senador Fl\u00e1vio Dino (PSB) autorizou [&hellip;]","og_url":"https:\/\/www.blogsoestado.com\/danielmatos\/antes-de-deixar-o-governo-flavio-dino-aditivou-em-r-11-milhoes-contrato-para-viagens-de-taxi-aereo\/","og_site_name":"Daniel Matos","article_published_time":"2022-04-08T11:05:22+00:00","og_image":[{"url":"https:\/\/www.blogsoestado.com\/danielmatos\/files\/2022\/04\/Screenshot_20220408-0751182.png","type":"","width":"","height":""}],"twitter_card":"summary_large_image","twitter_misc":{"Est. tempo de leitura":"3 minutos"},"schema":{"@context":"https:\/\/schema.org","@graph":[{"@type":"WebPage","@id":"https:\/\/www.blogsoestado.com\/danielmatos\/antes-de-deixar-o-governo-flavio-dino-aditivou-em-r-11-milhoes-contrato-para-viagens-de-taxi-aereo\/","url":"https:\/\/www.blogsoestado.com\/danielmatos\/antes-de-deixar-o-governo-flavio-dino-aditivou-em-r-11-milhoes-contrato-para-viagens-de-taxi-aereo\/","name":"Aditivo: antes de deixar o governo, Fl\u00e1vio Dino reajustou para R$ 11 milh\u00f5es contrato para aluguel de jatinhos - Daniel Matos","isPartOf":{"@id":"https:\/\/www.blogsoestado.com\/danielmatos\/#website"},"primaryImageOfPage":{"@id":"https:\/\/www.blogsoestado.com\/danielmatos\/antes-de-deixar-o-governo-flavio-dino-aditivou-em-r-11-milhoes-contrato-para-viagens-de-taxi-aereo\/#primaryimage"},"image":{"@id":"https:\/\/www.blogsoestado.com\/danielmatos\/antes-de-deixar-o-governo-flavio-dino-aditivou-em-r-11-milhoes-contrato-para-viagens-de-taxi-aereo\/#primaryimage"},"thumbnailUrl":"https:\/\/www.blogsoestado.com\/danielmatos\/files\/2022\/04\/Screenshot_20220408-0751182.png","datePublished":"2022-04-08T11:05:22+00:00","author":{"@id":""},"breadcrumb":{"@id":"https:\/\/www.blogsoestado.com\/danielmatos\/antes-de-deixar-o-governo-flavio-dino-aditivou-em-r-11-milhoes-contrato-para-viagens-de-taxi-aereo\/#breadcrumb"},"inLanguage":"pt-BR","potentialAction":[{"@type":"ReadAction","target":["https:\/\/www.blogsoestado.com\/danielmatos\/antes-de-deixar-o-governo-flavio-dino-aditivou-em-r-11-milhoes-contrato-para-viagens-de-taxi-aereo\/"]}]},{"@type":"ImageObject","inLanguage":"pt-BR","@id":"https:\/\/www.blogsoestado.com\/danielmatos\/antes-de-deixar-o-governo-flavio-dino-aditivou-em-r-11-milhoes-contrato-para-viagens-de-taxi-aereo\/#primaryimage","url":"https:\/\/www.blogsoestado.com\/danielmatos\/files\/2022\/04\/Screenshot_20220408-0751182.png","contentUrl":"https:\/\/www.blogsoestado.com\/danielmatos\/files\/2022\/04\/Screenshot_20220408-0751182.png"},{"@type":"BreadcrumbList","@id":"https:\/\/www.blogsoestado.com\/danielmatos\/antes-de-deixar-o-governo-flavio-dino-aditivou-em-r-11-milhoes-contrato-para-viagens-de-taxi-aereo\/#breadcrumb","itemListElement":[{"@type":"ListItem","position":1,"name":"In\u00edcio","item":"https:\/\/www.blogsoestado.com\/danielmatos\/"},{"@type":"ListItem","position":2,"name":"Aditivo: antes de deixar o governo, Fl\u00e1vio Dino reajustou para R$ 11 milh\u00f5es contrato para aluguel de jatinhos"}]},{"@type":"WebSite","@id":"https:\/\/www.blogsoestado.com\/danielmatos\/#website","url":"https:\/\/www.blogsoestado.com\/danielmatos\/","name":"Daniel Matos","description":"","potentialAction":[{"@type":"SearchAction","target":{"@type":"EntryPoint","urlTemplate":"https:\/\/www.blogsoestado.com\/danielmatos\/?s={search_term_string}"},"query-input":{"@type":"PropertyValueSpecification","valueRequired":true,"valueName":"search_term_string"}}],"inLanguage":"pt-BR"}]}},"jetpack_featured_media_url":"","_links":{"self":[{"href":"https:\/\/www.blogsoestado.com\/danielmatos\/wp-json\/wp\/v2\/posts\/95942","targetHints":{"allow":["GET"]}}],"collection":[{"href":"https:\/\/www.blogsoestado.com\/danielmatos\/wp-json\/wp\/v2\/posts"}],"about":[{"href":"https:\/\/www.blogsoestado.com\/danielmatos\/wp-json\/wp\/v2\/types\/post"}],"replies":[{"embeddable":true,"href":"https:\/\/www.blogsoestado.com\/danielmatos\/wp-json\/wp\/v2\/comments?post=95942"}],"version-history":[{"count":0,"href":"https:\/\/www.blogsoestado.com\/danielmatos\/wp-json\/wp\/v2\/posts\/95942\/revisions"}],"wp:attachment":[{"href":"https:\/\/www.blogsoestado.com\/danielmatos\/wp-json\/wp\/v2\/media?parent=95942"}],"wp:term":[{"taxonomy":"category","embeddable":true,"href":"https:\/\/www.blogsoestado.com\/danielmatos\/wp-json\/wp\/v2\/categories?post=95942"},{"taxonomy":"post_tag","embeddable":true,"href":"https:\/\/www.blogsoestado.com\/danielmatos\/wp-json\/wp\/v2\/tags?post=95942"}],"curies":[{"name":"wp","href":"https:\/\/api.w.org\/{rel}","templated":true}]}}