{"id":95956,"date":"2022-04-08T16:26:26","date_gmt":"2022-04-08T19:26:26","guid":{"rendered":"https:\/\/www.blogsoestado.com\/danielmatos\/?p=95956"},"modified":"2022-04-08T16:26:26","modified_gmt":"2022-04-08T19:26:26","slug":"marcial-lima-reconhece-contribuicao-de-varios-povos-do-brasil-para-o-progresso-de-grajau","status":"publish","type":"post","link":"https:\/\/www.blogsoestado.com\/danielmatos\/marcial-lima-reconhece-contribuicao-de-varios-povos-do-brasil-para-o-progresso-de-grajau\/","title":{"rendered":"Marcial Lima reconhece contribui\u00e7\u00e3o de v\u00e1rios povos do Brasil para o progresso de Graja\u00fa"},"content":{"rendered":"\n<div class=\"wp-block-image\"><figure class=\"aligncenter size-large\"><a href=\"https:\/\/www.blogsoestado.com\/danielmatos\/files\/2022\/04\/Screenshot_20220408-1614122.png\"><img decoding=\"async\" src=\"https:\/\/www.blogsoestado.com\/danielmatos\/files\/2022\/04\/Screenshot_20220408-1614122.png\" alt=\"\" class=\"wp-image-95963\"\/><\/a><figcaption>Marcial Lima realizou a primeira atividade da sua pr\u00e9-campanha a deputado estadual em sua terra natal<\/figcaption><\/figure><\/div>\n\n\n\n<p>Em sua\u00a0primeira\u00a0reuni\u00e3o de pr\u00e9-campanha na Imperius Eventos na cidade de Graja\u00fa, na noite desta quinta-feira (8), o vereador da capital e pr\u00e9-candidato a deputado estadual Marcial Lima (Podemos) disse que fica triste e indignado quando ver poderosos de Graja\u00fa e seus seguidores, tratando moradores da cidade que veio de outros locais para Graja\u00fa, como forasteiros.<\/p>\n\n\n\n<p>Segundo Marcial todos tem que ser respeitados e todos s\u00e3o grajauenses, se veio de fora para contribuir dando trabalhos digno\u00a0aos grajauenses ou, ganhando a vida na cidade dando renda para Graja\u00fa e at\u00e9 mesmo contribu\u00eddo com o desenvolvimento, ele Marcial nunca ir\u00e1 chama-los de forasteiros e muito menos os ver como forasteiros.<\/p>\n\n\n\n<p>No sal\u00e3o de eventos cerca de 250 pessoas se fizeram presentes para ouvir Marcial falar, a organiza\u00e7\u00e3o do encontro veio atrav\u00e9s de uma&nbsp;ideia&nbsp;de administradores de um grupo de WhatsApp que leva o nome do pr\u00e9-candidato. Vanusa Chaves e Itamar foram os organizadores do evento para os participantes do grupo, s\u00f3 que mais pessoas que n\u00e3o est\u00e3o no grupo foram ouvir as palavras do pr\u00e9-candidato Marcial.<\/p>\n\n\n\n<div class=\"wp-block-image\"><figure class=\"aligncenter size-large\"><a href=\"https:\/\/www.blogsoestado.com\/danielmatos\/files\/2022\/04\/Screenshot_20220408-1608322.png\"><img decoding=\"async\" src=\"https:\/\/www.blogsoestado.com\/danielmatos\/files\/2022\/04\/Screenshot_20220408-1608322.png\" alt=\"\" class=\"wp-image-95965\"\/><\/a><figcaption>Reuni\u00e3o pol\u00edtica promovida por Marcial Lima lotou o audit\u00f3rio da Imperius Eventos, em Graja\u00fa<\/figcaption><\/figure><\/div>\n\n\n\n<p>Foi uma reuni\u00e3o bastante proveitosa, pois todos ouviam e aplaudiam Marcial, pelo seu conhecimento politico como filho da cidade de Graja\u00fa. Marcial disse que chama qualquer um pr\u00e9-candidato a deputado para sentar na Pra\u00e7a Raimundo Simas e juntos na frente do povo debater projetos para Graja\u00fa, afirmou que andam pregando em rede social que ele n\u00e3o \u00e9 filho de Graja\u00fa e disse: quem n\u00e3o conhece minha hist\u00f3ria nascido na Ponta Fogosa, trabalhando mais meu pai Z\u00e9 Caboco, minha m\u00e3e Dona Batista quem n\u00e3o me viu trabalhar nas ruas de Graja\u00fa, crescer em Graja\u00fa \u00e9 quem n\u00e3o \u00e9 realmente filho de Graja\u00fa.<\/p>\n\n\n\n<p>Marcial falou tamb\u00e9m de como Graja\u00fa pode ser um centro de empreendimentos, a cadeia produtiva de Graja\u00fa que precisa ser alavancada e lembrou que saiu de Graja\u00fa para estudar, como muitos outros filhos de Graja\u00fa sa\u00edram para se formar, ent\u00e3o n\u00e3o tem porque tentar pregar nele o titulo de que ele n\u00e3o \u00e9 filho de nossa terra. Marcial \u00e9 o segundo homem do interior a ser eleito democraticamente em uma capital como vereador, o primeiro foi Lu\u00eds Rocha.<\/p>\n\n\n\n<p>O discurso de Marcial encorajou o povo a lhe seguir de livre e espont\u00e2nea vontade, sem press\u00e3o, sem amea\u00e7as foi acreditando no que foi dito, que a reuni\u00e3o se encerrou depois de quase 3 horas de conversa com os presentes.<\/p>\n\n\n\n<p>Assista:<\/p>\n\n\n\n<figure class=\"wp-block-embed is-type-video is-provider-youtube wp-block-embed-youtube wp-embed-aspect-16-9 wp-has-aspect-ratio\"><div class=\"wp-block-embed__wrapper\">\n<iframe title=\"Marcial Lima leva pr\u00e9-campanha a deputado estadual a Graja\u00fa\" width=\"500\" height=\"281\" src=\"https:\/\/www.youtube.com\/embed\/dx95HYPkihA?feature=oembed\" frameborder=\"0\" allow=\"accelerometer; autoplay; clipboard-write; encrypted-media; gyroscope; picture-in-picture; web-share\" referrerpolicy=\"strict-origin-when-cross-origin\" allowfullscreen><\/iframe>\n<\/div><\/figure>\n\n\n\n<figure class=\"wp-block-embed is-type-video is-provider-youtube wp-block-embed-youtube wp-embed-aspect-16-9 wp-has-aspect-ratio\"><div class=\"wp-block-embed__wrapper\">\n<iframe title=\"Marcial Lima leva pr\u00e9-campanha a deputado estadual a Graja\u00fa 2\" width=\"500\" height=\"281\" src=\"https:\/\/www.youtube.com\/embed\/Zkezpd7hfEg?feature=oembed\" frameborder=\"0\" allow=\"accelerometer; autoplay; clipboard-write; encrypted-media; gyroscope; picture-in-picture; web-share\" referrerpolicy=\"strict-origin-when-cross-origin\" allowfullscreen><\/iframe>\n<\/div><\/figure>\n","protected":false},"excerpt":{"rendered":"<p>Em sua\u00a0primeira\u00a0reuni\u00e3o de pr\u00e9-campanha na Imperius Eventos na cidade de Graja\u00fa, na noite desta quinta-feira (8), o vereador da capital [&hellip;]<\/p>\n","protected":false},"author":0,"featured_media":0,"comment_status":"open","ping_status":"open","sticky":false,"template":"","format":"standard","meta":{"site-sidebar-layout":"default","site-content-layout":"","ast-site-content-layout":"default","site-content-style":"default","site-sidebar-style":"default","ast-global-header-display":"","ast-banner-title-visibility":"","ast-main-header-display":"","ast-hfb-above-header-display":"","ast-hfb-below-header-display":"","ast-hfb-mobile-header-display":"","site-post-title":"","ast-breadcrumbs-content":"","ast-featured-img":"","footer-sml-layout":"","ast-disable-related-posts":"","theme-transparent-header-meta":"","adv-header-id-meta":"","stick-header-meta":"","header-above-stick-meta":"","header-main-stick-meta":"","header-below-stick-meta":"","astra-migrate-meta-layouts":"default","ast-page-background-enabled":"default","ast-page-background-meta":{"desktop":{"background-color":"var(--ast-global-color-5)","background-image":"","background-repeat":"repeat","background-position":"center center","background-size":"auto","background-attachment":"scroll","background-type":"","background-media":"","overlay-type":"","overlay-color":"","overlay-opacity":"","overlay-gradient":""},"tablet":{"background-color":"","background-image":"","background-repeat":"repeat","background-position":"center center","background-size":"auto","background-attachment":"scroll","background-type":"","background-media":"","overlay-type":"","overlay-color":"","overlay-opacity":"","overlay-gradient":""},"mobile":{"background-color":"","background-image":"","background-repeat":"repeat","background-position":"center center","background-size":"auto","background-attachment":"scroll","background-type":"","background-media":"","overlay-type":"","overlay-color":"","overlay-opacity":"","overlay-gradient":""}},"ast-content-background-meta":{"desktop":{"background-color":"var(--ast-global-color-4)","background-image":"","background-repeat":"repeat","background-position":"center center","background-size":"auto","background-attachment":"scroll","background-type":"","background-media":"","overlay-type":"","overlay-color":"","overlay-opacity":"","overlay-gradient":""},"tablet":{"background-color":"var(--ast-global-color-4)","background-image":"","background-repeat":"repeat","background-position":"center center","background-size":"auto","background-attachment":"scroll","background-type":"","background-media":"","overlay-type":"","overlay-color":"","overlay-opacity":"","overlay-gradient":""},"mobile":{"background-color":"var(--ast-global-color-4)","background-image":"","background-repeat":"repeat","background-position":"center center","background-size":"auto","background-attachment":"scroll","background-type":"","background-media":"","overlay-type":"","overlay-color":"","overlay-opacity":"","overlay-gradient":""}},"footnotes":""},"categories":[1],"tags":[],"class_list":["post-95956","post","type-post","status-publish","format-standard","hentry","category-sem-categoria"],"yoast_head":"<!-- This site is optimized with the Yoast SEO plugin v26.6 - https:\/\/yoast.com\/wordpress\/plugins\/seo\/ -->\n<title>Marcial Lima reconhece contribui\u00e7\u00e3o de v\u00e1rios povos do Brasil para o progresso de Graja\u00fa - Daniel Matos<\/title>\n<meta name=\"robots\" content=\"index, follow, max-snippet:-1, max-image-preview:large, max-video-preview:-1\" \/>\n<link rel=\"canonical\" href=\"https:\/\/www.blogsoestado.com\/danielmatos\/marcial-lima-reconhece-contribuicao-de-varios-povos-do-brasil-para-o-progresso-de-grajau\/\" \/>\n<meta property=\"og:locale\" content=\"pt_BR\" \/>\n<meta property=\"og:type\" content=\"article\" \/>\n<meta property=\"og:title\" content=\"Marcial Lima reconhece contribui\u00e7\u00e3o de v\u00e1rios povos do Brasil para o progresso de Graja\u00fa - Daniel Matos\" \/>\n<meta property=\"og:description\" content=\"Em sua\u00a0primeira\u00a0reuni\u00e3o de pr\u00e9-campanha na Imperius Eventos na cidade de Graja\u00fa, na noite desta quinta-feira (8), o vereador da capital [&hellip;]\" \/>\n<meta property=\"og:url\" content=\"https:\/\/www.blogsoestado.com\/danielmatos\/marcial-lima-reconhece-contribuicao-de-varios-povos-do-brasil-para-o-progresso-de-grajau\/\" \/>\n<meta property=\"og:site_name\" content=\"Daniel Matos\" \/>\n<meta property=\"article:published_time\" content=\"2022-04-08T19:26:26+00:00\" \/>\n<meta property=\"og:image\" content=\"https:\/\/www.blogsoestado.com\/danielmatos\/files\/2022\/04\/Screenshot_20220408-1614122.png\" \/>\n<meta name=\"twitter:card\" content=\"summary_large_image\" \/>\n<meta name=\"twitter:label1\" content=\"Est. tempo de leitura\" \/>\n\t<meta name=\"twitter:data1\" content=\"3 minutos\" \/>\n<script type=\"application\/ld+json\" class=\"yoast-schema-graph\">{\"@context\":\"https:\/\/schema.org\",\"@graph\":[{\"@type\":\"WebPage\",\"@id\":\"https:\/\/www.blogsoestado.com\/danielmatos\/marcial-lima-reconhece-contribuicao-de-varios-povos-do-brasil-para-o-progresso-de-grajau\/\",\"url\":\"https:\/\/www.blogsoestado.com\/danielmatos\/marcial-lima-reconhece-contribuicao-de-varios-povos-do-brasil-para-o-progresso-de-grajau\/\",\"name\":\"Marcial Lima reconhece contribui\u00e7\u00e3o de v\u00e1rios povos do Brasil para o progresso de Graja\u00fa - Daniel Matos\",\"isPartOf\":{\"@id\":\"https:\/\/www.blogsoestado.com\/danielmatos\/#website\"},\"primaryImageOfPage\":{\"@id\":\"https:\/\/www.blogsoestado.com\/danielmatos\/marcial-lima-reconhece-contribuicao-de-varios-povos-do-brasil-para-o-progresso-de-grajau\/#primaryimage\"},\"image\":{\"@id\":\"https:\/\/www.blogsoestado.com\/danielmatos\/marcial-lima-reconhece-contribuicao-de-varios-povos-do-brasil-para-o-progresso-de-grajau\/#primaryimage\"},\"thumbnailUrl\":\"https:\/\/www.blogsoestado.com\/danielmatos\/files\/2022\/04\/Screenshot_20220408-1614122.png\",\"datePublished\":\"2022-04-08T19:26:26+00:00\",\"author\":{\"@id\":\"\"},\"breadcrumb\":{\"@id\":\"https:\/\/www.blogsoestado.com\/danielmatos\/marcial-lima-reconhece-contribuicao-de-varios-povos-do-brasil-para-o-progresso-de-grajau\/#breadcrumb\"},\"inLanguage\":\"pt-BR\",\"potentialAction\":[{\"@type\":\"ReadAction\",\"target\":[\"https:\/\/www.blogsoestado.com\/danielmatos\/marcial-lima-reconhece-contribuicao-de-varios-povos-do-brasil-para-o-progresso-de-grajau\/\"]}]},{\"@type\":\"ImageObject\",\"inLanguage\":\"pt-BR\",\"@id\":\"https:\/\/www.blogsoestado.com\/danielmatos\/marcial-lima-reconhece-contribuicao-de-varios-povos-do-brasil-para-o-progresso-de-grajau\/#primaryimage\",\"url\":\"https:\/\/www.blogsoestado.com\/danielmatos\/files\/2022\/04\/Screenshot_20220408-1614122.png\",\"contentUrl\":\"https:\/\/www.blogsoestado.com\/danielmatos\/files\/2022\/04\/Screenshot_20220408-1614122.png\"},{\"@type\":\"BreadcrumbList\",\"@id\":\"https:\/\/www.blogsoestado.com\/danielmatos\/marcial-lima-reconhece-contribuicao-de-varios-povos-do-brasil-para-o-progresso-de-grajau\/#breadcrumb\",\"itemListElement\":[{\"@type\":\"ListItem\",\"position\":1,\"name\":\"In\u00edcio\",\"item\":\"https:\/\/www.blogsoestado.com\/danielmatos\/\"},{\"@type\":\"ListItem\",\"position\":2,\"name\":\"Marcial Lima reconhece contribui\u00e7\u00e3o de v\u00e1rios povos do Brasil para o progresso de Graja\u00fa\"}]},{\"@type\":\"WebSite\",\"@id\":\"https:\/\/www.blogsoestado.com\/danielmatos\/#website\",\"url\":\"https:\/\/www.blogsoestado.com\/danielmatos\/\",\"name\":\"Daniel Matos\",\"description\":\"\",\"potentialAction\":[{\"@type\":\"SearchAction\",\"target\":{\"@type\":\"EntryPoint\",\"urlTemplate\":\"https:\/\/www.blogsoestado.com\/danielmatos\/?s={search_term_string}\"},\"query-input\":{\"@type\":\"PropertyValueSpecification\",\"valueRequired\":true,\"valueName\":\"search_term_string\"}}],\"inLanguage\":\"pt-BR\"}]}<\/script>\n<!-- \/ Yoast SEO plugin. -->","yoast_head_json":{"title":"Marcial Lima reconhece contribui\u00e7\u00e3o de v\u00e1rios povos do Brasil para o progresso de Graja\u00fa - Daniel Matos","robots":{"index":"index","follow":"follow","max-snippet":"max-snippet:-1","max-image-preview":"max-image-preview:large","max-video-preview":"max-video-preview:-1"},"canonical":"https:\/\/www.blogsoestado.com\/danielmatos\/marcial-lima-reconhece-contribuicao-de-varios-povos-do-brasil-para-o-progresso-de-grajau\/","og_locale":"pt_BR","og_type":"article","og_title":"Marcial Lima reconhece contribui\u00e7\u00e3o de v\u00e1rios povos do Brasil para o progresso de Graja\u00fa - Daniel Matos","og_description":"Em sua\u00a0primeira\u00a0reuni\u00e3o de pr\u00e9-campanha na Imperius Eventos na cidade de Graja\u00fa, na noite desta quinta-feira (8), o vereador da capital [&hellip;]","og_url":"https:\/\/www.blogsoestado.com\/danielmatos\/marcial-lima-reconhece-contribuicao-de-varios-povos-do-brasil-para-o-progresso-de-grajau\/","og_site_name":"Daniel Matos","article_published_time":"2022-04-08T19:26:26+00:00","og_image":[{"url":"https:\/\/www.blogsoestado.com\/danielmatos\/files\/2022\/04\/Screenshot_20220408-1614122.png","type":"","width":"","height":""}],"twitter_card":"summary_large_image","twitter_misc":{"Est. tempo de leitura":"3 minutos"},"schema":{"@context":"https:\/\/schema.org","@graph":[{"@type":"WebPage","@id":"https:\/\/www.blogsoestado.com\/danielmatos\/marcial-lima-reconhece-contribuicao-de-varios-povos-do-brasil-para-o-progresso-de-grajau\/","url":"https:\/\/www.blogsoestado.com\/danielmatos\/marcial-lima-reconhece-contribuicao-de-varios-povos-do-brasil-para-o-progresso-de-grajau\/","name":"Marcial Lima reconhece contribui\u00e7\u00e3o de v\u00e1rios povos do Brasil para o progresso de Graja\u00fa - Daniel Matos","isPartOf":{"@id":"https:\/\/www.blogsoestado.com\/danielmatos\/#website"},"primaryImageOfPage":{"@id":"https:\/\/www.blogsoestado.com\/danielmatos\/marcial-lima-reconhece-contribuicao-de-varios-povos-do-brasil-para-o-progresso-de-grajau\/#primaryimage"},"image":{"@id":"https:\/\/www.blogsoestado.com\/danielmatos\/marcial-lima-reconhece-contribuicao-de-varios-povos-do-brasil-para-o-progresso-de-grajau\/#primaryimage"},"thumbnailUrl":"https:\/\/www.blogsoestado.com\/danielmatos\/files\/2022\/04\/Screenshot_20220408-1614122.png","datePublished":"2022-04-08T19:26:26+00:00","author":{"@id":""},"breadcrumb":{"@id":"https:\/\/www.blogsoestado.com\/danielmatos\/marcial-lima-reconhece-contribuicao-de-varios-povos-do-brasil-para-o-progresso-de-grajau\/#breadcrumb"},"inLanguage":"pt-BR","potentialAction":[{"@type":"ReadAction","target":["https:\/\/www.blogsoestado.com\/danielmatos\/marcial-lima-reconhece-contribuicao-de-varios-povos-do-brasil-para-o-progresso-de-grajau\/"]}]},{"@type":"ImageObject","inLanguage":"pt-BR","@id":"https:\/\/www.blogsoestado.com\/danielmatos\/marcial-lima-reconhece-contribuicao-de-varios-povos-do-brasil-para-o-progresso-de-grajau\/#primaryimage","url":"https:\/\/www.blogsoestado.com\/danielmatos\/files\/2022\/04\/Screenshot_20220408-1614122.png","contentUrl":"https:\/\/www.blogsoestado.com\/danielmatos\/files\/2022\/04\/Screenshot_20220408-1614122.png"},{"@type":"BreadcrumbList","@id":"https:\/\/www.blogsoestado.com\/danielmatos\/marcial-lima-reconhece-contribuicao-de-varios-povos-do-brasil-para-o-progresso-de-grajau\/#breadcrumb","itemListElement":[{"@type":"ListItem","position":1,"name":"In\u00edcio","item":"https:\/\/www.blogsoestado.com\/danielmatos\/"},{"@type":"ListItem","position":2,"name":"Marcial Lima reconhece contribui\u00e7\u00e3o de v\u00e1rios povos do Brasil para o progresso de Graja\u00fa"}]},{"@type":"WebSite","@id":"https:\/\/www.blogsoestado.com\/danielmatos\/#website","url":"https:\/\/www.blogsoestado.com\/danielmatos\/","name":"Daniel Matos","description":"","potentialAction":[{"@type":"SearchAction","target":{"@type":"EntryPoint","urlTemplate":"https:\/\/www.blogsoestado.com\/danielmatos\/?s={search_term_string}"},"query-input":{"@type":"PropertyValueSpecification","valueRequired":true,"valueName":"search_term_string"}}],"inLanguage":"pt-BR"}]}},"jetpack_featured_media_url":"","_links":{"self":[{"href":"https:\/\/www.blogsoestado.com\/danielmatos\/wp-json\/wp\/v2\/posts\/95956","targetHints":{"allow":["GET"]}}],"collection":[{"href":"https:\/\/www.blogsoestado.com\/danielmatos\/wp-json\/wp\/v2\/posts"}],"about":[{"href":"https:\/\/www.blogsoestado.com\/danielmatos\/wp-json\/wp\/v2\/types\/post"}],"replies":[{"embeddable":true,"href":"https:\/\/www.blogsoestado.com\/danielmatos\/wp-json\/wp\/v2\/comments?post=95956"}],"version-history":[{"count":0,"href":"https:\/\/www.blogsoestado.com\/danielmatos\/wp-json\/wp\/v2\/posts\/95956\/revisions"}],"wp:attachment":[{"href":"https:\/\/www.blogsoestado.com\/danielmatos\/wp-json\/wp\/v2\/media?parent=95956"}],"wp:term":[{"taxonomy":"category","embeddable":true,"href":"https:\/\/www.blogsoestado.com\/danielmatos\/wp-json\/wp\/v2\/categories?post=95956"},{"taxonomy":"post_tag","embeddable":true,"href":"https:\/\/www.blogsoestado.com\/danielmatos\/wp-json\/wp\/v2\/tags?post=95956"}],"curies":[{"name":"wp","href":"https:\/\/api.w.org\/{rel}","templated":true}]}}