{"id":95957,"date":"2022-04-08T15:43:41","date_gmt":"2022-04-08T18:43:41","guid":{"rendered":"https:\/\/www.blogsoestado.com\/danielmatos\/?p=95957"},"modified":"2022-04-08T15:43:41","modified_gmt":"2022-04-08T18:43:41","slug":"prefeitura-e-governo-do-estado-distribuem-kits-mobilia-a-familias-de-baixa-renda-de-paco-do-lumiar","status":"publish","type":"post","link":"https:\/\/www.blogsoestado.com\/danielmatos\/prefeitura-e-governo-do-estado-distribuem-kits-mobilia-a-familias-de-baixa-renda-de-paco-do-lumiar\/","title":{"rendered":"Prefeitura e Governo do Estado distribuem kits mob\u00edlia a fam\u00edlias de baixa renda de Pa\u00e7o do Lumiar"},"content":{"rendered":"\n<div class=\"wp-block-image\"><figure class=\"aligncenter size-large\"><a href=\"https:\/\/www.blogsoestado.com\/danielmatos\/files\/2022\/04\/Screenshot_20220408-1517332.png\"><img decoding=\"async\" src=\"https:\/\/www.blogsoestado.com\/danielmatos\/files\/2022\/04\/Screenshot_20220408-1517332.png\" alt=\"\" class=\"wp-image-95958\"\/><\/a><figcaption>KIt Mob\u00edlia entregue cont\u00e9m fog\u00e3o, botij\u00e3o de 13 kg, jogo de mesa e cadeiras, cama box, ventilador e caixa t\u00e9rmica<\/figcaption><\/figure><\/div>\n\n\n\n<p>Cada vez mais forte as parcerias entre a Prefeitura de Pa\u00e7o do Lumiar e o Governo do Estado t\u00eam proporcionado enormes benef\u00edcios destinados, principalmente, para as fam\u00edlias que mais precisam. Dentre as benfeitorias, destaque para o \u201cKit Mob\u00edlia\u201d, programa que, al\u00e9m de entregar m\u00f3veis a dezenas de fam\u00edlias assistidas pela Secretaria Municipal de Desenvolvimento Social, proporcionou muita alegria e uma enorme esperan\u00e7a em dias melhores.<\/p>\n\n\n\n<p>O kit disponibilizado pelo Governo do Estado, por meio da Secretaria de Estado de Desenvolvimento Social (Sedes), e entregue pela Prefeitura de Pa\u00e7o do Lumiar, via SEMDES, \u00e9 formado por um fog\u00e3o a g\u00e1s com 4 bocas, uma cama box de solteiro, ventilador de mesa, mesa com 4 cadeiras pl\u00e1sticas, um caixa t\u00e9rmica de 30 litros, e ainda o item considerado como um dos mais caros na despesa mensal do brasileiro hoje, o botij\u00e3o de g\u00e1s de 13 kg.<\/p>\n\n\n\n<p>No fundo, kit tamb\u00e9m se torna um incentivo para que estas fam\u00edlias recuperem a autonomia e consigam sair mais r\u00e1pido da condi\u00e7\u00e3o de extrema pobreza e vulnerabilidade social.<\/p>\n\n\n\n<div class=\"wp-block-image\"><figure class=\"aligncenter size-large\"><a href=\"https:\/\/www.blogsoestado.com\/danielmatos\/files\/2022\/04\/Screenshot_20220408-1539142.png\"><img decoding=\"async\" src=\"https:\/\/www.blogsoestado.com\/danielmatos\/files\/2022\/04\/Screenshot_20220408-1539142.png\" alt=\"\" class=\"wp-image-95960\"\/><\/a><figcaption>Moradora recebe Kit Mob\u00edlia, com direito a certificado que atesta a concess\u00e3o do benef\u00edcio<\/figcaption><\/figure><\/div>\n\n\n\n<p>Uma das fam\u00edlias contempladas foi a de dona Ana L\u00facia de Jesus Silva, que atualmente recebe tamb\u00e9m o benef\u00edcio do aluguel social, pago pela prefeitura junto a SEMDES, o que garante ainda o teto em que se briga com suas crian\u00e7as.<\/p>\n\n\n\n<p>\u201cEu agrade\u00e7o muito tudo que a prefeitura, atrav\u00e9s da secretaria e do CRAS, tem feito pra ajudar a mim e minha fam\u00edlia. E esses m\u00f3veis que me foram dados representam uma ajuda e tanto tamb\u00e9m! Muito agradecida a todos\u201d, disse.<\/p>\n\n\n\n<p>Assista:<\/p>\n\n\n\n<figure class=\"wp-block-embed is-type-video is-provider-youtube wp-block-embed-youtube wp-embed-aspect-16-9 wp-has-aspect-ratio\"><div class=\"wp-block-embed__wrapper\">\n<iframe title=\"Fam\u00edlias de baixa renda de Pa\u00e7o do Lumiar ganham KIt Mob\u00edlia\" width=\"500\" height=\"281\" src=\"https:\/\/www.youtube.com\/embed\/M-MOKzWDj28?feature=oembed\" frameborder=\"0\" allow=\"accelerometer; autoplay; clipboard-write; encrypted-media; gyroscope; picture-in-picture; web-share\" referrerpolicy=\"strict-origin-when-cross-origin\" allowfullscreen><\/iframe>\n<\/div><\/figure>\n","protected":false},"excerpt":{"rendered":"<p>Cada vez mais forte as parcerias entre a Prefeitura de Pa\u00e7o do Lumiar e o Governo do Estado t\u00eam proporcionado [&hellip;]<\/p>\n","protected":false},"author":0,"featured_media":0,"comment_status":"open","ping_status":"open","sticky":false,"template":"","format":"standard","meta":{"site-sidebar-layout":"default","site-content-layout":"","ast-site-content-layout":"default","site-content-style":"default","site-sidebar-style":"default","ast-global-header-display":"","ast-banner-title-visibility":"","ast-main-header-display":"","ast-hfb-above-header-display":"","ast-hfb-below-header-display":"","ast-hfb-mobile-header-display":"","site-post-title":"","ast-breadcrumbs-content":"","ast-featured-img":"","footer-sml-layout":"","ast-disable-related-posts":"","theme-transparent-header-meta":"","adv-header-id-meta":"","stick-header-meta":"","header-above-stick-meta":"","header-main-stick-meta":"","header-below-stick-meta":"","astra-migrate-meta-layouts":"default","ast-page-background-enabled":"default","ast-page-background-meta":{"desktop":{"background-color":"var(--ast-global-color-5)","background-image":"","background-repeat":"repeat","background-position":"center center","background-size":"auto","background-attachment":"scroll","background-type":"","background-media":"","overlay-type":"","overlay-color":"","overlay-opacity":"","overlay-gradient":""},"tablet":{"background-color":"","background-image":"","background-repeat":"repeat","background-position":"center center","background-size":"auto","background-attachment":"scroll","background-type":"","background-media":"","overlay-type":"","overlay-color":"","overlay-opacity":"","overlay-gradient":""},"mobile":{"background-color":"","background-image":"","background-repeat":"repeat","background-position":"center center","background-size":"auto","background-attachment":"scroll","background-type":"","background-media":"","overlay-type":"","overlay-color":"","overlay-opacity":"","overlay-gradient":""}},"ast-content-background-meta":{"desktop":{"background-color":"var(--ast-global-color-4)","background-image":"","background-repeat":"repeat","background-position":"center center","background-size":"auto","background-attachment":"scroll","background-type":"","background-media":"","overlay-type":"","overlay-color":"","overlay-opacity":"","overlay-gradient":""},"tablet":{"background-color":"var(--ast-global-color-4)","background-image":"","background-repeat":"repeat","background-position":"center center","background-size":"auto","background-attachment":"scroll","background-type":"","background-media":"","overlay-type":"","overlay-color":"","overlay-opacity":"","overlay-gradient":""},"mobile":{"background-color":"var(--ast-global-color-4)","background-image":"","background-repeat":"repeat","background-position":"center center","background-size":"auto","background-attachment":"scroll","background-type":"","background-media":"","overlay-type":"","overlay-color":"","overlay-opacity":"","overlay-gradient":""}},"footnotes":""},"categories":[1],"tags":[],"class_list":["post-95957","post","type-post","status-publish","format-standard","hentry","category-sem-categoria"],"yoast_head":"<!-- This site is optimized with the Yoast SEO plugin v26.6 - https:\/\/yoast.com\/wordpress\/plugins\/seo\/ -->\n<title>Prefeitura e Governo do Estado distribuem kits mob\u00edlia a fam\u00edlias de baixa renda de Pa\u00e7o do Lumiar - Daniel Matos<\/title>\n<meta name=\"robots\" content=\"index, follow, max-snippet:-1, max-image-preview:large, max-video-preview:-1\" \/>\n<link rel=\"canonical\" href=\"https:\/\/www.blogsoestado.com\/danielmatos\/prefeitura-e-governo-do-estado-distribuem-kits-mobilia-a-familias-de-baixa-renda-de-paco-do-lumiar\/\" \/>\n<meta property=\"og:locale\" content=\"pt_BR\" \/>\n<meta property=\"og:type\" content=\"article\" \/>\n<meta property=\"og:title\" content=\"Prefeitura e Governo do Estado distribuem kits mob\u00edlia a fam\u00edlias de baixa renda de Pa\u00e7o do Lumiar - Daniel Matos\" \/>\n<meta property=\"og:description\" content=\"Cada vez mais forte as parcerias entre a Prefeitura de Pa\u00e7o do Lumiar e o Governo do Estado t\u00eam proporcionado [&hellip;]\" \/>\n<meta property=\"og:url\" content=\"https:\/\/www.blogsoestado.com\/danielmatos\/prefeitura-e-governo-do-estado-distribuem-kits-mobilia-a-familias-de-baixa-renda-de-paco-do-lumiar\/\" \/>\n<meta property=\"og:site_name\" content=\"Daniel Matos\" \/>\n<meta property=\"article:published_time\" content=\"2022-04-08T18:43:41+00:00\" \/>\n<meta property=\"og:image\" content=\"https:\/\/www.blogsoestado.com\/danielmatos\/files\/2022\/04\/Screenshot_20220408-1517332.png\" \/>\n<meta name=\"twitter:card\" content=\"summary_large_image\" \/>\n<meta name=\"twitter:label1\" content=\"Est. tempo de leitura\" \/>\n\t<meta name=\"twitter:data1\" content=\"2 minutos\" \/>\n<script type=\"application\/ld+json\" class=\"yoast-schema-graph\">{\"@context\":\"https:\/\/schema.org\",\"@graph\":[{\"@type\":\"WebPage\",\"@id\":\"https:\/\/www.blogsoestado.com\/danielmatos\/prefeitura-e-governo-do-estado-distribuem-kits-mobilia-a-familias-de-baixa-renda-de-paco-do-lumiar\/\",\"url\":\"https:\/\/www.blogsoestado.com\/danielmatos\/prefeitura-e-governo-do-estado-distribuem-kits-mobilia-a-familias-de-baixa-renda-de-paco-do-lumiar\/\",\"name\":\"Prefeitura e Governo do Estado distribuem kits mob\u00edlia a fam\u00edlias de baixa renda de Pa\u00e7o do Lumiar - Daniel Matos\",\"isPartOf\":{\"@id\":\"https:\/\/www.blogsoestado.com\/danielmatos\/#website\"},\"primaryImageOfPage\":{\"@id\":\"https:\/\/www.blogsoestado.com\/danielmatos\/prefeitura-e-governo-do-estado-distribuem-kits-mobilia-a-familias-de-baixa-renda-de-paco-do-lumiar\/#primaryimage\"},\"image\":{\"@id\":\"https:\/\/www.blogsoestado.com\/danielmatos\/prefeitura-e-governo-do-estado-distribuem-kits-mobilia-a-familias-de-baixa-renda-de-paco-do-lumiar\/#primaryimage\"},\"thumbnailUrl\":\"https:\/\/www.blogsoestado.com\/danielmatos\/files\/2022\/04\/Screenshot_20220408-1517332.png\",\"datePublished\":\"2022-04-08T18:43:41+00:00\",\"author\":{\"@id\":\"\"},\"breadcrumb\":{\"@id\":\"https:\/\/www.blogsoestado.com\/danielmatos\/prefeitura-e-governo-do-estado-distribuem-kits-mobilia-a-familias-de-baixa-renda-de-paco-do-lumiar\/#breadcrumb\"},\"inLanguage\":\"pt-BR\",\"potentialAction\":[{\"@type\":\"ReadAction\",\"target\":[\"https:\/\/www.blogsoestado.com\/danielmatos\/prefeitura-e-governo-do-estado-distribuem-kits-mobilia-a-familias-de-baixa-renda-de-paco-do-lumiar\/\"]}]},{\"@type\":\"ImageObject\",\"inLanguage\":\"pt-BR\",\"@id\":\"https:\/\/www.blogsoestado.com\/danielmatos\/prefeitura-e-governo-do-estado-distribuem-kits-mobilia-a-familias-de-baixa-renda-de-paco-do-lumiar\/#primaryimage\",\"url\":\"https:\/\/www.blogsoestado.com\/danielmatos\/files\/2022\/04\/Screenshot_20220408-1517332.png\",\"contentUrl\":\"https:\/\/www.blogsoestado.com\/danielmatos\/files\/2022\/04\/Screenshot_20220408-1517332.png\"},{\"@type\":\"BreadcrumbList\",\"@id\":\"https:\/\/www.blogsoestado.com\/danielmatos\/prefeitura-e-governo-do-estado-distribuem-kits-mobilia-a-familias-de-baixa-renda-de-paco-do-lumiar\/#breadcrumb\",\"itemListElement\":[{\"@type\":\"ListItem\",\"position\":1,\"name\":\"In\u00edcio\",\"item\":\"https:\/\/www.blogsoestado.com\/danielmatos\/\"},{\"@type\":\"ListItem\",\"position\":2,\"name\":\"Prefeitura e Governo do Estado distribuem kits mob\u00edlia a fam\u00edlias de baixa renda de Pa\u00e7o do Lumiar\"}]},{\"@type\":\"WebSite\",\"@id\":\"https:\/\/www.blogsoestado.com\/danielmatos\/#website\",\"url\":\"https:\/\/www.blogsoestado.com\/danielmatos\/\",\"name\":\"Daniel Matos\",\"description\":\"\",\"potentialAction\":[{\"@type\":\"SearchAction\",\"target\":{\"@type\":\"EntryPoint\",\"urlTemplate\":\"https:\/\/www.blogsoestado.com\/danielmatos\/?s={search_term_string}\"},\"query-input\":{\"@type\":\"PropertyValueSpecification\",\"valueRequired\":true,\"valueName\":\"search_term_string\"}}],\"inLanguage\":\"pt-BR\"}]}<\/script>\n<!-- \/ Yoast SEO plugin. -->","yoast_head_json":{"title":"Prefeitura e Governo do Estado distribuem kits mob\u00edlia a fam\u00edlias de baixa renda de Pa\u00e7o do Lumiar - Daniel Matos","robots":{"index":"index","follow":"follow","max-snippet":"max-snippet:-1","max-image-preview":"max-image-preview:large","max-video-preview":"max-video-preview:-1"},"canonical":"https:\/\/www.blogsoestado.com\/danielmatos\/prefeitura-e-governo-do-estado-distribuem-kits-mobilia-a-familias-de-baixa-renda-de-paco-do-lumiar\/","og_locale":"pt_BR","og_type":"article","og_title":"Prefeitura e Governo do Estado distribuem kits mob\u00edlia a fam\u00edlias de baixa renda de Pa\u00e7o do Lumiar - Daniel Matos","og_description":"Cada vez mais forte as parcerias entre a Prefeitura de Pa\u00e7o do Lumiar e o Governo do Estado t\u00eam proporcionado [&hellip;]","og_url":"https:\/\/www.blogsoestado.com\/danielmatos\/prefeitura-e-governo-do-estado-distribuem-kits-mobilia-a-familias-de-baixa-renda-de-paco-do-lumiar\/","og_site_name":"Daniel Matos","article_published_time":"2022-04-08T18:43:41+00:00","og_image":[{"url":"https:\/\/www.blogsoestado.com\/danielmatos\/files\/2022\/04\/Screenshot_20220408-1517332.png","type":"","width":"","height":""}],"twitter_card":"summary_large_image","twitter_misc":{"Est. tempo de leitura":"2 minutos"},"schema":{"@context":"https:\/\/schema.org","@graph":[{"@type":"WebPage","@id":"https:\/\/www.blogsoestado.com\/danielmatos\/prefeitura-e-governo-do-estado-distribuem-kits-mobilia-a-familias-de-baixa-renda-de-paco-do-lumiar\/","url":"https:\/\/www.blogsoestado.com\/danielmatos\/prefeitura-e-governo-do-estado-distribuem-kits-mobilia-a-familias-de-baixa-renda-de-paco-do-lumiar\/","name":"Prefeitura e Governo do Estado distribuem kits mob\u00edlia a fam\u00edlias de baixa renda de Pa\u00e7o do Lumiar - Daniel Matos","isPartOf":{"@id":"https:\/\/www.blogsoestado.com\/danielmatos\/#website"},"primaryImageOfPage":{"@id":"https:\/\/www.blogsoestado.com\/danielmatos\/prefeitura-e-governo-do-estado-distribuem-kits-mobilia-a-familias-de-baixa-renda-de-paco-do-lumiar\/#primaryimage"},"image":{"@id":"https:\/\/www.blogsoestado.com\/danielmatos\/prefeitura-e-governo-do-estado-distribuem-kits-mobilia-a-familias-de-baixa-renda-de-paco-do-lumiar\/#primaryimage"},"thumbnailUrl":"https:\/\/www.blogsoestado.com\/danielmatos\/files\/2022\/04\/Screenshot_20220408-1517332.png","datePublished":"2022-04-08T18:43:41+00:00","author":{"@id":""},"breadcrumb":{"@id":"https:\/\/www.blogsoestado.com\/danielmatos\/prefeitura-e-governo-do-estado-distribuem-kits-mobilia-a-familias-de-baixa-renda-de-paco-do-lumiar\/#breadcrumb"},"inLanguage":"pt-BR","potentialAction":[{"@type":"ReadAction","target":["https:\/\/www.blogsoestado.com\/danielmatos\/prefeitura-e-governo-do-estado-distribuem-kits-mobilia-a-familias-de-baixa-renda-de-paco-do-lumiar\/"]}]},{"@type":"ImageObject","inLanguage":"pt-BR","@id":"https:\/\/www.blogsoestado.com\/danielmatos\/prefeitura-e-governo-do-estado-distribuem-kits-mobilia-a-familias-de-baixa-renda-de-paco-do-lumiar\/#primaryimage","url":"https:\/\/www.blogsoestado.com\/danielmatos\/files\/2022\/04\/Screenshot_20220408-1517332.png","contentUrl":"https:\/\/www.blogsoestado.com\/danielmatos\/files\/2022\/04\/Screenshot_20220408-1517332.png"},{"@type":"BreadcrumbList","@id":"https:\/\/www.blogsoestado.com\/danielmatos\/prefeitura-e-governo-do-estado-distribuem-kits-mobilia-a-familias-de-baixa-renda-de-paco-do-lumiar\/#breadcrumb","itemListElement":[{"@type":"ListItem","position":1,"name":"In\u00edcio","item":"https:\/\/www.blogsoestado.com\/danielmatos\/"},{"@type":"ListItem","position":2,"name":"Prefeitura e Governo do Estado distribuem kits mob\u00edlia a fam\u00edlias de baixa renda de Pa\u00e7o do Lumiar"}]},{"@type":"WebSite","@id":"https:\/\/www.blogsoestado.com\/danielmatos\/#website","url":"https:\/\/www.blogsoestado.com\/danielmatos\/","name":"Daniel Matos","description":"","potentialAction":[{"@type":"SearchAction","target":{"@type":"EntryPoint","urlTemplate":"https:\/\/www.blogsoestado.com\/danielmatos\/?s={search_term_string}"},"query-input":{"@type":"PropertyValueSpecification","valueRequired":true,"valueName":"search_term_string"}}],"inLanguage":"pt-BR"}]}},"jetpack_featured_media_url":"","_links":{"self":[{"href":"https:\/\/www.blogsoestado.com\/danielmatos\/wp-json\/wp\/v2\/posts\/95957","targetHints":{"allow":["GET"]}}],"collection":[{"href":"https:\/\/www.blogsoestado.com\/danielmatos\/wp-json\/wp\/v2\/posts"}],"about":[{"href":"https:\/\/www.blogsoestado.com\/danielmatos\/wp-json\/wp\/v2\/types\/post"}],"replies":[{"embeddable":true,"href":"https:\/\/www.blogsoestado.com\/danielmatos\/wp-json\/wp\/v2\/comments?post=95957"}],"version-history":[{"count":0,"href":"https:\/\/www.blogsoestado.com\/danielmatos\/wp-json\/wp\/v2\/posts\/95957\/revisions"}],"wp:attachment":[{"href":"https:\/\/www.blogsoestado.com\/danielmatos\/wp-json\/wp\/v2\/media?parent=95957"}],"wp:term":[{"taxonomy":"category","embeddable":true,"href":"https:\/\/www.blogsoestado.com\/danielmatos\/wp-json\/wp\/v2\/categories?post=95957"},{"taxonomy":"post_tag","embeddable":true,"href":"https:\/\/www.blogsoestado.com\/danielmatos\/wp-json\/wp\/v2\/tags?post=95957"}],"curies":[{"name":"wp","href":"https:\/\/api.w.org\/{rel}","templated":true}]}}