{"id":95967,"date":"2022-04-08T18:26:52","date_gmt":"2022-04-08T21:26:52","guid":{"rendered":"https:\/\/www.blogsoestado.com\/danielmatos\/?p=95967"},"modified":"2022-04-08T18:26:52","modified_gmt":"2022-04-08T21:26:52","slug":"tjma-inicia-procedimento-para-sequestro-de-valores-de-precatorios-devidos-pelo-estado","status":"publish","type":"post","link":"https:\/\/www.blogsoestado.com\/danielmatos\/tjma-inicia-procedimento-para-sequestro-de-valores-de-precatorios-devidos-pelo-estado\/","title":{"rendered":"TJMA inicia procedimento para sequestro de valores de precat\u00f3rios devidos pelo Estado"},"content":{"rendered":"\n<div class=\"wp-block-image\"><figure class=\"aligncenter size-large\"><a href=\"https:\/\/www.blogsoestado.com\/danielmatos\/files\/2022\/04\/Screenshot_20220408-1822032.png\"><img decoding=\"async\" src=\"https:\/\/www.blogsoestado.com\/danielmatos\/files\/2022\/04\/Screenshot_20220408-1822032.png\" alt=\"\" class=\"wp-image-95968\"\/><\/a><figcaption>Autos do processo foram encaminhados pelo TJMA ao Minist\u00e9rio P\u00fablico Estadual<\/figcaption><\/figure><\/div>\n\n\n\n<p>Dando continuidade \u00e0s medidas administrativas de gest\u00e3o de pagamentos dos entes devedores do Regime Especial Constitucional, perante a Coordenadoria de Precat\u00f3rios, o presidente do Tribunal de Justi\u00e7a do Maranh\u00e3o\u00b4(TJMA), desembargador Lourival de Jesus Serejo Sousa, determinou o envio dos autos do processo administrativo n\u00ba 14952\/2017 ao Minist\u00e9rio P\u00fablico para emiss\u00e3o de parecer quanto ao sequestro de verbas do Estado do Maranh\u00e3o para regulariza\u00e7\u00e3o das parcelas mensais inadimplidas referentes ao pagamento de precat\u00f3rios, nos termos do artigo 104 do Ato das Disposi\u00e7\u00f5es Constitucionais Transit\u00f3rias e Resolu\u00e7\u00e3o n\u00ba 303\/2019 do Conselho Nacional de Justi\u00e7a (CNJ).<\/p>\n\n\n\n<p>O Estado do Maranh\u00e3o, enquadrado no Regime Especial de Pagamento de Precat\u00f3rios institu\u00eddo pela Emenda Constitucional n\u00ba 94\/2016, est\u00e1 obrigado, por for\u00e7a do disposto no artigo 101 do Ato das Disposi\u00e7\u00f5es Constitucionais Transit\u00f3rias, a repassar mensalmente ao Tribunal de Justi\u00e7a, a quantia de R$ 29.793.175,73, conforme \u00faltimo plano de pagamento homologado em dezembro de 2021.<\/p>\n\n\n\n<p>O juiz auxiliar da presid\u00eancia do TJMA, Marco Adriano Ramos Fons\u00eaca, esclareceu que a medida adotada visa sanear a inadimpl\u00eancia do referido ente p\u00fablico, atualmente no montante de R$ 152.588.935,09, de acordo com os c\u00e1lculos realizados pela Coordenadoria de Precat\u00f3rios.<\/p>\n","protected":false},"excerpt":{"rendered":"<p>Dando continuidade \u00e0s medidas administrativas de gest\u00e3o de pagamentos dos entes devedores do Regime Especial Constitucional, perante a Coordenadoria de [&hellip;]<\/p>\n","protected":false},"author":0,"featured_media":0,"comment_status":"open","ping_status":"open","sticky":false,"template":"","format":"standard","meta":{"site-sidebar-layout":"default","site-content-layout":"","ast-site-content-layout":"default","site-content-style":"default","site-sidebar-style":"default","ast-global-header-display":"","ast-banner-title-visibility":"","ast-main-header-display":"","ast-hfb-above-header-display":"","ast-hfb-below-header-display":"","ast-hfb-mobile-header-display":"","site-post-title":"","ast-breadcrumbs-content":"","ast-featured-img":"","footer-sml-layout":"","ast-disable-related-posts":"","theme-transparent-header-meta":"","adv-header-id-meta":"","stick-header-meta":"","header-above-stick-meta":"","header-main-stick-meta":"","header-below-stick-meta":"","astra-migrate-meta-layouts":"default","ast-page-background-enabled":"default","ast-page-background-meta":{"desktop":{"background-color":"var(--ast-global-color-5)","background-image":"","background-repeat":"repeat","background-position":"center center","background-size":"auto","background-attachment":"scroll","background-type":"","background-media":"","overlay-type":"","overlay-color":"","overlay-opacity":"","overlay-gradient":""},"tablet":{"background-color":"","background-image":"","background-repeat":"repeat","background-position":"center center","background-size":"auto","background-attachment":"scroll","background-type":"","background-media":"","overlay-type":"","overlay-color":"","overlay-opacity":"","overlay-gradient":""},"mobile":{"background-color":"","background-image":"","background-repeat":"repeat","background-position":"center center","background-size":"auto","background-attachment":"scroll","background-type":"","background-media":"","overlay-type":"","overlay-color":"","overlay-opacity":"","overlay-gradient":""}},"ast-content-background-meta":{"desktop":{"background-color":"var(--ast-global-color-4)","background-image":"","background-repeat":"repeat","background-position":"center center","background-size":"auto","background-attachment":"scroll","background-type":"","background-media":"","overlay-type":"","overlay-color":"","overlay-opacity":"","overlay-gradient":""},"tablet":{"background-color":"var(--ast-global-color-4)","background-image":"","background-repeat":"repeat","background-position":"center center","background-size":"auto","background-attachment":"scroll","background-type":"","background-media":"","overlay-type":"","overlay-color":"","overlay-opacity":"","overlay-gradient":""},"mobile":{"background-color":"var(--ast-global-color-4)","background-image":"","background-repeat":"repeat","background-position":"center center","background-size":"auto","background-attachment":"scroll","background-type":"","background-media":"","overlay-type":"","overlay-color":"","overlay-opacity":"","overlay-gradient":""}},"footnotes":""},"categories":[1],"tags":[],"class_list":["post-95967","post","type-post","status-publish","format-standard","hentry","category-sem-categoria"],"yoast_head":"<!-- This site is optimized with the Yoast SEO plugin v26.6 - https:\/\/yoast.com\/wordpress\/plugins\/seo\/ -->\n<title>TJMA inicia procedimento para sequestro de valores de precat\u00f3rios devidos pelo Estado - Daniel Matos<\/title>\n<meta name=\"robots\" content=\"index, follow, max-snippet:-1, max-image-preview:large, max-video-preview:-1\" \/>\n<link rel=\"canonical\" href=\"https:\/\/www.blogsoestado.com\/danielmatos\/tjma-inicia-procedimento-para-sequestro-de-valores-de-precatorios-devidos-pelo-estado\/\" \/>\n<meta property=\"og:locale\" content=\"pt_BR\" \/>\n<meta property=\"og:type\" content=\"article\" \/>\n<meta property=\"og:title\" content=\"TJMA inicia procedimento para sequestro de valores de precat\u00f3rios devidos pelo Estado - Daniel Matos\" \/>\n<meta property=\"og:description\" content=\"Dando continuidade \u00e0s medidas administrativas de gest\u00e3o de pagamentos dos entes devedores do Regime Especial Constitucional, perante a Coordenadoria de [&hellip;]\" \/>\n<meta property=\"og:url\" content=\"https:\/\/www.blogsoestado.com\/danielmatos\/tjma-inicia-procedimento-para-sequestro-de-valores-de-precatorios-devidos-pelo-estado\/\" \/>\n<meta property=\"og:site_name\" content=\"Daniel Matos\" \/>\n<meta property=\"article:published_time\" content=\"2022-04-08T21:26:52+00:00\" \/>\n<meta property=\"og:image\" content=\"https:\/\/www.blogsoestado.com\/danielmatos\/files\/2022\/04\/Screenshot_20220408-1822032.png\" \/>\n<meta name=\"twitter:card\" content=\"summary_large_image\" \/>\n<meta name=\"twitter:label1\" content=\"Est. tempo de leitura\" \/>\n\t<meta name=\"twitter:data1\" content=\"2 minutos\" \/>\n<script type=\"application\/ld+json\" class=\"yoast-schema-graph\">{\"@context\":\"https:\/\/schema.org\",\"@graph\":[{\"@type\":\"WebPage\",\"@id\":\"https:\/\/www.blogsoestado.com\/danielmatos\/tjma-inicia-procedimento-para-sequestro-de-valores-de-precatorios-devidos-pelo-estado\/\",\"url\":\"https:\/\/www.blogsoestado.com\/danielmatos\/tjma-inicia-procedimento-para-sequestro-de-valores-de-precatorios-devidos-pelo-estado\/\",\"name\":\"TJMA inicia procedimento para sequestro de valores de precat\u00f3rios devidos pelo Estado - Daniel Matos\",\"isPartOf\":{\"@id\":\"https:\/\/www.blogsoestado.com\/danielmatos\/#website\"},\"primaryImageOfPage\":{\"@id\":\"https:\/\/www.blogsoestado.com\/danielmatos\/tjma-inicia-procedimento-para-sequestro-de-valores-de-precatorios-devidos-pelo-estado\/#primaryimage\"},\"image\":{\"@id\":\"https:\/\/www.blogsoestado.com\/danielmatos\/tjma-inicia-procedimento-para-sequestro-de-valores-de-precatorios-devidos-pelo-estado\/#primaryimage\"},\"thumbnailUrl\":\"https:\/\/www.blogsoestado.com\/danielmatos\/files\/2022\/04\/Screenshot_20220408-1822032.png\",\"datePublished\":\"2022-04-08T21:26:52+00:00\",\"author\":{\"@id\":\"\"},\"breadcrumb\":{\"@id\":\"https:\/\/www.blogsoestado.com\/danielmatos\/tjma-inicia-procedimento-para-sequestro-de-valores-de-precatorios-devidos-pelo-estado\/#breadcrumb\"},\"inLanguage\":\"pt-BR\",\"potentialAction\":[{\"@type\":\"ReadAction\",\"target\":[\"https:\/\/www.blogsoestado.com\/danielmatos\/tjma-inicia-procedimento-para-sequestro-de-valores-de-precatorios-devidos-pelo-estado\/\"]}]},{\"@type\":\"ImageObject\",\"inLanguage\":\"pt-BR\",\"@id\":\"https:\/\/www.blogsoestado.com\/danielmatos\/tjma-inicia-procedimento-para-sequestro-de-valores-de-precatorios-devidos-pelo-estado\/#primaryimage\",\"url\":\"https:\/\/www.blogsoestado.com\/danielmatos\/files\/2022\/04\/Screenshot_20220408-1822032.png\",\"contentUrl\":\"https:\/\/www.blogsoestado.com\/danielmatos\/files\/2022\/04\/Screenshot_20220408-1822032.png\"},{\"@type\":\"BreadcrumbList\",\"@id\":\"https:\/\/www.blogsoestado.com\/danielmatos\/tjma-inicia-procedimento-para-sequestro-de-valores-de-precatorios-devidos-pelo-estado\/#breadcrumb\",\"itemListElement\":[{\"@type\":\"ListItem\",\"position\":1,\"name\":\"In\u00edcio\",\"item\":\"https:\/\/www.blogsoestado.com\/danielmatos\/\"},{\"@type\":\"ListItem\",\"position\":2,\"name\":\"TJMA inicia procedimento para sequestro de valores de precat\u00f3rios devidos pelo Estado\"}]},{\"@type\":\"WebSite\",\"@id\":\"https:\/\/www.blogsoestado.com\/danielmatos\/#website\",\"url\":\"https:\/\/www.blogsoestado.com\/danielmatos\/\",\"name\":\"Daniel Matos\",\"description\":\"\",\"potentialAction\":[{\"@type\":\"SearchAction\",\"target\":{\"@type\":\"EntryPoint\",\"urlTemplate\":\"https:\/\/www.blogsoestado.com\/danielmatos\/?s={search_term_string}\"},\"query-input\":{\"@type\":\"PropertyValueSpecification\",\"valueRequired\":true,\"valueName\":\"search_term_string\"}}],\"inLanguage\":\"pt-BR\"}]}<\/script>\n<!-- \/ Yoast SEO plugin. -->","yoast_head_json":{"title":"TJMA inicia procedimento para sequestro de valores de precat\u00f3rios devidos pelo Estado - Daniel Matos","robots":{"index":"index","follow":"follow","max-snippet":"max-snippet:-1","max-image-preview":"max-image-preview:large","max-video-preview":"max-video-preview:-1"},"canonical":"https:\/\/www.blogsoestado.com\/danielmatos\/tjma-inicia-procedimento-para-sequestro-de-valores-de-precatorios-devidos-pelo-estado\/","og_locale":"pt_BR","og_type":"article","og_title":"TJMA inicia procedimento para sequestro de valores de precat\u00f3rios devidos pelo Estado - Daniel Matos","og_description":"Dando continuidade \u00e0s medidas administrativas de gest\u00e3o de pagamentos dos entes devedores do Regime Especial Constitucional, perante a Coordenadoria de [&hellip;]","og_url":"https:\/\/www.blogsoestado.com\/danielmatos\/tjma-inicia-procedimento-para-sequestro-de-valores-de-precatorios-devidos-pelo-estado\/","og_site_name":"Daniel Matos","article_published_time":"2022-04-08T21:26:52+00:00","og_image":[{"url":"https:\/\/www.blogsoestado.com\/danielmatos\/files\/2022\/04\/Screenshot_20220408-1822032.png","type":"","width":"","height":""}],"twitter_card":"summary_large_image","twitter_misc":{"Est. tempo de leitura":"2 minutos"},"schema":{"@context":"https:\/\/schema.org","@graph":[{"@type":"WebPage","@id":"https:\/\/www.blogsoestado.com\/danielmatos\/tjma-inicia-procedimento-para-sequestro-de-valores-de-precatorios-devidos-pelo-estado\/","url":"https:\/\/www.blogsoestado.com\/danielmatos\/tjma-inicia-procedimento-para-sequestro-de-valores-de-precatorios-devidos-pelo-estado\/","name":"TJMA inicia procedimento para sequestro de valores de precat\u00f3rios devidos pelo Estado - Daniel Matos","isPartOf":{"@id":"https:\/\/www.blogsoestado.com\/danielmatos\/#website"},"primaryImageOfPage":{"@id":"https:\/\/www.blogsoestado.com\/danielmatos\/tjma-inicia-procedimento-para-sequestro-de-valores-de-precatorios-devidos-pelo-estado\/#primaryimage"},"image":{"@id":"https:\/\/www.blogsoestado.com\/danielmatos\/tjma-inicia-procedimento-para-sequestro-de-valores-de-precatorios-devidos-pelo-estado\/#primaryimage"},"thumbnailUrl":"https:\/\/www.blogsoestado.com\/danielmatos\/files\/2022\/04\/Screenshot_20220408-1822032.png","datePublished":"2022-04-08T21:26:52+00:00","author":{"@id":""},"breadcrumb":{"@id":"https:\/\/www.blogsoestado.com\/danielmatos\/tjma-inicia-procedimento-para-sequestro-de-valores-de-precatorios-devidos-pelo-estado\/#breadcrumb"},"inLanguage":"pt-BR","potentialAction":[{"@type":"ReadAction","target":["https:\/\/www.blogsoestado.com\/danielmatos\/tjma-inicia-procedimento-para-sequestro-de-valores-de-precatorios-devidos-pelo-estado\/"]}]},{"@type":"ImageObject","inLanguage":"pt-BR","@id":"https:\/\/www.blogsoestado.com\/danielmatos\/tjma-inicia-procedimento-para-sequestro-de-valores-de-precatorios-devidos-pelo-estado\/#primaryimage","url":"https:\/\/www.blogsoestado.com\/danielmatos\/files\/2022\/04\/Screenshot_20220408-1822032.png","contentUrl":"https:\/\/www.blogsoestado.com\/danielmatos\/files\/2022\/04\/Screenshot_20220408-1822032.png"},{"@type":"BreadcrumbList","@id":"https:\/\/www.blogsoestado.com\/danielmatos\/tjma-inicia-procedimento-para-sequestro-de-valores-de-precatorios-devidos-pelo-estado\/#breadcrumb","itemListElement":[{"@type":"ListItem","position":1,"name":"In\u00edcio","item":"https:\/\/www.blogsoestado.com\/danielmatos\/"},{"@type":"ListItem","position":2,"name":"TJMA inicia procedimento para sequestro de valores de precat\u00f3rios devidos pelo Estado"}]},{"@type":"WebSite","@id":"https:\/\/www.blogsoestado.com\/danielmatos\/#website","url":"https:\/\/www.blogsoestado.com\/danielmatos\/","name":"Daniel Matos","description":"","potentialAction":[{"@type":"SearchAction","target":{"@type":"EntryPoint","urlTemplate":"https:\/\/www.blogsoestado.com\/danielmatos\/?s={search_term_string}"},"query-input":{"@type":"PropertyValueSpecification","valueRequired":true,"valueName":"search_term_string"}}],"inLanguage":"pt-BR"}]}},"jetpack_featured_media_url":"","_links":{"self":[{"href":"https:\/\/www.blogsoestado.com\/danielmatos\/wp-json\/wp\/v2\/posts\/95967","targetHints":{"allow":["GET"]}}],"collection":[{"href":"https:\/\/www.blogsoestado.com\/danielmatos\/wp-json\/wp\/v2\/posts"}],"about":[{"href":"https:\/\/www.blogsoestado.com\/danielmatos\/wp-json\/wp\/v2\/types\/post"}],"replies":[{"embeddable":true,"href":"https:\/\/www.blogsoestado.com\/danielmatos\/wp-json\/wp\/v2\/comments?post=95967"}],"version-history":[{"count":0,"href":"https:\/\/www.blogsoestado.com\/danielmatos\/wp-json\/wp\/v2\/posts\/95967\/revisions"}],"wp:attachment":[{"href":"https:\/\/www.blogsoestado.com\/danielmatos\/wp-json\/wp\/v2\/media?parent=95967"}],"wp:term":[{"taxonomy":"category","embeddable":true,"href":"https:\/\/www.blogsoestado.com\/danielmatos\/wp-json\/wp\/v2\/categories?post=95967"},{"taxonomy":"post_tag","embeddable":true,"href":"https:\/\/www.blogsoestado.com\/danielmatos\/wp-json\/wp\/v2\/tags?post=95967"}],"curies":[{"name":"wp","href":"https:\/\/api.w.org\/{rel}","templated":true}]}}