{"id":95970,"date":"2022-04-08T19:52:01","date_gmt":"2022-04-08T22:52:01","guid":{"rendered":"https:\/\/www.blogsoestado.com\/danielmatos\/?p=95970"},"modified":"2022-04-08T19:52:01","modified_gmt":"2022-04-08T22:52:01","slug":"feirinha-do-vinil-e-atracao-no-creole-bar-na-ponta-dareia-neste-sabado-9","status":"publish","type":"post","link":"https:\/\/www.blogsoestado.com\/danielmatos\/feirinha-do-vinil-e-atracao-no-creole-bar-na-ponta-dareia-neste-sabado-9\/","title":{"rendered":"Feirinha do Vinil \u00e9 atra\u00e7\u00e3o no Cr\u00e9ole Bar, na Ponta d&#8217;Areia, neste s\u00e1bado (9)"},"content":{"rendered":"\n<div class=\"wp-block-image\"><figure class=\"aligncenter size-large\"><a href=\"https:\/\/www.blogsoestado.com\/danielmatos\/files\/2022\/04\/Screenshot_20220408-1946222.png\"><img decoding=\"async\" src=\"https:\/\/www.blogsoestado.com\/danielmatos\/files\/2022\/04\/Screenshot_20220408-1946222-595x1024.png\" alt=\"\" class=\"wp-image-95971\"\/><\/a><figcaption>A jornalista, produtora cultural e DJ Vanessa Serra tocar\u00e1 as melhores do seu repert\u00f3rio na Feirinha do Vinil<\/figcaption><\/figure><\/div>\n\n\n\n<p>A Feirinha do Vinil, promovida pela Planta &amp; Vinil e R\u00e1dio Zion, firma resid\u00eancia no Cre\u00f3le Bar (Ponta d\u00b4Areia), e realiza sua terceira edi\u00e7\u00e3o neste s\u00e1bado, 9, a partir de 16h. L\u00e1 \u00e9 poss\u00edvel encontrar uma enorme variedade de t\u00edtulos em discos e livros, incluindo valores promocionais.<\/p>\n\n\n\n<div class=\"wp-block-image\"><figure class=\"aligncenter size-large\"><a href=\"https:\/\/www.blogsoestado.com\/danielmatos\/files\/2022\/04\/Screenshot_20220408-1945352.png\"><img decoding=\"async\" src=\"https:\/\/www.blogsoestado.com\/danielmatos\/files\/2022\/04\/Screenshot_20220408-1945352-698x1024.png\" alt=\"\" class=\"wp-image-95972\"\/><\/a><figcaption>Comando da radiola R\u00e1dio Zion ficar\u00e1 a cargo do experiente DJ Joaquim Zion<\/figcaption><\/figure><\/div>\n\n\n\n<p>\u00c9 uma ocasi\u00e3o ideal para colecionadores e apreciadores garimpar \u201cbolach\u00f5es\u201d que agradam aos mais variados gostos. Al\u00e9m da venda dos LPs, a Feirinha do Vinil \u00e9 uma troca de experi\u00eancias com bate-papo agrad\u00e1vel em torno da M\u00fasica. <\/p>\n\n\n\n<div class=\"wp-block-image\"><figure class=\"aligncenter size-large\"><a href=\"https:\/\/www.blogsoestado.com\/danielmatos\/files\/2022\/04\/Screenshot_20220408-1946002.png\"><img decoding=\"async\" src=\"https:\/\/www.blogsoestado.com\/danielmatos\/files\/2022\/04\/Screenshot_20220408-1946002.png\" alt=\"\" class=\"wp-image-95973\"\/><\/a><figcaption>DJ Franklin Santos ser\u00e1 outra atra\u00e7\u00e3o no line up da discotecagem do evento<\/figcaption><\/figure><\/div>\n\n\n\n<p>Haver\u00e1 tamb\u00e9m comercializa\u00e7\u00e3o de mudas de plantas. Dispon\u00edvel para o p\u00fablico, o card\u00e1pio gastron\u00f4mico de Dona Zilene, e no line up da discotecagem: DJs Joaquim Zion, Vanessa Serra e Franklin Santos.<\/p>\n","protected":false},"excerpt":{"rendered":"<p>A Feirinha do Vinil, promovida pela Planta &amp; Vinil e R\u00e1dio Zion, firma resid\u00eancia no Cre\u00f3le Bar (Ponta d\u00b4Areia), e [&hellip;]<\/p>\n","protected":false},"author":0,"featured_media":0,"comment_status":"open","ping_status":"open","sticky":false,"template":"","format":"standard","meta":{"site-sidebar-layout":"default","site-content-layout":"","ast-site-content-layout":"default","site-content-style":"default","site-sidebar-style":"default","ast-global-header-display":"","ast-banner-title-visibility":"","ast-main-header-display":"","ast-hfb-above-header-display":"","ast-hfb-below-header-display":"","ast-hfb-mobile-header-display":"","site-post-title":"","ast-breadcrumbs-content":"","ast-featured-img":"","footer-sml-layout":"","ast-disable-related-posts":"","theme-transparent-header-meta":"","adv-header-id-meta":"","stick-header-meta":"","header-above-stick-meta":"","header-main-stick-meta":"","header-below-stick-meta":"","astra-migrate-meta-layouts":"default","ast-page-background-enabled":"default","ast-page-background-meta":{"desktop":{"background-color":"var(--ast-global-color-5)","background-image":"","background-repeat":"repeat","background-position":"center center","background-size":"auto","background-attachment":"scroll","background-type":"","background-media":"","overlay-type":"","overlay-color":"","overlay-opacity":"","overlay-gradient":""},"tablet":{"background-color":"","background-image":"","background-repeat":"repeat","background-position":"center center","background-size":"auto","background-attachment":"scroll","background-type":"","background-media":"","overlay-type":"","overlay-color":"","overlay-opacity":"","overlay-gradient":""},"mobile":{"background-color":"","background-image":"","background-repeat":"repeat","background-position":"center center","background-size":"auto","background-attachment":"scroll","background-type":"","background-media":"","overlay-type":"","overlay-color":"","overlay-opacity":"","overlay-gradient":""}},"ast-content-background-meta":{"desktop":{"background-color":"var(--ast-global-color-4)","background-image":"","background-repeat":"repeat","background-position":"center center","background-size":"auto","background-attachment":"scroll","background-type":"","background-media":"","overlay-type":"","overlay-color":"","overlay-opacity":"","overlay-gradient":""},"tablet":{"background-color":"var(--ast-global-color-4)","background-image":"","background-repeat":"repeat","background-position":"center center","background-size":"auto","background-attachment":"scroll","background-type":"","background-media":"","overlay-type":"","overlay-color":"","overlay-opacity":"","overlay-gradient":""},"mobile":{"background-color":"var(--ast-global-color-4)","background-image":"","background-repeat":"repeat","background-position":"center center","background-size":"auto","background-attachment":"scroll","background-type":"","background-media":"","overlay-type":"","overlay-color":"","overlay-opacity":"","overlay-gradient":""}},"footnotes":""},"categories":[1],"tags":[],"class_list":["post-95970","post","type-post","status-publish","format-standard","hentry","category-sem-categoria"],"yoast_head":"<!-- This site is optimized with the Yoast SEO plugin v26.6 - https:\/\/yoast.com\/wordpress\/plugins\/seo\/ -->\n<title>Feirinha do Vinil \u00e9 atra\u00e7\u00e3o no Cr\u00e9ole Bar, na Ponta d&#039;Areia, neste s\u00e1bado (9) - Daniel Matos<\/title>\n<meta name=\"robots\" content=\"index, follow, max-snippet:-1, max-image-preview:large, max-video-preview:-1\" \/>\n<link rel=\"canonical\" href=\"https:\/\/www.blogsoestado.com\/danielmatos\/feirinha-do-vinil-e-atracao-no-creole-bar-na-ponta-dareia-neste-sabado-9\/\" \/>\n<meta property=\"og:locale\" content=\"pt_BR\" \/>\n<meta property=\"og:type\" content=\"article\" \/>\n<meta property=\"og:title\" content=\"Feirinha do Vinil \u00e9 atra\u00e7\u00e3o no Cr\u00e9ole Bar, na Ponta d&#039;Areia, neste s\u00e1bado (9) - Daniel Matos\" \/>\n<meta property=\"og:description\" content=\"A Feirinha do Vinil, promovida pela Planta &amp; Vinil e R\u00e1dio Zion, firma resid\u00eancia no Cre\u00f3le Bar (Ponta d\u00b4Areia), e [&hellip;]\" \/>\n<meta property=\"og:url\" content=\"https:\/\/www.blogsoestado.com\/danielmatos\/feirinha-do-vinil-e-atracao-no-creole-bar-na-ponta-dareia-neste-sabado-9\/\" \/>\n<meta property=\"og:site_name\" content=\"Daniel Matos\" \/>\n<meta property=\"article:published_time\" content=\"2022-04-08T22:52:01+00:00\" \/>\n<meta property=\"og:image\" content=\"https:\/\/www.blogsoestado.com\/danielmatos\/files\/2022\/04\/Screenshot_20220408-1946222-595x1024.png\" \/>\n<meta name=\"twitter:card\" content=\"summary_large_image\" \/>\n<meta name=\"twitter:label1\" content=\"Est. tempo de leitura\" \/>\n\t<meta name=\"twitter:data1\" content=\"2 minutos\" \/>\n<script type=\"application\/ld+json\" class=\"yoast-schema-graph\">{\"@context\":\"https:\/\/schema.org\",\"@graph\":[{\"@type\":\"WebPage\",\"@id\":\"https:\/\/www.blogsoestado.com\/danielmatos\/feirinha-do-vinil-e-atracao-no-creole-bar-na-ponta-dareia-neste-sabado-9\/\",\"url\":\"https:\/\/www.blogsoestado.com\/danielmatos\/feirinha-do-vinil-e-atracao-no-creole-bar-na-ponta-dareia-neste-sabado-9\/\",\"name\":\"Feirinha do Vinil \u00e9 atra\u00e7\u00e3o no Cr\u00e9ole Bar, na Ponta d'Areia, neste s\u00e1bado (9) - Daniel Matos\",\"isPartOf\":{\"@id\":\"https:\/\/www.blogsoestado.com\/danielmatos\/#website\"},\"primaryImageOfPage\":{\"@id\":\"https:\/\/www.blogsoestado.com\/danielmatos\/feirinha-do-vinil-e-atracao-no-creole-bar-na-ponta-dareia-neste-sabado-9\/#primaryimage\"},\"image\":{\"@id\":\"https:\/\/www.blogsoestado.com\/danielmatos\/feirinha-do-vinil-e-atracao-no-creole-bar-na-ponta-dareia-neste-sabado-9\/#primaryimage\"},\"thumbnailUrl\":\"https:\/\/www.blogsoestado.com\/danielmatos\/files\/2022\/04\/Screenshot_20220408-1946222-595x1024.png\",\"datePublished\":\"2022-04-08T22:52:01+00:00\",\"author\":{\"@id\":\"\"},\"breadcrumb\":{\"@id\":\"https:\/\/www.blogsoestado.com\/danielmatos\/feirinha-do-vinil-e-atracao-no-creole-bar-na-ponta-dareia-neste-sabado-9\/#breadcrumb\"},\"inLanguage\":\"pt-BR\",\"potentialAction\":[{\"@type\":\"ReadAction\",\"target\":[\"https:\/\/www.blogsoestado.com\/danielmatos\/feirinha-do-vinil-e-atracao-no-creole-bar-na-ponta-dareia-neste-sabado-9\/\"]}]},{\"@type\":\"ImageObject\",\"inLanguage\":\"pt-BR\",\"@id\":\"https:\/\/www.blogsoestado.com\/danielmatos\/feirinha-do-vinil-e-atracao-no-creole-bar-na-ponta-dareia-neste-sabado-9\/#primaryimage\",\"url\":\"https:\/\/www.blogsoestado.com\/danielmatos\/files\/2022\/04\/Screenshot_20220408-1946222-595x1024.png\",\"contentUrl\":\"https:\/\/www.blogsoestado.com\/danielmatos\/files\/2022\/04\/Screenshot_20220408-1946222-595x1024.png\"},{\"@type\":\"BreadcrumbList\",\"@id\":\"https:\/\/www.blogsoestado.com\/danielmatos\/feirinha-do-vinil-e-atracao-no-creole-bar-na-ponta-dareia-neste-sabado-9\/#breadcrumb\",\"itemListElement\":[{\"@type\":\"ListItem\",\"position\":1,\"name\":\"In\u00edcio\",\"item\":\"https:\/\/www.blogsoestado.com\/danielmatos\/\"},{\"@type\":\"ListItem\",\"position\":2,\"name\":\"Feirinha do Vinil \u00e9 atra\u00e7\u00e3o no Cr\u00e9ole Bar, na Ponta d&#8217;Areia, neste s\u00e1bado (9)\"}]},{\"@type\":\"WebSite\",\"@id\":\"https:\/\/www.blogsoestado.com\/danielmatos\/#website\",\"url\":\"https:\/\/www.blogsoestado.com\/danielmatos\/\",\"name\":\"Daniel Matos\",\"description\":\"\",\"potentialAction\":[{\"@type\":\"SearchAction\",\"target\":{\"@type\":\"EntryPoint\",\"urlTemplate\":\"https:\/\/www.blogsoestado.com\/danielmatos\/?s={search_term_string}\"},\"query-input\":{\"@type\":\"PropertyValueSpecification\",\"valueRequired\":true,\"valueName\":\"search_term_string\"}}],\"inLanguage\":\"pt-BR\"}]}<\/script>\n<!-- \/ Yoast SEO plugin. -->","yoast_head_json":{"title":"Feirinha do Vinil \u00e9 atra\u00e7\u00e3o no Cr\u00e9ole Bar, na Ponta d'Areia, neste s\u00e1bado (9) - Daniel Matos","robots":{"index":"index","follow":"follow","max-snippet":"max-snippet:-1","max-image-preview":"max-image-preview:large","max-video-preview":"max-video-preview:-1"},"canonical":"https:\/\/www.blogsoestado.com\/danielmatos\/feirinha-do-vinil-e-atracao-no-creole-bar-na-ponta-dareia-neste-sabado-9\/","og_locale":"pt_BR","og_type":"article","og_title":"Feirinha do Vinil \u00e9 atra\u00e7\u00e3o no Cr\u00e9ole Bar, na Ponta d'Areia, neste s\u00e1bado (9) - Daniel Matos","og_description":"A Feirinha do Vinil, promovida pela Planta &amp; Vinil e R\u00e1dio Zion, firma resid\u00eancia no Cre\u00f3le Bar (Ponta d\u00b4Areia), e [&hellip;]","og_url":"https:\/\/www.blogsoestado.com\/danielmatos\/feirinha-do-vinil-e-atracao-no-creole-bar-na-ponta-dareia-neste-sabado-9\/","og_site_name":"Daniel Matos","article_published_time":"2022-04-08T22:52:01+00:00","og_image":[{"url":"https:\/\/www.blogsoestado.com\/danielmatos\/files\/2022\/04\/Screenshot_20220408-1946222-595x1024.png","type":"","width":"","height":""}],"twitter_card":"summary_large_image","twitter_misc":{"Est. tempo de leitura":"2 minutos"},"schema":{"@context":"https:\/\/schema.org","@graph":[{"@type":"WebPage","@id":"https:\/\/www.blogsoestado.com\/danielmatos\/feirinha-do-vinil-e-atracao-no-creole-bar-na-ponta-dareia-neste-sabado-9\/","url":"https:\/\/www.blogsoestado.com\/danielmatos\/feirinha-do-vinil-e-atracao-no-creole-bar-na-ponta-dareia-neste-sabado-9\/","name":"Feirinha do Vinil \u00e9 atra\u00e7\u00e3o no Cr\u00e9ole Bar, na Ponta d'Areia, neste s\u00e1bado (9) - Daniel Matos","isPartOf":{"@id":"https:\/\/www.blogsoestado.com\/danielmatos\/#website"},"primaryImageOfPage":{"@id":"https:\/\/www.blogsoestado.com\/danielmatos\/feirinha-do-vinil-e-atracao-no-creole-bar-na-ponta-dareia-neste-sabado-9\/#primaryimage"},"image":{"@id":"https:\/\/www.blogsoestado.com\/danielmatos\/feirinha-do-vinil-e-atracao-no-creole-bar-na-ponta-dareia-neste-sabado-9\/#primaryimage"},"thumbnailUrl":"https:\/\/www.blogsoestado.com\/danielmatos\/files\/2022\/04\/Screenshot_20220408-1946222-595x1024.png","datePublished":"2022-04-08T22:52:01+00:00","author":{"@id":""},"breadcrumb":{"@id":"https:\/\/www.blogsoestado.com\/danielmatos\/feirinha-do-vinil-e-atracao-no-creole-bar-na-ponta-dareia-neste-sabado-9\/#breadcrumb"},"inLanguage":"pt-BR","potentialAction":[{"@type":"ReadAction","target":["https:\/\/www.blogsoestado.com\/danielmatos\/feirinha-do-vinil-e-atracao-no-creole-bar-na-ponta-dareia-neste-sabado-9\/"]}]},{"@type":"ImageObject","inLanguage":"pt-BR","@id":"https:\/\/www.blogsoestado.com\/danielmatos\/feirinha-do-vinil-e-atracao-no-creole-bar-na-ponta-dareia-neste-sabado-9\/#primaryimage","url":"https:\/\/www.blogsoestado.com\/danielmatos\/files\/2022\/04\/Screenshot_20220408-1946222-595x1024.png","contentUrl":"https:\/\/www.blogsoestado.com\/danielmatos\/files\/2022\/04\/Screenshot_20220408-1946222-595x1024.png"},{"@type":"BreadcrumbList","@id":"https:\/\/www.blogsoestado.com\/danielmatos\/feirinha-do-vinil-e-atracao-no-creole-bar-na-ponta-dareia-neste-sabado-9\/#breadcrumb","itemListElement":[{"@type":"ListItem","position":1,"name":"In\u00edcio","item":"https:\/\/www.blogsoestado.com\/danielmatos\/"},{"@type":"ListItem","position":2,"name":"Feirinha do Vinil \u00e9 atra\u00e7\u00e3o no Cr\u00e9ole Bar, na Ponta d&#8217;Areia, neste s\u00e1bado (9)"}]},{"@type":"WebSite","@id":"https:\/\/www.blogsoestado.com\/danielmatos\/#website","url":"https:\/\/www.blogsoestado.com\/danielmatos\/","name":"Daniel Matos","description":"","potentialAction":[{"@type":"SearchAction","target":{"@type":"EntryPoint","urlTemplate":"https:\/\/www.blogsoestado.com\/danielmatos\/?s={search_term_string}"},"query-input":{"@type":"PropertyValueSpecification","valueRequired":true,"valueName":"search_term_string"}}],"inLanguage":"pt-BR"}]}},"jetpack_featured_media_url":"","_links":{"self":[{"href":"https:\/\/www.blogsoestado.com\/danielmatos\/wp-json\/wp\/v2\/posts\/95970","targetHints":{"allow":["GET"]}}],"collection":[{"href":"https:\/\/www.blogsoestado.com\/danielmatos\/wp-json\/wp\/v2\/posts"}],"about":[{"href":"https:\/\/www.blogsoestado.com\/danielmatos\/wp-json\/wp\/v2\/types\/post"}],"replies":[{"embeddable":true,"href":"https:\/\/www.blogsoestado.com\/danielmatos\/wp-json\/wp\/v2\/comments?post=95970"}],"version-history":[{"count":0,"href":"https:\/\/www.blogsoestado.com\/danielmatos\/wp-json\/wp\/v2\/posts\/95970\/revisions"}],"wp:attachment":[{"href":"https:\/\/www.blogsoestado.com\/danielmatos\/wp-json\/wp\/v2\/media?parent=95970"}],"wp:term":[{"taxonomy":"category","embeddable":true,"href":"https:\/\/www.blogsoestado.com\/danielmatos\/wp-json\/wp\/v2\/categories?post=95970"},{"taxonomy":"post_tag","embeddable":true,"href":"https:\/\/www.blogsoestado.com\/danielmatos\/wp-json\/wp\/v2\/tags?post=95970"}],"curies":[{"name":"wp","href":"https:\/\/api.w.org\/{rel}","templated":true}]}}