{"id":96019,"date":"2022-04-10T11:08:14","date_gmt":"2022-04-10T14:08:14","guid":{"rendered":"https:\/\/www.blogsoestado.com\/danielmatos\/?p=96019"},"modified":"2022-04-10T11:08:14","modified_gmt":"2022-04-10T14:08:14","slug":"amanda-gentil-visita-10-cidades-em-uma-semana-e-fortalece-sua-pre-campanha-a-deputada-federal","status":"publish","type":"post","link":"https:\/\/www.blogsoestado.com\/danielmatos\/amanda-gentil-visita-10-cidades-em-uma-semana-e-fortalece-sua-pre-campanha-a-deputada-federal\/","title":{"rendered":"Amanda Gentil visita 10 cidades em uma semana e fortalece sua pr\u00e9-campanha a deputada federal"},"content":{"rendered":"\n<div class=\"wp-block-image\"><figure class=\"aligncenter size-large\"><a href=\"https:\/\/www.blogsoestado.com\/danielmatos\/files\/2022\/04\/Screenshot_20220410-1044292.png\"><img decoding=\"async\" src=\"https:\/\/www.blogsoestado.com\/danielmatos\/files\/2022\/04\/Screenshot_20220410-1044292.png\" alt=\"\" class=\"wp-image-96020\"\/><\/a><figcaption>Amanda Gentil foi recebida calorosamente por lideran\u00e7as e por populares em Esperantin\u00f3polis<\/figcaption><\/figure><\/div>\n\n\n\n<p>A pr\u00e9-candidata a Deputada Federal pelo Partido Progressistas, Amanda Gentil, visitou quase 10 cidades na semana que antecede as comemora\u00e7\u00f5es de Semana Santa e P\u00e1scoa.\u00a0Amanda, iniciou sua agenda pela cidade que reside, a linda Caxias, seguido de compromissos na capital S\u00e3o Lu\u00eds, nas cidades de Bacabal, Esperantin\u00f3polis, Barra do Corda, Alto Alagre do Maranh\u00e3o e com encerramento na cidade ol\u00edmpica, na grande S\u00e3o Lu\u00eds.<\/p>\n\n\n\n<div class=\"wp-block-image\"><figure class=\"aligncenter size-large\"><a href=\"https:\/\/www.blogsoestado.com\/danielmatos\/files\/2022\/04\/Screenshot_20220410-1045022.png\"><img decoding=\"async\" src=\"https:\/\/www.blogsoestado.com\/danielmatos\/files\/2022\/04\/Screenshot_20220410-1045022.png\" alt=\"\" class=\"wp-image-96021\"\/><\/a><figcaption>Em Barra do Corda, a pr\u00e9-candidata a deputada federal dialogou com grupo de lideran\u00e7as<\/figcaption><\/figure><\/div>\n\n\n\n<p>A pr\u00e9-candidata a Deputada Federal tem atendido convites de fortes lideran\u00e7as pol\u00edticas nas mais diversas regi\u00f5es do estado. Encontros de alinhamento, caf\u00e9s da manh\u00e3, almo\u00e7o, comemora\u00e7\u00f5es de cidades locais e muito mais, est\u00e3o entre os compromissos da jovem engenheira.<\/p>\n\n\n\n<div class=\"wp-block-image\"><figure class=\"aligncenter size-large\"><a href=\"https:\/\/www.blogsoestado.com\/danielmatos\/files\/2022\/04\/Screenshot_20220410-1045342.png\"><img decoding=\"async\" src=\"https:\/\/www.blogsoestado.com\/danielmatos\/files\/2022\/04\/Screenshot_20220410-1045342.png\" alt=\"\" class=\"wp-image-96022\"\/><\/a><figcaption>Registro da passagem de Amanda Gentil pelo munic\u00edpio de Bacabal<\/figcaption><\/figure><\/div>\n\n\n\n<p>Amanda Gentil (PP), filha do prefeito F\u00e1bio Gentil (PRB), busca uma vaga na C\u00e2mara Federal e ao que tudo indica, com an\u00e1lises pol\u00edticas dos bastidores, a jovem candidata a Deputada Federal mais jovem do Brasil j\u00e1 pode arrumar a mala para desembarcar em Bras\u00edlia.<\/p>\n\n\n\n<div class=\"wp-block-image\"><figure class=\"aligncenter size-large\"><a href=\"https:\/\/www.blogsoestado.com\/danielmatos\/files\/2022\/04\/Screenshot_20220410-1046032.png\"><img decoding=\"async\" src=\"https:\/\/www.blogsoestado.com\/danielmatos\/files\/2022\/04\/Screenshot_20220410-1046032.png\" alt=\"\" class=\"wp-image-96023\"\/><\/a><figcaption>A jovem pr\u00e9-candidata a deputada federal teve boa acolhida de lideran\u00e7as em Alto Alegre<\/figcaption><\/figure><\/div>\n\n\n\n<p>Caso alcance seu objeto no seu projeto pol\u00edtico e no mesmo projeto de milhares de maranhenses, que \u00e9 a vit\u00f3ria de Amanda, a filha do prefeito de Caxias ser\u00e1 a Deputada Federal mais jovem da hist\u00f3ria pol\u00edtica brasileira. Amanda, goza de carisma, humildade e por onde passa arrasta multid\u00e3o de amigos e simpatizantes.<\/p>\n\n\n\n<div class=\"wp-block-image\"><figure class=\"aligncenter size-large\"><a href=\"https:\/\/www.blogsoestado.com\/danielmatos\/files\/2022\/04\/Screenshot_20220410-1046272.png\"><img decoding=\"async\" src=\"https:\/\/www.blogsoestado.com\/danielmatos\/files\/2022\/04\/Screenshot_20220410-1046272.png\" alt=\"\" class=\"wp-image-96024\"\/><\/a><figcaption>O roteiro de visitas de Amanda Gentil aos munic\u00edpios incluiu um encontro com lideran\u00e7as do bairro Cidade Ol\u00edmpica, em S\u00e3o Lu\u00eds<\/figcaption><\/figure><\/div>\n\n\n\n<p>A reda\u00e7\u00e3o desta blog buscou ouvir pessoas que n\u00e3o tem liga\u00e7\u00e3o com a jovem pr\u00e9-candidata, especialistas pol\u00edticos da regi\u00e3o leste do Estado, ao que tudo indica, Amanda sair\u00e1 de Caxias com a maior vota\u00e7\u00e3o desde a emancipa\u00e7\u00e3o pol\u00edtica da cidade, o que demonstrar\u00e1 mais for\u00e7a e habilidade pol\u00edtica do seu pai, o grande prefeito F\u00e1bio Gentil.<\/p>\n\n\n\n<p>Confira mais fotos dos encontros de Amanda Gentil com lideran\u00e7as e com o povo:<\/p>\n\n\n\n<div class=\"wp-block-image\"><figure class=\"aligncenter size-large\"><a href=\"https:\/\/www.blogsoestado.com\/danielmatos\/files\/2022\/04\/Screenshot_20220410-1046532.png\"><img decoding=\"async\" src=\"https:\/\/www.blogsoestado.com\/danielmatos\/files\/2022\/04\/Screenshot_20220410-1046532.png\" alt=\"\" class=\"wp-image-96025\"\/><\/a><\/figure><\/div>\n\n\n\n<div class=\"wp-block-image\"><figure class=\"aligncenter size-large\"><a href=\"https:\/\/www.blogsoestado.com\/danielmatos\/files\/2022\/04\/Screenshot_20220410-1047252.png\"><img decoding=\"async\" src=\"https:\/\/www.blogsoestado.com\/danielmatos\/files\/2022\/04\/Screenshot_20220410-1047252.png\" alt=\"\" class=\"wp-image-96026\"\/><\/a><\/figure><\/div>\n\n\n\n<div class=\"wp-block-image\"><figure class=\"aligncenter size-large\"><a href=\"https:\/\/www.blogsoestado.com\/danielmatos\/files\/2022\/04\/Screenshot_20220410-1047522.png\"><img decoding=\"async\" src=\"https:\/\/www.blogsoestado.com\/danielmatos\/files\/2022\/04\/Screenshot_20220410-1047522.png\" alt=\"\" class=\"wp-image-96027\"\/><\/a><\/figure><\/div>\n\n\n\n<div class=\"wp-block-image\"><figure class=\"aligncenter size-large\"><a href=\"https:\/\/www.blogsoestado.com\/danielmatos\/files\/2022\/04\/Screenshot_20220410-1048182.png\"><img decoding=\"async\" src=\"https:\/\/www.blogsoestado.com\/danielmatos\/files\/2022\/04\/Screenshot_20220410-1048182.png\" alt=\"\" class=\"wp-image-96028\"\/><\/a><\/figure><\/div>\n\n\n\n<div class=\"wp-block-image\"><figure class=\"aligncenter size-large\"><a href=\"https:\/\/www.blogsoestado.com\/danielmatos\/files\/2022\/04\/Screenshot_20220410-1049092.png\"><img decoding=\"async\" src=\"https:\/\/www.blogsoestado.com\/danielmatos\/files\/2022\/04\/Screenshot_20220410-1049092.png\" alt=\"\" class=\"wp-image-96029\"\/><\/a><\/figure><\/div>\n","protected":false},"excerpt":{"rendered":"<p>A pr\u00e9-candidata a Deputada Federal pelo Partido Progressistas, Amanda Gentil, visitou quase 10 cidades na semana que antecede as comemora\u00e7\u00f5es [&hellip;]<\/p>\n","protected":false},"author":0,"featured_media":0,"comment_status":"open","ping_status":"open","sticky":false,"template":"","format":"standard","meta":{"site-sidebar-layout":"default","site-content-layout":"","ast-site-content-layout":"default","site-content-style":"default","site-sidebar-style":"default","ast-global-header-display":"","ast-banner-title-visibility":"","ast-main-header-display":"","ast-hfb-above-header-display":"","ast-hfb-below-header-display":"","ast-hfb-mobile-header-display":"","site-post-title":"","ast-breadcrumbs-content":"","ast-featured-img":"","footer-sml-layout":"","ast-disable-related-posts":"","theme-transparent-header-meta":"","adv-header-id-meta":"","stick-header-meta":"","header-above-stick-meta":"","header-main-stick-meta":"","header-below-stick-meta":"","astra-migrate-meta-layouts":"default","ast-page-background-enabled":"default","ast-page-background-meta":{"desktop":{"background-color":"var(--ast-global-color-5)","background-image":"","background-repeat":"repeat","background-position":"center center","background-size":"auto","background-attachment":"scroll","background-type":"","background-media":"","overlay-type":"","overlay-color":"","overlay-opacity":"","overlay-gradient":""},"tablet":{"background-color":"","background-image":"","background-repeat":"repeat","background-position":"center center","background-size":"auto","background-attachment":"scroll","background-type":"","background-media":"","overlay-type":"","overlay-color":"","overlay-opacity":"","overlay-gradient":""},"mobile":{"background-color":"","background-image":"","background-repeat":"repeat","background-position":"center center","background-size":"auto","background-attachment":"scroll","background-type":"","background-media":"","overlay-type":"","overlay-color":"","overlay-opacity":"","overlay-gradient":""}},"ast-content-background-meta":{"desktop":{"background-color":"var(--ast-global-color-4)","background-image":"","background-repeat":"repeat","background-position":"center center","background-size":"auto","background-attachment":"scroll","background-type":"","background-media":"","overlay-type":"","overlay-color":"","overlay-opacity":"","overlay-gradient":""},"tablet":{"background-color":"var(--ast-global-color-4)","background-image":"","background-repeat":"repeat","background-position":"center center","background-size":"auto","background-attachment":"scroll","background-type":"","background-media":"","overlay-type":"","overlay-color":"","overlay-opacity":"","overlay-gradient":""},"mobile":{"background-color":"var(--ast-global-color-4)","background-image":"","background-repeat":"repeat","background-position":"center center","background-size":"auto","background-attachment":"scroll","background-type":"","background-media":"","overlay-type":"","overlay-color":"","overlay-opacity":"","overlay-gradient":""}},"footnotes":""},"categories":[1],"tags":[],"class_list":["post-96019","post","type-post","status-publish","format-standard","hentry","category-sem-categoria"],"yoast_head":"<!-- This site is optimized with the Yoast SEO plugin v26.6 - https:\/\/yoast.com\/wordpress\/plugins\/seo\/ -->\n<title>Amanda Gentil visita 10 cidades em uma semana e fortalece sua pr\u00e9-campanha a deputada federal - Daniel Matos<\/title>\n<meta name=\"robots\" content=\"index, follow, max-snippet:-1, max-image-preview:large, max-video-preview:-1\" \/>\n<link rel=\"canonical\" href=\"https:\/\/www.blogsoestado.com\/danielmatos\/amanda-gentil-visita-10-cidades-em-uma-semana-e-fortalece-sua-pre-campanha-a-deputada-federal\/\" \/>\n<meta property=\"og:locale\" content=\"pt_BR\" \/>\n<meta property=\"og:type\" content=\"article\" \/>\n<meta property=\"og:title\" content=\"Amanda Gentil visita 10 cidades em uma semana e fortalece sua pr\u00e9-campanha a deputada federal - Daniel Matos\" \/>\n<meta property=\"og:description\" content=\"A pr\u00e9-candidata a Deputada Federal pelo Partido Progressistas, Amanda Gentil, visitou quase 10 cidades na semana que antecede as comemora\u00e7\u00f5es [&hellip;]\" \/>\n<meta property=\"og:url\" content=\"https:\/\/www.blogsoestado.com\/danielmatos\/amanda-gentil-visita-10-cidades-em-uma-semana-e-fortalece-sua-pre-campanha-a-deputada-federal\/\" \/>\n<meta property=\"og:site_name\" content=\"Daniel Matos\" \/>\n<meta property=\"article:published_time\" content=\"2022-04-10T14:08:14+00:00\" \/>\n<meta property=\"og:image\" content=\"https:\/\/www.blogsoestado.com\/danielmatos\/files\/2022\/04\/Screenshot_20220410-1044292.png\" \/>\n<meta name=\"twitter:card\" content=\"summary_large_image\" \/>\n<meta name=\"twitter:label1\" content=\"Est. tempo de leitura\" \/>\n\t<meta name=\"twitter:data1\" content=\"4 minutos\" \/>\n<script type=\"application\/ld+json\" class=\"yoast-schema-graph\">{\"@context\":\"https:\/\/schema.org\",\"@graph\":[{\"@type\":\"WebPage\",\"@id\":\"https:\/\/www.blogsoestado.com\/danielmatos\/amanda-gentil-visita-10-cidades-em-uma-semana-e-fortalece-sua-pre-campanha-a-deputada-federal\/\",\"url\":\"https:\/\/www.blogsoestado.com\/danielmatos\/amanda-gentil-visita-10-cidades-em-uma-semana-e-fortalece-sua-pre-campanha-a-deputada-federal\/\",\"name\":\"Amanda Gentil visita 10 cidades em uma semana e fortalece sua pr\u00e9-campanha a deputada federal - Daniel Matos\",\"isPartOf\":{\"@id\":\"https:\/\/www.blogsoestado.com\/danielmatos\/#website\"},\"primaryImageOfPage\":{\"@id\":\"https:\/\/www.blogsoestado.com\/danielmatos\/amanda-gentil-visita-10-cidades-em-uma-semana-e-fortalece-sua-pre-campanha-a-deputada-federal\/#primaryimage\"},\"image\":{\"@id\":\"https:\/\/www.blogsoestado.com\/danielmatos\/amanda-gentil-visita-10-cidades-em-uma-semana-e-fortalece-sua-pre-campanha-a-deputada-federal\/#primaryimage\"},\"thumbnailUrl\":\"https:\/\/www.blogsoestado.com\/danielmatos\/files\/2022\/04\/Screenshot_20220410-1044292.png\",\"datePublished\":\"2022-04-10T14:08:14+00:00\",\"author\":{\"@id\":\"\"},\"breadcrumb\":{\"@id\":\"https:\/\/www.blogsoestado.com\/danielmatos\/amanda-gentil-visita-10-cidades-em-uma-semana-e-fortalece-sua-pre-campanha-a-deputada-federal\/#breadcrumb\"},\"inLanguage\":\"pt-BR\",\"potentialAction\":[{\"@type\":\"ReadAction\",\"target\":[\"https:\/\/www.blogsoestado.com\/danielmatos\/amanda-gentil-visita-10-cidades-em-uma-semana-e-fortalece-sua-pre-campanha-a-deputada-federal\/\"]}]},{\"@type\":\"ImageObject\",\"inLanguage\":\"pt-BR\",\"@id\":\"https:\/\/www.blogsoestado.com\/danielmatos\/amanda-gentil-visita-10-cidades-em-uma-semana-e-fortalece-sua-pre-campanha-a-deputada-federal\/#primaryimage\",\"url\":\"https:\/\/www.blogsoestado.com\/danielmatos\/files\/2022\/04\/Screenshot_20220410-1044292.png\",\"contentUrl\":\"https:\/\/www.blogsoestado.com\/danielmatos\/files\/2022\/04\/Screenshot_20220410-1044292.png\"},{\"@type\":\"BreadcrumbList\",\"@id\":\"https:\/\/www.blogsoestado.com\/danielmatos\/amanda-gentil-visita-10-cidades-em-uma-semana-e-fortalece-sua-pre-campanha-a-deputada-federal\/#breadcrumb\",\"itemListElement\":[{\"@type\":\"ListItem\",\"position\":1,\"name\":\"In\u00edcio\",\"item\":\"https:\/\/www.blogsoestado.com\/danielmatos\/\"},{\"@type\":\"ListItem\",\"position\":2,\"name\":\"Amanda Gentil visita 10 cidades em uma semana e fortalece sua pr\u00e9-campanha a deputada federal\"}]},{\"@type\":\"WebSite\",\"@id\":\"https:\/\/www.blogsoestado.com\/danielmatos\/#website\",\"url\":\"https:\/\/www.blogsoestado.com\/danielmatos\/\",\"name\":\"Daniel Matos\",\"description\":\"\",\"potentialAction\":[{\"@type\":\"SearchAction\",\"target\":{\"@type\":\"EntryPoint\",\"urlTemplate\":\"https:\/\/www.blogsoestado.com\/danielmatos\/?s={search_term_string}\"},\"query-input\":{\"@type\":\"PropertyValueSpecification\",\"valueRequired\":true,\"valueName\":\"search_term_string\"}}],\"inLanguage\":\"pt-BR\"}]}<\/script>\n<!-- \/ Yoast SEO plugin. -->","yoast_head_json":{"title":"Amanda Gentil visita 10 cidades em uma semana e fortalece sua pr\u00e9-campanha a deputada federal - Daniel Matos","robots":{"index":"index","follow":"follow","max-snippet":"max-snippet:-1","max-image-preview":"max-image-preview:large","max-video-preview":"max-video-preview:-1"},"canonical":"https:\/\/www.blogsoestado.com\/danielmatos\/amanda-gentil-visita-10-cidades-em-uma-semana-e-fortalece-sua-pre-campanha-a-deputada-federal\/","og_locale":"pt_BR","og_type":"article","og_title":"Amanda Gentil visita 10 cidades em uma semana e fortalece sua pr\u00e9-campanha a deputada federal - Daniel Matos","og_description":"A pr\u00e9-candidata a Deputada Federal pelo Partido Progressistas, Amanda Gentil, visitou quase 10 cidades na semana que antecede as comemora\u00e7\u00f5es [&hellip;]","og_url":"https:\/\/www.blogsoestado.com\/danielmatos\/amanda-gentil-visita-10-cidades-em-uma-semana-e-fortalece-sua-pre-campanha-a-deputada-federal\/","og_site_name":"Daniel Matos","article_published_time":"2022-04-10T14:08:14+00:00","og_image":[{"url":"https:\/\/www.blogsoestado.com\/danielmatos\/files\/2022\/04\/Screenshot_20220410-1044292.png","type":"","width":"","height":""}],"twitter_card":"summary_large_image","twitter_misc":{"Est. tempo de leitura":"4 minutos"},"schema":{"@context":"https:\/\/schema.org","@graph":[{"@type":"WebPage","@id":"https:\/\/www.blogsoestado.com\/danielmatos\/amanda-gentil-visita-10-cidades-em-uma-semana-e-fortalece-sua-pre-campanha-a-deputada-federal\/","url":"https:\/\/www.blogsoestado.com\/danielmatos\/amanda-gentil-visita-10-cidades-em-uma-semana-e-fortalece-sua-pre-campanha-a-deputada-federal\/","name":"Amanda Gentil visita 10 cidades em uma semana e fortalece sua pr\u00e9-campanha a deputada federal - Daniel Matos","isPartOf":{"@id":"https:\/\/www.blogsoestado.com\/danielmatos\/#website"},"primaryImageOfPage":{"@id":"https:\/\/www.blogsoestado.com\/danielmatos\/amanda-gentil-visita-10-cidades-em-uma-semana-e-fortalece-sua-pre-campanha-a-deputada-federal\/#primaryimage"},"image":{"@id":"https:\/\/www.blogsoestado.com\/danielmatos\/amanda-gentil-visita-10-cidades-em-uma-semana-e-fortalece-sua-pre-campanha-a-deputada-federal\/#primaryimage"},"thumbnailUrl":"https:\/\/www.blogsoestado.com\/danielmatos\/files\/2022\/04\/Screenshot_20220410-1044292.png","datePublished":"2022-04-10T14:08:14+00:00","author":{"@id":""},"breadcrumb":{"@id":"https:\/\/www.blogsoestado.com\/danielmatos\/amanda-gentil-visita-10-cidades-em-uma-semana-e-fortalece-sua-pre-campanha-a-deputada-federal\/#breadcrumb"},"inLanguage":"pt-BR","potentialAction":[{"@type":"ReadAction","target":["https:\/\/www.blogsoestado.com\/danielmatos\/amanda-gentil-visita-10-cidades-em-uma-semana-e-fortalece-sua-pre-campanha-a-deputada-federal\/"]}]},{"@type":"ImageObject","inLanguage":"pt-BR","@id":"https:\/\/www.blogsoestado.com\/danielmatos\/amanda-gentil-visita-10-cidades-em-uma-semana-e-fortalece-sua-pre-campanha-a-deputada-federal\/#primaryimage","url":"https:\/\/www.blogsoestado.com\/danielmatos\/files\/2022\/04\/Screenshot_20220410-1044292.png","contentUrl":"https:\/\/www.blogsoestado.com\/danielmatos\/files\/2022\/04\/Screenshot_20220410-1044292.png"},{"@type":"BreadcrumbList","@id":"https:\/\/www.blogsoestado.com\/danielmatos\/amanda-gentil-visita-10-cidades-em-uma-semana-e-fortalece-sua-pre-campanha-a-deputada-federal\/#breadcrumb","itemListElement":[{"@type":"ListItem","position":1,"name":"In\u00edcio","item":"https:\/\/www.blogsoestado.com\/danielmatos\/"},{"@type":"ListItem","position":2,"name":"Amanda Gentil visita 10 cidades em uma semana e fortalece sua pr\u00e9-campanha a deputada federal"}]},{"@type":"WebSite","@id":"https:\/\/www.blogsoestado.com\/danielmatos\/#website","url":"https:\/\/www.blogsoestado.com\/danielmatos\/","name":"Daniel Matos","description":"","potentialAction":[{"@type":"SearchAction","target":{"@type":"EntryPoint","urlTemplate":"https:\/\/www.blogsoestado.com\/danielmatos\/?s={search_term_string}"},"query-input":{"@type":"PropertyValueSpecification","valueRequired":true,"valueName":"search_term_string"}}],"inLanguage":"pt-BR"}]}},"jetpack_featured_media_url":"","_links":{"self":[{"href":"https:\/\/www.blogsoestado.com\/danielmatos\/wp-json\/wp\/v2\/posts\/96019","targetHints":{"allow":["GET"]}}],"collection":[{"href":"https:\/\/www.blogsoestado.com\/danielmatos\/wp-json\/wp\/v2\/posts"}],"about":[{"href":"https:\/\/www.blogsoestado.com\/danielmatos\/wp-json\/wp\/v2\/types\/post"}],"replies":[{"embeddable":true,"href":"https:\/\/www.blogsoestado.com\/danielmatos\/wp-json\/wp\/v2\/comments?post=96019"}],"version-history":[{"count":0,"href":"https:\/\/www.blogsoestado.com\/danielmatos\/wp-json\/wp\/v2\/posts\/96019\/revisions"}],"wp:attachment":[{"href":"https:\/\/www.blogsoestado.com\/danielmatos\/wp-json\/wp\/v2\/media?parent=96019"}],"wp:term":[{"taxonomy":"category","embeddable":true,"href":"https:\/\/www.blogsoestado.com\/danielmatos\/wp-json\/wp\/v2\/categories?post=96019"},{"taxonomy":"post_tag","embeddable":true,"href":"https:\/\/www.blogsoestado.com\/danielmatos\/wp-json\/wp\/v2\/tags?post=96019"}],"curies":[{"name":"wp","href":"https:\/\/api.w.org\/{rel}","templated":true}]}}