{"id":96034,"date":"2022-04-10T16:34:21","date_gmt":"2022-04-10T19:34:21","guid":{"rendered":"https:\/\/www.blogsoestado.com\/danielmatos\/?p=96034"},"modified":"2022-04-10T16:34:21","modified_gmt":"2022-04-10T19:34:21","slug":"o-maranhao-tem-jeito-sim-e-com-lahesio-bonfim-diz-deputado-wellington-ao-destacar-reunioes-em-viana-e-penalva","status":"publish","type":"post","link":"https:\/\/www.blogsoestado.com\/danielmatos\/o-maranhao-tem-jeito-sim-e-com-lahesio-bonfim-diz-deputado-wellington-ao-destacar-reunioes-em-viana-e-penalva\/","title":{"rendered":"&#8220;O Maranh\u00e3o tem jeito sim, \u00e9 com Lahesio Bonfim\u201d, diz deputado Wellington ao destacar reuni\u00f5es em Viana e Penalva"},"content":{"rendered":"\n<div class=\"wp-block-image\"><figure class=\"aligncenter size-large\"><a href=\"https:\/\/www.blogsoestado.com\/danielmatos\/files\/2022\/04\/Screenshot_20220410-1630222.png\"><img decoding=\"async\" src=\"https:\/\/www.blogsoestado.com\/danielmatos\/files\/2022\/04\/Screenshot_20220410-1630222.png\" alt=\"\" class=\"wp-image-96035\"\/><\/a><figcaption>Em ato pol\u00edtico com Lahesio Bonfim, Wellington ressaltou que \u00e9 poss\u00edvel mudar a realidade do Maranh\u00e3o e exaltou a pr\u00e9-candidatura do seu aliado<\/figcaption><\/figure><\/div>\n\n\n\n<p>O deputado estadual Wellington do Curso utilizou suas redes sociais para fazer refer\u00eancia \u00e0 duas reuni\u00f5es realizada no \u00faltimo s\u00e1bado (10), em que esteve presente junto com o pr\u00e9-candidato \u00e0 governador Lahesio Bonfim nos munic\u00edpios de Viana e Penalva. Na oportunidade, o parlamentar agradeceu ao apoiadores pela recep\u00e7\u00e3o e reafirmou seu apoio \u00e0 pr\u00e9-candidatura de Lahesio para governador.<\/p>\n\n\n\n<p>Ao se pronunciar, Wellington ressaltou que \u00e9 poss\u00edvel mudar a realidade do Maranh\u00e3o e que a candidatura de Lahesio representa a mudan\u00e7a que os maranhenses tanto esperam.<\/p>\n\n\n\n<p>\u201cNo \u00faltimo s\u00e1bado, participei de reuni\u00f5es pr\u00e9-candidato a Governador do Estado pelo partido, Lahesio Bonfim, uma em Viana e outra em Penalva. Na oportunidade, fomos muito bem recebidos pela popula\u00e7\u00e3o da regi\u00e3o que sonha com dias melhores. Agrade\u00e7o a todos os apoiadores, trabalhadores, comerciantes e lojistas de Viana e Penalva, pela acolhida e pelo apoio espont\u00e2neo \u00e0 candidatura de Lahesio Bonfim para o Governo do Estado, \u00fanico candidato que n\u00e3o faz parte do cons\u00f3rcio de Fl\u00e1vio Dino para as elei\u00e7\u00f5es de 2022. Acreditamos que \u00e9 poss\u00edvel sim reconstruir o Maranh\u00e3o com a elei\u00e7\u00e3o de Lahesio. Juntos, a esperan\u00e7a ir\u00e1 vencer o medo e a persegui\u00e7\u00e3o instaurada nos \u00faltimos anos do governo de Fl\u00e1vio Dino. Estamos iniciando a Caravana da Esperan\u00e7a e vamos percorrer todo o Maranh\u00e3o. O Maranh\u00e3o tem jeito sim, \u00e9 com Lahesio Bonfim! Juntos, lutaremos por um Maranh\u00e3o melhor\u201d, disse Wellington.<\/p>\n","protected":false},"excerpt":{"rendered":"<p>O deputado estadual Wellington do Curso utilizou suas redes sociais para fazer refer\u00eancia \u00e0 duas reuni\u00f5es realizada no \u00faltimo s\u00e1bado [&hellip;]<\/p>\n","protected":false},"author":0,"featured_media":0,"comment_status":"open","ping_status":"open","sticky":false,"template":"","format":"standard","meta":{"site-sidebar-layout":"default","site-content-layout":"","ast-site-content-layout":"default","site-content-style":"default","site-sidebar-style":"default","ast-global-header-display":"","ast-banner-title-visibility":"","ast-main-header-display":"","ast-hfb-above-header-display":"","ast-hfb-below-header-display":"","ast-hfb-mobile-header-display":"","site-post-title":"","ast-breadcrumbs-content":"","ast-featured-img":"","footer-sml-layout":"","ast-disable-related-posts":"","theme-transparent-header-meta":"","adv-header-id-meta":"","stick-header-meta":"","header-above-stick-meta":"","header-main-stick-meta":"","header-below-stick-meta":"","astra-migrate-meta-layouts":"default","ast-page-background-enabled":"default","ast-page-background-meta":{"desktop":{"background-color":"var(--ast-global-color-5)","background-image":"","background-repeat":"repeat","background-position":"center center","background-size":"auto","background-attachment":"scroll","background-type":"","background-media":"","overlay-type":"","overlay-color":"","overlay-opacity":"","overlay-gradient":""},"tablet":{"background-color":"","background-image":"","background-repeat":"repeat","background-position":"center center","background-size":"auto","background-attachment":"scroll","background-type":"","background-media":"","overlay-type":"","overlay-color":"","overlay-opacity":"","overlay-gradient":""},"mobile":{"background-color":"","background-image":"","background-repeat":"repeat","background-position":"center center","background-size":"auto","background-attachment":"scroll","background-type":"","background-media":"","overlay-type":"","overlay-color":"","overlay-opacity":"","overlay-gradient":""}},"ast-content-background-meta":{"desktop":{"background-color":"var(--ast-global-color-4)","background-image":"","background-repeat":"repeat","background-position":"center center","background-size":"auto","background-attachment":"scroll","background-type":"","background-media":"","overlay-type":"","overlay-color":"","overlay-opacity":"","overlay-gradient":""},"tablet":{"background-color":"var(--ast-global-color-4)","background-image":"","background-repeat":"repeat","background-position":"center center","background-size":"auto","background-attachment":"scroll","background-type":"","background-media":"","overlay-type":"","overlay-color":"","overlay-opacity":"","overlay-gradient":""},"mobile":{"background-color":"var(--ast-global-color-4)","background-image":"","background-repeat":"repeat","background-position":"center center","background-size":"auto","background-attachment":"scroll","background-type":"","background-media":"","overlay-type":"","overlay-color":"","overlay-opacity":"","overlay-gradient":""}},"footnotes":""},"categories":[1],"tags":[],"class_list":["post-96034","post","type-post","status-publish","format-standard","hentry","category-sem-categoria"],"yoast_head":"<!-- This site is optimized with the Yoast SEO plugin v26.6 - https:\/\/yoast.com\/wordpress\/plugins\/seo\/ -->\n<title>&quot;O Maranh\u00e3o tem jeito sim, \u00e9 com Lahesio Bonfim\u201d, diz deputado Wellington ao destacar reuni\u00f5es em Viana e Penalva - Daniel Matos<\/title>\n<meta name=\"robots\" content=\"index, follow, max-snippet:-1, max-image-preview:large, max-video-preview:-1\" \/>\n<link rel=\"canonical\" href=\"https:\/\/www.blogsoestado.com\/danielmatos\/o-maranhao-tem-jeito-sim-e-com-lahesio-bonfim-diz-deputado-wellington-ao-destacar-reunioes-em-viana-e-penalva\/\" \/>\n<meta property=\"og:locale\" content=\"pt_BR\" \/>\n<meta property=\"og:type\" content=\"article\" \/>\n<meta property=\"og:title\" content=\"&quot;O Maranh\u00e3o tem jeito sim, \u00e9 com Lahesio Bonfim\u201d, diz deputado Wellington ao destacar reuni\u00f5es em Viana e Penalva - Daniel Matos\" \/>\n<meta property=\"og:description\" content=\"O deputado estadual Wellington do Curso utilizou suas redes sociais para fazer refer\u00eancia \u00e0 duas reuni\u00f5es realizada no \u00faltimo s\u00e1bado [&hellip;]\" \/>\n<meta property=\"og:url\" content=\"https:\/\/www.blogsoestado.com\/danielmatos\/o-maranhao-tem-jeito-sim-e-com-lahesio-bonfim-diz-deputado-wellington-ao-destacar-reunioes-em-viana-e-penalva\/\" \/>\n<meta property=\"og:site_name\" content=\"Daniel Matos\" \/>\n<meta property=\"article:published_time\" content=\"2022-04-10T19:34:21+00:00\" \/>\n<meta property=\"og:image\" content=\"https:\/\/www.blogsoestado.com\/danielmatos\/files\/2022\/04\/Screenshot_20220410-1630222.png\" \/>\n<meta name=\"twitter:card\" content=\"summary_large_image\" \/>\n<meta name=\"twitter:label1\" content=\"Est. tempo de leitura\" \/>\n\t<meta name=\"twitter:data1\" content=\"2 minutos\" \/>\n<script type=\"application\/ld+json\" class=\"yoast-schema-graph\">{\"@context\":\"https:\/\/schema.org\",\"@graph\":[{\"@type\":\"WebPage\",\"@id\":\"https:\/\/www.blogsoestado.com\/danielmatos\/o-maranhao-tem-jeito-sim-e-com-lahesio-bonfim-diz-deputado-wellington-ao-destacar-reunioes-em-viana-e-penalva\/\",\"url\":\"https:\/\/www.blogsoestado.com\/danielmatos\/o-maranhao-tem-jeito-sim-e-com-lahesio-bonfim-diz-deputado-wellington-ao-destacar-reunioes-em-viana-e-penalva\/\",\"name\":\"\\\"O Maranh\u00e3o tem jeito sim, \u00e9 com Lahesio Bonfim\u201d, diz deputado Wellington ao destacar reuni\u00f5es em Viana e Penalva - Daniel Matos\",\"isPartOf\":{\"@id\":\"https:\/\/www.blogsoestado.com\/danielmatos\/#website\"},\"primaryImageOfPage\":{\"@id\":\"https:\/\/www.blogsoestado.com\/danielmatos\/o-maranhao-tem-jeito-sim-e-com-lahesio-bonfim-diz-deputado-wellington-ao-destacar-reunioes-em-viana-e-penalva\/#primaryimage\"},\"image\":{\"@id\":\"https:\/\/www.blogsoestado.com\/danielmatos\/o-maranhao-tem-jeito-sim-e-com-lahesio-bonfim-diz-deputado-wellington-ao-destacar-reunioes-em-viana-e-penalva\/#primaryimage\"},\"thumbnailUrl\":\"https:\/\/www.blogsoestado.com\/danielmatos\/files\/2022\/04\/Screenshot_20220410-1630222.png\",\"datePublished\":\"2022-04-10T19:34:21+00:00\",\"author\":{\"@id\":\"\"},\"breadcrumb\":{\"@id\":\"https:\/\/www.blogsoestado.com\/danielmatos\/o-maranhao-tem-jeito-sim-e-com-lahesio-bonfim-diz-deputado-wellington-ao-destacar-reunioes-em-viana-e-penalva\/#breadcrumb\"},\"inLanguage\":\"pt-BR\",\"potentialAction\":[{\"@type\":\"ReadAction\",\"target\":[\"https:\/\/www.blogsoestado.com\/danielmatos\/o-maranhao-tem-jeito-sim-e-com-lahesio-bonfim-diz-deputado-wellington-ao-destacar-reunioes-em-viana-e-penalva\/\"]}]},{\"@type\":\"ImageObject\",\"inLanguage\":\"pt-BR\",\"@id\":\"https:\/\/www.blogsoestado.com\/danielmatos\/o-maranhao-tem-jeito-sim-e-com-lahesio-bonfim-diz-deputado-wellington-ao-destacar-reunioes-em-viana-e-penalva\/#primaryimage\",\"url\":\"https:\/\/www.blogsoestado.com\/danielmatos\/files\/2022\/04\/Screenshot_20220410-1630222.png\",\"contentUrl\":\"https:\/\/www.blogsoestado.com\/danielmatos\/files\/2022\/04\/Screenshot_20220410-1630222.png\"},{\"@type\":\"BreadcrumbList\",\"@id\":\"https:\/\/www.blogsoestado.com\/danielmatos\/o-maranhao-tem-jeito-sim-e-com-lahesio-bonfim-diz-deputado-wellington-ao-destacar-reunioes-em-viana-e-penalva\/#breadcrumb\",\"itemListElement\":[{\"@type\":\"ListItem\",\"position\":1,\"name\":\"In\u00edcio\",\"item\":\"https:\/\/www.blogsoestado.com\/danielmatos\/\"},{\"@type\":\"ListItem\",\"position\":2,\"name\":\"&#8220;O Maranh\u00e3o tem jeito sim, \u00e9 com Lahesio Bonfim\u201d, diz deputado Wellington ao destacar reuni\u00f5es em Viana e Penalva\"}]},{\"@type\":\"WebSite\",\"@id\":\"https:\/\/www.blogsoestado.com\/danielmatos\/#website\",\"url\":\"https:\/\/www.blogsoestado.com\/danielmatos\/\",\"name\":\"Daniel Matos\",\"description\":\"\",\"potentialAction\":[{\"@type\":\"SearchAction\",\"target\":{\"@type\":\"EntryPoint\",\"urlTemplate\":\"https:\/\/www.blogsoestado.com\/danielmatos\/?s={search_term_string}\"},\"query-input\":{\"@type\":\"PropertyValueSpecification\",\"valueRequired\":true,\"valueName\":\"search_term_string\"}}],\"inLanguage\":\"pt-BR\"}]}<\/script>\n<!-- \/ Yoast SEO plugin. -->","yoast_head_json":{"title":"\"O Maranh\u00e3o tem jeito sim, \u00e9 com Lahesio Bonfim\u201d, diz deputado Wellington ao destacar reuni\u00f5es em Viana e Penalva - Daniel Matos","robots":{"index":"index","follow":"follow","max-snippet":"max-snippet:-1","max-image-preview":"max-image-preview:large","max-video-preview":"max-video-preview:-1"},"canonical":"https:\/\/www.blogsoestado.com\/danielmatos\/o-maranhao-tem-jeito-sim-e-com-lahesio-bonfim-diz-deputado-wellington-ao-destacar-reunioes-em-viana-e-penalva\/","og_locale":"pt_BR","og_type":"article","og_title":"\"O Maranh\u00e3o tem jeito sim, \u00e9 com Lahesio Bonfim\u201d, diz deputado Wellington ao destacar reuni\u00f5es em Viana e Penalva - Daniel Matos","og_description":"O deputado estadual Wellington do Curso utilizou suas redes sociais para fazer refer\u00eancia \u00e0 duas reuni\u00f5es realizada no \u00faltimo s\u00e1bado [&hellip;]","og_url":"https:\/\/www.blogsoestado.com\/danielmatos\/o-maranhao-tem-jeito-sim-e-com-lahesio-bonfim-diz-deputado-wellington-ao-destacar-reunioes-em-viana-e-penalva\/","og_site_name":"Daniel Matos","article_published_time":"2022-04-10T19:34:21+00:00","og_image":[{"url":"https:\/\/www.blogsoestado.com\/danielmatos\/files\/2022\/04\/Screenshot_20220410-1630222.png","type":"","width":"","height":""}],"twitter_card":"summary_large_image","twitter_misc":{"Est. tempo de leitura":"2 minutos"},"schema":{"@context":"https:\/\/schema.org","@graph":[{"@type":"WebPage","@id":"https:\/\/www.blogsoestado.com\/danielmatos\/o-maranhao-tem-jeito-sim-e-com-lahesio-bonfim-diz-deputado-wellington-ao-destacar-reunioes-em-viana-e-penalva\/","url":"https:\/\/www.blogsoestado.com\/danielmatos\/o-maranhao-tem-jeito-sim-e-com-lahesio-bonfim-diz-deputado-wellington-ao-destacar-reunioes-em-viana-e-penalva\/","name":"\"O Maranh\u00e3o tem jeito sim, \u00e9 com Lahesio Bonfim\u201d, diz deputado Wellington ao destacar reuni\u00f5es em Viana e Penalva - Daniel Matos","isPartOf":{"@id":"https:\/\/www.blogsoestado.com\/danielmatos\/#website"},"primaryImageOfPage":{"@id":"https:\/\/www.blogsoestado.com\/danielmatos\/o-maranhao-tem-jeito-sim-e-com-lahesio-bonfim-diz-deputado-wellington-ao-destacar-reunioes-em-viana-e-penalva\/#primaryimage"},"image":{"@id":"https:\/\/www.blogsoestado.com\/danielmatos\/o-maranhao-tem-jeito-sim-e-com-lahesio-bonfim-diz-deputado-wellington-ao-destacar-reunioes-em-viana-e-penalva\/#primaryimage"},"thumbnailUrl":"https:\/\/www.blogsoestado.com\/danielmatos\/files\/2022\/04\/Screenshot_20220410-1630222.png","datePublished":"2022-04-10T19:34:21+00:00","author":{"@id":""},"breadcrumb":{"@id":"https:\/\/www.blogsoestado.com\/danielmatos\/o-maranhao-tem-jeito-sim-e-com-lahesio-bonfim-diz-deputado-wellington-ao-destacar-reunioes-em-viana-e-penalva\/#breadcrumb"},"inLanguage":"pt-BR","potentialAction":[{"@type":"ReadAction","target":["https:\/\/www.blogsoestado.com\/danielmatos\/o-maranhao-tem-jeito-sim-e-com-lahesio-bonfim-diz-deputado-wellington-ao-destacar-reunioes-em-viana-e-penalva\/"]}]},{"@type":"ImageObject","inLanguage":"pt-BR","@id":"https:\/\/www.blogsoestado.com\/danielmatos\/o-maranhao-tem-jeito-sim-e-com-lahesio-bonfim-diz-deputado-wellington-ao-destacar-reunioes-em-viana-e-penalva\/#primaryimage","url":"https:\/\/www.blogsoestado.com\/danielmatos\/files\/2022\/04\/Screenshot_20220410-1630222.png","contentUrl":"https:\/\/www.blogsoestado.com\/danielmatos\/files\/2022\/04\/Screenshot_20220410-1630222.png"},{"@type":"BreadcrumbList","@id":"https:\/\/www.blogsoestado.com\/danielmatos\/o-maranhao-tem-jeito-sim-e-com-lahesio-bonfim-diz-deputado-wellington-ao-destacar-reunioes-em-viana-e-penalva\/#breadcrumb","itemListElement":[{"@type":"ListItem","position":1,"name":"In\u00edcio","item":"https:\/\/www.blogsoestado.com\/danielmatos\/"},{"@type":"ListItem","position":2,"name":"&#8220;O Maranh\u00e3o tem jeito sim, \u00e9 com Lahesio Bonfim\u201d, diz deputado Wellington ao destacar reuni\u00f5es em Viana e Penalva"}]},{"@type":"WebSite","@id":"https:\/\/www.blogsoestado.com\/danielmatos\/#website","url":"https:\/\/www.blogsoestado.com\/danielmatos\/","name":"Daniel Matos","description":"","potentialAction":[{"@type":"SearchAction","target":{"@type":"EntryPoint","urlTemplate":"https:\/\/www.blogsoestado.com\/danielmatos\/?s={search_term_string}"},"query-input":{"@type":"PropertyValueSpecification","valueRequired":true,"valueName":"search_term_string"}}],"inLanguage":"pt-BR"}]}},"jetpack_featured_media_url":"","_links":{"self":[{"href":"https:\/\/www.blogsoestado.com\/danielmatos\/wp-json\/wp\/v2\/posts\/96034","targetHints":{"allow":["GET"]}}],"collection":[{"href":"https:\/\/www.blogsoestado.com\/danielmatos\/wp-json\/wp\/v2\/posts"}],"about":[{"href":"https:\/\/www.blogsoestado.com\/danielmatos\/wp-json\/wp\/v2\/types\/post"}],"replies":[{"embeddable":true,"href":"https:\/\/www.blogsoestado.com\/danielmatos\/wp-json\/wp\/v2\/comments?post=96034"}],"version-history":[{"count":0,"href":"https:\/\/www.blogsoestado.com\/danielmatos\/wp-json\/wp\/v2\/posts\/96034\/revisions"}],"wp:attachment":[{"href":"https:\/\/www.blogsoestado.com\/danielmatos\/wp-json\/wp\/v2\/media?parent=96034"}],"wp:term":[{"taxonomy":"category","embeddable":true,"href":"https:\/\/www.blogsoestado.com\/danielmatos\/wp-json\/wp\/v2\/categories?post=96034"},{"taxonomy":"post_tag","embeddable":true,"href":"https:\/\/www.blogsoestado.com\/danielmatos\/wp-json\/wp\/v2\/tags?post=96034"}],"curies":[{"name":"wp","href":"https:\/\/api.w.org\/{rel}","templated":true}]}}