{"id":96037,"date":"2022-04-11T06:00:00","date_gmt":"2022-04-11T09:00:00","guid":{"rendered":"https:\/\/www.blogsoestado.com\/danielmatos\/?p=96037"},"modified":"2022-04-11T06:00:00","modified_gmt":"2022-04-11T09:00:00","slug":"96037","status":"publish","type":"post","link":"https:\/\/www.blogsoestado.com\/danielmatos\/96037\/","title":{"rendered":"Professores acusam Braide de operar maldade para colocar a opini\u00e3o p\u00fablica contra a categoria"},"content":{"rendered":"\n<div class=\"wp-block-image\"><figure class=\"aligncenter size-large\"><a href=\"https:\/\/www.blogsoestado.com\/danielmatos\/files\/2022\/04\/Screenshot_20220410-2339112.png\"><img decoding=\"async\" src=\"https:\/\/www.blogsoestado.com\/danielmatos\/files\/2022\/04\/Screenshot_20220410-2339112.png\" alt=\"\" class=\"wp-image-96039\"\/><\/a><figcaption>Professores repudiaram postura de Braide de patrocinar an\u00fancios nos meios de comunica\u00e7\u00e3o e de fazer postagens em suas redes sociais para tentar induzir o p\u00fablico a acreditar que a categoria \u00e9 a vil\u00e3 no confronto com a Prefeitura de S\u00e3o Lu\u00eds <\/figcaption><\/figure><\/div>\n\n\n\n<p>Em assembleia geral realizada no \u00faltimo dia 2, professores da rede municipal acusaram o prefeito de S\u00e3o Lu\u00eds, Eduardo Braide, de operar maldade contra a categoria. Os educadores lamentaram a tentativa do gestor de tentar colocar a opini\u00e3o p\u00fablica contra a classe, que decretou estado de greve e est\u00e1 em vias de deflagrar uma paralisa\u00e7\u00e3o geral logo no in\u00edcio no primeiro ano letivo ap\u00f3s as restri\u00e7\u00f5es impostas pela pandemia da Covid-19.<\/p>\n\n\n\n<p>Durante a assembleia, muitos professores ainda apontaram  a postura ardilosa de Braide de induzir a popula\u00e7\u00e3o a acreditar que os docentes s\u00e3o os vil\u00f5es no conflito com a prefeitura, quando, na verdade, est\u00e3o apenas reivindicando os seus direitos, como o pagamento do piso salarial nacional aos profissionais da educa\u00e7\u00e3o.<\/p>\n\n\n\n<p>Os professores citaram como exemplo de tal artimanha os an\u00fancios feitos por Braide nos meios de comunica\u00e7\u00e3o e em suas redes sociais sobre o acordo firmado em raz\u00e3o dos Precat\u00f3rios do Fundef (uma causa ganha na Justi\u00e7a) e dos pagamentos das progress\u00f5es (j\u00e1 previstas em lei).<\/p>\n\n\n\n<p>Coincidentemente, as declara\u00e7\u00f5es foram realizadas quando a categoria, representada pelo Sindeduca\u00e7\u00e3o, est\u00e1 em tratativas na mesa de negocia\u00e7\u00e3o discutindo o reajuste dos seus sal\u00e1rios. <\/p>\n\n\n\n<p>Na assembleia geral, que registrou comparecimento em peso da classe e lotou o audit\u00f3rio do Hotel Abbeville, os professores rejeitaram por unanimidade a proposta apresentada por Braide de reajustar em apenas 5% os vencimentos do do magist\u00e9rio municipal, com n\u00edvel superior. Os educadores consideraram a proposta desrespeitosa e reafirmaram a disposi\u00e7\u00e3o da categoria de defender a carreira e fazer greve por tempo indeterminado se o prefeito n\u00e3o apresentar uma proposta de valoriza\u00e7\u00e3o que repercuta em todas as carreiras do magist\u00e9rio.<\/p>\n\n\n\n<p>Em tempos: os professores da rede municipal de ensino de S\u00e3o Lu\u00eds reivindicam a atualiza\u00e7\u00e3o do piso e a repercuss\u00e3o em toda a tabela salarial do magist\u00e9rio, com 36,56% de reajuste para o n\u00edvel superior.<\/p>\n\n\n\n<p>Leia mais <a href=\"https:\/\/sindeducacao.org\/em-assembleia-geral-por-unanimidade-professores-refutam-proposta-de-5-de-reajuste-e-decidem-defender-a-carreira-do-magisterio\">aqui<\/a>.<\/p>\n","protected":false},"excerpt":{"rendered":"<p>Em assembleia geral realizada no \u00faltimo dia 2, professores da rede municipal acusaram o prefeito de S\u00e3o Lu\u00eds, Eduardo Braide, [&hellip;]<\/p>\n","protected":false},"author":0,"featured_media":0,"comment_status":"open","ping_status":"open","sticky":false,"template":"","format":"standard","meta":{"site-sidebar-layout":"default","site-content-layout":"","ast-site-content-layout":"default","site-content-style":"default","site-sidebar-style":"default","ast-global-header-display":"","ast-banner-title-visibility":"","ast-main-header-display":"","ast-hfb-above-header-display":"","ast-hfb-below-header-display":"","ast-hfb-mobile-header-display":"","site-post-title":"","ast-breadcrumbs-content":"","ast-featured-img":"","footer-sml-layout":"","ast-disable-related-posts":"","theme-transparent-header-meta":"","adv-header-id-meta":"","stick-header-meta":"","header-above-stick-meta":"","header-main-stick-meta":"","header-below-stick-meta":"","astra-migrate-meta-layouts":"default","ast-page-background-enabled":"default","ast-page-background-meta":{"desktop":{"background-color":"var(--ast-global-color-5)","background-image":"","background-repeat":"repeat","background-position":"center center","background-size":"auto","background-attachment":"scroll","background-type":"","background-media":"","overlay-type":"","overlay-color":"","overlay-opacity":"","overlay-gradient":""},"tablet":{"background-color":"","background-image":"","background-repeat":"repeat","background-position":"center center","background-size":"auto","background-attachment":"scroll","background-type":"","background-media":"","overlay-type":"","overlay-color":"","overlay-opacity":"","overlay-gradient":""},"mobile":{"background-color":"","background-image":"","background-repeat":"repeat","background-position":"center center","background-size":"auto","background-attachment":"scroll","background-type":"","background-media":"","overlay-type":"","overlay-color":"","overlay-opacity":"","overlay-gradient":""}},"ast-content-background-meta":{"desktop":{"background-color":"var(--ast-global-color-4)","background-image":"","background-repeat":"repeat","background-position":"center center","background-size":"auto","background-attachment":"scroll","background-type":"","background-media":"","overlay-type":"","overlay-color":"","overlay-opacity":"","overlay-gradient":""},"tablet":{"background-color":"var(--ast-global-color-4)","background-image":"","background-repeat":"repeat","background-position":"center center","background-size":"auto","background-attachment":"scroll","background-type":"","background-media":"","overlay-type":"","overlay-color":"","overlay-opacity":"","overlay-gradient":""},"mobile":{"background-color":"var(--ast-global-color-4)","background-image":"","background-repeat":"repeat","background-position":"center center","background-size":"auto","background-attachment":"scroll","background-type":"","background-media":"","overlay-type":"","overlay-color":"","overlay-opacity":"","overlay-gradient":""}},"footnotes":""},"categories":[1],"tags":[],"class_list":["post-96037","post","type-post","status-publish","format-standard","hentry","category-sem-categoria"],"yoast_head":"<!-- This site is optimized with the Yoast SEO plugin v26.6 - https:\/\/yoast.com\/wordpress\/plugins\/seo\/ -->\n<title>Professores acusam Braide de operar maldade para colocar a opini\u00e3o p\u00fablica contra a categoria - Daniel Matos<\/title>\n<meta name=\"robots\" content=\"index, follow, max-snippet:-1, max-image-preview:large, max-video-preview:-1\" \/>\n<link rel=\"canonical\" href=\"https:\/\/www.blogsoestado.com\/danielmatos\/96037\/\" \/>\n<meta property=\"og:locale\" content=\"pt_BR\" \/>\n<meta property=\"og:type\" content=\"article\" \/>\n<meta property=\"og:title\" content=\"Professores acusam Braide de operar maldade para colocar a opini\u00e3o p\u00fablica contra a categoria - Daniel Matos\" \/>\n<meta property=\"og:description\" content=\"Em assembleia geral realizada no \u00faltimo dia 2, professores da rede municipal acusaram o prefeito de S\u00e3o Lu\u00eds, Eduardo Braide, [&hellip;]\" \/>\n<meta property=\"og:url\" content=\"https:\/\/www.blogsoestado.com\/danielmatos\/96037\/\" \/>\n<meta property=\"og:site_name\" content=\"Daniel Matos\" \/>\n<meta property=\"article:published_time\" content=\"2022-04-11T09:00:00+00:00\" \/>\n<meta property=\"og:image\" content=\"https:\/\/www.blogsoestado.com\/danielmatos\/files\/2022\/04\/Screenshot_20220410-2339112.png\" \/>\n<meta name=\"twitter:card\" content=\"summary_large_image\" \/>\n<meta name=\"twitter:label1\" content=\"Est. tempo de leitura\" \/>\n\t<meta name=\"twitter:data1\" content=\"2 minutos\" \/>\n<script type=\"application\/ld+json\" class=\"yoast-schema-graph\">{\"@context\":\"https:\/\/schema.org\",\"@graph\":[{\"@type\":\"WebPage\",\"@id\":\"https:\/\/www.blogsoestado.com\/danielmatos\/96037\/\",\"url\":\"https:\/\/www.blogsoestado.com\/danielmatos\/96037\/\",\"name\":\"Professores acusam Braide de operar maldade para colocar a opini\u00e3o p\u00fablica contra a categoria - Daniel Matos\",\"isPartOf\":{\"@id\":\"https:\/\/www.blogsoestado.com\/danielmatos\/#website\"},\"primaryImageOfPage\":{\"@id\":\"https:\/\/www.blogsoestado.com\/danielmatos\/96037\/#primaryimage\"},\"image\":{\"@id\":\"https:\/\/www.blogsoestado.com\/danielmatos\/96037\/#primaryimage\"},\"thumbnailUrl\":\"https:\/\/www.blogsoestado.com\/danielmatos\/files\/2022\/04\/Screenshot_20220410-2339112.png\",\"datePublished\":\"2022-04-11T09:00:00+00:00\",\"author\":{\"@id\":\"\"},\"breadcrumb\":{\"@id\":\"https:\/\/www.blogsoestado.com\/danielmatos\/96037\/#breadcrumb\"},\"inLanguage\":\"pt-BR\",\"potentialAction\":[{\"@type\":\"ReadAction\",\"target\":[\"https:\/\/www.blogsoestado.com\/danielmatos\/96037\/\"]}]},{\"@type\":\"ImageObject\",\"inLanguage\":\"pt-BR\",\"@id\":\"https:\/\/www.blogsoestado.com\/danielmatos\/96037\/#primaryimage\",\"url\":\"https:\/\/www.blogsoestado.com\/danielmatos\/files\/2022\/04\/Screenshot_20220410-2339112.png\",\"contentUrl\":\"https:\/\/www.blogsoestado.com\/danielmatos\/files\/2022\/04\/Screenshot_20220410-2339112.png\"},{\"@type\":\"BreadcrumbList\",\"@id\":\"https:\/\/www.blogsoestado.com\/danielmatos\/96037\/#breadcrumb\",\"itemListElement\":[{\"@type\":\"ListItem\",\"position\":1,\"name\":\"In\u00edcio\",\"item\":\"https:\/\/www.blogsoestado.com\/danielmatos\/\"},{\"@type\":\"ListItem\",\"position\":2,\"name\":\"Professores acusam Braide de operar maldade para colocar a opini\u00e3o p\u00fablica contra a categoria\"}]},{\"@type\":\"WebSite\",\"@id\":\"https:\/\/www.blogsoestado.com\/danielmatos\/#website\",\"url\":\"https:\/\/www.blogsoestado.com\/danielmatos\/\",\"name\":\"Daniel Matos\",\"description\":\"\",\"potentialAction\":[{\"@type\":\"SearchAction\",\"target\":{\"@type\":\"EntryPoint\",\"urlTemplate\":\"https:\/\/www.blogsoestado.com\/danielmatos\/?s={search_term_string}\"},\"query-input\":{\"@type\":\"PropertyValueSpecification\",\"valueRequired\":true,\"valueName\":\"search_term_string\"}}],\"inLanguage\":\"pt-BR\"}]}<\/script>\n<!-- \/ Yoast SEO plugin. -->","yoast_head_json":{"title":"Professores acusam Braide de operar maldade para colocar a opini\u00e3o p\u00fablica contra a categoria - Daniel Matos","robots":{"index":"index","follow":"follow","max-snippet":"max-snippet:-1","max-image-preview":"max-image-preview:large","max-video-preview":"max-video-preview:-1"},"canonical":"https:\/\/www.blogsoestado.com\/danielmatos\/96037\/","og_locale":"pt_BR","og_type":"article","og_title":"Professores acusam Braide de operar maldade para colocar a opini\u00e3o p\u00fablica contra a categoria - Daniel Matos","og_description":"Em assembleia geral realizada no \u00faltimo dia 2, professores da rede municipal acusaram o prefeito de S\u00e3o Lu\u00eds, Eduardo Braide, [&hellip;]","og_url":"https:\/\/www.blogsoestado.com\/danielmatos\/96037\/","og_site_name":"Daniel Matos","article_published_time":"2022-04-11T09:00:00+00:00","og_image":[{"url":"https:\/\/www.blogsoestado.com\/danielmatos\/files\/2022\/04\/Screenshot_20220410-2339112.png","type":"","width":"","height":""}],"twitter_card":"summary_large_image","twitter_misc":{"Est. tempo de leitura":"2 minutos"},"schema":{"@context":"https:\/\/schema.org","@graph":[{"@type":"WebPage","@id":"https:\/\/www.blogsoestado.com\/danielmatos\/96037\/","url":"https:\/\/www.blogsoestado.com\/danielmatos\/96037\/","name":"Professores acusam Braide de operar maldade para colocar a opini\u00e3o p\u00fablica contra a categoria - Daniel Matos","isPartOf":{"@id":"https:\/\/www.blogsoestado.com\/danielmatos\/#website"},"primaryImageOfPage":{"@id":"https:\/\/www.blogsoestado.com\/danielmatos\/96037\/#primaryimage"},"image":{"@id":"https:\/\/www.blogsoestado.com\/danielmatos\/96037\/#primaryimage"},"thumbnailUrl":"https:\/\/www.blogsoestado.com\/danielmatos\/files\/2022\/04\/Screenshot_20220410-2339112.png","datePublished":"2022-04-11T09:00:00+00:00","author":{"@id":""},"breadcrumb":{"@id":"https:\/\/www.blogsoestado.com\/danielmatos\/96037\/#breadcrumb"},"inLanguage":"pt-BR","potentialAction":[{"@type":"ReadAction","target":["https:\/\/www.blogsoestado.com\/danielmatos\/96037\/"]}]},{"@type":"ImageObject","inLanguage":"pt-BR","@id":"https:\/\/www.blogsoestado.com\/danielmatos\/96037\/#primaryimage","url":"https:\/\/www.blogsoestado.com\/danielmatos\/files\/2022\/04\/Screenshot_20220410-2339112.png","contentUrl":"https:\/\/www.blogsoestado.com\/danielmatos\/files\/2022\/04\/Screenshot_20220410-2339112.png"},{"@type":"BreadcrumbList","@id":"https:\/\/www.blogsoestado.com\/danielmatos\/96037\/#breadcrumb","itemListElement":[{"@type":"ListItem","position":1,"name":"In\u00edcio","item":"https:\/\/www.blogsoestado.com\/danielmatos\/"},{"@type":"ListItem","position":2,"name":"Professores acusam Braide de operar maldade para colocar a opini\u00e3o p\u00fablica contra a categoria"}]},{"@type":"WebSite","@id":"https:\/\/www.blogsoestado.com\/danielmatos\/#website","url":"https:\/\/www.blogsoestado.com\/danielmatos\/","name":"Daniel Matos","description":"","potentialAction":[{"@type":"SearchAction","target":{"@type":"EntryPoint","urlTemplate":"https:\/\/www.blogsoestado.com\/danielmatos\/?s={search_term_string}"},"query-input":{"@type":"PropertyValueSpecification","valueRequired":true,"valueName":"search_term_string"}}],"inLanguage":"pt-BR"}]}},"jetpack_featured_media_url":"","_links":{"self":[{"href":"https:\/\/www.blogsoestado.com\/danielmatos\/wp-json\/wp\/v2\/posts\/96037","targetHints":{"allow":["GET"]}}],"collection":[{"href":"https:\/\/www.blogsoestado.com\/danielmatos\/wp-json\/wp\/v2\/posts"}],"about":[{"href":"https:\/\/www.blogsoestado.com\/danielmatos\/wp-json\/wp\/v2\/types\/post"}],"replies":[{"embeddable":true,"href":"https:\/\/www.blogsoestado.com\/danielmatos\/wp-json\/wp\/v2\/comments?post=96037"}],"version-history":[{"count":0,"href":"https:\/\/www.blogsoestado.com\/danielmatos\/wp-json\/wp\/v2\/posts\/96037\/revisions"}],"wp:attachment":[{"href":"https:\/\/www.blogsoestado.com\/danielmatos\/wp-json\/wp\/v2\/media?parent=96037"}],"wp:term":[{"taxonomy":"category","embeddable":true,"href":"https:\/\/www.blogsoestado.com\/danielmatos\/wp-json\/wp\/v2\/categories?post=96037"},{"taxonomy":"post_tag","embeddable":true,"href":"https:\/\/www.blogsoestado.com\/danielmatos\/wp-json\/wp\/v2\/tags?post=96037"}],"curies":[{"name":"wp","href":"https:\/\/api.w.org\/{rel}","templated":true}]}}